{"id":10018,"date":"2025-05-07T19:00:41","date_gmt":"2025-05-07T17:00:41","guid":{"rendered":"https:\/\/www.nonsolomusicamagazine.it\/?p=10018"},"modified":"2026-02-24T23:38:37","modified_gmt":"2026-02-24T22:38:37","slug":"leredita-del-maresciallo-tito-tra-luci-ed-ombre-a-45-anni-dalla-morte-la-jugonostalgija","status":"publish","type":"post","link":"https:\/\/www.nonsolomusicamagazine.it\/?p=10018","title":{"rendered":"L&#8217;eredit\u00e0 del Maresciallo Tito tra luci ed ombre a 45 anni dalla morte. La Jugonostalgija."},"content":{"rendered":"\n<p class=\"has-text-align-center\"><strong>Manuel M Buccarella<\/strong><\/p>\n\n\n\n<p>Il 7 maggio 1892 nasceva a Kumrovec, un piccolo villaggio della Croazia, Josip Broz che il mondo pi\u00f9 tardi avrebbe conosciuto come il Maresciallo Tito. <\/p>\n\n\n\n<p>Broz faceva parte di una famiglia numerosa, con padre croato e madre slovena. Tito si \u00e8 spento 45 anni fa, il 4 maggio 1980, in una clinica di Lubiana, dove era ricoverato da qualche mese.<\/p>\n\n\n\n<p>Il Maresciallo, che condusse una guerra partigiana jugoslava vittoriosa contro il nazifascismo, fu alla guida della Repubblica Federativa Socialista Jugoslava e della Lega dei Comunisti jugoslavi dalla fondazione fino alla sua morte, sotto il motto \u201cFratellanza ed Unit\u00e0\u201d.  <\/p>\n\n\n\n<p>Tito era una  persona assai intelligente e scaltra, ed ha raccolto intorno alla sua figura luci ed ombre, queste ultime soprattutto ad opera dei detrattori, dalle foibe fino alla repressione dell\u2019opposizione interna.Dopo la sua morte la Jugoslavia, a causa dei crescenti nazionalismi e della crisi economica, si dissolse inesorabilmente.<\/p>\n\n\n\n<p>Con Tito la Jugoslavia fu un paese autorevole a livello internazionale e con un Welfare elevatissimo (scuole ed universit\u00e0 gratuite, sanit\u00e0 pubblica e gratuita, ferie pagate dallo Stato etc.). Soprattutto negli anni 70 il Paese fu inoltre interessato da un certo benessere economico, in particolare in Slovenia (con un Pil superiore a quello di diversi paesi dell&#8217;Europa occidentale) e Croazia.<\/p>\n\n\n\n<p>Le condizioni di allora, il Welfare, la pur difficile unit\u00e0 tra i popoli ha oggi radicato una forte nostalgia, che prende il nome di &#8220;Jugonostalgija&#8221;.<\/p>\n\n\n\n<h5 class=\"wp-block-heading\">Le foibe e la questione degli esuli italiani<\/h5>\n\n\n\n<p>Quanto alle foibe, fenomeno che coinvolse tra i 3500 ed i 5mila morti, va detto che non si tratt\u00f2 affatto di una persecuzione etnica o razziale contro la popolazione italiana di Slovenia e Croazia, quanto piuttosto della risposta alle violenze ed alla dittatura nazifascista, che occupava quelle terre. Gli eccidi degli slavi riguardarono in prevalenza soldati e funzionari fascisti, anche se non mancarono delle esagerazioni, comprese vendette personali, che colpirono persone non coinvolte,come accade spesso e purtroppo in guerra. Si tratt\u00f2 in buona sostanza di una rappresaglia condotta dai partigiani titini contro le violenze del nazifascismo.Quanto infine all\u2019asserita pulizia etnica a danno degli italiani in Istria e Dalmazia, va precisato che i titini adottarono provvedimenti di esproprio proletario nei confronti non solo dei ricchi italiani, ma anche di altre etnie. L\u2019esodo degli italiani verso la &#8220;madrepatria&#8221; fu accompagnato anche dalla vicinanza al fascismo di molti italiani. Quindi l\u2019esodo fu determinato sia dalla lotta di classe dei comunisti titini contro i proprietari, italiani e non, sia dalla fede fascista di molti italiani, che pure ispir\u00f2 una certa diffidenza dei comunisti verso gli italiani.<\/p>\n\n\n\n<p>Non vi fu comunque nessuna deportazione.Oggi gli italiani sono rimasti in circa 30mila, dai circa 300mila di allora.<\/p>\n\n\n\n<h5 class=\"wp-block-heading\">I rapporti con Stalin<\/h5>\n\n\n\n<p>Ebbe il merito di condurre la resistenza, con i suoi partigiani comunisti, in maniera sufficientemente autonoma rispetto agli Alleati e soprattutto all\u2019Unione Sovietica, il che gli consent\u00ec di sottrarsi alla dipendenza dall\u2019Urss di Stalin, con cui ruppe nel 1948.Nel 1948 la Jugoslavia e Tito vengono espulsi dal Cominform in quanto si sottraggono all\u2019ordine di Stalin di rispettare il nuovo ordine maturato nella Conferenza di Jalta del 1945, che prevedeva una Jugoslavia nella sfera di influenza dell&#8217;Urss e non indipendente e neutrale, come voleva Tito e come fu.<\/p>\n\n\n\n<p>Il maresciallo sub\u00ec 5 attentati da parte di sicari inviati da Stalin, puntualmente sventati. Dopo i vari attentati e l\u2019espulsione dal Cominform, incominci\u00f2 la repressione, durata 6 anni, dal \u201948 al \u201954, contro i nemici interni al partito di fede stalinista e contro in genere chi manifestasse simpatie per l\u2019Urss e si opponesse al nuovo regime. Nacque cos\u00ec nell\u2019isola di Goli Ot\u00f3k un campo di concentramento che in 6 anni accolse migliaia di detenuti (ne morirono alcune centinaia). Una pagina triste nella storia della Jugoslavia.<\/p>\n\n\n\n<h5 class=\"wp-block-heading\">L&#8217;autogestione <\/h5>\n\n\n\n<p>Nel 1950 Tito ed i suoi lanciano l\u2019autogestione dei lavoratori, la via jugoslava al socialismo, che prevede una diffusa propriet\u00e0 collettiva e gestione diretta di molte aziende pubbliche e private  da parte dei lavoratori. \u00c8 la democrazia nel lavoro. <\/p>\n\n\n\n<p>Il modello ebbe un discreto successo, anche se in diversi casi l\u2019eccessiva presenza e controllo del partito nelle fabbriche e nei posti di lavoro ridimension\u00f2 la sua portata innovativa.<\/p>\n\n\n\n<h5 class=\"wp-block-heading\">Il movimento dei Paesi non allineati<\/h5>\n\n\n\n<p>Tito assume un ruolo di statista di rango internazionale quando fonda nel 1955, assieme a Nehru (India) e Nasser (Egitto), il movimento dei Paesi non allineati, la cui prima conferenza sar\u00e0 proprio a Belgrado nel 1961. Si tratta di centinaia di paesi che intendono essere neutrali, senza schierarsi con i due blocchi, condannando il neo colonialismo, l\u2019imperialismo e la guerra. Tito sfior\u00f2 per questa attivit\u00e0 il Premio Nobel per la Pace.<\/p>\n\n\n\n<p>Un padre della patria inizialmente autoritario, nel tempo i suoi poteri furono trasferiti al governo ed alle repubbliche che componevano la Federazione. Un presidente amatissimo dal popolo jugoslavo, che riusc\u00ec a tenere insieme un popolo diviso.<\/p>\n\n\n\n<h5 class=\"wp-block-heading\">Il Sessantotto e la rivista &#8220;Praxis&#8221;: un&#8217;occasione perduta <\/h5>\n\n\n\n<p>Nel 1968 gli studenti dell&#8217; universit\u00e0 di Belgrado, sostenuti da alcuni docenti, occupano le facolt\u00e0 e manifestano per avere condizioni di vita migliori (studentati meno fatiscenti ed accoglienti), ma anche pi\u00f9 democrazia, l&#8217;applicazione effettiva dell&#8217;autogestione contro il controllo dei luoghi di lavoro da parte dei direttori nominati dal partito (la &#8220;borghesia rossa&#8221;), che godevano anche di ampi privilegi economici. Inizialmente repressa dalle forze dell&#8217;ordine, la protesta viene poi appoggiata da Tito che riesce cos\u00ec a fare iscrivere al partito oltre 170mila studenti (prima pochissimi). Le condizioni degli studenti migliorano (l&#8217;universit\u00e0 era gi\u00e0 comunque pubblica e gratuita), ma le manifestazioni di dissenso non furono pi\u00f9 consentite.<\/p>\n\n\n\n<p>Dal 1963 al 1974 venne pubblicata a Zagabria la rivista di critica marxista &#8220;Praxis&#8221;, con incontri ogni anno nell&#8217;isola di Korcula ove convenivano studiosi da tutto il mondo. Un&#8217;esperienza senza pari nei paesi a socialismo reale. Ad un certo punto gli studiosi misero in negativo risalto il nazionalismo croato, portato avanti anche da esponenti della locale Lega dei Comunisti (il nazionalismo \u00e8 un valore borghese, incompatibile con il socialismo) e la difficolt\u00e0 a realizzare una vera e propria autogestione dei lavoratori, atteso che spesso la gestione delle fabbriche e dei posti di lavoro era di appannaggio di burocrati del partito, potenti ed economicamente privilegiati (la &#8220;borghesia rossa&#8221;). Dal 1974 la rivista cess\u00f2 le pubblicazioni in quanto vennero meno i fondi pubblici. L&#8217;anno dopo un paio di filosofi dell&#8217;universit\u00e0 di Belgrado, gi\u00e0 impegnati nel Sessantotto,persero il posto. Eppure Tito gi\u00e0 agli agli inizi degli anni &#8217;70  riconobbe in pi\u00f9 circostanze il &#8220;cancro&#8221; della &#8220;borghesia rossa&#8221;, condannando la deviazione dall&#8217;autentica autogestione, come prevista anche nella Costituzione del 1963, nella riforma economica del 1965 e nell&#8217;ultima Costituzione, quella del 1974 che pur &#8220;scardinando&#8221; l&#8217;autogestione dalle interferenze statali, ne attribu\u00ec il sostanziale controllo alle Repubbliche, contribuendo cos\u00ec alla successiva disgregazione della Jugoslavia. Tito intervenne, dove possibile, nei confronti delle deviazioni della &#8220;borghesia rossa&#8221;, rinnovando la composizione dei vertici della Lega, a partire dalla Croazia.<\/p>\n\n\n\n<h5 class=\"wp-block-heading\">Il ricordo di Sini\u0161a Mihajlovi\u0107<\/h5>\n\n\n\n<p>Sini\u0161a Mihajlovi\u0107 e la Jugoslavia di Tito.<\/p>\n\n\n\n<p>Hai nostalgia della Jugoslavia?<\/p>\n\n\n\n<p>\u00abCerto, di quella di Tito. Slavi, cattolici, ortodossi, musulmani: solo il Maresciallo \u00e8 riuscito a tenere tutti insieme. Ero piccolo quando c\u2019era lui, ma una cosa ricordo: del blocco dei Paesi dell\u2019Est la Jugoslavia era il migliore. I miei erano gente umile, operai, ma non ci mancava niente. Andavano a fare spese a Trieste delle volte. Con Tito esistevano valori, famiglia, un\u2019idea di patria e popolo. Quando \u00e8 morto la gente \u00e8 andata per mesi sulla sua tomba. Con lui la Jugoslavia era il paese pi\u00f9 bello del mondo, insieme all\u2019Italia che io amo e che oggi si sta rovinando\u00bb.<\/p>\n\n\n\n<figure class=\"wp-block-image size-full\"><img decoding=\"async\" width=\"530\" height=\"750\" src=\"https:\/\/www.nonsolomusicamagazine.it\/wp-content\/uploads\/2025\/05\/1000055113.jpg\" alt=\"\" class=\"wp-image-10019\" srcset=\"https:\/\/www.nonsolomusicamagazine.it\/wp-content\/uploads\/2025\/05\/1000055113.jpg 530w, https:\/\/www.nonsolomusicamagazine.it\/wp-content\/uploads\/2025\/05\/1000055113-212x300.jpg 212w\" sizes=\"(max-width: 530px) 100vw, 530px\" \/><\/figure>\n","protected":false},"excerpt":{"rendered":"<p>Manuel M Buccarella Il 7 maggio 1892 nasceva a Kumrovec, un piccolo villaggio della Croazia, Josip Broz che il mondo pi\u00f9 tardi avrebbe conosciuto come il Maresciallo Tito. Broz faceva parte di una famiglia numerosa, con padre croato e madre slovena. Tito si \u00e8 spento 45 anni fa, il 4 maggio 1980, in una clinica [&hellip;]<\/p>\n","protected":false},"author":1,"featured_media":10019,"comment_status":"open","ping_status":"closed","sticky":false,"template":"","format":"standard","meta":{"footnotes":""},"categories":[5,1321],"tags":[650,263],"class_list":["post-10018","post","type-post","status-publish","format-standard","has-post-thumbnail","hentry","category-politica","category-storia","tag-jugoslavia","tag-tito"],"yoast_head":"<!-- This site is optimized with the Yoast SEO plugin v27.4 - https:\/\/yoast.com\/product\/yoast-seo-wordpress\/ -->\n<title>L&#039;eredit\u00e0 del Maresciallo Tito tra luci ed ombre a 45 anni dalla morte. La Jugonostalgija. - NonSoloMusicaMagazine<\/title>\n<meta name=\"description\" content=\"Tito\" \/>\n<meta name=\"robots\" content=\"index, follow, max-snippet:-1, max-image-preview:large, max-video-preview:-1\" \/>\n<link rel=\"canonical\" href=\"https:\/\/www.nonsolomusicamagazine.it\/?p=10018\" \/>\n<meta property=\"og:locale\" content=\"it_IT\" \/>\n<meta property=\"og:type\" content=\"article\" \/>\n<meta property=\"og:title\" content=\"L&#039;eredit\u00e0 del Maresciallo Tito tra luci ed ombre a 45 anni dalla morte. La Jugonostalgija. - NonSoloMusicaMagazine\" \/>\n<meta property=\"og:description\" content=\"Tito\" \/>\n<meta property=\"og:url\" content=\"https:\/\/www.nonsolomusicamagazine.it\/?p=10018\" \/>\n<meta property=\"og:site_name\" content=\"NonSoloMusicaMagazine\" \/>\n<meta property=\"article:published_time\" content=\"2025-05-07T17:00:41+00:00\" \/>\n<meta property=\"article:modified_time\" content=\"2026-02-24T22:38:37+00:00\" \/>\n<meta property=\"og:image\" content=\"https:\/\/www.nonsolomusicamagazine.it\/wp-content\/uploads\/2025\/05\/1000055113.jpg\" \/>\n\t<meta property=\"og:image:width\" content=\"530\" \/>\n\t<meta property=\"og:image:height\" content=\"750\" \/>\n\t<meta property=\"og:image:type\" content=\"image\/jpeg\" \/>\n<meta name=\"author\" content=\"nonsolomusica\" \/>\n<meta name=\"twitter:card\" content=\"summary_large_image\" \/>\n<meta name=\"twitter:label1\" content=\"Scritto da\" \/>\n\t<meta name=\"twitter:data1\" content=\"nonsolomusica\" \/>\n\t<meta name=\"twitter:label2\" content=\"Tempo di lettura stimato\" \/>\n\t<meta name=\"twitter:data2\" content=\"8 minuti\" \/>\n<script type=\"application\/ld+json\" class=\"yoast-schema-graph\">{\"@context\":\"https:\\\/\\\/schema.org\",\"@graph\":[{\"@type\":\"Article\",\"@id\":\"https:\\\/\\\/www.nonsolomusicamagazine.it\\\/?p=10018#article\",\"isPartOf\":{\"@id\":\"https:\\\/\\\/www.nonsolomusicamagazine.it\\\/?p=10018\"},\"author\":{\"name\":\"nonsolomusica\",\"@id\":\"https:\\\/\\\/www.nonsolomusicamagazine.it\\\/#\\\/schema\\\/person\\\/a3349ad02300d046472d46cf6d31ae46\"},\"headline\":\"L&#8217;eredit\u00e0 del Maresciallo Tito tra luci ed ombre a 45 anni dalla morte. La Jugonostalgija.\",\"datePublished\":\"2025-05-07T17:00:41+00:00\",\"dateModified\":\"2026-02-24T22:38:37+00:00\",\"mainEntityOfPage\":{\"@id\":\"https:\\\/\\\/www.nonsolomusicamagazine.it\\\/?p=10018\"},\"wordCount\":1274,\"commentCount\":0,\"image\":{\"@id\":\"https:\\\/\\\/www.nonsolomusicamagazine.it\\\/?p=10018#primaryimage\"},\"thumbnailUrl\":\"https:\\\/\\\/www.nonsolomusicamagazine.it\\\/wp-content\\\/uploads\\\/2025\\\/05\\\/1000055113.jpg\",\"keywords\":[\"Jugoslavia\",\"Tito\"],\"articleSection\":[\"Politica\",\"Storia\"],\"inLanguage\":\"it-IT\",\"potentialAction\":[{\"@type\":\"CommentAction\",\"name\":\"Comment\",\"target\":[\"https:\\\/\\\/www.nonsolomusicamagazine.it\\\/?p=10018#respond\"]}]},{\"@type\":\"WebPage\",\"@id\":\"https:\\\/\\\/www.nonsolomusicamagazine.it\\\/?p=10018\",\"url\":\"https:\\\/\\\/www.nonsolomusicamagazine.it\\\/?p=10018\",\"name\":\"L'eredit\u00e0 del Maresciallo Tito tra luci ed ombre a 45 anni dalla morte. La Jugonostalgija. - NonSoloMusicaMagazine\",\"isPartOf\":{\"@id\":\"https:\\\/\\\/www.nonsolomusicamagazine.it\\\/#website\"},\"primaryImageOfPage\":{\"@id\":\"https:\\\/\\\/www.nonsolomusicamagazine.it\\\/?p=10018#primaryimage\"},\"image\":{\"@id\":\"https:\\\/\\\/www.nonsolomusicamagazine.it\\\/?p=10018#primaryimage\"},\"thumbnailUrl\":\"https:\\\/\\\/www.nonsolomusicamagazine.it\\\/wp-content\\\/uploads\\\/2025\\\/05\\\/1000055113.jpg\",\"datePublished\":\"2025-05-07T17:00:41+00:00\",\"dateModified\":\"2026-02-24T22:38:37+00:00\",\"author\":{\"@id\":\"https:\\\/\\\/www.nonsolomusicamagazine.it\\\/#\\\/schema\\\/person\\\/a3349ad02300d046472d46cf6d31ae46\"},\"description\":\"Tito\",\"breadcrumb\":{\"@id\":\"https:\\\/\\\/www.nonsolomusicamagazine.it\\\/?p=10018#breadcrumb\"},\"inLanguage\":\"it-IT\",\"potentialAction\":[{\"@type\":\"ReadAction\",\"target\":[\"https:\\\/\\\/www.nonsolomusicamagazine.it\\\/?p=10018\"]}]},{\"@type\":\"ImageObject\",\"inLanguage\":\"it-IT\",\"@id\":\"https:\\\/\\\/www.nonsolomusicamagazine.it\\\/?p=10018#primaryimage\",\"url\":\"https:\\\/\\\/www.nonsolomusicamagazine.it\\\/wp-content\\\/uploads\\\/2025\\\/05\\\/1000055113.jpg\",\"contentUrl\":\"https:\\\/\\\/www.nonsolomusicamagazine.it\\\/wp-content\\\/uploads\\\/2025\\\/05\\\/1000055113.jpg\",\"width\":530,\"height\":750},{\"@type\":\"BreadcrumbList\",\"@id\":\"https:\\\/\\\/www.nonsolomusicamagazine.it\\\/?p=10018#breadcrumb\",\"itemListElement\":[{\"@type\":\"ListItem\",\"position\":1,\"name\":\"Home\",\"item\":\"https:\\\/\\\/www.nonsolomusicamagazine.it\\\/\"},{\"@type\":\"ListItem\",\"position\":2,\"name\":\"L&#8217;eredit\u00e0 del Maresciallo Tito tra luci ed ombre a 45 anni dalla morte. La Jugonostalgija.\"}]},{\"@type\":\"WebSite\",\"@id\":\"https:\\\/\\\/www.nonsolomusicamagazine.it\\\/#website\",\"url\":\"https:\\\/\\\/www.nonsolomusicamagazine.it\\\/\",\"name\":\"Nonsolomusicamagazine\",\"description\":\"Dir. responsabile Manuel M Buccarella\",\"potentialAction\":[{\"@type\":\"SearchAction\",\"target\":{\"@type\":\"EntryPoint\",\"urlTemplate\":\"https:\\\/\\\/www.nonsolomusicamagazine.it\\\/?s={search_term_string}\"},\"query-input\":{\"@type\":\"PropertyValueSpecification\",\"valueRequired\":true,\"valueName\":\"search_term_string\"}}],\"inLanguage\":\"it-IT\"},{\"@type\":\"Person\",\"@id\":\"https:\\\/\\\/www.nonsolomusicamagazine.it\\\/#\\\/schema\\\/person\\\/a3349ad02300d046472d46cf6d31ae46\",\"name\":\"nonsolomusica\",\"image\":{\"@type\":\"ImageObject\",\"inLanguage\":\"it-IT\",\"@id\":\"https:\\\/\\\/www.nonsolomusicamagazine.it\\\/wp-content\\\/litespeed\\\/avatar\\\/3a675484bc84db6aba78d43bfc8b7197.jpg?ver=1776880798\",\"url\":\"https:\\\/\\\/www.nonsolomusicamagazine.it\\\/wp-content\\\/litespeed\\\/avatar\\\/3a675484bc84db6aba78d43bfc8b7197.jpg?ver=1776880798\",\"contentUrl\":\"https:\\\/\\\/www.nonsolomusicamagazine.it\\\/wp-content\\\/litespeed\\\/avatar\\\/3a675484bc84db6aba78d43bfc8b7197.jpg?ver=1776880798\",\"caption\":\"nonsolomusica\"},\"sameAs\":[\"https:\\\/\\\/www.nonsolomusicamagazine.it\"],\"url\":\"https:\\\/\\\/www.nonsolomusicamagazine.it\\\/?author=1\"}]}<\/script>\n<!-- \/ Yoast SEO plugin. -->","yoast_head_json":{"title":"L'eredit\u00e0 del Maresciallo Tito tra luci ed ombre a 45 anni dalla morte. La Jugonostalgija. - NonSoloMusicaMagazine","description":"Tito","robots":{"index":"index","follow":"follow","max-snippet":"max-snippet:-1","max-image-preview":"max-image-preview:large","max-video-preview":"max-video-preview:-1"},"canonical":"https:\/\/www.nonsolomusicamagazine.it\/?p=10018","og_locale":"it_IT","og_type":"article","og_title":"L'eredit\u00e0 del Maresciallo Tito tra luci ed ombre a 45 anni dalla morte. La Jugonostalgija. - NonSoloMusicaMagazine","og_description":"Tito","og_url":"https:\/\/www.nonsolomusicamagazine.it\/?p=10018","og_site_name":"NonSoloMusicaMagazine","article_published_time":"2025-05-07T17:00:41+00:00","article_modified_time":"2026-02-24T22:38:37+00:00","og_image":[{"width":530,"height":750,"url":"https:\/\/www.nonsolomusicamagazine.it\/wp-content\/uploads\/2025\/05\/1000055113.jpg","type":"image\/jpeg"}],"author":"nonsolomusica","twitter_card":"summary_large_image","twitter_misc":{"Scritto da":"nonsolomusica","Tempo di lettura stimato":"8 minuti"},"schema":{"@context":"https:\/\/schema.org","@graph":[{"@type":"Article","@id":"https:\/\/www.nonsolomusicamagazine.it\/?p=10018#article","isPartOf":{"@id":"https:\/\/www.nonsolomusicamagazine.it\/?p=10018"},"author":{"name":"nonsolomusica","@id":"https:\/\/www.nonsolomusicamagazine.it\/#\/schema\/person\/a3349ad02300d046472d46cf6d31ae46"},"headline":"L&#8217;eredit\u00e0 del Maresciallo Tito tra luci ed ombre a 45 anni dalla morte. La Jugonostalgija.","datePublished":"2025-05-07T17:00:41+00:00","dateModified":"2026-02-24T22:38:37+00:00","mainEntityOfPage":{"@id":"https:\/\/www.nonsolomusicamagazine.it\/?p=10018"},"wordCount":1274,"commentCount":0,"image":{"@id":"https:\/\/www.nonsolomusicamagazine.it\/?p=10018#primaryimage"},"thumbnailUrl":"https:\/\/www.nonsolomusicamagazine.it\/wp-content\/uploads\/2025\/05\/1000055113.jpg","keywords":["Jugoslavia","Tito"],"articleSection":["Politica","Storia"],"inLanguage":"it-IT","potentialAction":[{"@type":"CommentAction","name":"Comment","target":["https:\/\/www.nonsolomusicamagazine.it\/?p=10018#respond"]}]},{"@type":"WebPage","@id":"https:\/\/www.nonsolomusicamagazine.it\/?p=10018","url":"https:\/\/www.nonsolomusicamagazine.it\/?p=10018","name":"L'eredit\u00e0 del Maresciallo Tito tra luci ed ombre a 45 anni dalla morte. La Jugonostalgija. - NonSoloMusicaMagazine","isPartOf":{"@id":"https:\/\/www.nonsolomusicamagazine.it\/#website"},"primaryImageOfPage":{"@id":"https:\/\/www.nonsolomusicamagazine.it\/?p=10018#primaryimage"},"image":{"@id":"https:\/\/www.nonsolomusicamagazine.it\/?p=10018#primaryimage"},"thumbnailUrl":"https:\/\/www.nonsolomusicamagazine.it\/wp-content\/uploads\/2025\/05\/1000055113.jpg","datePublished":"2025-05-07T17:00:41+00:00","dateModified":"2026-02-24T22:38:37+00:00","author":{"@id":"https:\/\/www.nonsolomusicamagazine.it\/#\/schema\/person\/a3349ad02300d046472d46cf6d31ae46"},"description":"Tito","breadcrumb":{"@id":"https:\/\/www.nonsolomusicamagazine.it\/?p=10018#breadcrumb"},"inLanguage":"it-IT","potentialAction":[{"@type":"ReadAction","target":["https:\/\/www.nonsolomusicamagazine.it\/?p=10018"]}]},{"@type":"ImageObject","inLanguage":"it-IT","@id":"https:\/\/www.nonsolomusicamagazine.it\/?p=10018#primaryimage","url":"https:\/\/www.nonsolomusicamagazine.it\/wp-content\/uploads\/2025\/05\/1000055113.jpg","contentUrl":"https:\/\/www.nonsolomusicamagazine.it\/wp-content\/uploads\/2025\/05\/1000055113.jpg","width":530,"height":750},{"@type":"BreadcrumbList","@id":"https:\/\/www.nonsolomusicamagazine.it\/?p=10018#breadcrumb","itemListElement":[{"@type":"ListItem","position":1,"name":"Home","item":"https:\/\/www.nonsolomusicamagazine.it\/"},{"@type":"ListItem","position":2,"name":"L&#8217;eredit\u00e0 del Maresciallo Tito tra luci ed ombre a 45 anni dalla morte. La Jugonostalgija."}]},{"@type":"WebSite","@id":"https:\/\/www.nonsolomusicamagazine.it\/#website","url":"https:\/\/www.nonsolomusicamagazine.it\/","name":"Nonsolomusicamagazine","description":"Dir. responsabile Manuel M Buccarella","potentialAction":[{"@type":"SearchAction","target":{"@type":"EntryPoint","urlTemplate":"https:\/\/www.nonsolomusicamagazine.it\/?s={search_term_string}"},"query-input":{"@type":"PropertyValueSpecification","valueRequired":true,"valueName":"search_term_string"}}],"inLanguage":"it-IT"},{"@type":"Person","@id":"https:\/\/www.nonsolomusicamagazine.it\/#\/schema\/person\/a3349ad02300d046472d46cf6d31ae46","name":"nonsolomusica","image":{"@type":"ImageObject","inLanguage":"it-IT","@id":"https:\/\/www.nonsolomusicamagazine.it\/wp-content\/litespeed\/avatar\/3a675484bc84db6aba78d43bfc8b7197.jpg?ver=1776880798","url":"https:\/\/www.nonsolomusicamagazine.it\/wp-content\/litespeed\/avatar\/3a675484bc84db6aba78d43bfc8b7197.jpg?ver=1776880798","contentUrl":"https:\/\/www.nonsolomusicamagazine.it\/wp-content\/litespeed\/avatar\/3a675484bc84db6aba78d43bfc8b7197.jpg?ver=1776880798","caption":"nonsolomusica"},"sameAs":["https:\/\/www.nonsolomusicamagazine.it"],"url":"https:\/\/www.nonsolomusicamagazine.it\/?author=1"}]}},"amp_enabled":true,"_links":{"self":[{"href":"https:\/\/www.nonsolomusicamagazine.it\/index.php?rest_route=\/wp\/v2\/posts\/10018","targetHints":{"allow":["GET"]}}],"collection":[{"href":"https:\/\/www.nonsolomusicamagazine.it\/index.php?rest_route=\/wp\/v2\/posts"}],"about":[{"href":"https:\/\/www.nonsolomusicamagazine.it\/index.php?rest_route=\/wp\/v2\/types\/post"}],"author":[{"embeddable":true,"href":"https:\/\/www.nonsolomusicamagazine.it\/index.php?rest_route=\/wp\/v2\/users\/1"}],"replies":[{"embeddable":true,"href":"https:\/\/www.nonsolomusicamagazine.it\/index.php?rest_route=%2Fwp%2Fv2%2Fcomments&post=10018"}],"version-history":[{"count":3,"href":"https:\/\/www.nonsolomusicamagazine.it\/index.php?rest_route=\/wp\/v2\/posts\/10018\/revisions"}],"predecessor-version":[{"id":14563,"href":"https:\/\/www.nonsolomusicamagazine.it\/index.php?rest_route=\/wp\/v2\/posts\/10018\/revisions\/14563"}],"wp:featuredmedia":[{"embeddable":true,"href":"https:\/\/www.nonsolomusicamagazine.it\/index.php?rest_route=\/wp\/v2\/media\/10019"}],"wp:attachment":[{"href":"https:\/\/www.nonsolomusicamagazine.it\/index.php?rest_route=%2Fwp%2Fv2%2Fmedia&parent=10018"}],"wp:term":[{"taxonomy":"category","embeddable":true,"href":"https:\/\/www.nonsolomusicamagazine.it\/index.php?rest_route=%2Fwp%2Fv2%2Fcategories&post=10018"},{"taxonomy":"post_tag","embeddable":true,"href":"https:\/\/www.nonsolomusicamagazine.it\/index.php?rest_route=%2Fwp%2Fv2%2Ftags&post=10018"}],"curies":[{"name":"wp","href":"https:\/\/api.w.org\/{rel}","templated":true}]}}