{"id":10224,"date":"2025-05-17T17:33:25","date_gmt":"2025-05-17T15:33:25","guid":{"rendered":"https:\/\/www.nonsolomusicamagazine.it\/?p=10224"},"modified":"2025-05-17T17:33:26","modified_gmt":"2025-05-17T15:33:26","slug":"video-killed-the-radio-star","status":"publish","type":"post","link":"https:\/\/www.nonsolomusicamagazine.it\/?p=10224","title":{"rendered":"Video Killed The Radio Star"},"content":{"rendered":"\n<p class=\"has-text-align-center\"><em>ma.bu.<\/em><\/p>\n\n\n\n<p>\u201cVideo Killed The Radio Star\u201d dei Buggles in vetta alle classifiche di vendita dei 45 giri in Italia anche il 17 maggio 1980. In verit\u00e0 si tratt\u00f2 di un successo planetario, con milioni di copie vendute in tutto il mondo.<\/p>\n\n\n\n<p>La versione portata al successo dai Buggles \u00e8 in realt\u00e0 una cover di un\u2019incisione precedente. Nel 1979, stesso anno di pubblicazione del singolo dai Buggles, una versione diversa fu registrata da Bruce Woolley (autore del brano con Horn e Downes dei Buggles medesimi) e dal suo gruppo Camera Club (che comprendeva anche Thomas Dolby). <\/p>\n\n\n\n<p>Pubblicata nel \u201979, \u201cVideo Killed the Radio Star\u201d sul piano musicale \u00e8 di fatto il capostipite degli ottanta, dei quali anticipa lo stile: elettronica, accenni di utilizzo del Wall of Sound (poi usato a piene mani per gli effetti sonori di tanti brani del decennio).La canzone celebra con una certa malinconia il passaggio dal romanticismo della radio all\u2019immediatezza della televisione, tanto che le star delle trasmissioni radiofoniche, come la protagonista della canzone appunto, vengono rapidamente oscurate da quelle della tv.<\/p>\n\n\n\n<p>Una canzone che \u2013 forse al di l\u00e0 di ogni intenzione degli autori \u2013 ha costituito praticamente la porta d\u2019ingresso verso un mondo dominato dal sintetizzatore. Questo pezzo \u00e8 infatti da molti definito come un brano techno-pop ante litteram. <\/p>\n\n\n\n<p>Dopo la breve collaborazione con gli Yes, il tastierista Geoff Downes fonda il supergruppo degli Asia. La batteria \u00e8 suonata da Warren Cann, co-fondatore e batterista del gruppo new-wave Ultravox.<\/p>\n\n\n\n<p>I Buggles furono praticamente una meteora: dopo \u201cThe Age Of Plastic\u201d del 1980, che contiene questo successo, un concept album pop basato sul tema fantascientifico della vita nel futuro, in un mondo dominato dalle tecnologie, dopo la breve collaborazione con gli Yes, pubblicheranno un secondo album per poi sciogliersi.<\/p>\n\n\n\n<figure class=\"wp-block-image size-full\"><img decoding=\"async\" width=\"600\" height=\"400\" src=\"https:\/\/www.nonsolomusicamagazine.it\/wp-content\/uploads\/2025\/05\/1000057051.jpg\" alt=\"\" class=\"wp-image-10225\" srcset=\"https:\/\/www.nonsolomusicamagazine.it\/wp-content\/uploads\/2025\/05\/1000057051.jpg 600w, https:\/\/www.nonsolomusicamagazine.it\/wp-content\/uploads\/2025\/05\/1000057051-300x200.jpg 300w\" sizes=\"(max-width: 600px) 100vw, 600px\" \/><\/figure>\n\n\n\n<figure class=\"wp-block-embed is-type-video is-provider-youtube wp-block-embed-youtube wp-embed-aspect-4-3 wp-has-aspect-ratio\"><div class=\"wp-block-embed__wrapper\">\n<iframe title=\"The Buggles - Video Killed The Radio Star (Official Music Video)\" width=\"640\" height=\"480\" src=\"https:\/\/www.youtube.com\/embed\/W8r-tXRLazs?feature=oembed\" frameborder=\"0\" allow=\"accelerometer; autoplay; clipboard-write; encrypted-media; gyroscope; picture-in-picture; web-share\" referrerpolicy=\"strict-origin-when-cross-origin\" allowfullscreen><\/iframe>\n<\/div><\/figure>\n","protected":false},"excerpt":{"rendered":"<p>ma.bu. \u201cVideo Killed The Radio Star\u201d dei Buggles in vetta alle classifiche di vendita dei 45 giri in Italia anche il 17 maggio 1980. In verit\u00e0 si tratt\u00f2 di un successo planetario, con milioni di copie vendute in tutto il mondo. La versione portata al successo dai Buggles \u00e8 in realt\u00e0 una cover di un\u2019incisione [&hellip;]<\/p>\n","protected":false},"author":1,"featured_media":10225,"comment_status":"open","ping_status":"closed","sticky":false,"template":"","format":"standard","meta":{"footnotes":""},"categories":[1],"tags":[118,3066],"class_list":["post-10224","post","type-post","status-publish","format-standard","has-post-thumbnail","hentry","category-musica","tag-buggles","tag-video-killed-the-radio-star"],"yoast_head":"<!-- This site is optimized with the Yoast SEO plugin v27.5 - https:\/\/yoast.com\/product\/yoast-seo-wordpress\/ -->\n<title>Video Killed The Radio Star - NonSoloMusicaMagazine<\/title>\n<meta name=\"description\" content=\"Video Killed The Radio Star\" \/>\n<meta name=\"robots\" content=\"index, follow, max-snippet:-1, max-image-preview:large, max-video-preview:-1\" \/>\n<link rel=\"canonical\" href=\"https:\/\/www.nonsolomusicamagazine.it\/?p=10224\" \/>\n<meta property=\"og:locale\" content=\"it_IT\" \/>\n<meta property=\"og:type\" content=\"article\" \/>\n<meta property=\"og:title\" content=\"Video Killed The Radio Star - NonSoloMusicaMagazine\" \/>\n<meta property=\"og:description\" content=\"Video Killed The Radio Star\" \/>\n<meta property=\"og:url\" content=\"https:\/\/www.nonsolomusicamagazine.it\/?p=10224\" \/>\n<meta property=\"og:site_name\" content=\"NonSoloMusicaMagazine\" \/>\n<meta property=\"article:published_time\" content=\"2025-05-17T15:33:25+00:00\" \/>\n<meta property=\"article:modified_time\" content=\"2025-05-17T15:33:26+00:00\" \/>\n<meta property=\"og:image\" content=\"https:\/\/www.nonsolomusicamagazine.it\/wp-content\/uploads\/2025\/05\/1000057051.jpg\" \/>\n\t<meta property=\"og:image:width\" content=\"600\" \/>\n\t<meta property=\"og:image:height\" content=\"400\" \/>\n\t<meta property=\"og:image:type\" content=\"image\/jpeg\" \/>\n<meta name=\"author\" content=\"nonsolomusica\" \/>\n<meta name=\"twitter:card\" content=\"summary_large_image\" \/>\n<meta name=\"twitter:label1\" content=\"Scritto da\" \/>\n\t<meta name=\"twitter:data1\" content=\"nonsolomusica\" \/>\n\t<meta name=\"twitter:label2\" content=\"Tempo di lettura stimato\" \/>\n\t<meta name=\"twitter:data2\" content=\"2 minuti\" \/>\n<script type=\"application\/ld+json\" class=\"yoast-schema-graph\">{\"@context\":\"https:\\\/\\\/schema.org\",\"@graph\":[{\"@type\":\"Article\",\"@id\":\"https:\\\/\\\/www.nonsolomusicamagazine.it\\\/?p=10224#article\",\"isPartOf\":{\"@id\":\"https:\\\/\\\/www.nonsolomusicamagazine.it\\\/?p=10224\"},\"author\":{\"name\":\"nonsolomusica\",\"@id\":\"https:\\\/\\\/www.nonsolomusicamagazine.it\\\/#\\\/schema\\\/person\\\/a3349ad02300d046472d46cf6d31ae46\"},\"headline\":\"Video Killed The Radio Star\",\"datePublished\":\"2025-05-17T15:33:25+00:00\",\"dateModified\":\"2025-05-17T15:33:26+00:00\",\"mainEntityOfPage\":{\"@id\":\"https:\\\/\\\/www.nonsolomusicamagazine.it\\\/?p=10224\"},\"wordCount\":304,\"commentCount\":0,\"image\":{\"@id\":\"https:\\\/\\\/www.nonsolomusicamagazine.it\\\/?p=10224#primaryimage\"},\"thumbnailUrl\":\"https:\\\/\\\/www.nonsolomusicamagazine.it\\\/wp-content\\\/uploads\\\/2025\\\/05\\\/1000057051.jpg\",\"keywords\":[\"Buggles\",\"Video Killed The Radio Star\"],\"articleSection\":[\"Musica\"],\"inLanguage\":\"it-IT\",\"potentialAction\":[{\"@type\":\"CommentAction\",\"name\":\"Comment\",\"target\":[\"https:\\\/\\\/www.nonsolomusicamagazine.it\\\/?p=10224#respond\"]}]},{\"@type\":\"WebPage\",\"@id\":\"https:\\\/\\\/www.nonsolomusicamagazine.it\\\/?p=10224\",\"url\":\"https:\\\/\\\/www.nonsolomusicamagazine.it\\\/?p=10224\",\"name\":\"Video Killed The Radio Star - NonSoloMusicaMagazine\",\"isPartOf\":{\"@id\":\"https:\\\/\\\/www.nonsolomusicamagazine.it\\\/#website\"},\"primaryImageOfPage\":{\"@id\":\"https:\\\/\\\/www.nonsolomusicamagazine.it\\\/?p=10224#primaryimage\"},\"image\":{\"@id\":\"https:\\\/\\\/www.nonsolomusicamagazine.it\\\/?p=10224#primaryimage\"},\"thumbnailUrl\":\"https:\\\/\\\/www.nonsolomusicamagazine.it\\\/wp-content\\\/uploads\\\/2025\\\/05\\\/1000057051.jpg\",\"datePublished\":\"2025-05-17T15:33:25+00:00\",\"dateModified\":\"2025-05-17T15:33:26+00:00\",\"author\":{\"@id\":\"https:\\\/\\\/www.nonsolomusicamagazine.it\\\/#\\\/schema\\\/person\\\/a3349ad02300d046472d46cf6d31ae46\"},\"description\":\"Video Killed The Radio Star\",\"breadcrumb\":{\"@id\":\"https:\\\/\\\/www.nonsolomusicamagazine.it\\\/?p=10224#breadcrumb\"},\"inLanguage\":\"it-IT\",\"potentialAction\":[{\"@type\":\"ReadAction\",\"target\":[\"https:\\\/\\\/www.nonsolomusicamagazine.it\\\/?p=10224\"]}]},{\"@type\":\"ImageObject\",\"inLanguage\":\"it-IT\",\"@id\":\"https:\\\/\\\/www.nonsolomusicamagazine.it\\\/?p=10224#primaryimage\",\"url\":\"https:\\\/\\\/www.nonsolomusicamagazine.it\\\/wp-content\\\/uploads\\\/2025\\\/05\\\/1000057051.jpg\",\"contentUrl\":\"https:\\\/\\\/www.nonsolomusicamagazine.it\\\/wp-content\\\/uploads\\\/2025\\\/05\\\/1000057051.jpg\",\"width\":600,\"height\":400},{\"@type\":\"BreadcrumbList\",\"@id\":\"https:\\\/\\\/www.nonsolomusicamagazine.it\\\/?p=10224#breadcrumb\",\"itemListElement\":[{\"@type\":\"ListItem\",\"position\":1,\"name\":\"Home\",\"item\":\"https:\\\/\\\/www.nonsolomusicamagazine.it\\\/\"},{\"@type\":\"ListItem\",\"position\":2,\"name\":\"Video Killed The Radio Star\"}]},{\"@type\":\"WebSite\",\"@id\":\"https:\\\/\\\/www.nonsolomusicamagazine.it\\\/#website\",\"url\":\"https:\\\/\\\/www.nonsolomusicamagazine.it\\\/\",\"name\":\"Nonsolomusicamagazine\",\"description\":\"Dir. responsabile Manuel M Buccarella\",\"potentialAction\":[{\"@type\":\"SearchAction\",\"target\":{\"@type\":\"EntryPoint\",\"urlTemplate\":\"https:\\\/\\\/www.nonsolomusicamagazine.it\\\/?s={search_term_string}\"},\"query-input\":{\"@type\":\"PropertyValueSpecification\",\"valueRequired\":true,\"valueName\":\"search_term_string\"}}],\"inLanguage\":\"it-IT\"},{\"@type\":\"Person\",\"@id\":\"https:\\\/\\\/www.nonsolomusicamagazine.it\\\/#\\\/schema\\\/person\\\/a3349ad02300d046472d46cf6d31ae46\",\"name\":\"nonsolomusica\",\"image\":{\"@type\":\"ImageObject\",\"inLanguage\":\"it-IT\",\"@id\":\"https:\\\/\\\/www.nonsolomusicamagazine.it\\\/wp-content\\\/litespeed\\\/avatar\\\/3a675484bc84db6aba78d43bfc8b7197.jpg?ver=1776880798\",\"url\":\"https:\\\/\\\/www.nonsolomusicamagazine.it\\\/wp-content\\\/litespeed\\\/avatar\\\/3a675484bc84db6aba78d43bfc8b7197.jpg?ver=1776880798\",\"contentUrl\":\"https:\\\/\\\/www.nonsolomusicamagazine.it\\\/wp-content\\\/litespeed\\\/avatar\\\/3a675484bc84db6aba78d43bfc8b7197.jpg?ver=1776880798\",\"caption\":\"nonsolomusica\"},\"sameAs\":[\"https:\\\/\\\/www.nonsolomusicamagazine.it\"],\"url\":\"https:\\\/\\\/www.nonsolomusicamagazine.it\\\/?author=1\"}]}<\/script>\n<!-- \/ Yoast SEO plugin. -->","yoast_head_json":{"title":"Video Killed The Radio Star - NonSoloMusicaMagazine","description":"Video Killed The Radio Star","robots":{"index":"index","follow":"follow","max-snippet":"max-snippet:-1","max-image-preview":"max-image-preview:large","max-video-preview":"max-video-preview:-1"},"canonical":"https:\/\/www.nonsolomusicamagazine.it\/?p=10224","og_locale":"it_IT","og_type":"article","og_title":"Video Killed The Radio Star - NonSoloMusicaMagazine","og_description":"Video Killed The Radio Star","og_url":"https:\/\/www.nonsolomusicamagazine.it\/?p=10224","og_site_name":"NonSoloMusicaMagazine","article_published_time":"2025-05-17T15:33:25+00:00","article_modified_time":"2025-05-17T15:33:26+00:00","og_image":[{"width":600,"height":400,"url":"https:\/\/www.nonsolomusicamagazine.it\/wp-content\/uploads\/2025\/05\/1000057051.jpg","type":"image\/jpeg"}],"author":"nonsolomusica","twitter_card":"summary_large_image","twitter_misc":{"Scritto da":"nonsolomusica","Tempo di lettura stimato":"2 minuti"},"schema":{"@context":"https:\/\/schema.org","@graph":[{"@type":"Article","@id":"https:\/\/www.nonsolomusicamagazine.it\/?p=10224#article","isPartOf":{"@id":"https:\/\/www.nonsolomusicamagazine.it\/?p=10224"},"author":{"name":"nonsolomusica","@id":"https:\/\/www.nonsolomusicamagazine.it\/#\/schema\/person\/a3349ad02300d046472d46cf6d31ae46"},"headline":"Video Killed The Radio Star","datePublished":"2025-05-17T15:33:25+00:00","dateModified":"2025-05-17T15:33:26+00:00","mainEntityOfPage":{"@id":"https:\/\/www.nonsolomusicamagazine.it\/?p=10224"},"wordCount":304,"commentCount":0,"image":{"@id":"https:\/\/www.nonsolomusicamagazine.it\/?p=10224#primaryimage"},"thumbnailUrl":"https:\/\/www.nonsolomusicamagazine.it\/wp-content\/uploads\/2025\/05\/1000057051.jpg","keywords":["Buggles","Video Killed The Radio Star"],"articleSection":["Musica"],"inLanguage":"it-IT","potentialAction":[{"@type":"CommentAction","name":"Comment","target":["https:\/\/www.nonsolomusicamagazine.it\/?p=10224#respond"]}]},{"@type":"WebPage","@id":"https:\/\/www.nonsolomusicamagazine.it\/?p=10224","url":"https:\/\/www.nonsolomusicamagazine.it\/?p=10224","name":"Video Killed The Radio Star - NonSoloMusicaMagazine","isPartOf":{"@id":"https:\/\/www.nonsolomusicamagazine.it\/#website"},"primaryImageOfPage":{"@id":"https:\/\/www.nonsolomusicamagazine.it\/?p=10224#primaryimage"},"image":{"@id":"https:\/\/www.nonsolomusicamagazine.it\/?p=10224#primaryimage"},"thumbnailUrl":"https:\/\/www.nonsolomusicamagazine.it\/wp-content\/uploads\/2025\/05\/1000057051.jpg","datePublished":"2025-05-17T15:33:25+00:00","dateModified":"2025-05-17T15:33:26+00:00","author":{"@id":"https:\/\/www.nonsolomusicamagazine.it\/#\/schema\/person\/a3349ad02300d046472d46cf6d31ae46"},"description":"Video Killed The Radio Star","breadcrumb":{"@id":"https:\/\/www.nonsolomusicamagazine.it\/?p=10224#breadcrumb"},"inLanguage":"it-IT","potentialAction":[{"@type":"ReadAction","target":["https:\/\/www.nonsolomusicamagazine.it\/?p=10224"]}]},{"@type":"ImageObject","inLanguage":"it-IT","@id":"https:\/\/www.nonsolomusicamagazine.it\/?p=10224#primaryimage","url":"https:\/\/www.nonsolomusicamagazine.it\/wp-content\/uploads\/2025\/05\/1000057051.jpg","contentUrl":"https:\/\/www.nonsolomusicamagazine.it\/wp-content\/uploads\/2025\/05\/1000057051.jpg","width":600,"height":400},{"@type":"BreadcrumbList","@id":"https:\/\/www.nonsolomusicamagazine.it\/?p=10224#breadcrumb","itemListElement":[{"@type":"ListItem","position":1,"name":"Home","item":"https:\/\/www.nonsolomusicamagazine.it\/"},{"@type":"ListItem","position":2,"name":"Video Killed The Radio Star"}]},{"@type":"WebSite","@id":"https:\/\/www.nonsolomusicamagazine.it\/#website","url":"https:\/\/www.nonsolomusicamagazine.it\/","name":"Nonsolomusicamagazine","description":"Dir. responsabile Manuel M Buccarella","potentialAction":[{"@type":"SearchAction","target":{"@type":"EntryPoint","urlTemplate":"https:\/\/www.nonsolomusicamagazine.it\/?s={search_term_string}"},"query-input":{"@type":"PropertyValueSpecification","valueRequired":true,"valueName":"search_term_string"}}],"inLanguage":"it-IT"},{"@type":"Person","@id":"https:\/\/www.nonsolomusicamagazine.it\/#\/schema\/person\/a3349ad02300d046472d46cf6d31ae46","name":"nonsolomusica","image":{"@type":"ImageObject","inLanguage":"it-IT","@id":"https:\/\/www.nonsolomusicamagazine.it\/wp-content\/litespeed\/avatar\/3a675484bc84db6aba78d43bfc8b7197.jpg?ver=1776880798","url":"https:\/\/www.nonsolomusicamagazine.it\/wp-content\/litespeed\/avatar\/3a675484bc84db6aba78d43bfc8b7197.jpg?ver=1776880798","contentUrl":"https:\/\/www.nonsolomusicamagazine.it\/wp-content\/litespeed\/avatar\/3a675484bc84db6aba78d43bfc8b7197.jpg?ver=1776880798","caption":"nonsolomusica"},"sameAs":["https:\/\/www.nonsolomusicamagazine.it"],"url":"https:\/\/www.nonsolomusicamagazine.it\/?author=1"}]}},"amp_enabled":true,"_links":{"self":[{"href":"https:\/\/www.nonsolomusicamagazine.it\/index.php?rest_route=\/wp\/v2\/posts\/10224","targetHints":{"allow":["GET"]}}],"collection":[{"href":"https:\/\/www.nonsolomusicamagazine.it\/index.php?rest_route=\/wp\/v2\/posts"}],"about":[{"href":"https:\/\/www.nonsolomusicamagazine.it\/index.php?rest_route=\/wp\/v2\/types\/post"}],"author":[{"embeddable":true,"href":"https:\/\/www.nonsolomusicamagazine.it\/index.php?rest_route=\/wp\/v2\/users\/1"}],"replies":[{"embeddable":true,"href":"https:\/\/www.nonsolomusicamagazine.it\/index.php?rest_route=%2Fwp%2Fv2%2Fcomments&post=10224"}],"version-history":[{"count":0,"href":"https:\/\/www.nonsolomusicamagazine.it\/index.php?rest_route=\/wp\/v2\/posts\/10224\/revisions"}],"wp:featuredmedia":[{"embeddable":true,"href":"https:\/\/www.nonsolomusicamagazine.it\/index.php?rest_route=\/wp\/v2\/media\/10225"}],"wp:attachment":[{"href":"https:\/\/www.nonsolomusicamagazine.it\/index.php?rest_route=%2Fwp%2Fv2%2Fmedia&parent=10224"}],"wp:term":[{"taxonomy":"category","embeddable":true,"href":"https:\/\/www.nonsolomusicamagazine.it\/index.php?rest_route=%2Fwp%2Fv2%2Fcategories&post=10224"},{"taxonomy":"post_tag","embeddable":true,"href":"https:\/\/www.nonsolomusicamagazine.it\/index.php?rest_route=%2Fwp%2Fv2%2Ftags&post=10224"}],"curies":[{"name":"wp","href":"https:\/\/api.w.org\/{rel}","templated":true}]}}