{"id":10238,"date":"2025-05-19T18:18:45","date_gmt":"2025-05-19T16:18:45","guid":{"rendered":"https:\/\/www.nonsolomusicamagazine.it\/?p=10238"},"modified":"2025-05-19T18:18:46","modified_gmt":"2025-05-19T16:18:46","slug":"lucio-corsi-fa-il-duro-alleurovision-song-contest-2025","status":"publish","type":"post","link":"https:\/\/www.nonsolomusicamagazine.it\/?p=10238","title":{"rendered":"Lucio Corsi fa il &#8220;duro&#8221; all&#8217;EuroVision Song Contest 2025"},"content":{"rendered":"\n<p class=\"has-text-align-center\"><em>ma.bu.<\/em><\/p>\n\n\n\n<p>Sabato sera a Basilea il cantautore toscano Lucio Corsi fa il &#8220;duro&#8221;, piazzandosi al quinto posto con un brano di qualit\u00e0, certamente superiore alla mediocre media dell&#8217;Eurovision Song Contest.<\/p>\n\n\n\n<p>Con &#8220;Volevo essere un duro\u201d, brano con cui Lucio Corsi ha rappresentato l&#8217;Italia in Europa, a Sanremo ha rischiato di vincere, classificandosi al secondo posto, di poco dietro ad Olly. Ha vinto il primo Premio della Critica \u201cMia Martini\u201d.<\/p>\n\n\n\n<p>Il pezzo si sviluppa come una riflessione sulle aspettative personali e sociali riguardo all\u2019immagine di s\u00e9, rispetto al bullismo.In un\u2019intervista rilasciata a Quotidiano Nazionale in occasione del Festival di Sanremo 2025, Corsi ha descritto il significato del suo brano, affermando:\u201cParla del fatto che questo mondo ci vorrebbe infallibili, solidi come pietre e perfetti come fiori, senza dirci che i fiori sono appesi a un filo. E poi anche del fatto che, spesso, \u00e8 facile anche non divenire ci\u00f2 che si sognava. Sono poche le persone che possono dire di essere diventate ci\u00f2 che sognavano da piccoli o ci\u00f2 che il mondo vorrebbe farci essere. Poi, magari, a volte non \u00e8 nemmeno la via giusta. Ci capita di sognare cose che, alla fine, non sono cos\u00ec tanto meglio di ci\u00f2 che siamo\u201d.<\/p>\n\n\n\n<p>Il brano del cantautore e polistrumentista toscano colpisce per la sua capacit\u00e0 di raccontare una storia con ironia e leggerezza, senza perdere profondit\u00e0. Con il suo stile unico, Corsi mescola sonorit\u00e0 folk-rock con una vena cantautorale che richiama le atmosfere vintage (tra i grandi cantautori italiani cui si ispira vi \u00e8 tra gli altri sicuramente Ivan Graziani), rendendo il pezzo immediatamente riconoscibile.Il testo gioca con il contrasto tra l\u2019immagine del \u201cduro\u201d e la realt\u00e0 pi\u00f9 delicata e sensibile del protagonista, creando un racconto che sa essere tanto divertente quanto malinconico. Una canzone che fa accapponar la pelle.<\/p>\n\n\n\n<p>Nel panorama musicale italiano, Lucio Corsi continua a distinguersi per originalit\u00e0 e coerenza artistica, e \u201cVolevo essere un duro\u201d \u00e8 l\u2019ennesima dimostrazione del suo talento nel trasformare piccole storie in canzoni che restano impresse.<\/p>\n\n\n\n<figure class=\"wp-block-image size-full\"><img decoding=\"async\" width=\"768\" height=\"768\" src=\"https:\/\/www.nonsolomusicamagazine.it\/wp-content\/uploads\/2025\/05\/1000057462.jpg\" alt=\"\" class=\"wp-image-10239\" srcset=\"https:\/\/www.nonsolomusicamagazine.it\/wp-content\/uploads\/2025\/05\/1000057462.jpg 768w, https:\/\/www.nonsolomusicamagazine.it\/wp-content\/uploads\/2025\/05\/1000057462-300x300.jpg 300w, https:\/\/www.nonsolomusicamagazine.it\/wp-content\/uploads\/2025\/05\/1000057462-150x150.jpg 150w\" sizes=\"(max-width: 768px) 100vw, 768px\" \/><\/figure>\n\n\n\n<figure class=\"wp-block-embed is-type-video is-provider-youtube wp-block-embed-youtube wp-embed-aspect-16-9 wp-has-aspect-ratio\"><div class=\"wp-block-embed__wrapper\">\n<iframe title=\"Lucio Corsi - Volevo essere un duro (Sanremo 2025)\" width=\"640\" height=\"360\" src=\"https:\/\/www.youtube.com\/embed\/vkWEvDK45pE?feature=oembed\" frameborder=\"0\" allow=\"accelerometer; autoplay; clipboard-write; encrypted-media; gyroscope; picture-in-picture; web-share\" referrerpolicy=\"strict-origin-when-cross-origin\" allowfullscreen><\/iframe>\n<\/div><\/figure>\n","protected":false},"excerpt":{"rendered":"<p>ma.bu. Sabato sera a Basilea il cantautore toscano Lucio Corsi fa il &#8220;duro&#8221;, piazzandosi al quinto posto con un brano di qualit\u00e0, certamente superiore alla mediocre media dell&#8217;Eurovision Song Contest. Con &#8220;Volevo essere un duro\u201d, brano con cui Lucio Corsi ha rappresentato l&#8217;Italia in Europa, a Sanremo ha rischiato di vincere, classificandosi al secondo posto, [&hellip;]<\/p>\n","protected":false},"author":1,"featured_media":10239,"comment_status":"open","ping_status":"closed","sticky":false,"template":"","format":"standard","meta":{"footnotes":""},"categories":[1],"tags":[4275,4276,3846],"class_list":["post-10238","post","type-post","status-publish","format-standard","has-post-thumbnail","hentry","category-musica","tag-duro","tag-eurovision-song","tag-lucio-corsi"],"yoast_head":"<!-- This site is optimized with the Yoast SEO plugin v27.5 - https:\/\/yoast.com\/product\/yoast-seo-wordpress\/ -->\n<title>Lucio Corsi fa il &quot;duro&quot; all&#039;EuroVision Song Contest 2025 - NonSoloMusicaMagazine<\/title>\n<meta name=\"description\" content=\"Lucio Corsi duro Eurovision Song Contest\" \/>\n<meta name=\"robots\" content=\"index, follow, max-snippet:-1, max-image-preview:large, max-video-preview:-1\" \/>\n<link rel=\"canonical\" href=\"https:\/\/www.nonsolomusicamagazine.it\/?p=10238\" \/>\n<meta property=\"og:locale\" content=\"it_IT\" \/>\n<meta property=\"og:type\" content=\"article\" \/>\n<meta property=\"og:title\" content=\"Lucio Corsi fa il &quot;duro&quot; all&#039;EuroVision Song Contest 2025 - NonSoloMusicaMagazine\" \/>\n<meta property=\"og:description\" content=\"Lucio Corsi duro Eurovision Song Contest\" \/>\n<meta property=\"og:url\" content=\"https:\/\/www.nonsolomusicamagazine.it\/?p=10238\" \/>\n<meta property=\"og:site_name\" content=\"NonSoloMusicaMagazine\" \/>\n<meta property=\"article:published_time\" content=\"2025-05-19T16:18:45+00:00\" \/>\n<meta property=\"article:modified_time\" content=\"2025-05-19T16:18:46+00:00\" \/>\n<meta property=\"og:image\" content=\"https:\/\/www.nonsolomusicamagazine.it\/wp-content\/uploads\/2025\/05\/1000057462.jpg\" \/>\n\t<meta property=\"og:image:width\" content=\"768\" \/>\n\t<meta property=\"og:image:height\" content=\"768\" \/>\n\t<meta property=\"og:image:type\" content=\"image\/jpeg\" \/>\n<meta name=\"author\" content=\"nonsolomusica\" \/>\n<meta name=\"twitter:card\" content=\"summary_large_image\" \/>\n<meta name=\"twitter:label1\" content=\"Scritto da\" \/>\n\t<meta name=\"twitter:data1\" content=\"nonsolomusica\" \/>\n\t<meta name=\"twitter:label2\" content=\"Tempo di lettura stimato\" \/>\n\t<meta name=\"twitter:data2\" content=\"3 minuti\" \/>\n<script type=\"application\/ld+json\" class=\"yoast-schema-graph\">{\"@context\":\"https:\\\/\\\/schema.org\",\"@graph\":[{\"@type\":\"Article\",\"@id\":\"https:\\\/\\\/www.nonsolomusicamagazine.it\\\/?p=10238#article\",\"isPartOf\":{\"@id\":\"https:\\\/\\\/www.nonsolomusicamagazine.it\\\/?p=10238\"},\"author\":{\"name\":\"nonsolomusica\",\"@id\":\"https:\\\/\\\/www.nonsolomusicamagazine.it\\\/#\\\/schema\\\/person\\\/a3349ad02300d046472d46cf6d31ae46\"},\"headline\":\"Lucio Corsi fa il &#8220;duro&#8221; all&#8217;EuroVision Song Contest 2025\",\"datePublished\":\"2025-05-19T16:18:45+00:00\",\"dateModified\":\"2025-05-19T16:18:46+00:00\",\"mainEntityOfPage\":{\"@id\":\"https:\\\/\\\/www.nonsolomusicamagazine.it\\\/?p=10238\"},\"wordCount\":361,\"commentCount\":0,\"image\":{\"@id\":\"https:\\\/\\\/www.nonsolomusicamagazine.it\\\/?p=10238#primaryimage\"},\"thumbnailUrl\":\"https:\\\/\\\/www.nonsolomusicamagazine.it\\\/wp-content\\\/uploads\\\/2025\\\/05\\\/1000057462.jpg\",\"keywords\":[\"Duro\",\"Eurovision Song\",\"Lucio Corsi\"],\"articleSection\":[\"Musica\"],\"inLanguage\":\"it-IT\",\"potentialAction\":[{\"@type\":\"CommentAction\",\"name\":\"Comment\",\"target\":[\"https:\\\/\\\/www.nonsolomusicamagazine.it\\\/?p=10238#respond\"]}]},{\"@type\":\"WebPage\",\"@id\":\"https:\\\/\\\/www.nonsolomusicamagazine.it\\\/?p=10238\",\"url\":\"https:\\\/\\\/www.nonsolomusicamagazine.it\\\/?p=10238\",\"name\":\"Lucio Corsi fa il \\\"duro\\\" all'EuroVision Song Contest 2025 - NonSoloMusicaMagazine\",\"isPartOf\":{\"@id\":\"https:\\\/\\\/www.nonsolomusicamagazine.it\\\/#website\"},\"primaryImageOfPage\":{\"@id\":\"https:\\\/\\\/www.nonsolomusicamagazine.it\\\/?p=10238#primaryimage\"},\"image\":{\"@id\":\"https:\\\/\\\/www.nonsolomusicamagazine.it\\\/?p=10238#primaryimage\"},\"thumbnailUrl\":\"https:\\\/\\\/www.nonsolomusicamagazine.it\\\/wp-content\\\/uploads\\\/2025\\\/05\\\/1000057462.jpg\",\"datePublished\":\"2025-05-19T16:18:45+00:00\",\"dateModified\":\"2025-05-19T16:18:46+00:00\",\"author\":{\"@id\":\"https:\\\/\\\/www.nonsolomusicamagazine.it\\\/#\\\/schema\\\/person\\\/a3349ad02300d046472d46cf6d31ae46\"},\"description\":\"Lucio Corsi duro Eurovision Song Contest\",\"breadcrumb\":{\"@id\":\"https:\\\/\\\/www.nonsolomusicamagazine.it\\\/?p=10238#breadcrumb\"},\"inLanguage\":\"it-IT\",\"potentialAction\":[{\"@type\":\"ReadAction\",\"target\":[\"https:\\\/\\\/www.nonsolomusicamagazine.it\\\/?p=10238\"]}]},{\"@type\":\"ImageObject\",\"inLanguage\":\"it-IT\",\"@id\":\"https:\\\/\\\/www.nonsolomusicamagazine.it\\\/?p=10238#primaryimage\",\"url\":\"https:\\\/\\\/www.nonsolomusicamagazine.it\\\/wp-content\\\/uploads\\\/2025\\\/05\\\/1000057462.jpg\",\"contentUrl\":\"https:\\\/\\\/www.nonsolomusicamagazine.it\\\/wp-content\\\/uploads\\\/2025\\\/05\\\/1000057462.jpg\",\"width\":768,\"height\":768},{\"@type\":\"BreadcrumbList\",\"@id\":\"https:\\\/\\\/www.nonsolomusicamagazine.it\\\/?p=10238#breadcrumb\",\"itemListElement\":[{\"@type\":\"ListItem\",\"position\":1,\"name\":\"Home\",\"item\":\"https:\\\/\\\/www.nonsolomusicamagazine.it\\\/\"},{\"@type\":\"ListItem\",\"position\":2,\"name\":\"Lucio Corsi fa il &#8220;duro&#8221; all&#8217;EuroVision Song Contest 2025\"}]},{\"@type\":\"WebSite\",\"@id\":\"https:\\\/\\\/www.nonsolomusicamagazine.it\\\/#website\",\"url\":\"https:\\\/\\\/www.nonsolomusicamagazine.it\\\/\",\"name\":\"Nonsolomusicamagazine\",\"description\":\"Dir. responsabile Manuel M Buccarella\",\"potentialAction\":[{\"@type\":\"SearchAction\",\"target\":{\"@type\":\"EntryPoint\",\"urlTemplate\":\"https:\\\/\\\/www.nonsolomusicamagazine.it\\\/?s={search_term_string}\"},\"query-input\":{\"@type\":\"PropertyValueSpecification\",\"valueRequired\":true,\"valueName\":\"search_term_string\"}}],\"inLanguage\":\"it-IT\"},{\"@type\":\"Person\",\"@id\":\"https:\\\/\\\/www.nonsolomusicamagazine.it\\\/#\\\/schema\\\/person\\\/a3349ad02300d046472d46cf6d31ae46\",\"name\":\"nonsolomusica\",\"image\":{\"@type\":\"ImageObject\",\"inLanguage\":\"it-IT\",\"@id\":\"https:\\\/\\\/www.nonsolomusicamagazine.it\\\/wp-content\\\/litespeed\\\/avatar\\\/3a675484bc84db6aba78d43bfc8b7197.jpg?ver=1776880798\",\"url\":\"https:\\\/\\\/www.nonsolomusicamagazine.it\\\/wp-content\\\/litespeed\\\/avatar\\\/3a675484bc84db6aba78d43bfc8b7197.jpg?ver=1776880798\",\"contentUrl\":\"https:\\\/\\\/www.nonsolomusicamagazine.it\\\/wp-content\\\/litespeed\\\/avatar\\\/3a675484bc84db6aba78d43bfc8b7197.jpg?ver=1776880798\",\"caption\":\"nonsolomusica\"},\"sameAs\":[\"https:\\\/\\\/www.nonsolomusicamagazine.it\"],\"url\":\"https:\\\/\\\/www.nonsolomusicamagazine.it\\\/?author=1\"}]}<\/script>\n<!-- \/ Yoast SEO plugin. -->","yoast_head_json":{"title":"Lucio Corsi fa il \"duro\" all'EuroVision Song Contest 2025 - NonSoloMusicaMagazine","description":"Lucio Corsi duro Eurovision Song Contest","robots":{"index":"index","follow":"follow","max-snippet":"max-snippet:-1","max-image-preview":"max-image-preview:large","max-video-preview":"max-video-preview:-1"},"canonical":"https:\/\/www.nonsolomusicamagazine.it\/?p=10238","og_locale":"it_IT","og_type":"article","og_title":"Lucio Corsi fa il \"duro\" all'EuroVision Song Contest 2025 - NonSoloMusicaMagazine","og_description":"Lucio Corsi duro Eurovision Song Contest","og_url":"https:\/\/www.nonsolomusicamagazine.it\/?p=10238","og_site_name":"NonSoloMusicaMagazine","article_published_time":"2025-05-19T16:18:45+00:00","article_modified_time":"2025-05-19T16:18:46+00:00","og_image":[{"width":768,"height":768,"url":"https:\/\/www.nonsolomusicamagazine.it\/wp-content\/uploads\/2025\/05\/1000057462.jpg","type":"image\/jpeg"}],"author":"nonsolomusica","twitter_card":"summary_large_image","twitter_misc":{"Scritto da":"nonsolomusica","Tempo di lettura stimato":"3 minuti"},"schema":{"@context":"https:\/\/schema.org","@graph":[{"@type":"Article","@id":"https:\/\/www.nonsolomusicamagazine.it\/?p=10238#article","isPartOf":{"@id":"https:\/\/www.nonsolomusicamagazine.it\/?p=10238"},"author":{"name":"nonsolomusica","@id":"https:\/\/www.nonsolomusicamagazine.it\/#\/schema\/person\/a3349ad02300d046472d46cf6d31ae46"},"headline":"Lucio Corsi fa il &#8220;duro&#8221; all&#8217;EuroVision Song Contest 2025","datePublished":"2025-05-19T16:18:45+00:00","dateModified":"2025-05-19T16:18:46+00:00","mainEntityOfPage":{"@id":"https:\/\/www.nonsolomusicamagazine.it\/?p=10238"},"wordCount":361,"commentCount":0,"image":{"@id":"https:\/\/www.nonsolomusicamagazine.it\/?p=10238#primaryimage"},"thumbnailUrl":"https:\/\/www.nonsolomusicamagazine.it\/wp-content\/uploads\/2025\/05\/1000057462.jpg","keywords":["Duro","Eurovision Song","Lucio Corsi"],"articleSection":["Musica"],"inLanguage":"it-IT","potentialAction":[{"@type":"CommentAction","name":"Comment","target":["https:\/\/www.nonsolomusicamagazine.it\/?p=10238#respond"]}]},{"@type":"WebPage","@id":"https:\/\/www.nonsolomusicamagazine.it\/?p=10238","url":"https:\/\/www.nonsolomusicamagazine.it\/?p=10238","name":"Lucio Corsi fa il \"duro\" all'EuroVision Song Contest 2025 - NonSoloMusicaMagazine","isPartOf":{"@id":"https:\/\/www.nonsolomusicamagazine.it\/#website"},"primaryImageOfPage":{"@id":"https:\/\/www.nonsolomusicamagazine.it\/?p=10238#primaryimage"},"image":{"@id":"https:\/\/www.nonsolomusicamagazine.it\/?p=10238#primaryimage"},"thumbnailUrl":"https:\/\/www.nonsolomusicamagazine.it\/wp-content\/uploads\/2025\/05\/1000057462.jpg","datePublished":"2025-05-19T16:18:45+00:00","dateModified":"2025-05-19T16:18:46+00:00","author":{"@id":"https:\/\/www.nonsolomusicamagazine.it\/#\/schema\/person\/a3349ad02300d046472d46cf6d31ae46"},"description":"Lucio Corsi duro Eurovision Song Contest","breadcrumb":{"@id":"https:\/\/www.nonsolomusicamagazine.it\/?p=10238#breadcrumb"},"inLanguage":"it-IT","potentialAction":[{"@type":"ReadAction","target":["https:\/\/www.nonsolomusicamagazine.it\/?p=10238"]}]},{"@type":"ImageObject","inLanguage":"it-IT","@id":"https:\/\/www.nonsolomusicamagazine.it\/?p=10238#primaryimage","url":"https:\/\/www.nonsolomusicamagazine.it\/wp-content\/uploads\/2025\/05\/1000057462.jpg","contentUrl":"https:\/\/www.nonsolomusicamagazine.it\/wp-content\/uploads\/2025\/05\/1000057462.jpg","width":768,"height":768},{"@type":"BreadcrumbList","@id":"https:\/\/www.nonsolomusicamagazine.it\/?p=10238#breadcrumb","itemListElement":[{"@type":"ListItem","position":1,"name":"Home","item":"https:\/\/www.nonsolomusicamagazine.it\/"},{"@type":"ListItem","position":2,"name":"Lucio Corsi fa il &#8220;duro&#8221; all&#8217;EuroVision Song Contest 2025"}]},{"@type":"WebSite","@id":"https:\/\/www.nonsolomusicamagazine.it\/#website","url":"https:\/\/www.nonsolomusicamagazine.it\/","name":"Nonsolomusicamagazine","description":"Dir. responsabile Manuel M Buccarella","potentialAction":[{"@type":"SearchAction","target":{"@type":"EntryPoint","urlTemplate":"https:\/\/www.nonsolomusicamagazine.it\/?s={search_term_string}"},"query-input":{"@type":"PropertyValueSpecification","valueRequired":true,"valueName":"search_term_string"}}],"inLanguage":"it-IT"},{"@type":"Person","@id":"https:\/\/www.nonsolomusicamagazine.it\/#\/schema\/person\/a3349ad02300d046472d46cf6d31ae46","name":"nonsolomusica","image":{"@type":"ImageObject","inLanguage":"it-IT","@id":"https:\/\/www.nonsolomusicamagazine.it\/wp-content\/litespeed\/avatar\/3a675484bc84db6aba78d43bfc8b7197.jpg?ver=1776880798","url":"https:\/\/www.nonsolomusicamagazine.it\/wp-content\/litespeed\/avatar\/3a675484bc84db6aba78d43bfc8b7197.jpg?ver=1776880798","contentUrl":"https:\/\/www.nonsolomusicamagazine.it\/wp-content\/litespeed\/avatar\/3a675484bc84db6aba78d43bfc8b7197.jpg?ver=1776880798","caption":"nonsolomusica"},"sameAs":["https:\/\/www.nonsolomusicamagazine.it"],"url":"https:\/\/www.nonsolomusicamagazine.it\/?author=1"}]}},"amp_enabled":true,"_links":{"self":[{"href":"https:\/\/www.nonsolomusicamagazine.it\/index.php?rest_route=\/wp\/v2\/posts\/10238","targetHints":{"allow":["GET"]}}],"collection":[{"href":"https:\/\/www.nonsolomusicamagazine.it\/index.php?rest_route=\/wp\/v2\/posts"}],"about":[{"href":"https:\/\/www.nonsolomusicamagazine.it\/index.php?rest_route=\/wp\/v2\/types\/post"}],"author":[{"embeddable":true,"href":"https:\/\/www.nonsolomusicamagazine.it\/index.php?rest_route=\/wp\/v2\/users\/1"}],"replies":[{"embeddable":true,"href":"https:\/\/www.nonsolomusicamagazine.it\/index.php?rest_route=%2Fwp%2Fv2%2Fcomments&post=10238"}],"version-history":[{"count":0,"href":"https:\/\/www.nonsolomusicamagazine.it\/index.php?rest_route=\/wp\/v2\/posts\/10238\/revisions"}],"wp:featuredmedia":[{"embeddable":true,"href":"https:\/\/www.nonsolomusicamagazine.it\/index.php?rest_route=\/wp\/v2\/media\/10239"}],"wp:attachment":[{"href":"https:\/\/www.nonsolomusicamagazine.it\/index.php?rest_route=%2Fwp%2Fv2%2Fmedia&parent=10238"}],"wp:term":[{"taxonomy":"category","embeddable":true,"href":"https:\/\/www.nonsolomusicamagazine.it\/index.php?rest_route=%2Fwp%2Fv2%2Fcategories&post=10238"},{"taxonomy":"post_tag","embeddable":true,"href":"https:\/\/www.nonsolomusicamagazine.it\/index.php?rest_route=%2Fwp%2Fv2%2Ftags&post=10238"}],"curies":[{"name":"wp","href":"https:\/\/api.w.org\/{rel}","templated":true}]}}