{"id":10297,"date":"2025-05-22T17:23:23","date_gmt":"2025-05-22T15:23:23","guid":{"rendered":"https:\/\/www.nonsolomusicamagazine.it\/?p=10297"},"modified":"2025-05-22T17:23:24","modified_gmt":"2025-05-22T15:23:24","slug":"il-risveglio-degli-olivi-salentini-e-diffuso-ed-evidente","status":"publish","type":"post","link":"https:\/\/www.nonsolomusicamagazine.it\/?p=10297","title":{"rendered":"Il risveglio degli olivi salentini \u00e8 diffuso ed evidente"},"content":{"rendered":"\n<p class=\"has-text-align-center\"><strong>Crocifisso Aloisi<\/strong><\/p>\n\n\n\n<p>Il risveglio degli olivi \u00e8 cos\u00ec evidente che non possono pi\u00f9 nascondere la verit\u00e0, la verit\u00e0 delle immagini accompagnata anche dal ritorno concreto alla produzione di olio dalle nostre cultivar autoctone: Ogliarola salentina e Cellina di Nard\u00f2. <\/p>\n\n\n\n<p>Se non ci credete fatevi un giro nei frantoi e vedrete che chi \u00e8 riuscito ad avere pazienza e tenacia, \u00e8 tornato ad una discreta autosufficienza produttiva. Non solo, ma gli esperti dell&#8217; Universit\u00e0 del Salento, guidati dal prof .Franco Fanizzi, ci dicono anche che l&#8217;olio degli ulivi rigenerati ha propriet\u00e0 organolettiche superiori e un&#8217;altissima presenza di polifenoli, quindi un valore commerciale enorme: possiamo davvero parlare di oro colato.  <\/p>\n\n\n\n<p>Un suggerimento al lettore o osservatore superficiale \u00e8 per\u00f2 necessario: le immagini degli olivi rigenerati non sono quelle che stanno pubblicando i media cosiddetti ufficiali, cio\u00e8 quelli che per anni hanno raccontato soltanto una verit\u00e0 spesso artefatta. O meglio, non sono soltanto quelle immagini fatte di tronchi con polloni intorno o alberi semi scheletrici con qualche arbusto verde, perch\u00e9 questo modo di rappresentare l&#8217;attuale situazione rigenerativa darebbe un altro assist a chi sponsorizza la distruzione in nome di xylella. Infatti alcuni stanno iniziando a dire che \u00e8 vera la ripresa, ma che si tratta di pochi casi in percentuale rispetto ai soliti milioni di olivi distrutti e per lo pi\u00f9 si tratta di polloni: no, cari denigratori speculatori, la ripresa vegetativa \u00e8 forte, diffusa e robusta e riguarda l&#8217;intera pianta come ad esempio l&#8217;olivo pubblicato a margine dell&#8217;articolo di Repubblica. <\/p>\n\n\n\n<p>Fatevene una ragione, la solita narrazione \u00e8 miseramente fallita.<\/p>\n\n\n\n<figure class=\"wp-block-image size-full\"><img decoding=\"async\" width=\"720\" height=\"960\" src=\"https:\/\/www.nonsolomusicamagazine.it\/wp-content\/uploads\/2025\/05\/1000057967.jpg\" alt=\"\" class=\"wp-image-10298\" srcset=\"https:\/\/www.nonsolomusicamagazine.it\/wp-content\/uploads\/2025\/05\/1000057967.jpg 720w, https:\/\/www.nonsolomusicamagazine.it\/wp-content\/uploads\/2025\/05\/1000057967-225x300.jpg 225w\" sizes=\"(max-width: 720px) 100vw, 720px\" \/><\/figure>\n\n\n\n<figure class=\"wp-block-gallery has-nested-images columns-default is-cropped wp-block-gallery-1 is-layout-flex wp-block-gallery-is-layout-flex\">\n<figure class=\"wp-block-image size-large\"><img decoding=\"async\" width=\"711\" height=\"1024\" data-id=\"10299\" src=\"https:\/\/www.nonsolomusicamagazine.it\/wp-content\/uploads\/2025\/05\/1000057966-711x1024.jpg\" alt=\"\" class=\"wp-image-10299\" srcset=\"https:\/\/www.nonsolomusicamagazine.it\/wp-content\/uploads\/2025\/05\/1000057966-711x1024.jpg 711w, https:\/\/www.nonsolomusicamagazine.it\/wp-content\/uploads\/2025\/05\/1000057966-208x300.jpg 208w, https:\/\/www.nonsolomusicamagazine.it\/wp-content\/uploads\/2025\/05\/1000057966.jpg 720w\" sizes=\"(max-width: 711px) 100vw, 711px\" \/><\/figure>\n\n\n\n<figure class=\"wp-block-image size-large\"><img decoding=\"async\" width=\"720\" height=\"960\" data-id=\"10300\" src=\"https:\/\/www.nonsolomusicamagazine.it\/wp-content\/uploads\/2025\/05\/1000057967-1.jpg\" alt=\"\" class=\"wp-image-10300\" srcset=\"https:\/\/www.nonsolomusicamagazine.it\/wp-content\/uploads\/2025\/05\/1000057967-1.jpg 720w, https:\/\/www.nonsolomusicamagazine.it\/wp-content\/uploads\/2025\/05\/1000057967-1-225x300.jpg 225w\" sizes=\"(max-width: 720px) 100vw, 720px\" \/><\/figure>\n<\/figure>\n","protected":false},"excerpt":{"rendered":"<p>Crocifisso Aloisi Il risveglio degli olivi \u00e8 cos\u00ec evidente che non possono pi\u00f9 nascondere la verit\u00e0, la verit\u00e0 delle immagini accompagnata anche dal ritorno concreto alla produzione di olio dalle nostre cultivar autoctone: Ogliarola salentina e Cellina di Nard\u00f2. Se non ci credete fatevi un giro nei frantoi e vedrete che chi \u00e8 riuscito ad [&hellip;]<\/p>\n","protected":false},"author":1,"featured_media":10300,"comment_status":"open","ping_status":"closed","sticky":false,"template":"","format":"standard","meta":{"footnotes":""},"categories":[283,1005],"tags":[2260,3421,345,343],"class_list":["post-10297","post","type-post","status-publish","format-standard","has-post-thumbnail","hentry","category-ambiente","category-scienza","tag-olivi","tag-rigenerazione","tag-salento","tag-xylella"],"yoast_head":"<!-- This site is optimized with the Yoast SEO plugin v27.5 - https:\/\/yoast.com\/product\/yoast-seo-wordpress\/ -->\n<title>Il risveglio degli olivi salentini \u00e8 diffuso ed evidente - NonSoloMusicaMagazine<\/title>\n<meta name=\"description\" content=\"Il risveglio degli olivi salentini \u00e8 diffuso ed evidente\" \/>\n<meta name=\"robots\" content=\"index, follow, max-snippet:-1, max-image-preview:large, max-video-preview:-1\" \/>\n<link rel=\"canonical\" href=\"https:\/\/www.nonsolomusicamagazine.it\/?p=10297\" \/>\n<meta property=\"og:locale\" content=\"it_IT\" \/>\n<meta property=\"og:type\" content=\"article\" \/>\n<meta property=\"og:title\" content=\"Il risveglio degli olivi salentini \u00e8 diffuso ed evidente - NonSoloMusicaMagazine\" \/>\n<meta property=\"og:description\" content=\"Il risveglio degli olivi salentini \u00e8 diffuso ed evidente\" \/>\n<meta property=\"og:url\" content=\"https:\/\/www.nonsolomusicamagazine.it\/?p=10297\" \/>\n<meta property=\"og:site_name\" content=\"NonSoloMusicaMagazine\" \/>\n<meta property=\"article:published_time\" content=\"2025-05-22T15:23:23+00:00\" \/>\n<meta property=\"article:modified_time\" content=\"2025-05-22T15:23:24+00:00\" \/>\n<meta property=\"og:image\" content=\"https:\/\/www.nonsolomusicamagazine.it\/wp-content\/uploads\/2025\/05\/1000057967-1.jpg\" \/>\n\t<meta property=\"og:image:width\" content=\"720\" \/>\n\t<meta property=\"og:image:height\" content=\"960\" \/>\n\t<meta property=\"og:image:type\" content=\"image\/jpeg\" \/>\n<meta name=\"author\" content=\"nonsolomusica\" \/>\n<meta name=\"twitter:card\" content=\"summary_large_image\" \/>\n<meta name=\"twitter:label1\" content=\"Scritto da\" \/>\n\t<meta name=\"twitter:data1\" content=\"nonsolomusica\" \/>\n\t<meta name=\"twitter:label2\" content=\"Tempo di lettura stimato\" \/>\n\t<meta name=\"twitter:data2\" content=\"3 minuti\" \/>\n<script type=\"application\/ld+json\" class=\"yoast-schema-graph\">{\"@context\":\"https:\\\/\\\/schema.org\",\"@graph\":[{\"@type\":\"Article\",\"@id\":\"https:\\\/\\\/www.nonsolomusicamagazine.it\\\/?p=10297#article\",\"isPartOf\":{\"@id\":\"https:\\\/\\\/www.nonsolomusicamagazine.it\\\/?p=10297\"},\"author\":{\"name\":\"nonsolomusica\",\"@id\":\"https:\\\/\\\/www.nonsolomusicamagazine.it\\\/#\\\/schema\\\/person\\\/a3349ad02300d046472d46cf6d31ae46\"},\"headline\":\"Il risveglio degli olivi salentini \u00e8 diffuso ed evidente\",\"datePublished\":\"2025-05-22T15:23:23+00:00\",\"dateModified\":\"2025-05-22T15:23:24+00:00\",\"mainEntityOfPage\":{\"@id\":\"https:\\\/\\\/www.nonsolomusicamagazine.it\\\/?p=10297\"},\"wordCount\":264,\"commentCount\":0,\"image\":{\"@id\":\"https:\\\/\\\/www.nonsolomusicamagazine.it\\\/?p=10297#primaryimage\"},\"thumbnailUrl\":\"https:\\\/\\\/www.nonsolomusicamagazine.it\\\/wp-content\\\/uploads\\\/2025\\\/05\\\/1000057967-1.jpg\",\"keywords\":[\"Olivi\",\"Rigenerazione\",\"Salento\",\"Xylella\"],\"articleSection\":[\"Ambiente\",\"Scienza\"],\"inLanguage\":\"it-IT\",\"potentialAction\":[{\"@type\":\"CommentAction\",\"name\":\"Comment\",\"target\":[\"https:\\\/\\\/www.nonsolomusicamagazine.it\\\/?p=10297#respond\"]}]},{\"@type\":\"WebPage\",\"@id\":\"https:\\\/\\\/www.nonsolomusicamagazine.it\\\/?p=10297\",\"url\":\"https:\\\/\\\/www.nonsolomusicamagazine.it\\\/?p=10297\",\"name\":\"Il risveglio degli olivi salentini \u00e8 diffuso ed evidente - NonSoloMusicaMagazine\",\"isPartOf\":{\"@id\":\"https:\\\/\\\/www.nonsolomusicamagazine.it\\\/#website\"},\"primaryImageOfPage\":{\"@id\":\"https:\\\/\\\/www.nonsolomusicamagazine.it\\\/?p=10297#primaryimage\"},\"image\":{\"@id\":\"https:\\\/\\\/www.nonsolomusicamagazine.it\\\/?p=10297#primaryimage\"},\"thumbnailUrl\":\"https:\\\/\\\/www.nonsolomusicamagazine.it\\\/wp-content\\\/uploads\\\/2025\\\/05\\\/1000057967-1.jpg\",\"datePublished\":\"2025-05-22T15:23:23+00:00\",\"dateModified\":\"2025-05-22T15:23:24+00:00\",\"author\":{\"@id\":\"https:\\\/\\\/www.nonsolomusicamagazine.it\\\/#\\\/schema\\\/person\\\/a3349ad02300d046472d46cf6d31ae46\"},\"description\":\"Il risveglio degli olivi salentini \u00e8 diffuso ed evidente\",\"breadcrumb\":{\"@id\":\"https:\\\/\\\/www.nonsolomusicamagazine.it\\\/?p=10297#breadcrumb\"},\"inLanguage\":\"it-IT\",\"potentialAction\":[{\"@type\":\"ReadAction\",\"target\":[\"https:\\\/\\\/www.nonsolomusicamagazine.it\\\/?p=10297\"]}]},{\"@type\":\"ImageObject\",\"inLanguage\":\"it-IT\",\"@id\":\"https:\\\/\\\/www.nonsolomusicamagazine.it\\\/?p=10297#primaryimage\",\"url\":\"https:\\\/\\\/www.nonsolomusicamagazine.it\\\/wp-content\\\/uploads\\\/2025\\\/05\\\/1000057967-1.jpg\",\"contentUrl\":\"https:\\\/\\\/www.nonsolomusicamagazine.it\\\/wp-content\\\/uploads\\\/2025\\\/05\\\/1000057967-1.jpg\",\"width\":720,\"height\":960},{\"@type\":\"BreadcrumbList\",\"@id\":\"https:\\\/\\\/www.nonsolomusicamagazine.it\\\/?p=10297#breadcrumb\",\"itemListElement\":[{\"@type\":\"ListItem\",\"position\":1,\"name\":\"Home\",\"item\":\"https:\\\/\\\/www.nonsolomusicamagazine.it\\\/\"},{\"@type\":\"ListItem\",\"position\":2,\"name\":\"Il risveglio degli olivi salentini \u00e8 diffuso ed evidente\"}]},{\"@type\":\"WebSite\",\"@id\":\"https:\\\/\\\/www.nonsolomusicamagazine.it\\\/#website\",\"url\":\"https:\\\/\\\/www.nonsolomusicamagazine.it\\\/\",\"name\":\"Nonsolomusicamagazine\",\"description\":\"Dir. responsabile Manuel M Buccarella\",\"potentialAction\":[{\"@type\":\"SearchAction\",\"target\":{\"@type\":\"EntryPoint\",\"urlTemplate\":\"https:\\\/\\\/www.nonsolomusicamagazine.it\\\/?s={search_term_string}\"},\"query-input\":{\"@type\":\"PropertyValueSpecification\",\"valueRequired\":true,\"valueName\":\"search_term_string\"}}],\"inLanguage\":\"it-IT\"},{\"@type\":\"Person\",\"@id\":\"https:\\\/\\\/www.nonsolomusicamagazine.it\\\/#\\\/schema\\\/person\\\/a3349ad02300d046472d46cf6d31ae46\",\"name\":\"nonsolomusica\",\"image\":{\"@type\":\"ImageObject\",\"inLanguage\":\"it-IT\",\"@id\":\"https:\\\/\\\/www.nonsolomusicamagazine.it\\\/wp-content\\\/litespeed\\\/avatar\\\/3a675484bc84db6aba78d43bfc8b7197.jpg?ver=1776880798\",\"url\":\"https:\\\/\\\/www.nonsolomusicamagazine.it\\\/wp-content\\\/litespeed\\\/avatar\\\/3a675484bc84db6aba78d43bfc8b7197.jpg?ver=1776880798\",\"contentUrl\":\"https:\\\/\\\/www.nonsolomusicamagazine.it\\\/wp-content\\\/litespeed\\\/avatar\\\/3a675484bc84db6aba78d43bfc8b7197.jpg?ver=1776880798\",\"caption\":\"nonsolomusica\"},\"sameAs\":[\"https:\\\/\\\/www.nonsolomusicamagazine.it\"],\"url\":\"https:\\\/\\\/www.nonsolomusicamagazine.it\\\/?author=1\"}]}<\/script>\n<!-- \/ Yoast SEO plugin. -->","yoast_head_json":{"title":"Il risveglio degli olivi salentini \u00e8 diffuso ed evidente - NonSoloMusicaMagazine","description":"Il risveglio degli olivi salentini \u00e8 diffuso ed evidente","robots":{"index":"index","follow":"follow","max-snippet":"max-snippet:-1","max-image-preview":"max-image-preview:large","max-video-preview":"max-video-preview:-1"},"canonical":"https:\/\/www.nonsolomusicamagazine.it\/?p=10297","og_locale":"it_IT","og_type":"article","og_title":"Il risveglio degli olivi salentini \u00e8 diffuso ed evidente - NonSoloMusicaMagazine","og_description":"Il risveglio degli olivi salentini \u00e8 diffuso ed evidente","og_url":"https:\/\/www.nonsolomusicamagazine.it\/?p=10297","og_site_name":"NonSoloMusicaMagazine","article_published_time":"2025-05-22T15:23:23+00:00","article_modified_time":"2025-05-22T15:23:24+00:00","og_image":[{"width":720,"height":960,"url":"https:\/\/www.nonsolomusicamagazine.it\/wp-content\/uploads\/2025\/05\/1000057967-1.jpg","type":"image\/jpeg"}],"author":"nonsolomusica","twitter_card":"summary_large_image","twitter_misc":{"Scritto da":"nonsolomusica","Tempo di lettura stimato":"3 minuti"},"schema":{"@context":"https:\/\/schema.org","@graph":[{"@type":"Article","@id":"https:\/\/www.nonsolomusicamagazine.it\/?p=10297#article","isPartOf":{"@id":"https:\/\/www.nonsolomusicamagazine.it\/?p=10297"},"author":{"name":"nonsolomusica","@id":"https:\/\/www.nonsolomusicamagazine.it\/#\/schema\/person\/a3349ad02300d046472d46cf6d31ae46"},"headline":"Il risveglio degli olivi salentini \u00e8 diffuso ed evidente","datePublished":"2025-05-22T15:23:23+00:00","dateModified":"2025-05-22T15:23:24+00:00","mainEntityOfPage":{"@id":"https:\/\/www.nonsolomusicamagazine.it\/?p=10297"},"wordCount":264,"commentCount":0,"image":{"@id":"https:\/\/www.nonsolomusicamagazine.it\/?p=10297#primaryimage"},"thumbnailUrl":"https:\/\/www.nonsolomusicamagazine.it\/wp-content\/uploads\/2025\/05\/1000057967-1.jpg","keywords":["Olivi","Rigenerazione","Salento","Xylella"],"articleSection":["Ambiente","Scienza"],"inLanguage":"it-IT","potentialAction":[{"@type":"CommentAction","name":"Comment","target":["https:\/\/www.nonsolomusicamagazine.it\/?p=10297#respond"]}]},{"@type":"WebPage","@id":"https:\/\/www.nonsolomusicamagazine.it\/?p=10297","url":"https:\/\/www.nonsolomusicamagazine.it\/?p=10297","name":"Il risveglio degli olivi salentini \u00e8 diffuso ed evidente - NonSoloMusicaMagazine","isPartOf":{"@id":"https:\/\/www.nonsolomusicamagazine.it\/#website"},"primaryImageOfPage":{"@id":"https:\/\/www.nonsolomusicamagazine.it\/?p=10297#primaryimage"},"image":{"@id":"https:\/\/www.nonsolomusicamagazine.it\/?p=10297#primaryimage"},"thumbnailUrl":"https:\/\/www.nonsolomusicamagazine.it\/wp-content\/uploads\/2025\/05\/1000057967-1.jpg","datePublished":"2025-05-22T15:23:23+00:00","dateModified":"2025-05-22T15:23:24+00:00","author":{"@id":"https:\/\/www.nonsolomusicamagazine.it\/#\/schema\/person\/a3349ad02300d046472d46cf6d31ae46"},"description":"Il risveglio degli olivi salentini \u00e8 diffuso ed evidente","breadcrumb":{"@id":"https:\/\/www.nonsolomusicamagazine.it\/?p=10297#breadcrumb"},"inLanguage":"it-IT","potentialAction":[{"@type":"ReadAction","target":["https:\/\/www.nonsolomusicamagazine.it\/?p=10297"]}]},{"@type":"ImageObject","inLanguage":"it-IT","@id":"https:\/\/www.nonsolomusicamagazine.it\/?p=10297#primaryimage","url":"https:\/\/www.nonsolomusicamagazine.it\/wp-content\/uploads\/2025\/05\/1000057967-1.jpg","contentUrl":"https:\/\/www.nonsolomusicamagazine.it\/wp-content\/uploads\/2025\/05\/1000057967-1.jpg","width":720,"height":960},{"@type":"BreadcrumbList","@id":"https:\/\/www.nonsolomusicamagazine.it\/?p=10297#breadcrumb","itemListElement":[{"@type":"ListItem","position":1,"name":"Home","item":"https:\/\/www.nonsolomusicamagazine.it\/"},{"@type":"ListItem","position":2,"name":"Il risveglio degli olivi salentini \u00e8 diffuso ed evidente"}]},{"@type":"WebSite","@id":"https:\/\/www.nonsolomusicamagazine.it\/#website","url":"https:\/\/www.nonsolomusicamagazine.it\/","name":"Nonsolomusicamagazine","description":"Dir. responsabile Manuel M Buccarella","potentialAction":[{"@type":"SearchAction","target":{"@type":"EntryPoint","urlTemplate":"https:\/\/www.nonsolomusicamagazine.it\/?s={search_term_string}"},"query-input":{"@type":"PropertyValueSpecification","valueRequired":true,"valueName":"search_term_string"}}],"inLanguage":"it-IT"},{"@type":"Person","@id":"https:\/\/www.nonsolomusicamagazine.it\/#\/schema\/person\/a3349ad02300d046472d46cf6d31ae46","name":"nonsolomusica","image":{"@type":"ImageObject","inLanguage":"it-IT","@id":"https:\/\/www.nonsolomusicamagazine.it\/wp-content\/litespeed\/avatar\/3a675484bc84db6aba78d43bfc8b7197.jpg?ver=1776880798","url":"https:\/\/www.nonsolomusicamagazine.it\/wp-content\/litespeed\/avatar\/3a675484bc84db6aba78d43bfc8b7197.jpg?ver=1776880798","contentUrl":"https:\/\/www.nonsolomusicamagazine.it\/wp-content\/litespeed\/avatar\/3a675484bc84db6aba78d43bfc8b7197.jpg?ver=1776880798","caption":"nonsolomusica"},"sameAs":["https:\/\/www.nonsolomusicamagazine.it"],"url":"https:\/\/www.nonsolomusicamagazine.it\/?author=1"}]}},"amp_enabled":true,"_links":{"self":[{"href":"https:\/\/www.nonsolomusicamagazine.it\/index.php?rest_route=\/wp\/v2\/posts\/10297","targetHints":{"allow":["GET"]}}],"collection":[{"href":"https:\/\/www.nonsolomusicamagazine.it\/index.php?rest_route=\/wp\/v2\/posts"}],"about":[{"href":"https:\/\/www.nonsolomusicamagazine.it\/index.php?rest_route=\/wp\/v2\/types\/post"}],"author":[{"embeddable":true,"href":"https:\/\/www.nonsolomusicamagazine.it\/index.php?rest_route=\/wp\/v2\/users\/1"}],"replies":[{"embeddable":true,"href":"https:\/\/www.nonsolomusicamagazine.it\/index.php?rest_route=%2Fwp%2Fv2%2Fcomments&post=10297"}],"version-history":[{"count":0,"href":"https:\/\/www.nonsolomusicamagazine.it\/index.php?rest_route=\/wp\/v2\/posts\/10297\/revisions"}],"wp:featuredmedia":[{"embeddable":true,"href":"https:\/\/www.nonsolomusicamagazine.it\/index.php?rest_route=\/wp\/v2\/media\/10300"}],"wp:attachment":[{"href":"https:\/\/www.nonsolomusicamagazine.it\/index.php?rest_route=%2Fwp%2Fv2%2Fmedia&parent=10297"}],"wp:term":[{"taxonomy":"category","embeddable":true,"href":"https:\/\/www.nonsolomusicamagazine.it\/index.php?rest_route=%2Fwp%2Fv2%2Fcategories&post=10297"},{"taxonomy":"post_tag","embeddable":true,"href":"https:\/\/www.nonsolomusicamagazine.it\/index.php?rest_route=%2Fwp%2Fv2%2Ftags&post=10297"}],"curies":[{"name":"wp","href":"https:\/\/api.w.org\/{rel}","templated":true}]}}