{"id":10497,"date":"2025-06-05T17:56:04","date_gmt":"2025-06-05T15:56:04","guid":{"rendered":"https:\/\/www.nonsolomusicamagazine.it\/?p=10497"},"modified":"2025-06-05T17:56:05","modified_gmt":"2025-06-05T15:56:05","slug":"massimo-cacciari-il-filosofo-della-crisi-e-della-complessita","status":"publish","type":"post","link":"https:\/\/www.nonsolomusicamagazine.it\/?p=10497","title":{"rendered":"Massimo Cacciari: Il Filosofo della Crisi e della Complessit\u00e0"},"content":{"rendered":"\n<p>Massimo Cacciari, 81 anni proprio oggi (\u00e8 nato infatti il 5 giugno 1944 a Venezia) \u00e8 una delle figure pi\u00f9 influenti della filosofia e della politica italiane contemporanee. Filosofo, accademico e politico, ha saputo coniugare il rigore teorico con l\u2019impegno civile, diventando un punto di riferimento nel dibattito culturale europeo.<\/p>\n\n\n\n<p>Allievo di pensatori come Eugenio Garin e ispirato dalla tradizione del pensiero negativo (Heidegger, Nietzsche, Wittgenstein), Cacciari ha sviluppato una riflessione profonda sulla crisi della modernit\u00e0, sul rapporto tra politica e pensiero, e sull\u2019idea di Europa. Tra le sue opere principali figurano <em>Krisis<\/em>, <em>Dell\u2019Inizio<\/em>, <em>Geofilosofia dell\u2019Europa<\/em> e <em>Il potere che frena<\/em>.<\/p>\n\n\n\n<p>\u00c8 stato anche sindaco di Venezia per due mandati, dimostrando un raro intreccio tra speculazione filosofica e azione amministrativa, oltre ad essere deputato ed europarlamentare, perlopi\u00f9 come indipendente nella sinistra. Il suo stile \u00e8 complesso, denso di riferimenti storici e concettuali, ma sempre orientato a interrogare le contraddizioni del presente.<\/p>\n\n\n\n<p>Cacciari rappresenta una voce critica e mai conformista, capace di sfidare sia il pensiero dominante che le facili semplificazioni ideologiche.<\/p>\n\n\n\n<figure class=\"wp-block-image size-full\"><img decoding=\"async\" width=\"656\" height=\"492\" src=\"https:\/\/www.nonsolomusicamagazine.it\/wp-content\/uploads\/2025\/06\/1000061392.jpg\" alt=\"\" class=\"wp-image-10498\" srcset=\"https:\/\/www.nonsolomusicamagazine.it\/wp-content\/uploads\/2025\/06\/1000061392.jpg 656w, https:\/\/www.nonsolomusicamagazine.it\/wp-content\/uploads\/2025\/06\/1000061392-300x225.jpg 300w\" sizes=\"(max-width: 656px) 100vw, 656px\" \/><\/figure>\n","protected":false},"excerpt":{"rendered":"<p>Massimo Cacciari, 81 anni proprio oggi (\u00e8 nato infatti il 5 giugno 1944 a Venezia) \u00e8 una delle figure pi\u00f9 influenti della filosofia e della politica italiane contemporanee. Filosofo, accademico e politico, ha saputo coniugare il rigore teorico con l\u2019impegno civile, diventando un punto di riferimento nel dibattito culturale europeo. Allievo di pensatori come Eugenio [&hellip;]<\/p>\n","protected":false},"author":1,"featured_media":10498,"comment_status":"open","ping_status":"closed","sticky":false,"template":"","format":"standard","meta":{"footnotes":""},"categories":[106],"tags":[1758,4338],"class_list":["post-10497","post","type-post","status-publish","format-standard","has-post-thumbnail","hentry","category-cultura","tag-filosofia","tag-massimo-cacciari"],"yoast_head":"<!-- This site is optimized with the Yoast SEO plugin v27.4 - https:\/\/yoast.com\/product\/yoast-seo-wordpress\/ -->\n<title>Massimo Cacciari: Il Filosofo della Crisi e della Complessit\u00e0 - NonSoloMusicaMagazine<\/title>\n<meta name=\"description\" content=\"Massimo Cacciari filosofia\" \/>\n<meta name=\"robots\" content=\"index, follow, max-snippet:-1, max-image-preview:large, max-video-preview:-1\" \/>\n<link rel=\"canonical\" href=\"https:\/\/www.nonsolomusicamagazine.it\/?p=10497\" \/>\n<meta property=\"og:locale\" content=\"it_IT\" \/>\n<meta property=\"og:type\" content=\"article\" \/>\n<meta property=\"og:title\" content=\"Massimo Cacciari: Il Filosofo della Crisi e della Complessit\u00e0 - NonSoloMusicaMagazine\" \/>\n<meta property=\"og:description\" content=\"Massimo Cacciari filosofia\" \/>\n<meta property=\"og:url\" content=\"https:\/\/www.nonsolomusicamagazine.it\/?p=10497\" \/>\n<meta property=\"og:site_name\" content=\"NonSoloMusicaMagazine\" \/>\n<meta property=\"article:published_time\" content=\"2025-06-05T15:56:04+00:00\" \/>\n<meta property=\"article:modified_time\" content=\"2025-06-05T15:56:05+00:00\" \/>\n<meta property=\"og:image\" content=\"https:\/\/www.nonsolomusicamagazine.it\/wp-content\/uploads\/2025\/06\/1000061392.jpg\" \/>\n\t<meta property=\"og:image:width\" content=\"656\" \/>\n\t<meta property=\"og:image:height\" content=\"492\" \/>\n\t<meta property=\"og:image:type\" content=\"image\/jpeg\" \/>\n<meta name=\"author\" content=\"nonsolomusica\" \/>\n<meta name=\"twitter:card\" content=\"summary_large_image\" \/>\n<meta name=\"twitter:label1\" content=\"Scritto da\" \/>\n\t<meta name=\"twitter:data1\" content=\"nonsolomusica\" \/>\n\t<meta name=\"twitter:label2\" content=\"Tempo di lettura stimato\" \/>\n\t<meta name=\"twitter:data2\" content=\"2 minuti\" \/>\n<script type=\"application\/ld+json\" class=\"yoast-schema-graph\">{\"@context\":\"https:\\\/\\\/schema.org\",\"@graph\":[{\"@type\":\"Article\",\"@id\":\"https:\\\/\\\/www.nonsolomusicamagazine.it\\\/?p=10497#article\",\"isPartOf\":{\"@id\":\"https:\\\/\\\/www.nonsolomusicamagazine.it\\\/?p=10497\"},\"author\":{\"name\":\"nonsolomusica\",\"@id\":\"https:\\\/\\\/www.nonsolomusicamagazine.it\\\/#\\\/schema\\\/person\\\/a3349ad02300d046472d46cf6d31ae46\"},\"headline\":\"Massimo Cacciari: Il Filosofo della Crisi e della Complessit\u00e0\",\"datePublished\":\"2025-06-05T15:56:04+00:00\",\"dateModified\":\"2025-06-05T15:56:05+00:00\",\"mainEntityOfPage\":{\"@id\":\"https:\\\/\\\/www.nonsolomusicamagazine.it\\\/?p=10497\"},\"wordCount\":177,\"commentCount\":0,\"image\":{\"@id\":\"https:\\\/\\\/www.nonsolomusicamagazine.it\\\/?p=10497#primaryimage\"},\"thumbnailUrl\":\"https:\\\/\\\/www.nonsolomusicamagazine.it\\\/wp-content\\\/uploads\\\/2025\\\/06\\\/1000061392.jpg\",\"keywords\":[\"Filosofia\",\"Massimo Cacciari\"],\"articleSection\":[\"Cultura\"],\"inLanguage\":\"it-IT\",\"potentialAction\":[{\"@type\":\"CommentAction\",\"name\":\"Comment\",\"target\":[\"https:\\\/\\\/www.nonsolomusicamagazine.it\\\/?p=10497#respond\"]}]},{\"@type\":\"WebPage\",\"@id\":\"https:\\\/\\\/www.nonsolomusicamagazine.it\\\/?p=10497\",\"url\":\"https:\\\/\\\/www.nonsolomusicamagazine.it\\\/?p=10497\",\"name\":\"Massimo Cacciari: Il Filosofo della Crisi e della Complessit\u00e0 - NonSoloMusicaMagazine\",\"isPartOf\":{\"@id\":\"https:\\\/\\\/www.nonsolomusicamagazine.it\\\/#website\"},\"primaryImageOfPage\":{\"@id\":\"https:\\\/\\\/www.nonsolomusicamagazine.it\\\/?p=10497#primaryimage\"},\"image\":{\"@id\":\"https:\\\/\\\/www.nonsolomusicamagazine.it\\\/?p=10497#primaryimage\"},\"thumbnailUrl\":\"https:\\\/\\\/www.nonsolomusicamagazine.it\\\/wp-content\\\/uploads\\\/2025\\\/06\\\/1000061392.jpg\",\"datePublished\":\"2025-06-05T15:56:04+00:00\",\"dateModified\":\"2025-06-05T15:56:05+00:00\",\"author\":{\"@id\":\"https:\\\/\\\/www.nonsolomusicamagazine.it\\\/#\\\/schema\\\/person\\\/a3349ad02300d046472d46cf6d31ae46\"},\"description\":\"Massimo Cacciari filosofia\",\"breadcrumb\":{\"@id\":\"https:\\\/\\\/www.nonsolomusicamagazine.it\\\/?p=10497#breadcrumb\"},\"inLanguage\":\"it-IT\",\"potentialAction\":[{\"@type\":\"ReadAction\",\"target\":[\"https:\\\/\\\/www.nonsolomusicamagazine.it\\\/?p=10497\"]}]},{\"@type\":\"ImageObject\",\"inLanguage\":\"it-IT\",\"@id\":\"https:\\\/\\\/www.nonsolomusicamagazine.it\\\/?p=10497#primaryimage\",\"url\":\"https:\\\/\\\/www.nonsolomusicamagazine.it\\\/wp-content\\\/uploads\\\/2025\\\/06\\\/1000061392.jpg\",\"contentUrl\":\"https:\\\/\\\/www.nonsolomusicamagazine.it\\\/wp-content\\\/uploads\\\/2025\\\/06\\\/1000061392.jpg\",\"width\":656,\"height\":492},{\"@type\":\"BreadcrumbList\",\"@id\":\"https:\\\/\\\/www.nonsolomusicamagazine.it\\\/?p=10497#breadcrumb\",\"itemListElement\":[{\"@type\":\"ListItem\",\"position\":1,\"name\":\"Home\",\"item\":\"https:\\\/\\\/www.nonsolomusicamagazine.it\\\/\"},{\"@type\":\"ListItem\",\"position\":2,\"name\":\"Massimo Cacciari: Il Filosofo della Crisi e della Complessit\u00e0\"}]},{\"@type\":\"WebSite\",\"@id\":\"https:\\\/\\\/www.nonsolomusicamagazine.it\\\/#website\",\"url\":\"https:\\\/\\\/www.nonsolomusicamagazine.it\\\/\",\"name\":\"Nonsolomusicamagazine\",\"description\":\"Dir. responsabile Manuel M Buccarella\",\"potentialAction\":[{\"@type\":\"SearchAction\",\"target\":{\"@type\":\"EntryPoint\",\"urlTemplate\":\"https:\\\/\\\/www.nonsolomusicamagazine.it\\\/?s={search_term_string}\"},\"query-input\":{\"@type\":\"PropertyValueSpecification\",\"valueRequired\":true,\"valueName\":\"search_term_string\"}}],\"inLanguage\":\"it-IT\"},{\"@type\":\"Person\",\"@id\":\"https:\\\/\\\/www.nonsolomusicamagazine.it\\\/#\\\/schema\\\/person\\\/a3349ad02300d046472d46cf6d31ae46\",\"name\":\"nonsolomusica\",\"image\":{\"@type\":\"ImageObject\",\"inLanguage\":\"it-IT\",\"@id\":\"https:\\\/\\\/www.nonsolomusicamagazine.it\\\/wp-content\\\/litespeed\\\/avatar\\\/3a675484bc84db6aba78d43bfc8b7197.jpg?ver=1776880798\",\"url\":\"https:\\\/\\\/www.nonsolomusicamagazine.it\\\/wp-content\\\/litespeed\\\/avatar\\\/3a675484bc84db6aba78d43bfc8b7197.jpg?ver=1776880798\",\"contentUrl\":\"https:\\\/\\\/www.nonsolomusicamagazine.it\\\/wp-content\\\/litespeed\\\/avatar\\\/3a675484bc84db6aba78d43bfc8b7197.jpg?ver=1776880798\",\"caption\":\"nonsolomusica\"},\"sameAs\":[\"https:\\\/\\\/www.nonsolomusicamagazine.it\"],\"url\":\"https:\\\/\\\/www.nonsolomusicamagazine.it\\\/?author=1\"}]}<\/script>\n<!-- \/ Yoast SEO plugin. -->","yoast_head_json":{"title":"Massimo Cacciari: Il Filosofo della Crisi e della Complessit\u00e0 - NonSoloMusicaMagazine","description":"Massimo Cacciari filosofia","robots":{"index":"index","follow":"follow","max-snippet":"max-snippet:-1","max-image-preview":"max-image-preview:large","max-video-preview":"max-video-preview:-1"},"canonical":"https:\/\/www.nonsolomusicamagazine.it\/?p=10497","og_locale":"it_IT","og_type":"article","og_title":"Massimo Cacciari: Il Filosofo della Crisi e della Complessit\u00e0 - NonSoloMusicaMagazine","og_description":"Massimo Cacciari filosofia","og_url":"https:\/\/www.nonsolomusicamagazine.it\/?p=10497","og_site_name":"NonSoloMusicaMagazine","article_published_time":"2025-06-05T15:56:04+00:00","article_modified_time":"2025-06-05T15:56:05+00:00","og_image":[{"width":656,"height":492,"url":"https:\/\/www.nonsolomusicamagazine.it\/wp-content\/uploads\/2025\/06\/1000061392.jpg","type":"image\/jpeg"}],"author":"nonsolomusica","twitter_card":"summary_large_image","twitter_misc":{"Scritto da":"nonsolomusica","Tempo di lettura stimato":"2 minuti"},"schema":{"@context":"https:\/\/schema.org","@graph":[{"@type":"Article","@id":"https:\/\/www.nonsolomusicamagazine.it\/?p=10497#article","isPartOf":{"@id":"https:\/\/www.nonsolomusicamagazine.it\/?p=10497"},"author":{"name":"nonsolomusica","@id":"https:\/\/www.nonsolomusicamagazine.it\/#\/schema\/person\/a3349ad02300d046472d46cf6d31ae46"},"headline":"Massimo Cacciari: Il Filosofo della Crisi e della Complessit\u00e0","datePublished":"2025-06-05T15:56:04+00:00","dateModified":"2025-06-05T15:56:05+00:00","mainEntityOfPage":{"@id":"https:\/\/www.nonsolomusicamagazine.it\/?p=10497"},"wordCount":177,"commentCount":0,"image":{"@id":"https:\/\/www.nonsolomusicamagazine.it\/?p=10497#primaryimage"},"thumbnailUrl":"https:\/\/www.nonsolomusicamagazine.it\/wp-content\/uploads\/2025\/06\/1000061392.jpg","keywords":["Filosofia","Massimo Cacciari"],"articleSection":["Cultura"],"inLanguage":"it-IT","potentialAction":[{"@type":"CommentAction","name":"Comment","target":["https:\/\/www.nonsolomusicamagazine.it\/?p=10497#respond"]}]},{"@type":"WebPage","@id":"https:\/\/www.nonsolomusicamagazine.it\/?p=10497","url":"https:\/\/www.nonsolomusicamagazine.it\/?p=10497","name":"Massimo Cacciari: Il Filosofo della Crisi e della Complessit\u00e0 - NonSoloMusicaMagazine","isPartOf":{"@id":"https:\/\/www.nonsolomusicamagazine.it\/#website"},"primaryImageOfPage":{"@id":"https:\/\/www.nonsolomusicamagazine.it\/?p=10497#primaryimage"},"image":{"@id":"https:\/\/www.nonsolomusicamagazine.it\/?p=10497#primaryimage"},"thumbnailUrl":"https:\/\/www.nonsolomusicamagazine.it\/wp-content\/uploads\/2025\/06\/1000061392.jpg","datePublished":"2025-06-05T15:56:04+00:00","dateModified":"2025-06-05T15:56:05+00:00","author":{"@id":"https:\/\/www.nonsolomusicamagazine.it\/#\/schema\/person\/a3349ad02300d046472d46cf6d31ae46"},"description":"Massimo Cacciari filosofia","breadcrumb":{"@id":"https:\/\/www.nonsolomusicamagazine.it\/?p=10497#breadcrumb"},"inLanguage":"it-IT","potentialAction":[{"@type":"ReadAction","target":["https:\/\/www.nonsolomusicamagazine.it\/?p=10497"]}]},{"@type":"ImageObject","inLanguage":"it-IT","@id":"https:\/\/www.nonsolomusicamagazine.it\/?p=10497#primaryimage","url":"https:\/\/www.nonsolomusicamagazine.it\/wp-content\/uploads\/2025\/06\/1000061392.jpg","contentUrl":"https:\/\/www.nonsolomusicamagazine.it\/wp-content\/uploads\/2025\/06\/1000061392.jpg","width":656,"height":492},{"@type":"BreadcrumbList","@id":"https:\/\/www.nonsolomusicamagazine.it\/?p=10497#breadcrumb","itemListElement":[{"@type":"ListItem","position":1,"name":"Home","item":"https:\/\/www.nonsolomusicamagazine.it\/"},{"@type":"ListItem","position":2,"name":"Massimo Cacciari: Il Filosofo della Crisi e della Complessit\u00e0"}]},{"@type":"WebSite","@id":"https:\/\/www.nonsolomusicamagazine.it\/#website","url":"https:\/\/www.nonsolomusicamagazine.it\/","name":"Nonsolomusicamagazine","description":"Dir. responsabile Manuel M Buccarella","potentialAction":[{"@type":"SearchAction","target":{"@type":"EntryPoint","urlTemplate":"https:\/\/www.nonsolomusicamagazine.it\/?s={search_term_string}"},"query-input":{"@type":"PropertyValueSpecification","valueRequired":true,"valueName":"search_term_string"}}],"inLanguage":"it-IT"},{"@type":"Person","@id":"https:\/\/www.nonsolomusicamagazine.it\/#\/schema\/person\/a3349ad02300d046472d46cf6d31ae46","name":"nonsolomusica","image":{"@type":"ImageObject","inLanguage":"it-IT","@id":"https:\/\/www.nonsolomusicamagazine.it\/wp-content\/litespeed\/avatar\/3a675484bc84db6aba78d43bfc8b7197.jpg?ver=1776880798","url":"https:\/\/www.nonsolomusicamagazine.it\/wp-content\/litespeed\/avatar\/3a675484bc84db6aba78d43bfc8b7197.jpg?ver=1776880798","contentUrl":"https:\/\/www.nonsolomusicamagazine.it\/wp-content\/litespeed\/avatar\/3a675484bc84db6aba78d43bfc8b7197.jpg?ver=1776880798","caption":"nonsolomusica"},"sameAs":["https:\/\/www.nonsolomusicamagazine.it"],"url":"https:\/\/www.nonsolomusicamagazine.it\/?author=1"}]}},"amp_enabled":true,"_links":{"self":[{"href":"https:\/\/www.nonsolomusicamagazine.it\/index.php?rest_route=\/wp\/v2\/posts\/10497","targetHints":{"allow":["GET"]}}],"collection":[{"href":"https:\/\/www.nonsolomusicamagazine.it\/index.php?rest_route=\/wp\/v2\/posts"}],"about":[{"href":"https:\/\/www.nonsolomusicamagazine.it\/index.php?rest_route=\/wp\/v2\/types\/post"}],"author":[{"embeddable":true,"href":"https:\/\/www.nonsolomusicamagazine.it\/index.php?rest_route=\/wp\/v2\/users\/1"}],"replies":[{"embeddable":true,"href":"https:\/\/www.nonsolomusicamagazine.it\/index.php?rest_route=%2Fwp%2Fv2%2Fcomments&post=10497"}],"version-history":[{"count":0,"href":"https:\/\/www.nonsolomusicamagazine.it\/index.php?rest_route=\/wp\/v2\/posts\/10497\/revisions"}],"wp:featuredmedia":[{"embeddable":true,"href":"https:\/\/www.nonsolomusicamagazine.it\/index.php?rest_route=\/wp\/v2\/media\/10498"}],"wp:attachment":[{"href":"https:\/\/www.nonsolomusicamagazine.it\/index.php?rest_route=%2Fwp%2Fv2%2Fmedia&parent=10497"}],"wp:term":[{"taxonomy":"category","embeddable":true,"href":"https:\/\/www.nonsolomusicamagazine.it\/index.php?rest_route=%2Fwp%2Fv2%2Fcategories&post=10497"},{"taxonomy":"post_tag","embeddable":true,"href":"https:\/\/www.nonsolomusicamagazine.it\/index.php?rest_route=%2Fwp%2Fv2%2Ftags&post=10497"}],"curies":[{"name":"wp","href":"https:\/\/api.w.org\/{rel}","templated":true}]}}