{"id":10831,"date":"2025-06-25T18:31:23","date_gmt":"2025-06-25T16:31:23","guid":{"rendered":"https:\/\/www.nonsolomusicamagazine.it\/?p=10831"},"modified":"2025-06-25T18:31:24","modified_gmt":"2025-06-25T16:31:24","slug":"chi-puo-parlare-sul-disseccamento-degli-ulivi-e-la-domanda-drl-comitato-ulivivo","status":"publish","type":"post","link":"https:\/\/www.nonsolomusicamagazine.it\/?p=10831","title":{"rendered":"CHI PUO\u2019 PARLARE SUL DISSECCAMENTO DEGLI ULIVI? \u00c8 LA DOMANDA DRL COMITATO ULIVIVO"},"content":{"rendered":"\n<p>CHI PUO\u2019 PARLARE SUL DISSECCAMENTO DEGLI ULIVI? Se lo chiede, con un tocco di sarcasmo, il Comitato Ulivivo, che da diversi anni si batte per la salvaguardia delle piante di olivo nel Salento, comprese quelle secolari e monumentali. <\/p>\n\n\n\n<p>Da tempo il Comitato cerca di dire la sua sul CoDIRO, il complesso di disseccamento rapido dell&#8217;olivo che non avrebbe quale unica causa la xylella fastidiosa.<\/p>\n\n\n\n<p>Noi di NonSoloMusicaMagazine abbiamo provato in pi\u00f9 circostanze a dare spazio alle diverse posizioni che si contrappongono in merito non solo alle cause del disseccamento degli ulivi salentini, ma anche alle possibili cure.<\/p>\n\n\n\n<p>Per tutti facciamo rimando all&#8217;articolo pubblicato lo scorso 21 giugno, <a href=\"https:\/\/www.nonsolomusicamagazine.it\/?p=10795\">L\u2019affare xylella. Posizioni a confronto<\/a>.<\/p>\n\n\n\n<p>Olivivo, con un ampio comunicato pubblicato sulla sua pagina facebook, rompe nuovamente il muro di un temporaneo silenzio per dire la sua e per contrastare l&#8217;opinione di chi ravvisa nelle posizioni del Comitato approcci &#8220;complottisti&#8221; e\/o &#8220;negazionisti&#8221;.<\/p>\n\n\n\n<p>&#8220;In democrazia, come si suol dire, chiunque abbia una idea, un parere, una opinione, o anche un semplice sfogo da esprimere, dovrebbe essere libero di farlo. Vieppi\u00f9 se il soggetto che condivide il suo pensiero ha qualche competenza o esperienza pratica pi\u00f9 o meno correlata con i fenomeni coinvolti, che potremmo definire a largo raggio \u201cbio-geo-chimica\u201d. E vieppi\u00f9 se il suo contributo aggiunge tessere di conoscenza, o consapevolezza, nel panorama decisamente intricato del fenomeno del CoDIRO, appunto complesso del disseccamento rapido dell\u2019ulivo, come fu correttamente definito, e dell\u2019ancora pi\u00f9 intricata \u201coperazione xylella\u201c.<br>Ma a quanto pare questa banalissima norma di buon senso, prima che di democrazia e pluralit\u00e0 del pensiero, secondo alcuni, media inclusi, non \u00e8 applicabile al caso in esame. Anzi, pare che, maggiore sia la competenza adeguata al caso e pi\u00f9 elevato il credito scientifico maturato secondo le regole del sistema ufficiale di validazione, meno sia il diritto e il titolo a esprimersi.<\/p>\n\n\n\n<p>A parlare, dire la loro, tranciare pareri e sputare soluzioni, pare debbano essere solo e soltanto alcuni soggetti, in nome della SCIENZA!&#8221;<\/p>\n\n\n\n<p>&#8220;Una sorta di \u201czitto tu che non capisci niente\u201d &#8211; continua il comunicato &#8211; pronto a scattare automaticamente all\u2019indirizzo di chiunque dica qualche cosa, basta che sia appena appena difforme da un mantra ben definito. E la cosa buffa \u00e8 che le censure scattano anche nei confronti di alcuni degli stessi soggetti che hanno costruito il mantra, se gli scappa una parolina di meno o di troppo.<\/p>\n\n\n\n<p>Cos\u00ec, un titolato genetista botanico, gi\u00e0 direttore di un istituto CNR, che rileva le cause ambientali e colturali dei disseccamenti e mostra le cure efficaci, diventa uno che \u201cspara cazzate\u201d, perch\u00e9 non \u00e8 un fitopatologo; un&#8217;esperta fitopatologa, va zittita perch\u00e9 \u00e8 \u201cnegazionista\u201d, quando mostra la prevalenza di patologie fungine; un batteriologo vegetale di fama mondiale, diventa uno sciamano o stregone quando pubblica le prove scientifiche dell\u2019efficacia di pratiche di contrasto al disseccamento; un architetto del paesaggio che lavora per un Ministero, merita la gogna per aver rilevato i rinverdimenti anche spontanei di alberi dati per morti, perch\u00e9 non \u00e8 un\u2019agronoma; addirittura un ex direttore generale dell\u2019ARIF, che di ulivi ne ha fatti abbattere a migliaia, perde immediatamente credito quando pubblica, con lo sciamano di prima, l\u2019evidenza della non rilevante pericolosit\u00e0 di Xylella, il presunto batterio killer; altri ricercatori del CNR, che con immagini satellitari o ortofoto, mostrano fenomeni di disseccamento contigui a campi verdissimi, dimostrando l\u2019incidenza di diverse pratiche agricole, vengono zittiti brutalmente, anche da dirigenti dell\u2019Ente; addirittura gli ufficiali di Polizia Giudiziaria, che hanno scoperto e messo nero su bianco \u201cl\u2019operazione Xylella\u201d che l\u2019anima, con nomi e cognomi, avrebbero scritto \u2013 secondo alcuni media &#8211; cose \u201cfantasiose\u201d e \u201callucinanti\u201d. Per non parlare, poi, di tutti quegli agricoltori che, mollata la presa che avevano al collo dall\u2019orda delle eradicazioni, spostatasi pi\u00f9 efficacemente a nord, con la santa pazienza della saggezza contadina hanno riportato a produrre gli alberi \u201cinfetti\u201d: non devono illudersi; secondo l\u2019ortodossia \u00e8 un fenomeno temporaneo, destinato a cedere presto a nuovi disseccamenti (&#8230;)&#8221;<\/p>\n\n\n\n<p>&#8220;Allora, chi avrebbe titolo a parlare, secondo l\u2019ortodossia? Beh, chiunque non metta in dubbio la pericolosit\u00e0 di Xylella, o, se proprio lo deve, non discuta sulla necessit\u00e0 di abbattere ulivi su aree quanto campi sportivi ad ogni minima rilevazione di questo batterio. Non ha importanza a che titolo essi parlino; basta, per esempio, adocchiare un apice ingiallito di un albero da un\u2019auto in corsa sull\u2019autostrada, per sentenziare che \u00e8 sicuramente effetto di Xylella, quindi interessare con gli stermini nuove aree produttive di olio di qualit\u00e0.<\/p>\n\n\n\n<p>Quindi, pu\u00f2 parlare solo chi sposa la tesi che per salvare gli ulivi pugliesi, bisogna prima eradicarli tutti a tappeto, per vendere il legname alle centrali a biomassa, riconvertire terreni all&#8217;agrovoltaico o ripiantare variet\u00e0 brevettate gi\u00e0 pronte in alcuni vivai, se proprio si vuole. E per salvare qualche patriarca monumentale, si azzeri la sua chioma e si innestino germogli di quelle variet\u00e0 brevettate o gi\u00e0 pronte, anche usando il trapano per impiantarle se necessario. Pura scienza!<\/p>\n\n\n\n<p>Insomma, per poter parlare e dettare le strategie, non importa nessun titolo. Basta essere uno di quel gruppo di sterminatori, con o senza laurea o qualifica; gli stessi che compaiono in quell\u2019elenco indicato dai \u201cfantasiosi e allucinanti\u201d (come definiti da alcuni media) Ufficiali della Polizia Giudiziaria della Procura di Bari che hanno accertato \u201cil disegno criminoso\u201d e \u201cil raggiro operato a danno della popolazione pugliese\u201d&#8221;.<\/p>\n\n\n\n<figure class=\"wp-block-image size-full\"><img decoding=\"async\" width=\"417\" height=\"417\" src=\"https:\/\/www.nonsolomusicamagazine.it\/wp-content\/uploads\/2025\/06\/1000065218.jpg\" alt=\"\" class=\"wp-image-10832\" srcset=\"https:\/\/www.nonsolomusicamagazine.it\/wp-content\/uploads\/2025\/06\/1000065218.jpg 417w, https:\/\/www.nonsolomusicamagazine.it\/wp-content\/uploads\/2025\/06\/1000065218-300x300.jpg 300w, https:\/\/www.nonsolomusicamagazine.it\/wp-content\/uploads\/2025\/06\/1000065218-150x150.jpg 150w\" sizes=\"(max-width: 417px) 100vw, 417px\" \/><\/figure>\n","protected":false},"excerpt":{"rendered":"<p>CHI PUO\u2019 PARLARE SUL DISSECCAMENTO DEGLI ULIVI? Se lo chiede, con un tocco di sarcasmo, il Comitato Ulivivo, che da diversi anni si batte per la salvaguardia delle piante di olivo nel Salento, comprese quelle secolari e monumentali. Da tempo il Comitato cerca di dire la sua sul CoDIRO, il complesso di disseccamento rapido dell&#8217;olivo [&hellip;]<\/p>\n","protected":false},"author":1,"featured_media":10832,"comment_status":"open","ping_status":"closed","sticky":false,"template":"","format":"standard","meta":{"footnotes":""},"categories":[283,1005],"tags":[4418,1669,343],"class_list":["post-10831","post","type-post","status-publish","format-standard","has-post-thumbnail","hentry","category-ambiente","category-scienza","tag-olivivo","tag-polemiche","tag-xylella"],"yoast_head":"<!-- This site is optimized with the Yoast SEO plugin v27.5 - https:\/\/yoast.com\/product\/yoast-seo-wordpress\/ -->\n<title>CHI PUO\u2019 PARLARE SUL DISSECCAMENTO DEGLI ULIVI? \u00c8 LA DOMANDA DRL COMITATO ULIVIVO - NonSoloMusicaMagazine<\/title>\n<meta name=\"description\" content=\"CHI PUO\u2019 PARLARE SUL DISSECCAMENTO DEGLI ULIVI? \u00c8 LA DOMANDA DRL COMITATO ULIVIVO\" \/>\n<meta name=\"robots\" content=\"index, follow, max-snippet:-1, max-image-preview:large, max-video-preview:-1\" \/>\n<link rel=\"canonical\" href=\"https:\/\/www.nonsolomusicamagazine.it\/?p=10831\" \/>\n<meta property=\"og:locale\" content=\"it_IT\" \/>\n<meta property=\"og:type\" content=\"article\" \/>\n<meta property=\"og:title\" content=\"CHI PUO\u2019 PARLARE SUL DISSECCAMENTO DEGLI ULIVI? \u00c8 LA DOMANDA DRL COMITATO ULIVIVO - NonSoloMusicaMagazine\" \/>\n<meta property=\"og:description\" content=\"CHI PUO\u2019 PARLARE SUL DISSECCAMENTO DEGLI ULIVI? \u00c8 LA DOMANDA DRL COMITATO ULIVIVO\" \/>\n<meta property=\"og:url\" content=\"https:\/\/www.nonsolomusicamagazine.it\/?p=10831\" \/>\n<meta property=\"og:site_name\" content=\"NonSoloMusicaMagazine\" \/>\n<meta property=\"article:published_time\" content=\"2025-06-25T16:31:23+00:00\" \/>\n<meta property=\"article:modified_time\" content=\"2025-06-25T16:31:24+00:00\" \/>\n<meta property=\"og:image\" content=\"https:\/\/www.nonsolomusicamagazine.it\/wp-content\/uploads\/2025\/06\/1000065218.jpg\" \/>\n\t<meta property=\"og:image:width\" content=\"417\" \/>\n\t<meta property=\"og:image:height\" content=\"417\" \/>\n\t<meta property=\"og:image:type\" content=\"image\/jpeg\" \/>\n<meta name=\"author\" content=\"nonsolomusica\" \/>\n<meta name=\"twitter:card\" content=\"summary_large_image\" \/>\n<meta name=\"twitter:label1\" content=\"Scritto da\" \/>\n\t<meta name=\"twitter:data1\" content=\"nonsolomusica\" \/>\n\t<meta name=\"twitter:label2\" content=\"Tempo di lettura stimato\" \/>\n\t<meta name=\"twitter:data2\" content=\"6 minuti\" \/>\n<script type=\"application\/ld+json\" class=\"yoast-schema-graph\">{\"@context\":\"https:\\\/\\\/schema.org\",\"@graph\":[{\"@type\":\"Article\",\"@id\":\"https:\\\/\\\/www.nonsolomusicamagazine.it\\\/?p=10831#article\",\"isPartOf\":{\"@id\":\"https:\\\/\\\/www.nonsolomusicamagazine.it\\\/?p=10831\"},\"author\":{\"name\":\"nonsolomusica\",\"@id\":\"https:\\\/\\\/www.nonsolomusicamagazine.it\\\/#\\\/schema\\\/person\\\/a3349ad02300d046472d46cf6d31ae46\"},\"headline\":\"CHI PUO\u2019 PARLARE SUL DISSECCAMENTO DEGLI ULIVI? \u00c8 LA DOMANDA DRL COMITATO ULIVIVO\",\"datePublished\":\"2025-06-25T16:31:23+00:00\",\"dateModified\":\"2025-06-25T16:31:24+00:00\",\"mainEntityOfPage\":{\"@id\":\"https:\\\/\\\/www.nonsolomusicamagazine.it\\\/?p=10831\"},\"wordCount\":900,\"commentCount\":0,\"image\":{\"@id\":\"https:\\\/\\\/www.nonsolomusicamagazine.it\\\/?p=10831#primaryimage\"},\"thumbnailUrl\":\"https:\\\/\\\/www.nonsolomusicamagazine.it\\\/wp-content\\\/uploads\\\/2025\\\/06\\\/1000065218.jpg\",\"keywords\":[\"Olivivo\",\"Polemiche\",\"Xylella\"],\"articleSection\":[\"Ambiente\",\"Scienza\"],\"inLanguage\":\"it-IT\",\"potentialAction\":[{\"@type\":\"CommentAction\",\"name\":\"Comment\",\"target\":[\"https:\\\/\\\/www.nonsolomusicamagazine.it\\\/?p=10831#respond\"]}]},{\"@type\":\"WebPage\",\"@id\":\"https:\\\/\\\/www.nonsolomusicamagazine.it\\\/?p=10831\",\"url\":\"https:\\\/\\\/www.nonsolomusicamagazine.it\\\/?p=10831\",\"name\":\"CHI PUO\u2019 PARLARE SUL DISSECCAMENTO DEGLI ULIVI? \u00c8 LA DOMANDA DRL COMITATO ULIVIVO - NonSoloMusicaMagazine\",\"isPartOf\":{\"@id\":\"https:\\\/\\\/www.nonsolomusicamagazine.it\\\/#website\"},\"primaryImageOfPage\":{\"@id\":\"https:\\\/\\\/www.nonsolomusicamagazine.it\\\/?p=10831#primaryimage\"},\"image\":{\"@id\":\"https:\\\/\\\/www.nonsolomusicamagazine.it\\\/?p=10831#primaryimage\"},\"thumbnailUrl\":\"https:\\\/\\\/www.nonsolomusicamagazine.it\\\/wp-content\\\/uploads\\\/2025\\\/06\\\/1000065218.jpg\",\"datePublished\":\"2025-06-25T16:31:23+00:00\",\"dateModified\":\"2025-06-25T16:31:24+00:00\",\"author\":{\"@id\":\"https:\\\/\\\/www.nonsolomusicamagazine.it\\\/#\\\/schema\\\/person\\\/a3349ad02300d046472d46cf6d31ae46\"},\"description\":\"CHI PUO\u2019 PARLARE SUL DISSECCAMENTO DEGLI ULIVI? \u00c8 LA DOMANDA DRL COMITATO ULIVIVO\",\"breadcrumb\":{\"@id\":\"https:\\\/\\\/www.nonsolomusicamagazine.it\\\/?p=10831#breadcrumb\"},\"inLanguage\":\"it-IT\",\"potentialAction\":[{\"@type\":\"ReadAction\",\"target\":[\"https:\\\/\\\/www.nonsolomusicamagazine.it\\\/?p=10831\"]}]},{\"@type\":\"ImageObject\",\"inLanguage\":\"it-IT\",\"@id\":\"https:\\\/\\\/www.nonsolomusicamagazine.it\\\/?p=10831#primaryimage\",\"url\":\"https:\\\/\\\/www.nonsolomusicamagazine.it\\\/wp-content\\\/uploads\\\/2025\\\/06\\\/1000065218.jpg\",\"contentUrl\":\"https:\\\/\\\/www.nonsolomusicamagazine.it\\\/wp-content\\\/uploads\\\/2025\\\/06\\\/1000065218.jpg\",\"width\":417,\"height\":417},{\"@type\":\"BreadcrumbList\",\"@id\":\"https:\\\/\\\/www.nonsolomusicamagazine.it\\\/?p=10831#breadcrumb\",\"itemListElement\":[{\"@type\":\"ListItem\",\"position\":1,\"name\":\"Home\",\"item\":\"https:\\\/\\\/www.nonsolomusicamagazine.it\\\/\"},{\"@type\":\"ListItem\",\"position\":2,\"name\":\"CHI PUO\u2019 PARLARE SUL DISSECCAMENTO DEGLI ULIVI? \u00c8 LA DOMANDA DRL COMITATO ULIVIVO\"}]},{\"@type\":\"WebSite\",\"@id\":\"https:\\\/\\\/www.nonsolomusicamagazine.it\\\/#website\",\"url\":\"https:\\\/\\\/www.nonsolomusicamagazine.it\\\/\",\"name\":\"Nonsolomusicamagazine\",\"description\":\"Dir. responsabile Manuel M Buccarella\",\"potentialAction\":[{\"@type\":\"SearchAction\",\"target\":{\"@type\":\"EntryPoint\",\"urlTemplate\":\"https:\\\/\\\/www.nonsolomusicamagazine.it\\\/?s={search_term_string}\"},\"query-input\":{\"@type\":\"PropertyValueSpecification\",\"valueRequired\":true,\"valueName\":\"search_term_string\"}}],\"inLanguage\":\"it-IT\"},{\"@type\":\"Person\",\"@id\":\"https:\\\/\\\/www.nonsolomusicamagazine.it\\\/#\\\/schema\\\/person\\\/a3349ad02300d046472d46cf6d31ae46\",\"name\":\"nonsolomusica\",\"image\":{\"@type\":\"ImageObject\",\"inLanguage\":\"it-IT\",\"@id\":\"https:\\\/\\\/www.nonsolomusicamagazine.it\\\/wp-content\\\/litespeed\\\/avatar\\\/3a675484bc84db6aba78d43bfc8b7197.jpg?ver=1776880798\",\"url\":\"https:\\\/\\\/www.nonsolomusicamagazine.it\\\/wp-content\\\/litespeed\\\/avatar\\\/3a675484bc84db6aba78d43bfc8b7197.jpg?ver=1776880798\",\"contentUrl\":\"https:\\\/\\\/www.nonsolomusicamagazine.it\\\/wp-content\\\/litespeed\\\/avatar\\\/3a675484bc84db6aba78d43bfc8b7197.jpg?ver=1776880798\",\"caption\":\"nonsolomusica\"},\"sameAs\":[\"https:\\\/\\\/www.nonsolomusicamagazine.it\"],\"url\":\"https:\\\/\\\/www.nonsolomusicamagazine.it\\\/?author=1\"}]}<\/script>\n<!-- \/ Yoast SEO plugin. -->","yoast_head_json":{"title":"CHI PUO\u2019 PARLARE SUL DISSECCAMENTO DEGLI ULIVI? \u00c8 LA DOMANDA DRL COMITATO ULIVIVO - NonSoloMusicaMagazine","description":"CHI PUO\u2019 PARLARE SUL DISSECCAMENTO DEGLI ULIVI? \u00c8 LA DOMANDA DRL COMITATO ULIVIVO","robots":{"index":"index","follow":"follow","max-snippet":"max-snippet:-1","max-image-preview":"max-image-preview:large","max-video-preview":"max-video-preview:-1"},"canonical":"https:\/\/www.nonsolomusicamagazine.it\/?p=10831","og_locale":"it_IT","og_type":"article","og_title":"CHI PUO\u2019 PARLARE SUL DISSECCAMENTO DEGLI ULIVI? \u00c8 LA DOMANDA DRL COMITATO ULIVIVO - NonSoloMusicaMagazine","og_description":"CHI PUO\u2019 PARLARE SUL DISSECCAMENTO DEGLI ULIVI? \u00c8 LA DOMANDA DRL COMITATO ULIVIVO","og_url":"https:\/\/www.nonsolomusicamagazine.it\/?p=10831","og_site_name":"NonSoloMusicaMagazine","article_published_time":"2025-06-25T16:31:23+00:00","article_modified_time":"2025-06-25T16:31:24+00:00","og_image":[{"width":417,"height":417,"url":"https:\/\/www.nonsolomusicamagazine.it\/wp-content\/uploads\/2025\/06\/1000065218.jpg","type":"image\/jpeg"}],"author":"nonsolomusica","twitter_card":"summary_large_image","twitter_misc":{"Scritto da":"nonsolomusica","Tempo di lettura stimato":"6 minuti"},"schema":{"@context":"https:\/\/schema.org","@graph":[{"@type":"Article","@id":"https:\/\/www.nonsolomusicamagazine.it\/?p=10831#article","isPartOf":{"@id":"https:\/\/www.nonsolomusicamagazine.it\/?p=10831"},"author":{"name":"nonsolomusica","@id":"https:\/\/www.nonsolomusicamagazine.it\/#\/schema\/person\/a3349ad02300d046472d46cf6d31ae46"},"headline":"CHI PUO\u2019 PARLARE SUL DISSECCAMENTO DEGLI ULIVI? \u00c8 LA DOMANDA DRL COMITATO ULIVIVO","datePublished":"2025-06-25T16:31:23+00:00","dateModified":"2025-06-25T16:31:24+00:00","mainEntityOfPage":{"@id":"https:\/\/www.nonsolomusicamagazine.it\/?p=10831"},"wordCount":900,"commentCount":0,"image":{"@id":"https:\/\/www.nonsolomusicamagazine.it\/?p=10831#primaryimage"},"thumbnailUrl":"https:\/\/www.nonsolomusicamagazine.it\/wp-content\/uploads\/2025\/06\/1000065218.jpg","keywords":["Olivivo","Polemiche","Xylella"],"articleSection":["Ambiente","Scienza"],"inLanguage":"it-IT","potentialAction":[{"@type":"CommentAction","name":"Comment","target":["https:\/\/www.nonsolomusicamagazine.it\/?p=10831#respond"]}]},{"@type":"WebPage","@id":"https:\/\/www.nonsolomusicamagazine.it\/?p=10831","url":"https:\/\/www.nonsolomusicamagazine.it\/?p=10831","name":"CHI PUO\u2019 PARLARE SUL DISSECCAMENTO DEGLI ULIVI? \u00c8 LA DOMANDA DRL COMITATO ULIVIVO - NonSoloMusicaMagazine","isPartOf":{"@id":"https:\/\/www.nonsolomusicamagazine.it\/#website"},"primaryImageOfPage":{"@id":"https:\/\/www.nonsolomusicamagazine.it\/?p=10831#primaryimage"},"image":{"@id":"https:\/\/www.nonsolomusicamagazine.it\/?p=10831#primaryimage"},"thumbnailUrl":"https:\/\/www.nonsolomusicamagazine.it\/wp-content\/uploads\/2025\/06\/1000065218.jpg","datePublished":"2025-06-25T16:31:23+00:00","dateModified":"2025-06-25T16:31:24+00:00","author":{"@id":"https:\/\/www.nonsolomusicamagazine.it\/#\/schema\/person\/a3349ad02300d046472d46cf6d31ae46"},"description":"CHI PUO\u2019 PARLARE SUL DISSECCAMENTO DEGLI ULIVI? \u00c8 LA DOMANDA DRL COMITATO ULIVIVO","breadcrumb":{"@id":"https:\/\/www.nonsolomusicamagazine.it\/?p=10831#breadcrumb"},"inLanguage":"it-IT","potentialAction":[{"@type":"ReadAction","target":["https:\/\/www.nonsolomusicamagazine.it\/?p=10831"]}]},{"@type":"ImageObject","inLanguage":"it-IT","@id":"https:\/\/www.nonsolomusicamagazine.it\/?p=10831#primaryimage","url":"https:\/\/www.nonsolomusicamagazine.it\/wp-content\/uploads\/2025\/06\/1000065218.jpg","contentUrl":"https:\/\/www.nonsolomusicamagazine.it\/wp-content\/uploads\/2025\/06\/1000065218.jpg","width":417,"height":417},{"@type":"BreadcrumbList","@id":"https:\/\/www.nonsolomusicamagazine.it\/?p=10831#breadcrumb","itemListElement":[{"@type":"ListItem","position":1,"name":"Home","item":"https:\/\/www.nonsolomusicamagazine.it\/"},{"@type":"ListItem","position":2,"name":"CHI PUO\u2019 PARLARE SUL DISSECCAMENTO DEGLI ULIVI? \u00c8 LA DOMANDA DRL COMITATO ULIVIVO"}]},{"@type":"WebSite","@id":"https:\/\/www.nonsolomusicamagazine.it\/#website","url":"https:\/\/www.nonsolomusicamagazine.it\/","name":"Nonsolomusicamagazine","description":"Dir. responsabile Manuel M Buccarella","potentialAction":[{"@type":"SearchAction","target":{"@type":"EntryPoint","urlTemplate":"https:\/\/www.nonsolomusicamagazine.it\/?s={search_term_string}"},"query-input":{"@type":"PropertyValueSpecification","valueRequired":true,"valueName":"search_term_string"}}],"inLanguage":"it-IT"},{"@type":"Person","@id":"https:\/\/www.nonsolomusicamagazine.it\/#\/schema\/person\/a3349ad02300d046472d46cf6d31ae46","name":"nonsolomusica","image":{"@type":"ImageObject","inLanguage":"it-IT","@id":"https:\/\/www.nonsolomusicamagazine.it\/wp-content\/litespeed\/avatar\/3a675484bc84db6aba78d43bfc8b7197.jpg?ver=1776880798","url":"https:\/\/www.nonsolomusicamagazine.it\/wp-content\/litespeed\/avatar\/3a675484bc84db6aba78d43bfc8b7197.jpg?ver=1776880798","contentUrl":"https:\/\/www.nonsolomusicamagazine.it\/wp-content\/litespeed\/avatar\/3a675484bc84db6aba78d43bfc8b7197.jpg?ver=1776880798","caption":"nonsolomusica"},"sameAs":["https:\/\/www.nonsolomusicamagazine.it"],"url":"https:\/\/www.nonsolomusicamagazine.it\/?author=1"}]}},"amp_enabled":true,"_links":{"self":[{"href":"https:\/\/www.nonsolomusicamagazine.it\/index.php?rest_route=\/wp\/v2\/posts\/10831","targetHints":{"allow":["GET"]}}],"collection":[{"href":"https:\/\/www.nonsolomusicamagazine.it\/index.php?rest_route=\/wp\/v2\/posts"}],"about":[{"href":"https:\/\/www.nonsolomusicamagazine.it\/index.php?rest_route=\/wp\/v2\/types\/post"}],"author":[{"embeddable":true,"href":"https:\/\/www.nonsolomusicamagazine.it\/index.php?rest_route=\/wp\/v2\/users\/1"}],"replies":[{"embeddable":true,"href":"https:\/\/www.nonsolomusicamagazine.it\/index.php?rest_route=%2Fwp%2Fv2%2Fcomments&post=10831"}],"version-history":[{"count":0,"href":"https:\/\/www.nonsolomusicamagazine.it\/index.php?rest_route=\/wp\/v2\/posts\/10831\/revisions"}],"wp:featuredmedia":[{"embeddable":true,"href":"https:\/\/www.nonsolomusicamagazine.it\/index.php?rest_route=\/wp\/v2\/media\/10832"}],"wp:attachment":[{"href":"https:\/\/www.nonsolomusicamagazine.it\/index.php?rest_route=%2Fwp%2Fv2%2Fmedia&parent=10831"}],"wp:term":[{"taxonomy":"category","embeddable":true,"href":"https:\/\/www.nonsolomusicamagazine.it\/index.php?rest_route=%2Fwp%2Fv2%2Fcategories&post=10831"},{"taxonomy":"post_tag","embeddable":true,"href":"https:\/\/www.nonsolomusicamagazine.it\/index.php?rest_route=%2Fwp%2Fv2%2Ftags&post=10831"}],"curies":[{"name":"wp","href":"https:\/\/api.w.org\/{rel}","templated":true}]}}