{"id":10860,"date":"2025-06-26T19:08:45","date_gmt":"2025-06-26T17:08:45","guid":{"rendered":"https:\/\/www.nonsolomusicamagazine.it\/?p=10860"},"modified":"2025-06-26T19:38:00","modified_gmt":"2025-06-26T17:38:00","slug":"allaeroporto-di-brescia-e-iniziata-con-grande-successo-del-primo-sciopero-la-campagna-di-usb-contro-il-carico-e-scarico-di-armi","status":"publish","type":"post","link":"https:\/\/www.nonsolomusicamagazine.it\/?p=10860","title":{"rendered":"All&#8217;aeroporto di Brescia \u00e8 iniziata con grande successo del primo sciopero la campagna di USB contro il carico e scarico di armi"},"content":{"rendered":"\n<p>Il volo in partenza dall&#8217;aeroporto di Brescia Montichiari \u00e8 stato cancellato e la partita di missili destinato in medio oriente rimane a terra: inizia con un successo la campagna nazionale di USB contro il carico, scarico e trasporto di armamenti e materiale bellico, decisa e studiata insieme al Centro d&#8217;Iniziativa Giuridica Abd El Salam. Una campagna che vede in via di lancio anche la questione dell&#8217;obiezione di coscienza a sostegno dei lavoratori in sciopero nonch\u00e9 del mondo di ricerca, scuola e universit\u00e0 interessate da rapporti con il sistema militare-industriale.Un presidio di un centinaio di persone, venute da varie parti della Lombardia, ha animato di fronte all&#8217;aeroporto bresciano la conferenza stampa convocata da USB, nella quale si \u00e8 comunicata la revoca dello sciopero indetto la sera prima a fronte della notizia della cancellazione delle operazioni.Un successo che premia lo sforzo dei lavoratori e delle lavoratrici dell&#8217;aeroporto civile di Brescia che erano pronti ad entrare in sciopero, con i delegati che da mesi denunciavano quanto accade nel carico e scarico di materiale bellico. Di ancor maggiore importanza il fatto che questo \u00e8 accadeva mentre a l&#8217;Aja, in Olanda, i capi di stato della Nato davano il via libera all&#8217;aumento inaudito delle spese militari, fino alla cifra incredibile del 5% del PIL.<\/p>\n\n\n\n<p>L&#8217;assunzione di responsabilit\u00e0 collettiva da parte di USB e del corpo dei lavoratori e lavoratrici in questo senso rappresenter\u00e0 uno dei fronti pi\u00f9 caldi di scontro dei prossimi mesi, nei quali non \u00e8 certo difficile prevedere l&#8217;aumento del traffico di armamenti e materiale bellico, della sua progettazione e produzione in Italia e in tutta l&#8217;area del mediterraneo.A questo proposito riteniamo  dicono da USB nazionale &#8211; non sia un caso che la Commissione di Garanzia abbia inviato di prima mattina una nota d&#8217;urgenza alla nostra O\/S, nella quale non si \u00e8 azzardata a comunicare che le operazioni di carico, scarico o trasporto di armi siano un servizio pubblico essenziale, ma che la sua esclusione dai vincoli previsti dalla legge anti-sciopero debbano essere concordati con tutte le parti sociali e la stessa Commissione.<\/p>\n\n\n\n<p>Ovviamente, USB si riserva di rispondere dopo un confronto con il Centro di Iniziativa Giuridica nel merito di una contestazione pretestuosa e fuori luogo; ma fin d&#8217;ora vogliamo ricordare alla Commissione che l&#8217;articolo 1 della  legge 146\/90 individui con chiarezza quali siano i diritti della persona costituzionalmente tutelati, verso i quali occorre contemperare il diritto di sciopero. Tra questi, non c&#8217;\u00e8 e non ci pu\u00f2 essere il diritto di trasportare armi e morte.In ogni caso, sar\u00e0 nostra cura chiedere alle maggiori sigle sindacali del nostro Paese se ritengano che le armi, invece, possano essere considerati un servizio pubblico essenziale da garantire con preavviso, durata e procedure di raffreddamento.<\/p>\n\n\n\n<p>&#8220;La campagna dello sciopero e dell&#8217;obiezione di coscienza si \u00e8 appena avviata.Sappiamo che sar\u00e0 lunga e niente affatto semplice, che la mobilitazione all\u2019Aeroporto di Brescia \u00e8 stato solo un primo passo, per quanto incoraggiante.Ma sappiamo che questa \u00e8 la strada giusta da percorrere: d\u00e0 la dignit\u00e0 al mondo del lavoro di non essere spettatore inerme di fronte allo scenario di guerra in cui ci stanno trascinando i &#8220;grandi&#8221; del nostro pianeta.In Italia, il lavoro ripudia la guerra!&#8221;<\/p>\n\n\n\n<p>fonte: USB nazionale Unione Sindacale di Base.<\/p>\n\n\n\n<figure class=\"wp-block-image size-full\"><img decoding=\"async\" width=\"820\" height=\"615\" src=\"https:\/\/www.nonsolomusicamagazine.it\/wp-content\/uploads\/2025\/06\/1000065413.jpg\" alt=\"\" class=\"wp-image-10861\" srcset=\"https:\/\/www.nonsolomusicamagazine.it\/wp-content\/uploads\/2025\/06\/1000065413.jpg 820w, https:\/\/www.nonsolomusicamagazine.it\/wp-content\/uploads\/2025\/06\/1000065413-300x225.jpg 300w, https:\/\/www.nonsolomusicamagazine.it\/wp-content\/uploads\/2025\/06\/1000065413-768x576.jpg 768w\" sizes=\"(max-width: 820px) 100vw, 820px\" \/><\/figure>\n\n\n\n<p><\/p>\n","protected":false},"excerpt":{"rendered":"<p>Il volo in partenza dall&#8217;aeroporto di Brescia Montichiari \u00e8 stato cancellato e la partita di missili destinato in medio oriente rimane a terra: inizia con un successo la campagna nazionale di USB contro il carico, scarico e trasporto di armamenti e materiale bellico, decisa e studiata insieme al Centro d&#8217;Iniziativa Giuridica Abd El Salam. Una [&hellip;]<\/p>\n","protected":false},"author":1,"featured_media":10861,"comment_status":"open","ping_status":"closed","sticky":false,"template":"","format":"standard","meta":{"footnotes":""},"categories":[991,1432,5],"tags":[155,2866,4042,170,171],"class_list":["post-10860","post","type-post","status-publish","format-standard","has-post-thumbnail","hentry","category-cronaca","category-lavoro","category-politica","tag-armi","tag-blocco","tag-brescia","tag-sciopero","tag-usb"],"yoast_head":"<!-- This site is optimized with the Yoast SEO plugin v27.4 - https:\/\/yoast.com\/product\/yoast-seo-wordpress\/ -->\n<title>All&#039;aeroporto di Brescia \u00e8 iniziata con grande successo del primo sciopero la campagna di USB contro il carico e scarico di armi - NonSoloMusicaMagazine<\/title>\n<meta name=\"description\" content=\"All&#039;aeroporto di Brescia \u00e8 iniziata con grande successo del primo sciopero la campagna di USB contro il carico e scarico di armi\" \/>\n<meta name=\"robots\" content=\"index, follow, max-snippet:-1, max-image-preview:large, max-video-preview:-1\" \/>\n<link rel=\"canonical\" href=\"https:\/\/www.nonsolomusicamagazine.it\/?p=10860\" \/>\n<meta property=\"og:locale\" content=\"it_IT\" \/>\n<meta property=\"og:type\" content=\"article\" \/>\n<meta property=\"og:title\" content=\"All&#039;aeroporto di Brescia \u00e8 iniziata con grande successo del primo sciopero la campagna di USB contro il carico e scarico di armi - NonSoloMusicaMagazine\" \/>\n<meta property=\"og:description\" content=\"All&#039;aeroporto di Brescia \u00e8 iniziata con grande successo del primo sciopero la campagna di USB contro il carico e scarico di armi\" \/>\n<meta property=\"og:url\" content=\"https:\/\/www.nonsolomusicamagazine.it\/?p=10860\" \/>\n<meta property=\"og:site_name\" content=\"NonSoloMusicaMagazine\" \/>\n<meta property=\"article:published_time\" content=\"2025-06-26T17:08:45+00:00\" \/>\n<meta property=\"article:modified_time\" content=\"2025-06-26T17:38:00+00:00\" \/>\n<meta property=\"og:image\" content=\"https:\/\/www.nonsolomusicamagazine.it\/wp-content\/uploads\/2025\/06\/1000065413.jpg\" \/>\n\t<meta property=\"og:image:width\" content=\"820\" \/>\n\t<meta property=\"og:image:height\" content=\"615\" \/>\n\t<meta property=\"og:image:type\" content=\"image\/jpeg\" \/>\n<meta name=\"author\" content=\"nonsolomusica\" \/>\n<meta name=\"twitter:card\" content=\"summary_large_image\" \/>\n<meta name=\"twitter:label1\" content=\"Scritto da\" \/>\n\t<meta name=\"twitter:data1\" content=\"nonsolomusica\" \/>\n\t<meta name=\"twitter:label2\" content=\"Tempo di lettura stimato\" \/>\n\t<meta name=\"twitter:data2\" content=\"4 minuti\" \/>\n<script type=\"application\/ld+json\" class=\"yoast-schema-graph\">{\"@context\":\"https:\\\/\\\/schema.org\",\"@graph\":[{\"@type\":\"Article\",\"@id\":\"https:\\\/\\\/www.nonsolomusicamagazine.it\\\/?p=10860#article\",\"isPartOf\":{\"@id\":\"https:\\\/\\\/www.nonsolomusicamagazine.it\\\/?p=10860\"},\"author\":{\"name\":\"nonsolomusica\",\"@id\":\"https:\\\/\\\/www.nonsolomusicamagazine.it\\\/#\\\/schema\\\/person\\\/a3349ad02300d046472d46cf6d31ae46\"},\"headline\":\"All&#8217;aeroporto di Brescia \u00e8 iniziata con grande successo del primo sciopero la campagna di USB contro il carico e scarico di armi\",\"datePublished\":\"2025-06-26T17:08:45+00:00\",\"dateModified\":\"2025-06-26T17:38:00+00:00\",\"mainEntityOfPage\":{\"@id\":\"https:\\\/\\\/www.nonsolomusicamagazine.it\\\/?p=10860\"},\"wordCount\":566,\"commentCount\":0,\"image\":{\"@id\":\"https:\\\/\\\/www.nonsolomusicamagazine.it\\\/?p=10860#primaryimage\"},\"thumbnailUrl\":\"https:\\\/\\\/www.nonsolomusicamagazine.it\\\/wp-content\\\/uploads\\\/2025\\\/06\\\/1000065413.jpg\",\"keywords\":[\"Armi\",\"Blocco\",\"Brescia\",\"Sciopero\",\"USB\"],\"articleSection\":[\"Cronaca\",\"Lavoro\",\"Politica\"],\"inLanguage\":\"it-IT\",\"potentialAction\":[{\"@type\":\"CommentAction\",\"name\":\"Comment\",\"target\":[\"https:\\\/\\\/www.nonsolomusicamagazine.it\\\/?p=10860#respond\"]}]},{\"@type\":\"WebPage\",\"@id\":\"https:\\\/\\\/www.nonsolomusicamagazine.it\\\/?p=10860\",\"url\":\"https:\\\/\\\/www.nonsolomusicamagazine.it\\\/?p=10860\",\"name\":\"All'aeroporto di Brescia \u00e8 iniziata con grande successo del primo sciopero la campagna di USB contro il carico e scarico di armi - NonSoloMusicaMagazine\",\"isPartOf\":{\"@id\":\"https:\\\/\\\/www.nonsolomusicamagazine.it\\\/#website\"},\"primaryImageOfPage\":{\"@id\":\"https:\\\/\\\/www.nonsolomusicamagazine.it\\\/?p=10860#primaryimage\"},\"image\":{\"@id\":\"https:\\\/\\\/www.nonsolomusicamagazine.it\\\/?p=10860#primaryimage\"},\"thumbnailUrl\":\"https:\\\/\\\/www.nonsolomusicamagazine.it\\\/wp-content\\\/uploads\\\/2025\\\/06\\\/1000065413.jpg\",\"datePublished\":\"2025-06-26T17:08:45+00:00\",\"dateModified\":\"2025-06-26T17:38:00+00:00\",\"author\":{\"@id\":\"https:\\\/\\\/www.nonsolomusicamagazine.it\\\/#\\\/schema\\\/person\\\/a3349ad02300d046472d46cf6d31ae46\"},\"description\":\"All'aeroporto di Brescia \u00e8 iniziata con grande successo del primo sciopero la campagna di USB contro il carico e scarico di armi\",\"breadcrumb\":{\"@id\":\"https:\\\/\\\/www.nonsolomusicamagazine.it\\\/?p=10860#breadcrumb\"},\"inLanguage\":\"it-IT\",\"potentialAction\":[{\"@type\":\"ReadAction\",\"target\":[\"https:\\\/\\\/www.nonsolomusicamagazine.it\\\/?p=10860\"]}]},{\"@type\":\"ImageObject\",\"inLanguage\":\"it-IT\",\"@id\":\"https:\\\/\\\/www.nonsolomusicamagazine.it\\\/?p=10860#primaryimage\",\"url\":\"https:\\\/\\\/www.nonsolomusicamagazine.it\\\/wp-content\\\/uploads\\\/2025\\\/06\\\/1000065413.jpg\",\"contentUrl\":\"https:\\\/\\\/www.nonsolomusicamagazine.it\\\/wp-content\\\/uploads\\\/2025\\\/06\\\/1000065413.jpg\",\"width\":820,\"height\":615},{\"@type\":\"BreadcrumbList\",\"@id\":\"https:\\\/\\\/www.nonsolomusicamagazine.it\\\/?p=10860#breadcrumb\",\"itemListElement\":[{\"@type\":\"ListItem\",\"position\":1,\"name\":\"Home\",\"item\":\"https:\\\/\\\/www.nonsolomusicamagazine.it\\\/\"},{\"@type\":\"ListItem\",\"position\":2,\"name\":\"All&#8217;aeroporto di Brescia \u00e8 iniziata con grande successo del primo sciopero la campagna di USB contro il carico e scarico di armi\"}]},{\"@type\":\"WebSite\",\"@id\":\"https:\\\/\\\/www.nonsolomusicamagazine.it\\\/#website\",\"url\":\"https:\\\/\\\/www.nonsolomusicamagazine.it\\\/\",\"name\":\"Nonsolomusicamagazine\",\"description\":\"Dir. responsabile Manuel M Buccarella\",\"potentialAction\":[{\"@type\":\"SearchAction\",\"target\":{\"@type\":\"EntryPoint\",\"urlTemplate\":\"https:\\\/\\\/www.nonsolomusicamagazine.it\\\/?s={search_term_string}\"},\"query-input\":{\"@type\":\"PropertyValueSpecification\",\"valueRequired\":true,\"valueName\":\"search_term_string\"}}],\"inLanguage\":\"it-IT\"},{\"@type\":\"Person\",\"@id\":\"https:\\\/\\\/www.nonsolomusicamagazine.it\\\/#\\\/schema\\\/person\\\/a3349ad02300d046472d46cf6d31ae46\",\"name\":\"nonsolomusica\",\"image\":{\"@type\":\"ImageObject\",\"inLanguage\":\"it-IT\",\"@id\":\"https:\\\/\\\/www.nonsolomusicamagazine.it\\\/wp-content\\\/litespeed\\\/avatar\\\/3a675484bc84db6aba78d43bfc8b7197.jpg?ver=1776880798\",\"url\":\"https:\\\/\\\/www.nonsolomusicamagazine.it\\\/wp-content\\\/litespeed\\\/avatar\\\/3a675484bc84db6aba78d43bfc8b7197.jpg?ver=1776880798\",\"contentUrl\":\"https:\\\/\\\/www.nonsolomusicamagazine.it\\\/wp-content\\\/litespeed\\\/avatar\\\/3a675484bc84db6aba78d43bfc8b7197.jpg?ver=1776880798\",\"caption\":\"nonsolomusica\"},\"sameAs\":[\"https:\\\/\\\/www.nonsolomusicamagazine.it\"],\"url\":\"https:\\\/\\\/www.nonsolomusicamagazine.it\\\/?author=1\"}]}<\/script>\n<!-- \/ Yoast SEO plugin. -->","yoast_head_json":{"title":"All'aeroporto di Brescia \u00e8 iniziata con grande successo del primo sciopero la campagna di USB contro il carico e scarico di armi - NonSoloMusicaMagazine","description":"All'aeroporto di Brescia \u00e8 iniziata con grande successo del primo sciopero la campagna di USB contro il carico e scarico di armi","robots":{"index":"index","follow":"follow","max-snippet":"max-snippet:-1","max-image-preview":"max-image-preview:large","max-video-preview":"max-video-preview:-1"},"canonical":"https:\/\/www.nonsolomusicamagazine.it\/?p=10860","og_locale":"it_IT","og_type":"article","og_title":"All'aeroporto di Brescia \u00e8 iniziata con grande successo del primo sciopero la campagna di USB contro il carico e scarico di armi - NonSoloMusicaMagazine","og_description":"All'aeroporto di Brescia \u00e8 iniziata con grande successo del primo sciopero la campagna di USB contro il carico e scarico di armi","og_url":"https:\/\/www.nonsolomusicamagazine.it\/?p=10860","og_site_name":"NonSoloMusicaMagazine","article_published_time":"2025-06-26T17:08:45+00:00","article_modified_time":"2025-06-26T17:38:00+00:00","og_image":[{"width":820,"height":615,"url":"https:\/\/www.nonsolomusicamagazine.it\/wp-content\/uploads\/2025\/06\/1000065413.jpg","type":"image\/jpeg"}],"author":"nonsolomusica","twitter_card":"summary_large_image","twitter_misc":{"Scritto da":"nonsolomusica","Tempo di lettura stimato":"4 minuti"},"schema":{"@context":"https:\/\/schema.org","@graph":[{"@type":"Article","@id":"https:\/\/www.nonsolomusicamagazine.it\/?p=10860#article","isPartOf":{"@id":"https:\/\/www.nonsolomusicamagazine.it\/?p=10860"},"author":{"name":"nonsolomusica","@id":"https:\/\/www.nonsolomusicamagazine.it\/#\/schema\/person\/a3349ad02300d046472d46cf6d31ae46"},"headline":"All&#8217;aeroporto di Brescia \u00e8 iniziata con grande successo del primo sciopero la campagna di USB contro il carico e scarico di armi","datePublished":"2025-06-26T17:08:45+00:00","dateModified":"2025-06-26T17:38:00+00:00","mainEntityOfPage":{"@id":"https:\/\/www.nonsolomusicamagazine.it\/?p=10860"},"wordCount":566,"commentCount":0,"image":{"@id":"https:\/\/www.nonsolomusicamagazine.it\/?p=10860#primaryimage"},"thumbnailUrl":"https:\/\/www.nonsolomusicamagazine.it\/wp-content\/uploads\/2025\/06\/1000065413.jpg","keywords":["Armi","Blocco","Brescia","Sciopero","USB"],"articleSection":["Cronaca","Lavoro","Politica"],"inLanguage":"it-IT","potentialAction":[{"@type":"CommentAction","name":"Comment","target":["https:\/\/www.nonsolomusicamagazine.it\/?p=10860#respond"]}]},{"@type":"WebPage","@id":"https:\/\/www.nonsolomusicamagazine.it\/?p=10860","url":"https:\/\/www.nonsolomusicamagazine.it\/?p=10860","name":"All'aeroporto di Brescia \u00e8 iniziata con grande successo del primo sciopero la campagna di USB contro il carico e scarico di armi - NonSoloMusicaMagazine","isPartOf":{"@id":"https:\/\/www.nonsolomusicamagazine.it\/#website"},"primaryImageOfPage":{"@id":"https:\/\/www.nonsolomusicamagazine.it\/?p=10860#primaryimage"},"image":{"@id":"https:\/\/www.nonsolomusicamagazine.it\/?p=10860#primaryimage"},"thumbnailUrl":"https:\/\/www.nonsolomusicamagazine.it\/wp-content\/uploads\/2025\/06\/1000065413.jpg","datePublished":"2025-06-26T17:08:45+00:00","dateModified":"2025-06-26T17:38:00+00:00","author":{"@id":"https:\/\/www.nonsolomusicamagazine.it\/#\/schema\/person\/a3349ad02300d046472d46cf6d31ae46"},"description":"All'aeroporto di Brescia \u00e8 iniziata con grande successo del primo sciopero la campagna di USB contro il carico e scarico di armi","breadcrumb":{"@id":"https:\/\/www.nonsolomusicamagazine.it\/?p=10860#breadcrumb"},"inLanguage":"it-IT","potentialAction":[{"@type":"ReadAction","target":["https:\/\/www.nonsolomusicamagazine.it\/?p=10860"]}]},{"@type":"ImageObject","inLanguage":"it-IT","@id":"https:\/\/www.nonsolomusicamagazine.it\/?p=10860#primaryimage","url":"https:\/\/www.nonsolomusicamagazine.it\/wp-content\/uploads\/2025\/06\/1000065413.jpg","contentUrl":"https:\/\/www.nonsolomusicamagazine.it\/wp-content\/uploads\/2025\/06\/1000065413.jpg","width":820,"height":615},{"@type":"BreadcrumbList","@id":"https:\/\/www.nonsolomusicamagazine.it\/?p=10860#breadcrumb","itemListElement":[{"@type":"ListItem","position":1,"name":"Home","item":"https:\/\/www.nonsolomusicamagazine.it\/"},{"@type":"ListItem","position":2,"name":"All&#8217;aeroporto di Brescia \u00e8 iniziata con grande successo del primo sciopero la campagna di USB contro il carico e scarico di armi"}]},{"@type":"WebSite","@id":"https:\/\/www.nonsolomusicamagazine.it\/#website","url":"https:\/\/www.nonsolomusicamagazine.it\/","name":"Nonsolomusicamagazine","description":"Dir. responsabile Manuel M Buccarella","potentialAction":[{"@type":"SearchAction","target":{"@type":"EntryPoint","urlTemplate":"https:\/\/www.nonsolomusicamagazine.it\/?s={search_term_string}"},"query-input":{"@type":"PropertyValueSpecification","valueRequired":true,"valueName":"search_term_string"}}],"inLanguage":"it-IT"},{"@type":"Person","@id":"https:\/\/www.nonsolomusicamagazine.it\/#\/schema\/person\/a3349ad02300d046472d46cf6d31ae46","name":"nonsolomusica","image":{"@type":"ImageObject","inLanguage":"it-IT","@id":"https:\/\/www.nonsolomusicamagazine.it\/wp-content\/litespeed\/avatar\/3a675484bc84db6aba78d43bfc8b7197.jpg?ver=1776880798","url":"https:\/\/www.nonsolomusicamagazine.it\/wp-content\/litespeed\/avatar\/3a675484bc84db6aba78d43bfc8b7197.jpg?ver=1776880798","contentUrl":"https:\/\/www.nonsolomusicamagazine.it\/wp-content\/litespeed\/avatar\/3a675484bc84db6aba78d43bfc8b7197.jpg?ver=1776880798","caption":"nonsolomusica"},"sameAs":["https:\/\/www.nonsolomusicamagazine.it"],"url":"https:\/\/www.nonsolomusicamagazine.it\/?author=1"}]}},"amp_enabled":true,"_links":{"self":[{"href":"https:\/\/www.nonsolomusicamagazine.it\/index.php?rest_route=\/wp\/v2\/posts\/10860","targetHints":{"allow":["GET"]}}],"collection":[{"href":"https:\/\/www.nonsolomusicamagazine.it\/index.php?rest_route=\/wp\/v2\/posts"}],"about":[{"href":"https:\/\/www.nonsolomusicamagazine.it\/index.php?rest_route=\/wp\/v2\/types\/post"}],"author":[{"embeddable":true,"href":"https:\/\/www.nonsolomusicamagazine.it\/index.php?rest_route=\/wp\/v2\/users\/1"}],"replies":[{"embeddable":true,"href":"https:\/\/www.nonsolomusicamagazine.it\/index.php?rest_route=%2Fwp%2Fv2%2Fcomments&post=10860"}],"version-history":[{"count":0,"href":"https:\/\/www.nonsolomusicamagazine.it\/index.php?rest_route=\/wp\/v2\/posts\/10860\/revisions"}],"wp:featuredmedia":[{"embeddable":true,"href":"https:\/\/www.nonsolomusicamagazine.it\/index.php?rest_route=\/wp\/v2\/media\/10861"}],"wp:attachment":[{"href":"https:\/\/www.nonsolomusicamagazine.it\/index.php?rest_route=%2Fwp%2Fv2%2Fmedia&parent=10860"}],"wp:term":[{"taxonomy":"category","embeddable":true,"href":"https:\/\/www.nonsolomusicamagazine.it\/index.php?rest_route=%2Fwp%2Fv2%2Fcategories&post=10860"},{"taxonomy":"post_tag","embeddable":true,"href":"https:\/\/www.nonsolomusicamagazine.it\/index.php?rest_route=%2Fwp%2Fv2%2Ftags&post=10860"}],"curies":[{"name":"wp","href":"https:\/\/api.w.org\/{rel}","templated":true}]}}