{"id":10863,"date":"2025-06-26T19:29:59","date_gmt":"2025-06-26T17:29:59","guid":{"rendered":"https:\/\/www.nonsolomusicamagazine.it\/?p=10863"},"modified":"2025-06-26T19:30:00","modified_gmt":"2025-06-26T17:30:00","slug":"il-premier-spagnolo-sanchez-al-consiglio-europeo-sospendere-immediatamente-laccordo-di-associazione-con-israele","status":"publish","type":"post","link":"https:\/\/www.nonsolomusicamagazine.it\/?p=10863","title":{"rendered":"Il premier spagnolo S\u00e1nchez al Consiglio europeo: &#8220;sospendere immediatamente l\u2019accordo di associazione con Israele&#8221;."},"content":{"rendered":"\n<p class=\"has-text-align-center\"><em>ma.bu.<\/em><\/p>\n\n\n\n<p>Il premier spagnolo Pedro S\u00e1nchez, dopo aver comunicato al vertice Nato dell&#8217;Aja che il suo Paese non avrebbe rispettato il tetto del 5% del PIL da destinare alla difesa, ma che sarebbero rimasti al 2,1% (anche se l&#8217;accordo finale \u00e8 stato firmato pure dagli spagnoli), ha annunciato la richiesta al Consiglio europeo di sospendere immediatamente l\u2019accordo di associazione con Israele.<\/p>\n\n\n\n<p>\u201cA Gaza c&#8217;\u00e8 una situazione catastrofica di genocidio &#8211; ha detto &#8211; appoggiamo la richiesta dell&#8217;Onu di accesso agli aiuti, di cessate il fuoco e andare avanti verso la soluzione dei due stati. \u00c8 evidente che Israele sta violando l\u2019articolo 2 dell\u2019accordo di associazione con l\u2019Ue sul rispetto dei diritti umani. L\u2019Europa deve sospendere l\u2019accordo di associazione immediatamente.Abbiamo 18 pacchetti di sanzioni alla Russia per l\u2019aggressione all\u2019Ucraina e, con un doppio standard, l\u2019Europa non riesce a sospendere un accordo quando si violano i rapporti umani.\u201d<\/p>\n\n\n\n<p>Tuttavia, sempre con riguardo alle spese militari, c&#8217;\u00e8 qualcuno, che evidentemente conosce meglio di noi le questioni spagnole, non fosse altro che vive a Lisbona da anni e che ha contatti con l&#8217;altro Paese iberico. Stiamo parlando del giornalista italiano, leccese, Marcello Sacco.<\/p>\n\n\n\n<p>Sacco riferisce, sulla sua pagina Facebook, che Pedro S\u00e1nchez avrebbe detto no al 5% in spese militari perch\u00e9 ha bisogno dei voti dell\u2019estrema sinistra per non cadere. &#8220;Altri leader europei pi\u00f9 solidi di lui &#8211; scrive Marcello Sacco &#8211; hanno accettato, s\u00ec, ma al 5% non ci arriveranno comunque, tutt\u2019al pi\u00f9 lo toccano facendo un megabonus facciate esclusivo per caserme e gendarmerie. S\u00e1nchez invece ha bisogno anche dei voti degli indipendentisti, quindi quello che risparmia sulle caserme lo spender\u00e0 in sgravi fiscali regionali per i popoli iberici schiacciati dal tallone di gomma di Madrid, che a Lisbona hanno (per esempio) l\u2019Istituto della giovent\u00f9 di Galizia, palazzone moresco famoso per i corsi di\u2026 sevillanas&#8221; (<em>musica e danze popolari originarie di Siviglia ndr<\/em>)<\/p>\n\n\n\n<figure class=\"wp-block-image size-full\"><img decoding=\"async\" width=\"412\" height=\"232\" src=\"https:\/\/www.nonsolomusicamagazine.it\/wp-content\/uploads\/2025\/06\/1000065418.jpg\" alt=\"\" class=\"wp-image-10864\" srcset=\"https:\/\/www.nonsolomusicamagazine.it\/wp-content\/uploads\/2025\/06\/1000065418.jpg 412w, https:\/\/www.nonsolomusicamagazine.it\/wp-content\/uploads\/2025\/06\/1000065418-300x169.jpg 300w\" sizes=\"(max-width: 412px) 100vw, 412px\" \/><figcaption class=\"wp-element-caption\">(Nella foto, S\u00e1nchez visita le truppe spagnole in Mali)<\/figcaption><\/figure>\n","protected":false},"excerpt":{"rendered":"<p>ma.bu. Il premier spagnolo Pedro S\u00e1nchez, dopo aver comunicato al vertice Nato dell&#8217;Aja che il suo Paese non avrebbe rispettato il tetto del 5% del PIL da destinare alla difesa, ma che sarebbero rimasti al 2,1% (anche se l&#8217;accordo finale \u00e8 stato firmato pure dagli spagnoli), ha annunciato la richiesta al Consiglio europeo di sospendere [&hellip;]<\/p>\n","protected":false},"author":1,"featured_media":10864,"comment_status":"open","ping_status":"closed","sticky":false,"template":"","format":"standard","meta":{"footnotes":""},"categories":[6,5],"tags":[1352,4442,3297,942,953],"class_list":["post-10863","post","type-post","status-publish","format-standard","has-post-thumbnail","hentry","category-esteri","category-politica","tag-consiglio-europeo","tag-partenariato","tag-sanchez","tag-sospensione","tag-spagna"],"yoast_head":"<!-- This site is optimized with the Yoast SEO plugin v27.5 - https:\/\/yoast.com\/product\/yoast-seo-wordpress\/ -->\n<title>Il premier spagnolo S\u00e1nchez al Consiglio europeo: &quot;sospendere immediatamente l\u2019accordo di associazione con Israele&quot;. - NonSoloMusicaMagazine<\/title>\n<meta name=\"description\" content=\"Il premier spagnolo S\u00e1nchez al Consiglio europeo: &quot;sospendere immediatamente l\u2019accordo di associazione con Israele\" \/>\n<meta name=\"robots\" content=\"index, follow, max-snippet:-1, max-image-preview:large, max-video-preview:-1\" \/>\n<link rel=\"canonical\" href=\"https:\/\/www.nonsolomusicamagazine.it\/?p=10863\" \/>\n<meta property=\"og:locale\" content=\"it_IT\" \/>\n<meta property=\"og:type\" content=\"article\" \/>\n<meta property=\"og:title\" content=\"Il premier spagnolo S\u00e1nchez al Consiglio europeo: &quot;sospendere immediatamente l\u2019accordo di associazione con Israele&quot;. - NonSoloMusicaMagazine\" \/>\n<meta property=\"og:description\" content=\"Il premier spagnolo S\u00e1nchez al Consiglio europeo: &quot;sospendere immediatamente l\u2019accordo di associazione con Israele\" \/>\n<meta property=\"og:url\" content=\"https:\/\/www.nonsolomusicamagazine.it\/?p=10863\" \/>\n<meta property=\"og:site_name\" content=\"NonSoloMusicaMagazine\" \/>\n<meta property=\"article:published_time\" content=\"2025-06-26T17:29:59+00:00\" \/>\n<meta property=\"article:modified_time\" content=\"2025-06-26T17:30:00+00:00\" \/>\n<meta property=\"og:image\" content=\"https:\/\/www.nonsolomusicamagazine.it\/wp-content\/uploads\/2025\/06\/1000065418.jpg\" \/>\n\t<meta property=\"og:image:width\" content=\"412\" \/>\n\t<meta property=\"og:image:height\" content=\"232\" \/>\n\t<meta property=\"og:image:type\" content=\"image\/jpeg\" \/>\n<meta name=\"author\" content=\"nonsolomusica\" \/>\n<meta name=\"twitter:card\" content=\"summary_large_image\" \/>\n<meta name=\"twitter:label1\" content=\"Scritto da\" \/>\n\t<meta name=\"twitter:data1\" content=\"nonsolomusica\" \/>\n\t<meta name=\"twitter:label2\" content=\"Tempo di lettura stimato\" \/>\n\t<meta name=\"twitter:data2\" content=\"3 minuti\" \/>\n<script type=\"application\/ld+json\" class=\"yoast-schema-graph\">{\"@context\":\"https:\\\/\\\/schema.org\",\"@graph\":[{\"@type\":\"Article\",\"@id\":\"https:\\\/\\\/www.nonsolomusicamagazine.it\\\/?p=10863#article\",\"isPartOf\":{\"@id\":\"https:\\\/\\\/www.nonsolomusicamagazine.it\\\/?p=10863\"},\"author\":{\"name\":\"nonsolomusica\",\"@id\":\"https:\\\/\\\/www.nonsolomusicamagazine.it\\\/#\\\/schema\\\/person\\\/a3349ad02300d046472d46cf6d31ae46\"},\"headline\":\"Il premier spagnolo S\u00e1nchez al Consiglio europeo: &#8220;sospendere immediatamente l\u2019accordo di associazione con Israele&#8221;.\",\"datePublished\":\"2025-06-26T17:29:59+00:00\",\"dateModified\":\"2025-06-26T17:30:00+00:00\",\"mainEntityOfPage\":{\"@id\":\"https:\\\/\\\/www.nonsolomusicamagazine.it\\\/?p=10863\"},\"wordCount\":349,\"commentCount\":0,\"image\":{\"@id\":\"https:\\\/\\\/www.nonsolomusicamagazine.it\\\/?p=10863#primaryimage\"},\"thumbnailUrl\":\"https:\\\/\\\/www.nonsolomusicamagazine.it\\\/wp-content\\\/uploads\\\/2025\\\/06\\\/1000065418.jpg\",\"keywords\":[\"Consiglio Europeo\",\"Partenariato\",\"Sanchez\",\"Sospensione\",\"Spagna\"],\"articleSection\":[\"Esteri\",\"Politica\"],\"inLanguage\":\"it-IT\",\"potentialAction\":[{\"@type\":\"CommentAction\",\"name\":\"Comment\",\"target\":[\"https:\\\/\\\/www.nonsolomusicamagazine.it\\\/?p=10863#respond\"]}]},{\"@type\":\"WebPage\",\"@id\":\"https:\\\/\\\/www.nonsolomusicamagazine.it\\\/?p=10863\",\"url\":\"https:\\\/\\\/www.nonsolomusicamagazine.it\\\/?p=10863\",\"name\":\"Il premier spagnolo S\u00e1nchez al Consiglio europeo: \\\"sospendere immediatamente l\u2019accordo di associazione con Israele\\\". - NonSoloMusicaMagazine\",\"isPartOf\":{\"@id\":\"https:\\\/\\\/www.nonsolomusicamagazine.it\\\/#website\"},\"primaryImageOfPage\":{\"@id\":\"https:\\\/\\\/www.nonsolomusicamagazine.it\\\/?p=10863#primaryimage\"},\"image\":{\"@id\":\"https:\\\/\\\/www.nonsolomusicamagazine.it\\\/?p=10863#primaryimage\"},\"thumbnailUrl\":\"https:\\\/\\\/www.nonsolomusicamagazine.it\\\/wp-content\\\/uploads\\\/2025\\\/06\\\/1000065418.jpg\",\"datePublished\":\"2025-06-26T17:29:59+00:00\",\"dateModified\":\"2025-06-26T17:30:00+00:00\",\"author\":{\"@id\":\"https:\\\/\\\/www.nonsolomusicamagazine.it\\\/#\\\/schema\\\/person\\\/a3349ad02300d046472d46cf6d31ae46\"},\"description\":\"Il premier spagnolo S\u00e1nchez al Consiglio europeo: \\\"sospendere immediatamente l\u2019accordo di associazione con Israele\",\"breadcrumb\":{\"@id\":\"https:\\\/\\\/www.nonsolomusicamagazine.it\\\/?p=10863#breadcrumb\"},\"inLanguage\":\"it-IT\",\"potentialAction\":[{\"@type\":\"ReadAction\",\"target\":[\"https:\\\/\\\/www.nonsolomusicamagazine.it\\\/?p=10863\"]}]},{\"@type\":\"ImageObject\",\"inLanguage\":\"it-IT\",\"@id\":\"https:\\\/\\\/www.nonsolomusicamagazine.it\\\/?p=10863#primaryimage\",\"url\":\"https:\\\/\\\/www.nonsolomusicamagazine.it\\\/wp-content\\\/uploads\\\/2025\\\/06\\\/1000065418.jpg\",\"contentUrl\":\"https:\\\/\\\/www.nonsolomusicamagazine.it\\\/wp-content\\\/uploads\\\/2025\\\/06\\\/1000065418.jpg\",\"width\":412,\"height\":232},{\"@type\":\"BreadcrumbList\",\"@id\":\"https:\\\/\\\/www.nonsolomusicamagazine.it\\\/?p=10863#breadcrumb\",\"itemListElement\":[{\"@type\":\"ListItem\",\"position\":1,\"name\":\"Home\",\"item\":\"https:\\\/\\\/www.nonsolomusicamagazine.it\\\/\"},{\"@type\":\"ListItem\",\"position\":2,\"name\":\"Il premier spagnolo S\u00e1nchez al Consiglio europeo: &#8220;sospendere immediatamente l\u2019accordo di associazione con Israele&#8221;.\"}]},{\"@type\":\"WebSite\",\"@id\":\"https:\\\/\\\/www.nonsolomusicamagazine.it\\\/#website\",\"url\":\"https:\\\/\\\/www.nonsolomusicamagazine.it\\\/\",\"name\":\"Nonsolomusicamagazine\",\"description\":\"Dir. responsabile Manuel M Buccarella\",\"potentialAction\":[{\"@type\":\"SearchAction\",\"target\":{\"@type\":\"EntryPoint\",\"urlTemplate\":\"https:\\\/\\\/www.nonsolomusicamagazine.it\\\/?s={search_term_string}\"},\"query-input\":{\"@type\":\"PropertyValueSpecification\",\"valueRequired\":true,\"valueName\":\"search_term_string\"}}],\"inLanguage\":\"it-IT\"},{\"@type\":\"Person\",\"@id\":\"https:\\\/\\\/www.nonsolomusicamagazine.it\\\/#\\\/schema\\\/person\\\/a3349ad02300d046472d46cf6d31ae46\",\"name\":\"nonsolomusica\",\"image\":{\"@type\":\"ImageObject\",\"inLanguage\":\"it-IT\",\"@id\":\"https:\\\/\\\/www.nonsolomusicamagazine.it\\\/wp-content\\\/litespeed\\\/avatar\\\/3a675484bc84db6aba78d43bfc8b7197.jpg?ver=1776880798\",\"url\":\"https:\\\/\\\/www.nonsolomusicamagazine.it\\\/wp-content\\\/litespeed\\\/avatar\\\/3a675484bc84db6aba78d43bfc8b7197.jpg?ver=1776880798\",\"contentUrl\":\"https:\\\/\\\/www.nonsolomusicamagazine.it\\\/wp-content\\\/litespeed\\\/avatar\\\/3a675484bc84db6aba78d43bfc8b7197.jpg?ver=1776880798\",\"caption\":\"nonsolomusica\"},\"sameAs\":[\"https:\\\/\\\/www.nonsolomusicamagazine.it\"],\"url\":\"https:\\\/\\\/www.nonsolomusicamagazine.it\\\/?author=1\"}]}<\/script>\n<!-- \/ Yoast SEO plugin. -->","yoast_head_json":{"title":"Il premier spagnolo S\u00e1nchez al Consiglio europeo: \"sospendere immediatamente l\u2019accordo di associazione con Israele\". - NonSoloMusicaMagazine","description":"Il premier spagnolo S\u00e1nchez al Consiglio europeo: \"sospendere immediatamente l\u2019accordo di associazione con Israele","robots":{"index":"index","follow":"follow","max-snippet":"max-snippet:-1","max-image-preview":"max-image-preview:large","max-video-preview":"max-video-preview:-1"},"canonical":"https:\/\/www.nonsolomusicamagazine.it\/?p=10863","og_locale":"it_IT","og_type":"article","og_title":"Il premier spagnolo S\u00e1nchez al Consiglio europeo: \"sospendere immediatamente l\u2019accordo di associazione con Israele\". - NonSoloMusicaMagazine","og_description":"Il premier spagnolo S\u00e1nchez al Consiglio europeo: \"sospendere immediatamente l\u2019accordo di associazione con Israele","og_url":"https:\/\/www.nonsolomusicamagazine.it\/?p=10863","og_site_name":"NonSoloMusicaMagazine","article_published_time":"2025-06-26T17:29:59+00:00","article_modified_time":"2025-06-26T17:30:00+00:00","og_image":[{"width":412,"height":232,"url":"https:\/\/www.nonsolomusicamagazine.it\/wp-content\/uploads\/2025\/06\/1000065418.jpg","type":"image\/jpeg"}],"author":"nonsolomusica","twitter_card":"summary_large_image","twitter_misc":{"Scritto da":"nonsolomusica","Tempo di lettura stimato":"3 minuti"},"schema":{"@context":"https:\/\/schema.org","@graph":[{"@type":"Article","@id":"https:\/\/www.nonsolomusicamagazine.it\/?p=10863#article","isPartOf":{"@id":"https:\/\/www.nonsolomusicamagazine.it\/?p=10863"},"author":{"name":"nonsolomusica","@id":"https:\/\/www.nonsolomusicamagazine.it\/#\/schema\/person\/a3349ad02300d046472d46cf6d31ae46"},"headline":"Il premier spagnolo S\u00e1nchez al Consiglio europeo: &#8220;sospendere immediatamente l\u2019accordo di associazione con Israele&#8221;.","datePublished":"2025-06-26T17:29:59+00:00","dateModified":"2025-06-26T17:30:00+00:00","mainEntityOfPage":{"@id":"https:\/\/www.nonsolomusicamagazine.it\/?p=10863"},"wordCount":349,"commentCount":0,"image":{"@id":"https:\/\/www.nonsolomusicamagazine.it\/?p=10863#primaryimage"},"thumbnailUrl":"https:\/\/www.nonsolomusicamagazine.it\/wp-content\/uploads\/2025\/06\/1000065418.jpg","keywords":["Consiglio Europeo","Partenariato","Sanchez","Sospensione","Spagna"],"articleSection":["Esteri","Politica"],"inLanguage":"it-IT","potentialAction":[{"@type":"CommentAction","name":"Comment","target":["https:\/\/www.nonsolomusicamagazine.it\/?p=10863#respond"]}]},{"@type":"WebPage","@id":"https:\/\/www.nonsolomusicamagazine.it\/?p=10863","url":"https:\/\/www.nonsolomusicamagazine.it\/?p=10863","name":"Il premier spagnolo S\u00e1nchez al Consiglio europeo: \"sospendere immediatamente l\u2019accordo di associazione con Israele\". - NonSoloMusicaMagazine","isPartOf":{"@id":"https:\/\/www.nonsolomusicamagazine.it\/#website"},"primaryImageOfPage":{"@id":"https:\/\/www.nonsolomusicamagazine.it\/?p=10863#primaryimage"},"image":{"@id":"https:\/\/www.nonsolomusicamagazine.it\/?p=10863#primaryimage"},"thumbnailUrl":"https:\/\/www.nonsolomusicamagazine.it\/wp-content\/uploads\/2025\/06\/1000065418.jpg","datePublished":"2025-06-26T17:29:59+00:00","dateModified":"2025-06-26T17:30:00+00:00","author":{"@id":"https:\/\/www.nonsolomusicamagazine.it\/#\/schema\/person\/a3349ad02300d046472d46cf6d31ae46"},"description":"Il premier spagnolo S\u00e1nchez al Consiglio europeo: \"sospendere immediatamente l\u2019accordo di associazione con Israele","breadcrumb":{"@id":"https:\/\/www.nonsolomusicamagazine.it\/?p=10863#breadcrumb"},"inLanguage":"it-IT","potentialAction":[{"@type":"ReadAction","target":["https:\/\/www.nonsolomusicamagazine.it\/?p=10863"]}]},{"@type":"ImageObject","inLanguage":"it-IT","@id":"https:\/\/www.nonsolomusicamagazine.it\/?p=10863#primaryimage","url":"https:\/\/www.nonsolomusicamagazine.it\/wp-content\/uploads\/2025\/06\/1000065418.jpg","contentUrl":"https:\/\/www.nonsolomusicamagazine.it\/wp-content\/uploads\/2025\/06\/1000065418.jpg","width":412,"height":232},{"@type":"BreadcrumbList","@id":"https:\/\/www.nonsolomusicamagazine.it\/?p=10863#breadcrumb","itemListElement":[{"@type":"ListItem","position":1,"name":"Home","item":"https:\/\/www.nonsolomusicamagazine.it\/"},{"@type":"ListItem","position":2,"name":"Il premier spagnolo S\u00e1nchez al Consiglio europeo: &#8220;sospendere immediatamente l\u2019accordo di associazione con Israele&#8221;."}]},{"@type":"WebSite","@id":"https:\/\/www.nonsolomusicamagazine.it\/#website","url":"https:\/\/www.nonsolomusicamagazine.it\/","name":"Nonsolomusicamagazine","description":"Dir. responsabile Manuel M Buccarella","potentialAction":[{"@type":"SearchAction","target":{"@type":"EntryPoint","urlTemplate":"https:\/\/www.nonsolomusicamagazine.it\/?s={search_term_string}"},"query-input":{"@type":"PropertyValueSpecification","valueRequired":true,"valueName":"search_term_string"}}],"inLanguage":"it-IT"},{"@type":"Person","@id":"https:\/\/www.nonsolomusicamagazine.it\/#\/schema\/person\/a3349ad02300d046472d46cf6d31ae46","name":"nonsolomusica","image":{"@type":"ImageObject","inLanguage":"it-IT","@id":"https:\/\/www.nonsolomusicamagazine.it\/wp-content\/litespeed\/avatar\/3a675484bc84db6aba78d43bfc8b7197.jpg?ver=1776880798","url":"https:\/\/www.nonsolomusicamagazine.it\/wp-content\/litespeed\/avatar\/3a675484bc84db6aba78d43bfc8b7197.jpg?ver=1776880798","contentUrl":"https:\/\/www.nonsolomusicamagazine.it\/wp-content\/litespeed\/avatar\/3a675484bc84db6aba78d43bfc8b7197.jpg?ver=1776880798","caption":"nonsolomusica"},"sameAs":["https:\/\/www.nonsolomusicamagazine.it"],"url":"https:\/\/www.nonsolomusicamagazine.it\/?author=1"}]}},"amp_enabled":true,"_links":{"self":[{"href":"https:\/\/www.nonsolomusicamagazine.it\/index.php?rest_route=\/wp\/v2\/posts\/10863","targetHints":{"allow":["GET"]}}],"collection":[{"href":"https:\/\/www.nonsolomusicamagazine.it\/index.php?rest_route=\/wp\/v2\/posts"}],"about":[{"href":"https:\/\/www.nonsolomusicamagazine.it\/index.php?rest_route=\/wp\/v2\/types\/post"}],"author":[{"embeddable":true,"href":"https:\/\/www.nonsolomusicamagazine.it\/index.php?rest_route=\/wp\/v2\/users\/1"}],"replies":[{"embeddable":true,"href":"https:\/\/www.nonsolomusicamagazine.it\/index.php?rest_route=%2Fwp%2Fv2%2Fcomments&post=10863"}],"version-history":[{"count":0,"href":"https:\/\/www.nonsolomusicamagazine.it\/index.php?rest_route=\/wp\/v2\/posts\/10863\/revisions"}],"wp:featuredmedia":[{"embeddable":true,"href":"https:\/\/www.nonsolomusicamagazine.it\/index.php?rest_route=\/wp\/v2\/media\/10864"}],"wp:attachment":[{"href":"https:\/\/www.nonsolomusicamagazine.it\/index.php?rest_route=%2Fwp%2Fv2%2Fmedia&parent=10863"}],"wp:term":[{"taxonomy":"category","embeddable":true,"href":"https:\/\/www.nonsolomusicamagazine.it\/index.php?rest_route=%2Fwp%2Fv2%2Fcategories&post=10863"},{"taxonomy":"post_tag","embeddable":true,"href":"https:\/\/www.nonsolomusicamagazine.it\/index.php?rest_route=%2Fwp%2Fv2%2Ftags&post=10863"}],"curies":[{"name":"wp","href":"https:\/\/api.w.org\/{rel}","templated":true}]}}