{"id":10869,"date":"2025-06-26T22:13:42","date_gmt":"2025-06-26T20:13:42","guid":{"rendered":"https:\/\/www.nonsolomusicamagazine.it\/?p=10869"},"modified":"2025-06-26T22:14:22","modified_gmt":"2025-06-26T20:14:22","slug":"venezia-blindata-da-amazon-e-chi-protesta-viene-sollevato-di-peso-ed-identificato","status":"publish","type":"post","link":"https:\/\/www.nonsolomusicamagazine.it\/?p=10869","title":{"rendered":"VENEZIA BLINDATA DA AMAZON! E CHI PROTESTA VIENE SOLLEVATO DI PESO ED IDENTIFICATO!"},"content":{"rendered":"\n<p>Arrivati i primi ospiti vip a Venezia giunti da ogni parte del mondo a bordo di yacht di lusso e centinaia di jet privati atterrati a Venezia per il matrimonio da mille e una notte del miliardario Usa Jeff Bezos, patron e fondatore di Amazon.<\/p>\n\n\n\n<p>Venezia quindi \u00e8 blindata per i prossimi cinque giorni per il matrimonio tra Jeff Bezos e Lauren Sanchez.<\/p>\n\n\n\n<p>Il multimilionario ha affittato la pi\u00f9 bella citt\u00e0 del mondo per 3 milioni di euro. &#8220;Gesto di straordinaria generosit\u00e0&#8221; lo ha definito Luca Zaia, governatore del Veneto. Il governatore forse non sa che Bezos li guadagna in due ore (anche per via delle tasse evase qua e l\u00e0). <\/p>\n\n\n\n<p>Venezia\u00a0si prepara a vivere un\u00a0weekend da capogiro con il matrimonio pi\u00f9 chiacchierato e scintillante dell&#8217;anno: Jeff Bezos e Lauren Sanchez\u00a0si diranno s\u00ec in quello che si preannuncia un vero\u00a0evento da favola\u00a0\u201cspalmato\u201d su pi\u00f9 giorni.<\/p>\n\n\n\n<p>Non mancano per\u00f2 i momenti di tensione in piazza San Marco a Venezia per un&#8217;iniziativa di protesta contro il matrimonio di Jeff Bezos. Una ventina di persone si \u00e8 disposta davanti alla Basilica di San Marco mostrando cartelli con disegnate banconote e scritte contro il miliardario americano e inneggianti alla pace a Gaza. Due persone vestite da &#8220;sposi&#8221; si sono poste su un piedistallo. Una ragazza e un ragazzo hanno cercato di arrampicarsi su due dei &#8220;pili&#8221; portabandiera davanti alla basilica. Fermati dalle forze dell&#8217;ordine e portati al posto di polizia della piazza per essere identificati, hanno opposto resistenza passiva sdraiandosi a terra.&nbsp;<\/p>\n\n\n\n<p>Bonelli presenta interrogazione&#8221;Nel nostro Paese non si pu\u00f2 pi\u00f9 esprimere dissenso. Oggi a Venezia, per aver manifestato pacificamente contro lo spettacolo delle nozze miliardarie di Jeff Bezos, attivisti sono stati portati via di peso da Piazza San Marco e denunciati. Rischiano fino a due anni di carcere. \u00c8 questa l&#8217;Italia che vogliamo? Presento interrogazione&#8221;. Lo dichiara Angelo Bonelli, deputato di Alleanza Verdi e Sinistra e co-portavoce di Europa Verde. &#8220;Qualche giorno fa avevo chiesto al ministro Piantedosi di garantire il diritto costituzionale a manifestare. La risposta del Viminale \u00e8 arrivata oggi: decine di identificazioni, denunce e piazze militarizzate. Per un matrimonio privato Venezia \u00e8 diventata una zona rossa, blindata per proteggere un evento da milioni di euro per super ricchi ed elites mondiale. Presenter\u00f2 un&#8217;interrogazione: vogliamo sapere perch\u00e9 in questo Paese viene garantito ogni privilegio ai super ricchi, mentre si criminalizza chi manifesta e chiede lavoro, giustizia climatica, sociale e fiscale&#8221;.<\/p>\n\n\n\n<figure class=\"wp-block-image size-full\"><img decoding=\"async\" width=\"700\" height=\"467\" src=\"https:\/\/www.nonsolomusicamagazine.it\/wp-content\/uploads\/2025\/06\/1000065453.jpg\" alt=\"\" class=\"wp-image-10870\" srcset=\"https:\/\/www.nonsolomusicamagazine.it\/wp-content\/uploads\/2025\/06\/1000065453.jpg 700w, https:\/\/www.nonsolomusicamagazine.it\/wp-content\/uploads\/2025\/06\/1000065453-300x200.jpg 300w\" sizes=\"(max-width: 700px) 100vw, 700px\" \/><\/figure>\n","protected":false},"excerpt":{"rendered":"<p>Arrivati i primi ospiti vip a Venezia giunti da ogni parte del mondo a bordo di yacht di lusso e centinaia di jet privati atterrati a Venezia per il matrimonio da mille e una notte del miliardario Usa Jeff Bezos, patron e fondatore di Amazon. Venezia quindi \u00e8 blindata per i prossimi cinque giorni per [&hellip;]<\/p>\n","protected":false},"author":1,"featured_media":10870,"comment_status":"open","ping_status":"closed","sticky":false,"template":"","format":"standard","meta":{"footnotes":""},"categories":[20],"tags":[4444,1361,3146],"class_list":["post-10869","post","type-post","status-publish","format-standard","has-post-thumbnail","hentry","category-societa","tag-bezos","tag-proteste","tag-venezia"],"yoast_head":"<!-- This site is optimized with the Yoast SEO plugin v27.5 - https:\/\/yoast.com\/product\/yoast-seo-wordpress\/ -->\n<title>VENEZIA BLINDATA DA AMAZON! E CHI PROTESTA VIENE SOLLEVATO DI PESO ED IDENTIFICATO! - NonSoloMusicaMagazine<\/title>\n<meta name=\"description\" content=\"VENEZIA BLINDATA DA AMAZON! E CHI PROTESTA VIENE SOLLEVATO DI PESO ED IDENTIFICATO!\" \/>\n<meta name=\"robots\" content=\"index, follow, max-snippet:-1, max-image-preview:large, max-video-preview:-1\" \/>\n<link rel=\"canonical\" href=\"https:\/\/www.nonsolomusicamagazine.it\/?p=10869\" \/>\n<meta property=\"og:locale\" content=\"it_IT\" \/>\n<meta property=\"og:type\" content=\"article\" \/>\n<meta property=\"og:title\" content=\"VENEZIA BLINDATA DA AMAZON! E CHI PROTESTA VIENE SOLLEVATO DI PESO ED IDENTIFICATO! - NonSoloMusicaMagazine\" \/>\n<meta property=\"og:description\" content=\"VENEZIA BLINDATA DA AMAZON! E CHI PROTESTA VIENE SOLLEVATO DI PESO ED IDENTIFICATO!\" \/>\n<meta property=\"og:url\" content=\"https:\/\/www.nonsolomusicamagazine.it\/?p=10869\" \/>\n<meta property=\"og:site_name\" content=\"NonSoloMusicaMagazine\" \/>\n<meta property=\"article:published_time\" content=\"2025-06-26T20:13:42+00:00\" \/>\n<meta property=\"article:modified_time\" content=\"2025-06-26T20:14:22+00:00\" \/>\n<meta property=\"og:image\" content=\"https:\/\/www.nonsolomusicamagazine.it\/wp-content\/uploads\/2025\/06\/1000065453.jpg\" \/>\n\t<meta property=\"og:image:width\" content=\"700\" \/>\n\t<meta property=\"og:image:height\" content=\"467\" \/>\n\t<meta property=\"og:image:type\" content=\"image\/jpeg\" \/>\n<meta name=\"author\" content=\"nonsolomusica\" \/>\n<meta name=\"twitter:card\" content=\"summary_large_image\" \/>\n<meta name=\"twitter:label1\" content=\"Scritto da\" \/>\n\t<meta name=\"twitter:data1\" content=\"nonsolomusica\" \/>\n\t<meta name=\"twitter:label2\" content=\"Tempo di lettura stimato\" \/>\n\t<meta name=\"twitter:data2\" content=\"3 minuti\" \/>\n<script type=\"application\/ld+json\" class=\"yoast-schema-graph\">{\"@context\":\"https:\\\/\\\/schema.org\",\"@graph\":[{\"@type\":\"Article\",\"@id\":\"https:\\\/\\\/www.nonsolomusicamagazine.it\\\/?p=10869#article\",\"isPartOf\":{\"@id\":\"https:\\\/\\\/www.nonsolomusicamagazine.it\\\/?p=10869\"},\"author\":{\"name\":\"nonsolomusica\",\"@id\":\"https:\\\/\\\/www.nonsolomusicamagazine.it\\\/#\\\/schema\\\/person\\\/a3349ad02300d046472d46cf6d31ae46\"},\"headline\":\"VENEZIA BLINDATA DA AMAZON! E CHI PROTESTA VIENE SOLLEVATO DI PESO ED IDENTIFICATO!\",\"datePublished\":\"2025-06-26T20:13:42+00:00\",\"dateModified\":\"2025-06-26T20:14:22+00:00\",\"mainEntityOfPage\":{\"@id\":\"https:\\\/\\\/www.nonsolomusicamagazine.it\\\/?p=10869\"},\"wordCount\":418,\"commentCount\":0,\"image\":{\"@id\":\"https:\\\/\\\/www.nonsolomusicamagazine.it\\\/?p=10869#primaryimage\"},\"thumbnailUrl\":\"https:\\\/\\\/www.nonsolomusicamagazine.it\\\/wp-content\\\/uploads\\\/2025\\\/06\\\/1000065453.jpg\",\"keywords\":[\"Bezos\",\"Proteste\",\"Venezia\"],\"articleSection\":[\"Societ\u00e0\"],\"inLanguage\":\"it-IT\",\"potentialAction\":[{\"@type\":\"CommentAction\",\"name\":\"Comment\",\"target\":[\"https:\\\/\\\/www.nonsolomusicamagazine.it\\\/?p=10869#respond\"]}]},{\"@type\":\"WebPage\",\"@id\":\"https:\\\/\\\/www.nonsolomusicamagazine.it\\\/?p=10869\",\"url\":\"https:\\\/\\\/www.nonsolomusicamagazine.it\\\/?p=10869\",\"name\":\"VENEZIA BLINDATA DA AMAZON! E CHI PROTESTA VIENE SOLLEVATO DI PESO ED IDENTIFICATO! - NonSoloMusicaMagazine\",\"isPartOf\":{\"@id\":\"https:\\\/\\\/www.nonsolomusicamagazine.it\\\/#website\"},\"primaryImageOfPage\":{\"@id\":\"https:\\\/\\\/www.nonsolomusicamagazine.it\\\/?p=10869#primaryimage\"},\"image\":{\"@id\":\"https:\\\/\\\/www.nonsolomusicamagazine.it\\\/?p=10869#primaryimage\"},\"thumbnailUrl\":\"https:\\\/\\\/www.nonsolomusicamagazine.it\\\/wp-content\\\/uploads\\\/2025\\\/06\\\/1000065453.jpg\",\"datePublished\":\"2025-06-26T20:13:42+00:00\",\"dateModified\":\"2025-06-26T20:14:22+00:00\",\"author\":{\"@id\":\"https:\\\/\\\/www.nonsolomusicamagazine.it\\\/#\\\/schema\\\/person\\\/a3349ad02300d046472d46cf6d31ae46\"},\"description\":\"VENEZIA BLINDATA DA AMAZON! E CHI PROTESTA VIENE SOLLEVATO DI PESO ED IDENTIFICATO!\",\"breadcrumb\":{\"@id\":\"https:\\\/\\\/www.nonsolomusicamagazine.it\\\/?p=10869#breadcrumb\"},\"inLanguage\":\"it-IT\",\"potentialAction\":[{\"@type\":\"ReadAction\",\"target\":[\"https:\\\/\\\/www.nonsolomusicamagazine.it\\\/?p=10869\"]}]},{\"@type\":\"ImageObject\",\"inLanguage\":\"it-IT\",\"@id\":\"https:\\\/\\\/www.nonsolomusicamagazine.it\\\/?p=10869#primaryimage\",\"url\":\"https:\\\/\\\/www.nonsolomusicamagazine.it\\\/wp-content\\\/uploads\\\/2025\\\/06\\\/1000065453.jpg\",\"contentUrl\":\"https:\\\/\\\/www.nonsolomusicamagazine.it\\\/wp-content\\\/uploads\\\/2025\\\/06\\\/1000065453.jpg\",\"width\":700,\"height\":467},{\"@type\":\"BreadcrumbList\",\"@id\":\"https:\\\/\\\/www.nonsolomusicamagazine.it\\\/?p=10869#breadcrumb\",\"itemListElement\":[{\"@type\":\"ListItem\",\"position\":1,\"name\":\"Home\",\"item\":\"https:\\\/\\\/www.nonsolomusicamagazine.it\\\/\"},{\"@type\":\"ListItem\",\"position\":2,\"name\":\"VENEZIA BLINDATA DA AMAZON! E CHI PROTESTA VIENE SOLLEVATO DI PESO ED IDENTIFICATO!\"}]},{\"@type\":\"WebSite\",\"@id\":\"https:\\\/\\\/www.nonsolomusicamagazine.it\\\/#website\",\"url\":\"https:\\\/\\\/www.nonsolomusicamagazine.it\\\/\",\"name\":\"Nonsolomusicamagazine\",\"description\":\"Dir. responsabile Manuel M Buccarella\",\"potentialAction\":[{\"@type\":\"SearchAction\",\"target\":{\"@type\":\"EntryPoint\",\"urlTemplate\":\"https:\\\/\\\/www.nonsolomusicamagazine.it\\\/?s={search_term_string}\"},\"query-input\":{\"@type\":\"PropertyValueSpecification\",\"valueRequired\":true,\"valueName\":\"search_term_string\"}}],\"inLanguage\":\"it-IT\"},{\"@type\":\"Person\",\"@id\":\"https:\\\/\\\/www.nonsolomusicamagazine.it\\\/#\\\/schema\\\/person\\\/a3349ad02300d046472d46cf6d31ae46\",\"name\":\"nonsolomusica\",\"image\":{\"@type\":\"ImageObject\",\"inLanguage\":\"it-IT\",\"@id\":\"https:\\\/\\\/www.nonsolomusicamagazine.it\\\/wp-content\\\/litespeed\\\/avatar\\\/3a675484bc84db6aba78d43bfc8b7197.jpg?ver=1776880798\",\"url\":\"https:\\\/\\\/www.nonsolomusicamagazine.it\\\/wp-content\\\/litespeed\\\/avatar\\\/3a675484bc84db6aba78d43bfc8b7197.jpg?ver=1776880798\",\"contentUrl\":\"https:\\\/\\\/www.nonsolomusicamagazine.it\\\/wp-content\\\/litespeed\\\/avatar\\\/3a675484bc84db6aba78d43bfc8b7197.jpg?ver=1776880798\",\"caption\":\"nonsolomusica\"},\"sameAs\":[\"https:\\\/\\\/www.nonsolomusicamagazine.it\"],\"url\":\"https:\\\/\\\/www.nonsolomusicamagazine.it\\\/?author=1\"}]}<\/script>\n<!-- \/ Yoast SEO plugin. -->","yoast_head_json":{"title":"VENEZIA BLINDATA DA AMAZON! E CHI PROTESTA VIENE SOLLEVATO DI PESO ED IDENTIFICATO! - NonSoloMusicaMagazine","description":"VENEZIA BLINDATA DA AMAZON! E CHI PROTESTA VIENE SOLLEVATO DI PESO ED IDENTIFICATO!","robots":{"index":"index","follow":"follow","max-snippet":"max-snippet:-1","max-image-preview":"max-image-preview:large","max-video-preview":"max-video-preview:-1"},"canonical":"https:\/\/www.nonsolomusicamagazine.it\/?p=10869","og_locale":"it_IT","og_type":"article","og_title":"VENEZIA BLINDATA DA AMAZON! E CHI PROTESTA VIENE SOLLEVATO DI PESO ED IDENTIFICATO! - NonSoloMusicaMagazine","og_description":"VENEZIA BLINDATA DA AMAZON! E CHI PROTESTA VIENE SOLLEVATO DI PESO ED IDENTIFICATO!","og_url":"https:\/\/www.nonsolomusicamagazine.it\/?p=10869","og_site_name":"NonSoloMusicaMagazine","article_published_time":"2025-06-26T20:13:42+00:00","article_modified_time":"2025-06-26T20:14:22+00:00","og_image":[{"width":700,"height":467,"url":"https:\/\/www.nonsolomusicamagazine.it\/wp-content\/uploads\/2025\/06\/1000065453.jpg","type":"image\/jpeg"}],"author":"nonsolomusica","twitter_card":"summary_large_image","twitter_misc":{"Scritto da":"nonsolomusica","Tempo di lettura stimato":"3 minuti"},"schema":{"@context":"https:\/\/schema.org","@graph":[{"@type":"Article","@id":"https:\/\/www.nonsolomusicamagazine.it\/?p=10869#article","isPartOf":{"@id":"https:\/\/www.nonsolomusicamagazine.it\/?p=10869"},"author":{"name":"nonsolomusica","@id":"https:\/\/www.nonsolomusicamagazine.it\/#\/schema\/person\/a3349ad02300d046472d46cf6d31ae46"},"headline":"VENEZIA BLINDATA DA AMAZON! E CHI PROTESTA VIENE SOLLEVATO DI PESO ED IDENTIFICATO!","datePublished":"2025-06-26T20:13:42+00:00","dateModified":"2025-06-26T20:14:22+00:00","mainEntityOfPage":{"@id":"https:\/\/www.nonsolomusicamagazine.it\/?p=10869"},"wordCount":418,"commentCount":0,"image":{"@id":"https:\/\/www.nonsolomusicamagazine.it\/?p=10869#primaryimage"},"thumbnailUrl":"https:\/\/www.nonsolomusicamagazine.it\/wp-content\/uploads\/2025\/06\/1000065453.jpg","keywords":["Bezos","Proteste","Venezia"],"articleSection":["Societ\u00e0"],"inLanguage":"it-IT","potentialAction":[{"@type":"CommentAction","name":"Comment","target":["https:\/\/www.nonsolomusicamagazine.it\/?p=10869#respond"]}]},{"@type":"WebPage","@id":"https:\/\/www.nonsolomusicamagazine.it\/?p=10869","url":"https:\/\/www.nonsolomusicamagazine.it\/?p=10869","name":"VENEZIA BLINDATA DA AMAZON! E CHI PROTESTA VIENE SOLLEVATO DI PESO ED IDENTIFICATO! - NonSoloMusicaMagazine","isPartOf":{"@id":"https:\/\/www.nonsolomusicamagazine.it\/#website"},"primaryImageOfPage":{"@id":"https:\/\/www.nonsolomusicamagazine.it\/?p=10869#primaryimage"},"image":{"@id":"https:\/\/www.nonsolomusicamagazine.it\/?p=10869#primaryimage"},"thumbnailUrl":"https:\/\/www.nonsolomusicamagazine.it\/wp-content\/uploads\/2025\/06\/1000065453.jpg","datePublished":"2025-06-26T20:13:42+00:00","dateModified":"2025-06-26T20:14:22+00:00","author":{"@id":"https:\/\/www.nonsolomusicamagazine.it\/#\/schema\/person\/a3349ad02300d046472d46cf6d31ae46"},"description":"VENEZIA BLINDATA DA AMAZON! E CHI PROTESTA VIENE SOLLEVATO DI PESO ED IDENTIFICATO!","breadcrumb":{"@id":"https:\/\/www.nonsolomusicamagazine.it\/?p=10869#breadcrumb"},"inLanguage":"it-IT","potentialAction":[{"@type":"ReadAction","target":["https:\/\/www.nonsolomusicamagazine.it\/?p=10869"]}]},{"@type":"ImageObject","inLanguage":"it-IT","@id":"https:\/\/www.nonsolomusicamagazine.it\/?p=10869#primaryimage","url":"https:\/\/www.nonsolomusicamagazine.it\/wp-content\/uploads\/2025\/06\/1000065453.jpg","contentUrl":"https:\/\/www.nonsolomusicamagazine.it\/wp-content\/uploads\/2025\/06\/1000065453.jpg","width":700,"height":467},{"@type":"BreadcrumbList","@id":"https:\/\/www.nonsolomusicamagazine.it\/?p=10869#breadcrumb","itemListElement":[{"@type":"ListItem","position":1,"name":"Home","item":"https:\/\/www.nonsolomusicamagazine.it\/"},{"@type":"ListItem","position":2,"name":"VENEZIA BLINDATA DA AMAZON! E CHI PROTESTA VIENE SOLLEVATO DI PESO ED IDENTIFICATO!"}]},{"@type":"WebSite","@id":"https:\/\/www.nonsolomusicamagazine.it\/#website","url":"https:\/\/www.nonsolomusicamagazine.it\/","name":"Nonsolomusicamagazine","description":"Dir. responsabile Manuel M Buccarella","potentialAction":[{"@type":"SearchAction","target":{"@type":"EntryPoint","urlTemplate":"https:\/\/www.nonsolomusicamagazine.it\/?s={search_term_string}"},"query-input":{"@type":"PropertyValueSpecification","valueRequired":true,"valueName":"search_term_string"}}],"inLanguage":"it-IT"},{"@type":"Person","@id":"https:\/\/www.nonsolomusicamagazine.it\/#\/schema\/person\/a3349ad02300d046472d46cf6d31ae46","name":"nonsolomusica","image":{"@type":"ImageObject","inLanguage":"it-IT","@id":"https:\/\/www.nonsolomusicamagazine.it\/wp-content\/litespeed\/avatar\/3a675484bc84db6aba78d43bfc8b7197.jpg?ver=1776880798","url":"https:\/\/www.nonsolomusicamagazine.it\/wp-content\/litespeed\/avatar\/3a675484bc84db6aba78d43bfc8b7197.jpg?ver=1776880798","contentUrl":"https:\/\/www.nonsolomusicamagazine.it\/wp-content\/litespeed\/avatar\/3a675484bc84db6aba78d43bfc8b7197.jpg?ver=1776880798","caption":"nonsolomusica"},"sameAs":["https:\/\/www.nonsolomusicamagazine.it"],"url":"https:\/\/www.nonsolomusicamagazine.it\/?author=1"}]}},"amp_enabled":true,"_links":{"self":[{"href":"https:\/\/www.nonsolomusicamagazine.it\/index.php?rest_route=\/wp\/v2\/posts\/10869","targetHints":{"allow":["GET"]}}],"collection":[{"href":"https:\/\/www.nonsolomusicamagazine.it\/index.php?rest_route=\/wp\/v2\/posts"}],"about":[{"href":"https:\/\/www.nonsolomusicamagazine.it\/index.php?rest_route=\/wp\/v2\/types\/post"}],"author":[{"embeddable":true,"href":"https:\/\/www.nonsolomusicamagazine.it\/index.php?rest_route=\/wp\/v2\/users\/1"}],"replies":[{"embeddable":true,"href":"https:\/\/www.nonsolomusicamagazine.it\/index.php?rest_route=%2Fwp%2Fv2%2Fcomments&post=10869"}],"version-history":[{"count":0,"href":"https:\/\/www.nonsolomusicamagazine.it\/index.php?rest_route=\/wp\/v2\/posts\/10869\/revisions"}],"wp:featuredmedia":[{"embeddable":true,"href":"https:\/\/www.nonsolomusicamagazine.it\/index.php?rest_route=\/wp\/v2\/media\/10870"}],"wp:attachment":[{"href":"https:\/\/www.nonsolomusicamagazine.it\/index.php?rest_route=%2Fwp%2Fv2%2Fmedia&parent=10869"}],"wp:term":[{"taxonomy":"category","embeddable":true,"href":"https:\/\/www.nonsolomusicamagazine.it\/index.php?rest_route=%2Fwp%2Fv2%2Fcategories&post=10869"},{"taxonomy":"post_tag","embeddable":true,"href":"https:\/\/www.nonsolomusicamagazine.it\/index.php?rest_route=%2Fwp%2Fv2%2Ftags&post=10869"}],"curies":[{"name":"wp","href":"https:\/\/api.w.org\/{rel}","templated":true}]}}