{"id":10885,"date":"2025-06-27T18:43:50","date_gmt":"2025-06-27T16:43:50","guid":{"rendered":"https:\/\/www.nonsolomusicamagazine.it\/?p=10885"},"modified":"2025-06-27T18:43:51","modified_gmt":"2025-06-27T16:43:51","slug":"il-libro-di-storia-per-le-scuole-superioritrame-del-tempo-accende-polemica-nella-maggioranza-non-piace-la-definizione-neofascista-attribuita-al-governo-meloni","status":"publish","type":"post","link":"https:\/\/www.nonsolomusicamagazine.it\/?p=10885","title":{"rendered":"Il libro di storia per le scuole superiori&#8221;Trame del tempo&#8221; accende polemica nella maggioranza. Non piace la definizione &#8220;neofascista&#8221; attribuita al governo Meloni"},"content":{"rendered":"\n<p>Un libro di storia per le scuole superiori accende le polemiche. <\/p>\n\n\n\n<p>A sollevare il caso \u00e8 Augusta Montaruli, vice capogruppo di Fratelli d\u2019Italia alla Camera, che ha criticato il volume \u201cTrame del tempo\u201d pubblicato da Laterza. \u00ab\u00c8 un condensato di false notizie, offensivo e lesivo per chi voglia studiare storia contemporanea. I testi faziosi non sono ammissibili nella scuola pubblica\u00bb.<\/p>\n\n\n\n<p>Il riferimento \u00e8 ad alcune affermazioni contenute nel libro, riguardanti il governo di Giorgia Meloni, definito parte della fase di \u00abrinascita dell\u2019ultradestra europea\u00bb. Il suo partito, secondo quanto scritto nel libro, \u00abha raccolto l\u2019eredit\u00e0 del fascismo\u00bb e \u00abcontinua ad avere una stretta relazione con la sua \u201cbase\u201d dichiaratamente fascista\u00bb.E ancora: \u00abSi distingue nell\u2019attuazione di misure dichiaratamente liberticide, come il cosiddetto ddl \u201cSicurezza\u201d che contrae il diritto di manifestare. Il governo Meloni prosegue inoltre la guerra ai migranti con rinnovato fervore, con piani di deportazione e una loro costante criminalizzazione sui mezzi di comunicazione\u00bb.<\/p>\n\n\n\n<p>Diciamo che gli autori del volume non sono poi cos\u00ec lontani dalla realt\u00e0&#8230;<\/p>\n\n\n\n<p>Il Ministero dell&#8217;Istruzione e del Merito intanto ha avviato accertamenti sul manuale scolastico. Il libro di testo \u00e8 stato adottato da scuole di varie citt\u00e0 d\u2019Italia, da Torino a Roma a Milano. <\/p>\n\n\n\n<p>Dal Ministero dell\u2019Istruzione fanno sapere di aver contattato i vertici dell\u2019Associazione Italiana Editori per far partire un\u2019indagine sul caso. Se dovesse confermarsi una faziosit\u00e0 dei testi, il Ministero chieder\u00e0 di modificarne alcuni passaggi o ne chieder\u00e0 un ritiro.<\/p>\n\n\n\n<p>Il ministro Giuseppe Valditara ha cos\u00ec commentato il caso: \u00abSi ricorda che non possono essere adottati volumi che contengano frasi offensive, ovvero affermazioni tendenziose, che alterino la verit\u00e0 dei fatti tradendo la seriet\u00e0 della ricostruzione storica che \u00e8 alla base di una scuola democratica\u00bb.<\/p>\n\n\n\n<p>\u201cTrame del tempo\u201d si compone di tre volumi che raccontano la storia dall\u2019anno Mille fino ai giorni d\u2019oggi. I passaggi contestati sono nell\u2019ultimo volume, quello sulla storia contemporanea.<\/p>\n\n\n\n<p>Montaruli attacca: \u00abNella scuola pubblica non deve entrare l\u2019ideologia attraverso i libri di testo. Gli autori possono scrivere le loro opinioni in libert\u00e0, ci mancherebbe, ma un libro di storia non pu\u00f2 riportare una visione parziale e faziosa\u00bb.Dal suo punto di vista, \u00abquesto libro \u00e8 un tentativo di deviare la libera opinione degli studenti e viola il diritto allo studio. Ai ragazzi dobbiamo fornire dati oggettivi oppure opinioni che per\u00f2 rispecchino entrambi i punti di vista\u00bb.<\/p>\n\n\n\n<p>Gli autori, i ricercatori Caterina Ciccopiedi, Valentina Colombi, Carlo Greppi e Marco Meotto, non hanno rilasciato dichiarazioni. Mentre Montaruli annuncia azioni: \u00abScriver\u00f2 una controinformazione e la distribuir\u00f2 davanti alle scuole dove sono stati adottati questi testi\u00bb.<\/p>\n\n\n\n<figure class=\"wp-block-image size-full\"><img decoding=\"async\" width=\"590\" height=\"332\" src=\"https:\/\/www.nonsolomusicamagazine.it\/wp-content\/uploads\/2025\/06\/1000065615.webp\" alt=\"\" class=\"wp-image-10886\" srcset=\"https:\/\/www.nonsolomusicamagazine.it\/wp-content\/uploads\/2025\/06\/1000065615.webp 590w, https:\/\/www.nonsolomusicamagazine.it\/wp-content\/uploads\/2025\/06\/1000065615-300x169.webp 300w\" sizes=\"(max-width: 590px) 100vw, 590px\" \/><\/figure>\n","protected":false},"excerpt":{"rendered":"<p>Un libro di storia per le scuole superiori accende le polemiche. A sollevare il caso \u00e8 Augusta Montaruli, vice capogruppo di Fratelli d\u2019Italia alla Camera, che ha criticato il volume \u201cTrame del tempo\u201d pubblicato da Laterza. \u00ab\u00c8 un condensato di false notizie, offensivo e lesivo per chi voglia studiare storia contemporanea. I testi faziosi non [&hellip;]<\/p>\n","protected":false},"author":1,"featured_media":10886,"comment_status":"open","ping_status":"closed","sticky":false,"template":"","format":"standard","meta":{"footnotes":""},"categories":[106,5],"tags":[1428,1077,4448,3317,3064],"class_list":["post-10885","post","type-post","status-publish","format-standard","has-post-thumbnail","hentry","category-cultura","category-politica","tag-libro","tag-meloni","tag-montaruli","tag-storia","tag-valditara"],"yoast_head":"<!-- This site is optimized with the Yoast SEO plugin v27.5 - https:\/\/yoast.com\/product\/yoast-seo-wordpress\/ -->\n<title>Il libro di storia per le scuole superiori&quot;Trame del tempo&quot; accende polemica nella maggioranza. Non piace la definizione &quot;neofascista&quot; attribuita al governo Meloni - NonSoloMusicaMagazine<\/title>\n<meta name=\"description\" content=\"Il libro di storia per le scuole superiori&quot;Trame del tempo&quot; accende polemica nella maggioranza. Non piace la definizione &quot;neofascista&quot; attribuita al governo Meloni\" \/>\n<meta name=\"robots\" content=\"index, follow, max-snippet:-1, max-image-preview:large, max-video-preview:-1\" \/>\n<link rel=\"canonical\" href=\"https:\/\/www.nonsolomusicamagazine.it\/?p=10885\" \/>\n<meta property=\"og:locale\" content=\"it_IT\" \/>\n<meta property=\"og:type\" content=\"article\" \/>\n<meta property=\"og:title\" content=\"Il libro di storia per le scuole superiori&quot;Trame del tempo&quot; accende polemica nella maggioranza. Non piace la definizione &quot;neofascista&quot; attribuita al governo Meloni - NonSoloMusicaMagazine\" \/>\n<meta property=\"og:description\" content=\"Il libro di storia per le scuole superiori&quot;Trame del tempo&quot; accende polemica nella maggioranza. Non piace la definizione &quot;neofascista&quot; attribuita al governo Meloni\" \/>\n<meta property=\"og:url\" content=\"https:\/\/www.nonsolomusicamagazine.it\/?p=10885\" \/>\n<meta property=\"og:site_name\" content=\"NonSoloMusicaMagazine\" \/>\n<meta property=\"article:published_time\" content=\"2025-06-27T16:43:50+00:00\" \/>\n<meta property=\"article:modified_time\" content=\"2025-06-27T16:43:51+00:00\" \/>\n<meta property=\"og:image\" content=\"https:\/\/www.nonsolomusicamagazine.it\/wp-content\/uploads\/2025\/06\/1000065615.webp\" \/>\n\t<meta property=\"og:image:width\" content=\"590\" \/>\n\t<meta property=\"og:image:height\" content=\"332\" \/>\n\t<meta property=\"og:image:type\" content=\"image\/webp\" \/>\n<meta name=\"author\" content=\"nonsolomusica\" \/>\n<meta name=\"twitter:card\" content=\"summary_large_image\" \/>\n<meta name=\"twitter:label1\" content=\"Scritto da\" \/>\n\t<meta name=\"twitter:data1\" content=\"nonsolomusica\" \/>\n\t<meta name=\"twitter:label2\" content=\"Tempo di lettura stimato\" \/>\n\t<meta name=\"twitter:data2\" content=\"3 minuti\" \/>\n<script type=\"application\/ld+json\" class=\"yoast-schema-graph\">{\"@context\":\"https:\\\/\\\/schema.org\",\"@graph\":[{\"@type\":\"Article\",\"@id\":\"https:\\\/\\\/www.nonsolomusicamagazine.it\\\/?p=10885#article\",\"isPartOf\":{\"@id\":\"https:\\\/\\\/www.nonsolomusicamagazine.it\\\/?p=10885\"},\"author\":{\"name\":\"nonsolomusica\",\"@id\":\"https:\\\/\\\/www.nonsolomusicamagazine.it\\\/#\\\/schema\\\/person\\\/a3349ad02300d046472d46cf6d31ae46\"},\"headline\":\"Il libro di storia per le scuole superiori&#8221;Trame del tempo&#8221; accende polemica nella maggioranza. Non piace la definizione &#8220;neofascista&#8221; attribuita al governo Meloni\",\"datePublished\":\"2025-06-27T16:43:50+00:00\",\"dateModified\":\"2025-06-27T16:43:51+00:00\",\"mainEntityOfPage\":{\"@id\":\"https:\\\/\\\/www.nonsolomusicamagazine.it\\\/?p=10885\"},\"wordCount\":453,\"commentCount\":0,\"image\":{\"@id\":\"https:\\\/\\\/www.nonsolomusicamagazine.it\\\/?p=10885#primaryimage\"},\"thumbnailUrl\":\"https:\\\/\\\/www.nonsolomusicamagazine.it\\\/wp-content\\\/uploads\\\/2025\\\/06\\\/1000065615.webp\",\"keywords\":[\"Libro\",\"Meloni\",\"Montaruli\",\"Storia\",\"Valditara\"],\"articleSection\":[\"Cultura\",\"Politica\"],\"inLanguage\":\"it-IT\",\"potentialAction\":[{\"@type\":\"CommentAction\",\"name\":\"Comment\",\"target\":[\"https:\\\/\\\/www.nonsolomusicamagazine.it\\\/?p=10885#respond\"]}]},{\"@type\":\"WebPage\",\"@id\":\"https:\\\/\\\/www.nonsolomusicamagazine.it\\\/?p=10885\",\"url\":\"https:\\\/\\\/www.nonsolomusicamagazine.it\\\/?p=10885\",\"name\":\"Il libro di storia per le scuole superiori\\\"Trame del tempo\\\" accende polemica nella maggioranza. Non piace la definizione \\\"neofascista\\\" attribuita al governo Meloni - NonSoloMusicaMagazine\",\"isPartOf\":{\"@id\":\"https:\\\/\\\/www.nonsolomusicamagazine.it\\\/#website\"},\"primaryImageOfPage\":{\"@id\":\"https:\\\/\\\/www.nonsolomusicamagazine.it\\\/?p=10885#primaryimage\"},\"image\":{\"@id\":\"https:\\\/\\\/www.nonsolomusicamagazine.it\\\/?p=10885#primaryimage\"},\"thumbnailUrl\":\"https:\\\/\\\/www.nonsolomusicamagazine.it\\\/wp-content\\\/uploads\\\/2025\\\/06\\\/1000065615.webp\",\"datePublished\":\"2025-06-27T16:43:50+00:00\",\"dateModified\":\"2025-06-27T16:43:51+00:00\",\"author\":{\"@id\":\"https:\\\/\\\/www.nonsolomusicamagazine.it\\\/#\\\/schema\\\/person\\\/a3349ad02300d046472d46cf6d31ae46\"},\"description\":\"Il libro di storia per le scuole superiori\\\"Trame del tempo\\\" accende polemica nella maggioranza. Non piace la definizione \\\"neofascista\\\" attribuita al governo Meloni\",\"breadcrumb\":{\"@id\":\"https:\\\/\\\/www.nonsolomusicamagazine.it\\\/?p=10885#breadcrumb\"},\"inLanguage\":\"it-IT\",\"potentialAction\":[{\"@type\":\"ReadAction\",\"target\":[\"https:\\\/\\\/www.nonsolomusicamagazine.it\\\/?p=10885\"]}]},{\"@type\":\"ImageObject\",\"inLanguage\":\"it-IT\",\"@id\":\"https:\\\/\\\/www.nonsolomusicamagazine.it\\\/?p=10885#primaryimage\",\"url\":\"https:\\\/\\\/www.nonsolomusicamagazine.it\\\/wp-content\\\/uploads\\\/2025\\\/06\\\/1000065615.webp\",\"contentUrl\":\"https:\\\/\\\/www.nonsolomusicamagazine.it\\\/wp-content\\\/uploads\\\/2025\\\/06\\\/1000065615.webp\",\"width\":590,\"height\":332},{\"@type\":\"BreadcrumbList\",\"@id\":\"https:\\\/\\\/www.nonsolomusicamagazine.it\\\/?p=10885#breadcrumb\",\"itemListElement\":[{\"@type\":\"ListItem\",\"position\":1,\"name\":\"Home\",\"item\":\"https:\\\/\\\/www.nonsolomusicamagazine.it\\\/\"},{\"@type\":\"ListItem\",\"position\":2,\"name\":\"Il libro di storia per le scuole superiori&#8221;Trame del tempo&#8221; accende polemica nella maggioranza. Non piace la definizione &#8220;neofascista&#8221; attribuita al governo Meloni\"}]},{\"@type\":\"WebSite\",\"@id\":\"https:\\\/\\\/www.nonsolomusicamagazine.it\\\/#website\",\"url\":\"https:\\\/\\\/www.nonsolomusicamagazine.it\\\/\",\"name\":\"Nonsolomusicamagazine\",\"description\":\"Dir. responsabile Manuel M Buccarella\",\"potentialAction\":[{\"@type\":\"SearchAction\",\"target\":{\"@type\":\"EntryPoint\",\"urlTemplate\":\"https:\\\/\\\/www.nonsolomusicamagazine.it\\\/?s={search_term_string}\"},\"query-input\":{\"@type\":\"PropertyValueSpecification\",\"valueRequired\":true,\"valueName\":\"search_term_string\"}}],\"inLanguage\":\"it-IT\"},{\"@type\":\"Person\",\"@id\":\"https:\\\/\\\/www.nonsolomusicamagazine.it\\\/#\\\/schema\\\/person\\\/a3349ad02300d046472d46cf6d31ae46\",\"name\":\"nonsolomusica\",\"image\":{\"@type\":\"ImageObject\",\"inLanguage\":\"it-IT\",\"@id\":\"https:\\\/\\\/www.nonsolomusicamagazine.it\\\/wp-content\\\/litespeed\\\/avatar\\\/3a675484bc84db6aba78d43bfc8b7197.jpg?ver=1776880798\",\"url\":\"https:\\\/\\\/www.nonsolomusicamagazine.it\\\/wp-content\\\/litespeed\\\/avatar\\\/3a675484bc84db6aba78d43bfc8b7197.jpg?ver=1776880798\",\"contentUrl\":\"https:\\\/\\\/www.nonsolomusicamagazine.it\\\/wp-content\\\/litespeed\\\/avatar\\\/3a675484bc84db6aba78d43bfc8b7197.jpg?ver=1776880798\",\"caption\":\"nonsolomusica\"},\"sameAs\":[\"https:\\\/\\\/www.nonsolomusicamagazine.it\"],\"url\":\"https:\\\/\\\/www.nonsolomusicamagazine.it\\\/?author=1\"}]}<\/script>\n<!-- \/ Yoast SEO plugin. -->","yoast_head_json":{"title":"Il libro di storia per le scuole superiori\"Trame del tempo\" accende polemica nella maggioranza. Non piace la definizione \"neofascista\" attribuita al governo Meloni - NonSoloMusicaMagazine","description":"Il libro di storia per le scuole superiori\"Trame del tempo\" accende polemica nella maggioranza. Non piace la definizione \"neofascista\" attribuita al governo Meloni","robots":{"index":"index","follow":"follow","max-snippet":"max-snippet:-1","max-image-preview":"max-image-preview:large","max-video-preview":"max-video-preview:-1"},"canonical":"https:\/\/www.nonsolomusicamagazine.it\/?p=10885","og_locale":"it_IT","og_type":"article","og_title":"Il libro di storia per le scuole superiori\"Trame del tempo\" accende polemica nella maggioranza. Non piace la definizione \"neofascista\" attribuita al governo Meloni - NonSoloMusicaMagazine","og_description":"Il libro di storia per le scuole superiori\"Trame del tempo\" accende polemica nella maggioranza. Non piace la definizione \"neofascista\" attribuita al governo Meloni","og_url":"https:\/\/www.nonsolomusicamagazine.it\/?p=10885","og_site_name":"NonSoloMusicaMagazine","article_published_time":"2025-06-27T16:43:50+00:00","article_modified_time":"2025-06-27T16:43:51+00:00","og_image":[{"width":590,"height":332,"url":"https:\/\/www.nonsolomusicamagazine.it\/wp-content\/uploads\/2025\/06\/1000065615.webp","type":"image\/webp"}],"author":"nonsolomusica","twitter_card":"summary_large_image","twitter_misc":{"Scritto da":"nonsolomusica","Tempo di lettura stimato":"3 minuti"},"schema":{"@context":"https:\/\/schema.org","@graph":[{"@type":"Article","@id":"https:\/\/www.nonsolomusicamagazine.it\/?p=10885#article","isPartOf":{"@id":"https:\/\/www.nonsolomusicamagazine.it\/?p=10885"},"author":{"name":"nonsolomusica","@id":"https:\/\/www.nonsolomusicamagazine.it\/#\/schema\/person\/a3349ad02300d046472d46cf6d31ae46"},"headline":"Il libro di storia per le scuole superiori&#8221;Trame del tempo&#8221; accende polemica nella maggioranza. Non piace la definizione &#8220;neofascista&#8221; attribuita al governo Meloni","datePublished":"2025-06-27T16:43:50+00:00","dateModified":"2025-06-27T16:43:51+00:00","mainEntityOfPage":{"@id":"https:\/\/www.nonsolomusicamagazine.it\/?p=10885"},"wordCount":453,"commentCount":0,"image":{"@id":"https:\/\/www.nonsolomusicamagazine.it\/?p=10885#primaryimage"},"thumbnailUrl":"https:\/\/www.nonsolomusicamagazine.it\/wp-content\/uploads\/2025\/06\/1000065615.webp","keywords":["Libro","Meloni","Montaruli","Storia","Valditara"],"articleSection":["Cultura","Politica"],"inLanguage":"it-IT","potentialAction":[{"@type":"CommentAction","name":"Comment","target":["https:\/\/www.nonsolomusicamagazine.it\/?p=10885#respond"]}]},{"@type":"WebPage","@id":"https:\/\/www.nonsolomusicamagazine.it\/?p=10885","url":"https:\/\/www.nonsolomusicamagazine.it\/?p=10885","name":"Il libro di storia per le scuole superiori\"Trame del tempo\" accende polemica nella maggioranza. Non piace la definizione \"neofascista\" attribuita al governo Meloni - NonSoloMusicaMagazine","isPartOf":{"@id":"https:\/\/www.nonsolomusicamagazine.it\/#website"},"primaryImageOfPage":{"@id":"https:\/\/www.nonsolomusicamagazine.it\/?p=10885#primaryimage"},"image":{"@id":"https:\/\/www.nonsolomusicamagazine.it\/?p=10885#primaryimage"},"thumbnailUrl":"https:\/\/www.nonsolomusicamagazine.it\/wp-content\/uploads\/2025\/06\/1000065615.webp","datePublished":"2025-06-27T16:43:50+00:00","dateModified":"2025-06-27T16:43:51+00:00","author":{"@id":"https:\/\/www.nonsolomusicamagazine.it\/#\/schema\/person\/a3349ad02300d046472d46cf6d31ae46"},"description":"Il libro di storia per le scuole superiori\"Trame del tempo\" accende polemica nella maggioranza. Non piace la definizione \"neofascista\" attribuita al governo Meloni","breadcrumb":{"@id":"https:\/\/www.nonsolomusicamagazine.it\/?p=10885#breadcrumb"},"inLanguage":"it-IT","potentialAction":[{"@type":"ReadAction","target":["https:\/\/www.nonsolomusicamagazine.it\/?p=10885"]}]},{"@type":"ImageObject","inLanguage":"it-IT","@id":"https:\/\/www.nonsolomusicamagazine.it\/?p=10885#primaryimage","url":"https:\/\/www.nonsolomusicamagazine.it\/wp-content\/uploads\/2025\/06\/1000065615.webp","contentUrl":"https:\/\/www.nonsolomusicamagazine.it\/wp-content\/uploads\/2025\/06\/1000065615.webp","width":590,"height":332},{"@type":"BreadcrumbList","@id":"https:\/\/www.nonsolomusicamagazine.it\/?p=10885#breadcrumb","itemListElement":[{"@type":"ListItem","position":1,"name":"Home","item":"https:\/\/www.nonsolomusicamagazine.it\/"},{"@type":"ListItem","position":2,"name":"Il libro di storia per le scuole superiori&#8221;Trame del tempo&#8221; accende polemica nella maggioranza. Non piace la definizione &#8220;neofascista&#8221; attribuita al governo Meloni"}]},{"@type":"WebSite","@id":"https:\/\/www.nonsolomusicamagazine.it\/#website","url":"https:\/\/www.nonsolomusicamagazine.it\/","name":"Nonsolomusicamagazine","description":"Dir. responsabile Manuel M Buccarella","potentialAction":[{"@type":"SearchAction","target":{"@type":"EntryPoint","urlTemplate":"https:\/\/www.nonsolomusicamagazine.it\/?s={search_term_string}"},"query-input":{"@type":"PropertyValueSpecification","valueRequired":true,"valueName":"search_term_string"}}],"inLanguage":"it-IT"},{"@type":"Person","@id":"https:\/\/www.nonsolomusicamagazine.it\/#\/schema\/person\/a3349ad02300d046472d46cf6d31ae46","name":"nonsolomusica","image":{"@type":"ImageObject","inLanguage":"it-IT","@id":"https:\/\/www.nonsolomusicamagazine.it\/wp-content\/litespeed\/avatar\/3a675484bc84db6aba78d43bfc8b7197.jpg?ver=1776880798","url":"https:\/\/www.nonsolomusicamagazine.it\/wp-content\/litespeed\/avatar\/3a675484bc84db6aba78d43bfc8b7197.jpg?ver=1776880798","contentUrl":"https:\/\/www.nonsolomusicamagazine.it\/wp-content\/litespeed\/avatar\/3a675484bc84db6aba78d43bfc8b7197.jpg?ver=1776880798","caption":"nonsolomusica"},"sameAs":["https:\/\/www.nonsolomusicamagazine.it"],"url":"https:\/\/www.nonsolomusicamagazine.it\/?author=1"}]}},"amp_enabled":true,"_links":{"self":[{"href":"https:\/\/www.nonsolomusicamagazine.it\/index.php?rest_route=\/wp\/v2\/posts\/10885","targetHints":{"allow":["GET"]}}],"collection":[{"href":"https:\/\/www.nonsolomusicamagazine.it\/index.php?rest_route=\/wp\/v2\/posts"}],"about":[{"href":"https:\/\/www.nonsolomusicamagazine.it\/index.php?rest_route=\/wp\/v2\/types\/post"}],"author":[{"embeddable":true,"href":"https:\/\/www.nonsolomusicamagazine.it\/index.php?rest_route=\/wp\/v2\/users\/1"}],"replies":[{"embeddable":true,"href":"https:\/\/www.nonsolomusicamagazine.it\/index.php?rest_route=%2Fwp%2Fv2%2Fcomments&post=10885"}],"version-history":[{"count":0,"href":"https:\/\/www.nonsolomusicamagazine.it\/index.php?rest_route=\/wp\/v2\/posts\/10885\/revisions"}],"wp:featuredmedia":[{"embeddable":true,"href":"https:\/\/www.nonsolomusicamagazine.it\/index.php?rest_route=\/wp\/v2\/media\/10886"}],"wp:attachment":[{"href":"https:\/\/www.nonsolomusicamagazine.it\/index.php?rest_route=%2Fwp%2Fv2%2Fmedia&parent=10885"}],"wp:term":[{"taxonomy":"category","embeddable":true,"href":"https:\/\/www.nonsolomusicamagazine.it\/index.php?rest_route=%2Fwp%2Fv2%2Fcategories&post=10885"},{"taxonomy":"post_tag","embeddable":true,"href":"https:\/\/www.nonsolomusicamagazine.it\/index.php?rest_route=%2Fwp%2Fv2%2Ftags&post=10885"}],"curies":[{"name":"wp","href":"https:\/\/api.w.org\/{rel}","templated":true}]}}