{"id":10894,"date":"2025-06-27T23:19:57","date_gmt":"2025-06-27T21:19:57","guid":{"rendered":"https:\/\/www.nonsolomusicamagazine.it\/?p=10894"},"modified":"2025-06-27T23:19:58","modified_gmt":"2025-06-27T21:19:58","slug":"nove-anni-fa-la-scomparsa-di-bud-spencer","status":"publish","type":"post","link":"https:\/\/www.nonsolomusicamagazine.it\/?p=10894","title":{"rendered":"Nove anni fa la scomparsa di Bud Spencer"},"content":{"rendered":"\n<p>Carlo Pedersoli (Napoli,\u202f31 ottobre 1929\u202f\u2013 Roma,\u202f27 giugno\u202f2016), pi\u00f9 noto come Bud Spencer, \u00e8 stato un atleta, attore, pilota e autentico simbolo della cultura pop italiana ed europea.<\/p>\n\n\n\n<p>Atleta di alto livello: primo italiano a scendere sotto il minuto nei 100\u202fm stile libero nel 1950, ha vinto 11 titoli nazionali, preso parte a tre Olimpiadi (Helsinki\u202f1952, Melbourne\u202f1956, Roma\u202f1960) e ha praticato pallanuoto, rugby e equitazione. Volto iconico del cinema: adottando lo pseudonimo in omaggio a Spencer Tracy e alla birra Budweiser, ha recitato in oltre 50 film. Ha trovato il successo mondiale al fianco di Terence Hill in cult spaghetti-western (es. Lo chiamavano Trinit\u00e0\u2026 e \u2026continuavano a chiamarlo Trinit\u00e0) e nelle commedie d\u2019azione come la saga di \u201cPiedone\u201d.<\/p>\n\n\n\n<p>Laureato in giurisprudenza, pilota di elicotteri e aerei, inventore e produttore (anche di documentari per la RAI), ha fatto politica e sostenuto cause umanitarie (UNICEF, salvataggi post-terremoto) <\/p>\n\n\n\n<p>Celebre per la sua passione per i banchetti abbondanti \u2014 come quando divor\u00f2 due chili di pasta o 60 polpette in un solo pasto. I figli ricordano che \u00abPartiva sempre con un carico di spaghetti, olio e pomodori\u2026 poteva mangiarseli tutti\u00bb.<\/p>\n\n\n\n<p>Veniva ricordato come \u201cil gigante buono\u201d per la sua presenza massiccia (1,94\u202fm e ~120\u202fkg) ma dall\u2019animo tenero. Il suo impatto culturale \u00e8 tale che in Germania si coniava il verbo sich budspenceren (\u201cpicchiare come Bud Spencer\u201d), ci sono ricette ispirate ai suoi piatti, statue, videogiochi, fan club e mostre dedicate .<\/p>\n\n\n\n<p>Bud Spencer \u00e8 scomparso serenamente il 27 giugno 2016 a Roma, circondato dalla famiglia. Viene ricordato non solo per le sue scazzottate cinematografiche e risate, ma anche per la sua umanit\u00e0, curiosit\u00e0 e generosit\u00e0.<\/p>\n\n\n\n<figure class=\"wp-block-image size-full\"><img decoding=\"async\" width=\"480\" height=\"480\" src=\"https:\/\/www.nonsolomusicamagazine.it\/wp-content\/uploads\/2025\/06\/1000065706.jpg\" alt=\"\" class=\"wp-image-10895\" srcset=\"https:\/\/www.nonsolomusicamagazine.it\/wp-content\/uploads\/2025\/06\/1000065706.jpg 480w, https:\/\/www.nonsolomusicamagazine.it\/wp-content\/uploads\/2025\/06\/1000065706-300x300.jpg 300w, https:\/\/www.nonsolomusicamagazine.it\/wp-content\/uploads\/2025\/06\/1000065706-150x150.jpg 150w\" sizes=\"(max-width: 480px) 100vw, 480px\" \/><\/figure>\n","protected":false},"excerpt":{"rendered":"<p>Carlo Pedersoli (Napoli,\u202f31 ottobre 1929\u202f\u2013 Roma,\u202f27 giugno\u202f2016), pi\u00f9 noto come Bud Spencer, \u00e8 stato un atleta, attore, pilota e autentico simbolo della cultura pop italiana ed europea. Atleta di alto livello: primo italiano a scendere sotto il minuto nei 100\u202fm stile libero nel 1950, ha vinto 11 titoli nazionali, preso parte a tre Olimpiadi (Helsinki\u202f1952, [&hellip;]<\/p>\n","protected":false},"author":1,"featured_media":10895,"comment_status":"open","ping_status":"closed","sticky":false,"template":"","format":"standard","meta":{"footnotes":""},"categories":[135],"tags":[4450],"class_list":["post-10894","post","type-post","status-publish","format-standard","has-post-thumbnail","hentry","category-cinema","tag-bud-spencer"],"yoast_head":"<!-- This site is optimized with the Yoast SEO plugin v27.5 - https:\/\/yoast.com\/product\/yoast-seo-wordpress\/ -->\n<title>Nove anni fa la scomparsa di Bud Spencer - NonSoloMusicaMagazine<\/title>\n<meta name=\"description\" content=\"Bud Spencer\" \/>\n<meta name=\"robots\" content=\"index, follow, max-snippet:-1, max-image-preview:large, max-video-preview:-1\" \/>\n<link rel=\"canonical\" href=\"https:\/\/www.nonsolomusicamagazine.it\/?p=10894\" \/>\n<meta property=\"og:locale\" content=\"it_IT\" \/>\n<meta property=\"og:type\" content=\"article\" \/>\n<meta property=\"og:title\" content=\"Nove anni fa la scomparsa di Bud Spencer - NonSoloMusicaMagazine\" \/>\n<meta property=\"og:description\" content=\"Bud Spencer\" \/>\n<meta property=\"og:url\" content=\"https:\/\/www.nonsolomusicamagazine.it\/?p=10894\" \/>\n<meta property=\"og:site_name\" content=\"NonSoloMusicaMagazine\" \/>\n<meta property=\"article:published_time\" content=\"2025-06-27T21:19:57+00:00\" \/>\n<meta property=\"article:modified_time\" content=\"2025-06-27T21:19:58+00:00\" \/>\n<meta property=\"og:image\" content=\"https:\/\/www.nonsolomusicamagazine.it\/wp-content\/uploads\/2025\/06\/1000065706.jpg\" \/>\n\t<meta property=\"og:image:width\" content=\"480\" \/>\n\t<meta property=\"og:image:height\" content=\"480\" \/>\n\t<meta property=\"og:image:type\" content=\"image\/jpeg\" \/>\n<meta name=\"author\" content=\"nonsolomusica\" \/>\n<meta name=\"twitter:card\" content=\"summary_large_image\" \/>\n<meta name=\"twitter:label1\" content=\"Scritto da\" \/>\n\t<meta name=\"twitter:data1\" content=\"nonsolomusica\" \/>\n\t<meta name=\"twitter:label2\" content=\"Tempo di lettura stimato\" \/>\n\t<meta name=\"twitter:data2\" content=\"2 minuti\" \/>\n<script type=\"application\/ld+json\" class=\"yoast-schema-graph\">{\"@context\":\"https:\\\/\\\/schema.org\",\"@graph\":[{\"@type\":\"Article\",\"@id\":\"https:\\\/\\\/www.nonsolomusicamagazine.it\\\/?p=10894#article\",\"isPartOf\":{\"@id\":\"https:\\\/\\\/www.nonsolomusicamagazine.it\\\/?p=10894\"},\"author\":{\"name\":\"nonsolomusica\",\"@id\":\"https:\\\/\\\/www.nonsolomusicamagazine.it\\\/#\\\/schema\\\/person\\\/a3349ad02300d046472d46cf6d31ae46\"},\"headline\":\"Nove anni fa la scomparsa di Bud Spencer\",\"datePublished\":\"2025-06-27T21:19:57+00:00\",\"dateModified\":\"2025-06-27T21:19:58+00:00\",\"mainEntityOfPage\":{\"@id\":\"https:\\\/\\\/www.nonsolomusicamagazine.it\\\/?p=10894\"},\"wordCount\":268,\"commentCount\":0,\"image\":{\"@id\":\"https:\\\/\\\/www.nonsolomusicamagazine.it\\\/?p=10894#primaryimage\"},\"thumbnailUrl\":\"https:\\\/\\\/www.nonsolomusicamagazine.it\\\/wp-content\\\/uploads\\\/2025\\\/06\\\/1000065706.jpg\",\"keywords\":[\"Bud Spencer\"],\"articleSection\":[\"Cinema\"],\"inLanguage\":\"it-IT\",\"potentialAction\":[{\"@type\":\"CommentAction\",\"name\":\"Comment\",\"target\":[\"https:\\\/\\\/www.nonsolomusicamagazine.it\\\/?p=10894#respond\"]}]},{\"@type\":\"WebPage\",\"@id\":\"https:\\\/\\\/www.nonsolomusicamagazine.it\\\/?p=10894\",\"url\":\"https:\\\/\\\/www.nonsolomusicamagazine.it\\\/?p=10894\",\"name\":\"Nove anni fa la scomparsa di Bud Spencer - NonSoloMusicaMagazine\",\"isPartOf\":{\"@id\":\"https:\\\/\\\/www.nonsolomusicamagazine.it\\\/#website\"},\"primaryImageOfPage\":{\"@id\":\"https:\\\/\\\/www.nonsolomusicamagazine.it\\\/?p=10894#primaryimage\"},\"image\":{\"@id\":\"https:\\\/\\\/www.nonsolomusicamagazine.it\\\/?p=10894#primaryimage\"},\"thumbnailUrl\":\"https:\\\/\\\/www.nonsolomusicamagazine.it\\\/wp-content\\\/uploads\\\/2025\\\/06\\\/1000065706.jpg\",\"datePublished\":\"2025-06-27T21:19:57+00:00\",\"dateModified\":\"2025-06-27T21:19:58+00:00\",\"author\":{\"@id\":\"https:\\\/\\\/www.nonsolomusicamagazine.it\\\/#\\\/schema\\\/person\\\/a3349ad02300d046472d46cf6d31ae46\"},\"description\":\"Bud Spencer\",\"breadcrumb\":{\"@id\":\"https:\\\/\\\/www.nonsolomusicamagazine.it\\\/?p=10894#breadcrumb\"},\"inLanguage\":\"it-IT\",\"potentialAction\":[{\"@type\":\"ReadAction\",\"target\":[\"https:\\\/\\\/www.nonsolomusicamagazine.it\\\/?p=10894\"]}]},{\"@type\":\"ImageObject\",\"inLanguage\":\"it-IT\",\"@id\":\"https:\\\/\\\/www.nonsolomusicamagazine.it\\\/?p=10894#primaryimage\",\"url\":\"https:\\\/\\\/www.nonsolomusicamagazine.it\\\/wp-content\\\/uploads\\\/2025\\\/06\\\/1000065706.jpg\",\"contentUrl\":\"https:\\\/\\\/www.nonsolomusicamagazine.it\\\/wp-content\\\/uploads\\\/2025\\\/06\\\/1000065706.jpg\",\"width\":480,\"height\":480},{\"@type\":\"BreadcrumbList\",\"@id\":\"https:\\\/\\\/www.nonsolomusicamagazine.it\\\/?p=10894#breadcrumb\",\"itemListElement\":[{\"@type\":\"ListItem\",\"position\":1,\"name\":\"Home\",\"item\":\"https:\\\/\\\/www.nonsolomusicamagazine.it\\\/\"},{\"@type\":\"ListItem\",\"position\":2,\"name\":\"Nove anni fa la scomparsa di Bud Spencer\"}]},{\"@type\":\"WebSite\",\"@id\":\"https:\\\/\\\/www.nonsolomusicamagazine.it\\\/#website\",\"url\":\"https:\\\/\\\/www.nonsolomusicamagazine.it\\\/\",\"name\":\"Nonsolomusicamagazine\",\"description\":\"Dir. responsabile Manuel M Buccarella\",\"potentialAction\":[{\"@type\":\"SearchAction\",\"target\":{\"@type\":\"EntryPoint\",\"urlTemplate\":\"https:\\\/\\\/www.nonsolomusicamagazine.it\\\/?s={search_term_string}\"},\"query-input\":{\"@type\":\"PropertyValueSpecification\",\"valueRequired\":true,\"valueName\":\"search_term_string\"}}],\"inLanguage\":\"it-IT\"},{\"@type\":\"Person\",\"@id\":\"https:\\\/\\\/www.nonsolomusicamagazine.it\\\/#\\\/schema\\\/person\\\/a3349ad02300d046472d46cf6d31ae46\",\"name\":\"nonsolomusica\",\"image\":{\"@type\":\"ImageObject\",\"inLanguage\":\"it-IT\",\"@id\":\"https:\\\/\\\/www.nonsolomusicamagazine.it\\\/wp-content\\\/litespeed\\\/avatar\\\/3a675484bc84db6aba78d43bfc8b7197.jpg?ver=1776880798\",\"url\":\"https:\\\/\\\/www.nonsolomusicamagazine.it\\\/wp-content\\\/litespeed\\\/avatar\\\/3a675484bc84db6aba78d43bfc8b7197.jpg?ver=1776880798\",\"contentUrl\":\"https:\\\/\\\/www.nonsolomusicamagazine.it\\\/wp-content\\\/litespeed\\\/avatar\\\/3a675484bc84db6aba78d43bfc8b7197.jpg?ver=1776880798\",\"caption\":\"nonsolomusica\"},\"sameAs\":[\"https:\\\/\\\/www.nonsolomusicamagazine.it\"],\"url\":\"https:\\\/\\\/www.nonsolomusicamagazine.it\\\/?author=1\"}]}<\/script>\n<!-- \/ Yoast SEO plugin. -->","yoast_head_json":{"title":"Nove anni fa la scomparsa di Bud Spencer - NonSoloMusicaMagazine","description":"Bud Spencer","robots":{"index":"index","follow":"follow","max-snippet":"max-snippet:-1","max-image-preview":"max-image-preview:large","max-video-preview":"max-video-preview:-1"},"canonical":"https:\/\/www.nonsolomusicamagazine.it\/?p=10894","og_locale":"it_IT","og_type":"article","og_title":"Nove anni fa la scomparsa di Bud Spencer - NonSoloMusicaMagazine","og_description":"Bud Spencer","og_url":"https:\/\/www.nonsolomusicamagazine.it\/?p=10894","og_site_name":"NonSoloMusicaMagazine","article_published_time":"2025-06-27T21:19:57+00:00","article_modified_time":"2025-06-27T21:19:58+00:00","og_image":[{"width":480,"height":480,"url":"https:\/\/www.nonsolomusicamagazine.it\/wp-content\/uploads\/2025\/06\/1000065706.jpg","type":"image\/jpeg"}],"author":"nonsolomusica","twitter_card":"summary_large_image","twitter_misc":{"Scritto da":"nonsolomusica","Tempo di lettura stimato":"2 minuti"},"schema":{"@context":"https:\/\/schema.org","@graph":[{"@type":"Article","@id":"https:\/\/www.nonsolomusicamagazine.it\/?p=10894#article","isPartOf":{"@id":"https:\/\/www.nonsolomusicamagazine.it\/?p=10894"},"author":{"name":"nonsolomusica","@id":"https:\/\/www.nonsolomusicamagazine.it\/#\/schema\/person\/a3349ad02300d046472d46cf6d31ae46"},"headline":"Nove anni fa la scomparsa di Bud Spencer","datePublished":"2025-06-27T21:19:57+00:00","dateModified":"2025-06-27T21:19:58+00:00","mainEntityOfPage":{"@id":"https:\/\/www.nonsolomusicamagazine.it\/?p=10894"},"wordCount":268,"commentCount":0,"image":{"@id":"https:\/\/www.nonsolomusicamagazine.it\/?p=10894#primaryimage"},"thumbnailUrl":"https:\/\/www.nonsolomusicamagazine.it\/wp-content\/uploads\/2025\/06\/1000065706.jpg","keywords":["Bud Spencer"],"articleSection":["Cinema"],"inLanguage":"it-IT","potentialAction":[{"@type":"CommentAction","name":"Comment","target":["https:\/\/www.nonsolomusicamagazine.it\/?p=10894#respond"]}]},{"@type":"WebPage","@id":"https:\/\/www.nonsolomusicamagazine.it\/?p=10894","url":"https:\/\/www.nonsolomusicamagazine.it\/?p=10894","name":"Nove anni fa la scomparsa di Bud Spencer - NonSoloMusicaMagazine","isPartOf":{"@id":"https:\/\/www.nonsolomusicamagazine.it\/#website"},"primaryImageOfPage":{"@id":"https:\/\/www.nonsolomusicamagazine.it\/?p=10894#primaryimage"},"image":{"@id":"https:\/\/www.nonsolomusicamagazine.it\/?p=10894#primaryimage"},"thumbnailUrl":"https:\/\/www.nonsolomusicamagazine.it\/wp-content\/uploads\/2025\/06\/1000065706.jpg","datePublished":"2025-06-27T21:19:57+00:00","dateModified":"2025-06-27T21:19:58+00:00","author":{"@id":"https:\/\/www.nonsolomusicamagazine.it\/#\/schema\/person\/a3349ad02300d046472d46cf6d31ae46"},"description":"Bud Spencer","breadcrumb":{"@id":"https:\/\/www.nonsolomusicamagazine.it\/?p=10894#breadcrumb"},"inLanguage":"it-IT","potentialAction":[{"@type":"ReadAction","target":["https:\/\/www.nonsolomusicamagazine.it\/?p=10894"]}]},{"@type":"ImageObject","inLanguage":"it-IT","@id":"https:\/\/www.nonsolomusicamagazine.it\/?p=10894#primaryimage","url":"https:\/\/www.nonsolomusicamagazine.it\/wp-content\/uploads\/2025\/06\/1000065706.jpg","contentUrl":"https:\/\/www.nonsolomusicamagazine.it\/wp-content\/uploads\/2025\/06\/1000065706.jpg","width":480,"height":480},{"@type":"BreadcrumbList","@id":"https:\/\/www.nonsolomusicamagazine.it\/?p=10894#breadcrumb","itemListElement":[{"@type":"ListItem","position":1,"name":"Home","item":"https:\/\/www.nonsolomusicamagazine.it\/"},{"@type":"ListItem","position":2,"name":"Nove anni fa la scomparsa di Bud Spencer"}]},{"@type":"WebSite","@id":"https:\/\/www.nonsolomusicamagazine.it\/#website","url":"https:\/\/www.nonsolomusicamagazine.it\/","name":"Nonsolomusicamagazine","description":"Dir. responsabile Manuel M Buccarella","potentialAction":[{"@type":"SearchAction","target":{"@type":"EntryPoint","urlTemplate":"https:\/\/www.nonsolomusicamagazine.it\/?s={search_term_string}"},"query-input":{"@type":"PropertyValueSpecification","valueRequired":true,"valueName":"search_term_string"}}],"inLanguage":"it-IT"},{"@type":"Person","@id":"https:\/\/www.nonsolomusicamagazine.it\/#\/schema\/person\/a3349ad02300d046472d46cf6d31ae46","name":"nonsolomusica","image":{"@type":"ImageObject","inLanguage":"it-IT","@id":"https:\/\/www.nonsolomusicamagazine.it\/wp-content\/litespeed\/avatar\/3a675484bc84db6aba78d43bfc8b7197.jpg?ver=1776880798","url":"https:\/\/www.nonsolomusicamagazine.it\/wp-content\/litespeed\/avatar\/3a675484bc84db6aba78d43bfc8b7197.jpg?ver=1776880798","contentUrl":"https:\/\/www.nonsolomusicamagazine.it\/wp-content\/litespeed\/avatar\/3a675484bc84db6aba78d43bfc8b7197.jpg?ver=1776880798","caption":"nonsolomusica"},"sameAs":["https:\/\/www.nonsolomusicamagazine.it"],"url":"https:\/\/www.nonsolomusicamagazine.it\/?author=1"}]}},"amp_enabled":true,"_links":{"self":[{"href":"https:\/\/www.nonsolomusicamagazine.it\/index.php?rest_route=\/wp\/v2\/posts\/10894","targetHints":{"allow":["GET"]}}],"collection":[{"href":"https:\/\/www.nonsolomusicamagazine.it\/index.php?rest_route=\/wp\/v2\/posts"}],"about":[{"href":"https:\/\/www.nonsolomusicamagazine.it\/index.php?rest_route=\/wp\/v2\/types\/post"}],"author":[{"embeddable":true,"href":"https:\/\/www.nonsolomusicamagazine.it\/index.php?rest_route=\/wp\/v2\/users\/1"}],"replies":[{"embeddable":true,"href":"https:\/\/www.nonsolomusicamagazine.it\/index.php?rest_route=%2Fwp%2Fv2%2Fcomments&post=10894"}],"version-history":[{"count":0,"href":"https:\/\/www.nonsolomusicamagazine.it\/index.php?rest_route=\/wp\/v2\/posts\/10894\/revisions"}],"wp:featuredmedia":[{"embeddable":true,"href":"https:\/\/www.nonsolomusicamagazine.it\/index.php?rest_route=\/wp\/v2\/media\/10895"}],"wp:attachment":[{"href":"https:\/\/www.nonsolomusicamagazine.it\/index.php?rest_route=%2Fwp%2Fv2%2Fmedia&parent=10894"}],"wp:term":[{"taxonomy":"category","embeddable":true,"href":"https:\/\/www.nonsolomusicamagazine.it\/index.php?rest_route=%2Fwp%2Fv2%2Fcategories&post=10894"},{"taxonomy":"post_tag","embeddable":true,"href":"https:\/\/www.nonsolomusicamagazine.it\/index.php?rest_route=%2Fwp%2Fv2%2Ftags&post=10894"}],"curies":[{"name":"wp","href":"https:\/\/api.w.org\/{rel}","templated":true}]}}