{"id":10917,"date":"2025-06-30T21:34:51","date_gmt":"2025-06-30T19:34:51","guid":{"rendered":"https:\/\/www.nonsolomusicamagazine.it\/?p=10917"},"modified":"2025-06-30T21:35:03","modified_gmt":"2025-06-30T19:35:03","slug":"la-strage-degli-ulivi-in-nome-del-green-ce-lo-racconta-marcello-veneziani","status":"publish","type":"post","link":"https:\/\/www.nonsolomusicamagazine.it\/?p=10917","title":{"rendered":"La strage degli ulivi in nome del green. Ce lo racconta Marcello Veneziani"},"content":{"rendered":"\n<p>Il 28 giugno sul suo blog e sul n. 27 di <em>Panorama<\/em> il noto giornalista e scrittore pugliese Marcello Veneziani affronta, ancora una volta, il tema del sacrificio degli ulivi salentini e pugliesi evidentemente non solo &#8211; o non propriamente &#8211; per la rimozione della xylella fastidiosa, ma anche e particolarmente, per esigenze connesse alla speculazione privata.<\/p>\n\n\n\n<p>Ecco il significativo incipit dell&#8217;<a href=\"https:\/\/www.marcelloveneziani.com\/articoli\/la-strage-degli-ulivi-in-nome-del-green\/\">articolo di Marcello Veneziani <\/a><\/p>\n\n\n\n<p>&#8220;Non bastava la xylella, la malattia mortale delle piante, a distruggere gli ulivi in Puglia, pi\u00f9 lo sciame delle speculazioni al seguito. Non bastava l\u2019edilizia forsennata dei decenni passati, la trasformazione di terreni agricoli in suoli edificabili o per insediamenti commerciali e industriali. Sono arrivate le pale eoliche e i pannelli solari a decidere la strage di ulivi col pretesto grottesco della svolta green. Si, nel nome del verde vengono espiantati e distrutti migliaia di ulivi.&#8221;<\/p>\n\n\n\n<p>E continua Veneziani:&#8221;Partiamo dalla capitale dell\u2019olivo, Bitonto. Duemila ulivi sono stati strappati a viva forza dal loro suolo, piante sanissime e ulivi secolari, per far sorgere in un agro, il Pozzo delle Grue, un grande impianto fotovoltaico. Quindici ettari sono stati comprati da una multinazionale francese e sono state sradicate migliaia di piante per creare energie alternative. La stessa cosa \u00e8 accaduta in Salento per far nascere un grande parco eolico tra Vernole e Castr\u00ec. La prima localit\u00e0 colpita da questa furia verde e devastatrice \u00e8 stata l\u2019agro di Sannicandro di Bari, una cittadina agricola a sud del capoluogo pugliese, famosa per la qualit\u00e0 del suo olio extravergine d\u2019oliva. Ulivi in salute, verdissimi e fruttuosi, eradicati per far posto a un campo nero di pannelli solari. Con la beffa aggiuntiva che l\u2019operazione era salutata dal comune locale con la giustificazione di migliorare la qualit\u00e0 dell\u2019ambiente e dell\u2019aria; tu distruggi alberi di ulivi e migliori l\u2019ambiente, migliori l\u2019aria\u2026 Siamo al mondo capovolto di Orwell in formato oliva\u2026&#8221;<\/p>\n\n\n\n<p>Ci sono stati enti locali che hanno provato ad opporsi alla realizzazione di &#8220;campi&#8221; di fotovoltaico o di pale eoliche, sulla spinta dei comitati di olivicultori e cittadini della conca barese, ma il governo ha dato il via libera perch\u00e9 impiantare pale eoliche o pannelli solari \u00e8 ritenuta  \u201copera di pubblica utilit\u00e0\u201d. Per di pi\u00f9 a molti agricoltori ha fatto comodo, economicamente, vendere i loro terreni di ulivi alle aziende , a volte anche multinazionali francesi, per realizzare l&#8217;esproprio: l\u2019offerta \u00e8 infatti pari a tre volte il valore di un terreno agricolo&#8230;<\/p>\n\n\n\n<p>I paesaggi &#8220;marziani&#8221;, quelli che innaturalmente popolano i terreni un tempo agricoli, oggi diventati appannaggio di orridi  campi per impianti fotovoltaici o per disumane pale eoliche, sono diventati sostituti dei domestici terreni agricoli a causa della legge dell&#8217;offerta economica: &#8220;meglio realizzare subito e tanto, piuttosto che continuare un\u2019attivit\u00e0 difficile, in balia del clima bizzarro e di troppi fattori, oltre che alla merc\u00e9 del sostegno pubblico, quello che un tempo si chiamava \u201cl\u2019integrazione dell\u2019olio\u201d, spiega Veneziani .Siamo invasi da richieste per impianti fotovoltaici, dicono gli agricoltori, il giro d\u2019affari \u00e8 internazionale&#8221;.<\/p>\n\n\n\n<figure class=\"wp-block-image size-full\"><img decoding=\"async\" width=\"768\" height=\"432\" src=\"https:\/\/www.nonsolomusicamagazine.it\/wp-content\/uploads\/2025\/06\/1000066279.jpg\" alt=\"\" class=\"wp-image-10918\" srcset=\"https:\/\/www.nonsolomusicamagazine.it\/wp-content\/uploads\/2025\/06\/1000066279.jpg 768w, https:\/\/www.nonsolomusicamagazine.it\/wp-content\/uploads\/2025\/06\/1000066279-300x169.jpg 300w\" sizes=\"(max-width: 768px) 100vw, 768px\" \/><\/figure>\n\n\n\n<p><\/p>\n","protected":false},"excerpt":{"rendered":"<p>Il 28 giugno sul suo blog e sul n. 27 di Panorama il noto giornalista e scrittore pugliese Marcello Veneziani affronta, ancora una volta, il tema del sacrificio degli ulivi salentini e pugliesi evidentemente non solo &#8211; o non propriamente &#8211; per la rimozione della xylella fastidiosa, ma anche e particolarmente, per esigenze connesse alla [&hellip;]<\/p>\n","protected":false},"author":1,"featured_media":10918,"comment_status":"open","ping_status":"closed","sticky":false,"template":"","format":"standard","meta":{"footnotes":""},"categories":[113,20],"tags":[4456,4454,344,343],"class_list":["post-10917","post","type-post","status-publish","format-standard","has-post-thumbnail","hentry","category-economia","category-societa","tag-fotovoltaico","tag-green","tag-ulivi","tag-xylella"],"yoast_head":"<!-- This site is optimized with the Yoast SEO plugin v27.4 - https:\/\/yoast.com\/product\/yoast-seo-wordpress\/ -->\n<title>La strage degli ulivi in nome del green. Ce lo racconta Marcello Veneziani - NonSoloMusicaMagazine<\/title>\n<meta name=\"description\" content=\"La strage degli ulivi in nome del green. Ce lo racconta Marcello Veneziani\" \/>\n<meta name=\"robots\" content=\"index, follow, max-snippet:-1, max-image-preview:large, max-video-preview:-1\" \/>\n<link rel=\"canonical\" href=\"https:\/\/www.nonsolomusicamagazine.it\/?p=10917\" \/>\n<meta property=\"og:locale\" content=\"it_IT\" \/>\n<meta property=\"og:type\" content=\"article\" \/>\n<meta property=\"og:title\" content=\"La strage degli ulivi in nome del green. Ce lo racconta Marcello Veneziani - NonSoloMusicaMagazine\" \/>\n<meta property=\"og:description\" content=\"La strage degli ulivi in nome del green. Ce lo racconta Marcello Veneziani\" \/>\n<meta property=\"og:url\" content=\"https:\/\/www.nonsolomusicamagazine.it\/?p=10917\" \/>\n<meta property=\"og:site_name\" content=\"NonSoloMusicaMagazine\" \/>\n<meta property=\"article:published_time\" content=\"2025-06-30T19:34:51+00:00\" \/>\n<meta property=\"article:modified_time\" content=\"2025-06-30T19:35:03+00:00\" \/>\n<meta property=\"og:image\" content=\"https:\/\/www.nonsolomusicamagazine.it\/wp-content\/uploads\/2025\/06\/1000066279.jpg\" \/>\n\t<meta property=\"og:image:width\" content=\"768\" \/>\n\t<meta property=\"og:image:height\" content=\"432\" \/>\n\t<meta property=\"og:image:type\" content=\"image\/jpeg\" \/>\n<meta name=\"author\" content=\"nonsolomusica\" \/>\n<meta name=\"twitter:card\" content=\"summary_large_image\" \/>\n<meta name=\"twitter:label1\" content=\"Scritto da\" \/>\n\t<meta name=\"twitter:data1\" content=\"nonsolomusica\" \/>\n\t<meta name=\"twitter:label2\" content=\"Tempo di lettura stimato\" \/>\n\t<meta name=\"twitter:data2\" content=\"3 minuti\" \/>\n<script type=\"application\/ld+json\" class=\"yoast-schema-graph\">{\"@context\":\"https:\\\/\\\/schema.org\",\"@graph\":[{\"@type\":\"Article\",\"@id\":\"https:\\\/\\\/www.nonsolomusicamagazine.it\\\/?p=10917#article\",\"isPartOf\":{\"@id\":\"https:\\\/\\\/www.nonsolomusicamagazine.it\\\/?p=10917\"},\"author\":{\"name\":\"nonsolomusica\",\"@id\":\"https:\\\/\\\/www.nonsolomusicamagazine.it\\\/#\\\/schema\\\/person\\\/a3349ad02300d046472d46cf6d31ae46\"},\"headline\":\"La strage degli ulivi in nome del green. Ce lo racconta Marcello Veneziani\",\"datePublished\":\"2025-06-30T19:34:51+00:00\",\"dateModified\":\"2025-06-30T19:35:03+00:00\",\"mainEntityOfPage\":{\"@id\":\"https:\\\/\\\/www.nonsolomusicamagazine.it\\\/?p=10917\"},\"wordCount\":512,\"commentCount\":0,\"image\":{\"@id\":\"https:\\\/\\\/www.nonsolomusicamagazine.it\\\/?p=10917#primaryimage\"},\"thumbnailUrl\":\"https:\\\/\\\/www.nonsolomusicamagazine.it\\\/wp-content\\\/uploads\\\/2025\\\/06\\\/1000066279.jpg\",\"keywords\":[\"Fotovoltaico\",\"Green\",\"Ulivi\",\"Xylella\"],\"articleSection\":[\"Economia\",\"Societ\u00e0\"],\"inLanguage\":\"it-IT\",\"potentialAction\":[{\"@type\":\"CommentAction\",\"name\":\"Comment\",\"target\":[\"https:\\\/\\\/www.nonsolomusicamagazine.it\\\/?p=10917#respond\"]}]},{\"@type\":\"WebPage\",\"@id\":\"https:\\\/\\\/www.nonsolomusicamagazine.it\\\/?p=10917\",\"url\":\"https:\\\/\\\/www.nonsolomusicamagazine.it\\\/?p=10917\",\"name\":\"La strage degli ulivi in nome del green. Ce lo racconta Marcello Veneziani - NonSoloMusicaMagazine\",\"isPartOf\":{\"@id\":\"https:\\\/\\\/www.nonsolomusicamagazine.it\\\/#website\"},\"primaryImageOfPage\":{\"@id\":\"https:\\\/\\\/www.nonsolomusicamagazine.it\\\/?p=10917#primaryimage\"},\"image\":{\"@id\":\"https:\\\/\\\/www.nonsolomusicamagazine.it\\\/?p=10917#primaryimage\"},\"thumbnailUrl\":\"https:\\\/\\\/www.nonsolomusicamagazine.it\\\/wp-content\\\/uploads\\\/2025\\\/06\\\/1000066279.jpg\",\"datePublished\":\"2025-06-30T19:34:51+00:00\",\"dateModified\":\"2025-06-30T19:35:03+00:00\",\"author\":{\"@id\":\"https:\\\/\\\/www.nonsolomusicamagazine.it\\\/#\\\/schema\\\/person\\\/a3349ad02300d046472d46cf6d31ae46\"},\"description\":\"La strage degli ulivi in nome del green. Ce lo racconta Marcello Veneziani\",\"breadcrumb\":{\"@id\":\"https:\\\/\\\/www.nonsolomusicamagazine.it\\\/?p=10917#breadcrumb\"},\"inLanguage\":\"it-IT\",\"potentialAction\":[{\"@type\":\"ReadAction\",\"target\":[\"https:\\\/\\\/www.nonsolomusicamagazine.it\\\/?p=10917\"]}]},{\"@type\":\"ImageObject\",\"inLanguage\":\"it-IT\",\"@id\":\"https:\\\/\\\/www.nonsolomusicamagazine.it\\\/?p=10917#primaryimage\",\"url\":\"https:\\\/\\\/www.nonsolomusicamagazine.it\\\/wp-content\\\/uploads\\\/2025\\\/06\\\/1000066279.jpg\",\"contentUrl\":\"https:\\\/\\\/www.nonsolomusicamagazine.it\\\/wp-content\\\/uploads\\\/2025\\\/06\\\/1000066279.jpg\",\"width\":768,\"height\":432},{\"@type\":\"BreadcrumbList\",\"@id\":\"https:\\\/\\\/www.nonsolomusicamagazine.it\\\/?p=10917#breadcrumb\",\"itemListElement\":[{\"@type\":\"ListItem\",\"position\":1,\"name\":\"Home\",\"item\":\"https:\\\/\\\/www.nonsolomusicamagazine.it\\\/\"},{\"@type\":\"ListItem\",\"position\":2,\"name\":\"La strage degli ulivi in nome del green. Ce lo racconta Marcello Veneziani\"}]},{\"@type\":\"WebSite\",\"@id\":\"https:\\\/\\\/www.nonsolomusicamagazine.it\\\/#website\",\"url\":\"https:\\\/\\\/www.nonsolomusicamagazine.it\\\/\",\"name\":\"Nonsolomusicamagazine\",\"description\":\"Dir. responsabile Manuel M Buccarella\",\"potentialAction\":[{\"@type\":\"SearchAction\",\"target\":{\"@type\":\"EntryPoint\",\"urlTemplate\":\"https:\\\/\\\/www.nonsolomusicamagazine.it\\\/?s={search_term_string}\"},\"query-input\":{\"@type\":\"PropertyValueSpecification\",\"valueRequired\":true,\"valueName\":\"search_term_string\"}}],\"inLanguage\":\"it-IT\"},{\"@type\":\"Person\",\"@id\":\"https:\\\/\\\/www.nonsolomusicamagazine.it\\\/#\\\/schema\\\/person\\\/a3349ad02300d046472d46cf6d31ae46\",\"name\":\"nonsolomusica\",\"image\":{\"@type\":\"ImageObject\",\"inLanguage\":\"it-IT\",\"@id\":\"https:\\\/\\\/www.nonsolomusicamagazine.it\\\/wp-content\\\/litespeed\\\/avatar\\\/3a675484bc84db6aba78d43bfc8b7197.jpg?ver=1776880798\",\"url\":\"https:\\\/\\\/www.nonsolomusicamagazine.it\\\/wp-content\\\/litespeed\\\/avatar\\\/3a675484bc84db6aba78d43bfc8b7197.jpg?ver=1776880798\",\"contentUrl\":\"https:\\\/\\\/www.nonsolomusicamagazine.it\\\/wp-content\\\/litespeed\\\/avatar\\\/3a675484bc84db6aba78d43bfc8b7197.jpg?ver=1776880798\",\"caption\":\"nonsolomusica\"},\"sameAs\":[\"https:\\\/\\\/www.nonsolomusicamagazine.it\"],\"url\":\"https:\\\/\\\/www.nonsolomusicamagazine.it\\\/?author=1\"}]}<\/script>\n<!-- \/ Yoast SEO plugin. -->","yoast_head_json":{"title":"La strage degli ulivi in nome del green. Ce lo racconta Marcello Veneziani - NonSoloMusicaMagazine","description":"La strage degli ulivi in nome del green. Ce lo racconta Marcello Veneziani","robots":{"index":"index","follow":"follow","max-snippet":"max-snippet:-1","max-image-preview":"max-image-preview:large","max-video-preview":"max-video-preview:-1"},"canonical":"https:\/\/www.nonsolomusicamagazine.it\/?p=10917","og_locale":"it_IT","og_type":"article","og_title":"La strage degli ulivi in nome del green. Ce lo racconta Marcello Veneziani - NonSoloMusicaMagazine","og_description":"La strage degli ulivi in nome del green. Ce lo racconta Marcello Veneziani","og_url":"https:\/\/www.nonsolomusicamagazine.it\/?p=10917","og_site_name":"NonSoloMusicaMagazine","article_published_time":"2025-06-30T19:34:51+00:00","article_modified_time":"2025-06-30T19:35:03+00:00","og_image":[{"width":768,"height":432,"url":"https:\/\/www.nonsolomusicamagazine.it\/wp-content\/uploads\/2025\/06\/1000066279.jpg","type":"image\/jpeg"}],"author":"nonsolomusica","twitter_card":"summary_large_image","twitter_misc":{"Scritto da":"nonsolomusica","Tempo di lettura stimato":"3 minuti"},"schema":{"@context":"https:\/\/schema.org","@graph":[{"@type":"Article","@id":"https:\/\/www.nonsolomusicamagazine.it\/?p=10917#article","isPartOf":{"@id":"https:\/\/www.nonsolomusicamagazine.it\/?p=10917"},"author":{"name":"nonsolomusica","@id":"https:\/\/www.nonsolomusicamagazine.it\/#\/schema\/person\/a3349ad02300d046472d46cf6d31ae46"},"headline":"La strage degli ulivi in nome del green. Ce lo racconta Marcello Veneziani","datePublished":"2025-06-30T19:34:51+00:00","dateModified":"2025-06-30T19:35:03+00:00","mainEntityOfPage":{"@id":"https:\/\/www.nonsolomusicamagazine.it\/?p=10917"},"wordCount":512,"commentCount":0,"image":{"@id":"https:\/\/www.nonsolomusicamagazine.it\/?p=10917#primaryimage"},"thumbnailUrl":"https:\/\/www.nonsolomusicamagazine.it\/wp-content\/uploads\/2025\/06\/1000066279.jpg","keywords":["Fotovoltaico","Green","Ulivi","Xylella"],"articleSection":["Economia","Societ\u00e0"],"inLanguage":"it-IT","potentialAction":[{"@type":"CommentAction","name":"Comment","target":["https:\/\/www.nonsolomusicamagazine.it\/?p=10917#respond"]}]},{"@type":"WebPage","@id":"https:\/\/www.nonsolomusicamagazine.it\/?p=10917","url":"https:\/\/www.nonsolomusicamagazine.it\/?p=10917","name":"La strage degli ulivi in nome del green. Ce lo racconta Marcello Veneziani - NonSoloMusicaMagazine","isPartOf":{"@id":"https:\/\/www.nonsolomusicamagazine.it\/#website"},"primaryImageOfPage":{"@id":"https:\/\/www.nonsolomusicamagazine.it\/?p=10917#primaryimage"},"image":{"@id":"https:\/\/www.nonsolomusicamagazine.it\/?p=10917#primaryimage"},"thumbnailUrl":"https:\/\/www.nonsolomusicamagazine.it\/wp-content\/uploads\/2025\/06\/1000066279.jpg","datePublished":"2025-06-30T19:34:51+00:00","dateModified":"2025-06-30T19:35:03+00:00","author":{"@id":"https:\/\/www.nonsolomusicamagazine.it\/#\/schema\/person\/a3349ad02300d046472d46cf6d31ae46"},"description":"La strage degli ulivi in nome del green. Ce lo racconta Marcello Veneziani","breadcrumb":{"@id":"https:\/\/www.nonsolomusicamagazine.it\/?p=10917#breadcrumb"},"inLanguage":"it-IT","potentialAction":[{"@type":"ReadAction","target":["https:\/\/www.nonsolomusicamagazine.it\/?p=10917"]}]},{"@type":"ImageObject","inLanguage":"it-IT","@id":"https:\/\/www.nonsolomusicamagazine.it\/?p=10917#primaryimage","url":"https:\/\/www.nonsolomusicamagazine.it\/wp-content\/uploads\/2025\/06\/1000066279.jpg","contentUrl":"https:\/\/www.nonsolomusicamagazine.it\/wp-content\/uploads\/2025\/06\/1000066279.jpg","width":768,"height":432},{"@type":"BreadcrumbList","@id":"https:\/\/www.nonsolomusicamagazine.it\/?p=10917#breadcrumb","itemListElement":[{"@type":"ListItem","position":1,"name":"Home","item":"https:\/\/www.nonsolomusicamagazine.it\/"},{"@type":"ListItem","position":2,"name":"La strage degli ulivi in nome del green. Ce lo racconta Marcello Veneziani"}]},{"@type":"WebSite","@id":"https:\/\/www.nonsolomusicamagazine.it\/#website","url":"https:\/\/www.nonsolomusicamagazine.it\/","name":"Nonsolomusicamagazine","description":"Dir. responsabile Manuel M Buccarella","potentialAction":[{"@type":"SearchAction","target":{"@type":"EntryPoint","urlTemplate":"https:\/\/www.nonsolomusicamagazine.it\/?s={search_term_string}"},"query-input":{"@type":"PropertyValueSpecification","valueRequired":true,"valueName":"search_term_string"}}],"inLanguage":"it-IT"},{"@type":"Person","@id":"https:\/\/www.nonsolomusicamagazine.it\/#\/schema\/person\/a3349ad02300d046472d46cf6d31ae46","name":"nonsolomusica","image":{"@type":"ImageObject","inLanguage":"it-IT","@id":"https:\/\/www.nonsolomusicamagazine.it\/wp-content\/litespeed\/avatar\/3a675484bc84db6aba78d43bfc8b7197.jpg?ver=1776880798","url":"https:\/\/www.nonsolomusicamagazine.it\/wp-content\/litespeed\/avatar\/3a675484bc84db6aba78d43bfc8b7197.jpg?ver=1776880798","contentUrl":"https:\/\/www.nonsolomusicamagazine.it\/wp-content\/litespeed\/avatar\/3a675484bc84db6aba78d43bfc8b7197.jpg?ver=1776880798","caption":"nonsolomusica"},"sameAs":["https:\/\/www.nonsolomusicamagazine.it"],"url":"https:\/\/www.nonsolomusicamagazine.it\/?author=1"}]}},"amp_enabled":true,"_links":{"self":[{"href":"https:\/\/www.nonsolomusicamagazine.it\/index.php?rest_route=\/wp\/v2\/posts\/10917","targetHints":{"allow":["GET"]}}],"collection":[{"href":"https:\/\/www.nonsolomusicamagazine.it\/index.php?rest_route=\/wp\/v2\/posts"}],"about":[{"href":"https:\/\/www.nonsolomusicamagazine.it\/index.php?rest_route=\/wp\/v2\/types\/post"}],"author":[{"embeddable":true,"href":"https:\/\/www.nonsolomusicamagazine.it\/index.php?rest_route=\/wp\/v2\/users\/1"}],"replies":[{"embeddable":true,"href":"https:\/\/www.nonsolomusicamagazine.it\/index.php?rest_route=%2Fwp%2Fv2%2Fcomments&post=10917"}],"version-history":[{"count":0,"href":"https:\/\/www.nonsolomusicamagazine.it\/index.php?rest_route=\/wp\/v2\/posts\/10917\/revisions"}],"wp:featuredmedia":[{"embeddable":true,"href":"https:\/\/www.nonsolomusicamagazine.it\/index.php?rest_route=\/wp\/v2\/media\/10918"}],"wp:attachment":[{"href":"https:\/\/www.nonsolomusicamagazine.it\/index.php?rest_route=%2Fwp%2Fv2%2Fmedia&parent=10917"}],"wp:term":[{"taxonomy":"category","embeddable":true,"href":"https:\/\/www.nonsolomusicamagazine.it\/index.php?rest_route=%2Fwp%2Fv2%2Fcategories&post=10917"},{"taxonomy":"post_tag","embeddable":true,"href":"https:\/\/www.nonsolomusicamagazine.it\/index.php?rest_route=%2Fwp%2Fv2%2Ftags&post=10917"}],"curies":[{"name":"wp","href":"https:\/\/api.w.org\/{rel}","templated":true}]}}