{"id":10920,"date":"2025-06-30T22:03:57","date_gmt":"2025-06-30T20:03:57","guid":{"rendered":"https:\/\/www.nonsolomusicamagazine.it\/?p=10920"},"modified":"2025-06-30T22:04:38","modified_gmt":"2025-06-30T20:04:38","slug":"barricate-in-tutta-la-serbia-a-causa-dellarresto-di-massa-di-studenti-dopo-belgrado-e-novi-sad-strade-bloccate-a-smederevo-kragujevo-subotica-cacak-sabac-pancevo-uzice","status":"publish","type":"post","link":"https:\/\/www.nonsolomusicamagazine.it\/?p=10920","title":{"rendered":"Barricate in tutta la Serbia a causa dell&#8217;arresto di massa di studenti. Dopo Belgrado e Novi Sad, strade bloccate a Smederevo, Kragujevo, Subotica, \u010ca\u010dak, \u0160abac, Pan\u010devo, U\u017eice&#8230;"},"content":{"rendered":"\n<p>Su invito di studenti e assemblee cittadine, ieri sera sono iniziati i blocchi stradali principali in diverse localit\u00e0 della Serbia. I cittadini hanno eretto barricate fatte di container, pneumatici e altri ostacoli.Il motivo del raduno sono stati gli arresti degli studenti dopo la grande protesta di ieri a Belgrado, in via Vidovdan, durata tutta la giornata.<\/p>\n\n\n\n<p>Tutto ebbe inizio con le barricate di Belgrado e Novi Sad, ma ben presto si estese a tutta la Serbia.Secondo le informazioni attuali provenienti dai social network, le barricate sono state erette in una dozzina di luoghi a Belgrado, nonch\u00e9 a Novi Sad, Ni\u0161, Kragujevac, Zaje\u010dar, Pan\u010devo, Smederevo, \u0160abac, Subotica, U\u017eice e in altre citt\u00e0.<\/p>\n\n\n\n<p>Oltre agli studenti, il Fronte Verde-Sinistra ha invitato ieri sera tutti i cittadini a unirsi ai blocchi locali e alla disobbedienza civile in corso a Belgrado e in altre citt\u00e0 della Serbia e ha affermato che i parlamentari e i consiglieri dello ZLF nelle assemblee locali, i membri e i simpatizzanti sarebbero stati presenti alle proteste e ai blocchi.<\/p>\n\n\n\n<p>Il coro dei cittadini di Novi Sad ha invitato i cittadini a difendere gli studenti della citt\u00e0.<\/p>\n\n\n\n<p>Secondo le informazioni finora disponibili, anche a Belgrado c&#8217;\u00e8 un gran numero di persone in strada e in dieci punti sono state erette barricate.<\/p>\n\n\n\n<p><em>fonte Novi Dani<\/em><\/p>\n\n\n\n<figure class=\"wp-block-image size-full\"><img decoding=\"async\" width=\"768\" height=\"432\" src=\"https:\/\/www.nonsolomusicamagazine.it\/wp-content\/uploads\/2025\/06\/1000066294.jpg\" alt=\"\" class=\"wp-image-10921\" srcset=\"https:\/\/www.nonsolomusicamagazine.it\/wp-content\/uploads\/2025\/06\/1000066294.jpg 768w, https:\/\/www.nonsolomusicamagazine.it\/wp-content\/uploads\/2025\/06\/1000066294-300x169.jpg 300w\" sizes=\"(max-width: 768px) 100vw, 768px\" \/><figcaption class=\"wp-element-caption\">Barricate a Kragujevac, Serbia<\/figcaption><\/figure>\n\n\n\n<p><\/p>\n","protected":false},"excerpt":{"rendered":"<p>Su invito di studenti e assemblee cittadine, ieri sera sono iniziati i blocchi stradali principali in diverse localit\u00e0 della Serbia. I cittadini hanno eretto barricate fatte di container, pneumatici e altri ostacoli.Il motivo del raduno sono stati gli arresti degli studenti dopo la grande protesta di ieri a Belgrado, in via Vidovdan, durata tutta la [&hellip;]<\/p>\n","protected":false},"author":1,"featured_media":10921,"comment_status":"open","ping_status":"closed","sticky":false,"template":"","format":"standard","meta":{"footnotes":""},"categories":[6],"tags":[3207,4459,3812,1894,1317],"class_list":["post-10920","post","type-post","status-publish","format-standard","has-post-thumbnail","hentry","category-esteri","tag-arresti","tag-barricate","tag-belgrado","tag-serbia","tag-studenti"],"yoast_head":"<!-- This site is optimized with the Yoast SEO plugin v27.5 - https:\/\/yoast.com\/product\/yoast-seo-wordpress\/ -->\n<title>Barricate in tutta la Serbia a causa dell&#039;arresto di massa di studenti. Dopo Belgrado e Novi Sad, strade bloccate a Smederevo, Kragujevo, Subotica, \u010ca\u010dak, \u0160abac, Pan\u010devo, U\u017eice... - NonSoloMusicaMagazine<\/title>\n<meta name=\"description\" content=\"Barricate in tutta la Serbia a causa dell&#039;arresto di massa di studenti. %\" \/>\n<meta name=\"robots\" content=\"index, follow, max-snippet:-1, max-image-preview:large, max-video-preview:-1\" \/>\n<link rel=\"canonical\" href=\"https:\/\/www.nonsolomusicamagazine.it\/?p=10920\" \/>\n<meta property=\"og:locale\" content=\"it_IT\" \/>\n<meta property=\"og:type\" content=\"article\" \/>\n<meta property=\"og:title\" content=\"Barricate in tutta la Serbia a causa dell&#039;arresto di massa di studenti. Dopo Belgrado e Novi Sad, strade bloccate a Smederevo, Kragujevo, Subotica, \u010ca\u010dak, \u0160abac, Pan\u010devo, U\u017eice... - NonSoloMusicaMagazine\" \/>\n<meta property=\"og:description\" content=\"Barricate in tutta la Serbia a causa dell&#039;arresto di massa di studenti. %\" \/>\n<meta property=\"og:url\" content=\"https:\/\/www.nonsolomusicamagazine.it\/?p=10920\" \/>\n<meta property=\"og:site_name\" content=\"NonSoloMusicaMagazine\" \/>\n<meta property=\"article:published_time\" content=\"2025-06-30T20:03:57+00:00\" \/>\n<meta property=\"article:modified_time\" content=\"2025-06-30T20:04:38+00:00\" \/>\n<meta property=\"og:image\" content=\"https:\/\/www.nonsolomusicamagazine.it\/wp-content\/uploads\/2025\/06\/1000066294.jpg\" \/>\n\t<meta property=\"og:image:width\" content=\"768\" \/>\n\t<meta property=\"og:image:height\" content=\"432\" \/>\n\t<meta property=\"og:image:type\" content=\"image\/jpeg\" \/>\n<meta name=\"author\" content=\"nonsolomusica\" \/>\n<meta name=\"twitter:card\" content=\"summary_large_image\" \/>\n<meta name=\"twitter:label1\" content=\"Scritto da\" \/>\n\t<meta name=\"twitter:data1\" content=\"nonsolomusica\" \/>\n\t<meta name=\"twitter:label2\" content=\"Tempo di lettura stimato\" \/>\n\t<meta name=\"twitter:data2\" content=\"2 minuti\" \/>\n<script type=\"application\/ld+json\" class=\"yoast-schema-graph\">{\"@context\":\"https:\\\/\\\/schema.org\",\"@graph\":[{\"@type\":\"Article\",\"@id\":\"https:\\\/\\\/www.nonsolomusicamagazine.it\\\/?p=10920#article\",\"isPartOf\":{\"@id\":\"https:\\\/\\\/www.nonsolomusicamagazine.it\\\/?p=10920\"},\"author\":{\"name\":\"nonsolomusica\",\"@id\":\"https:\\\/\\\/www.nonsolomusicamagazine.it\\\/#\\\/schema\\\/person\\\/a3349ad02300d046472d46cf6d31ae46\"},\"headline\":\"Barricate in tutta la Serbia a causa dell&#8217;arresto di massa di studenti. Dopo Belgrado e Novi Sad, strade bloccate a Smederevo, Kragujevo, Subotica, \u010ca\u010dak, \u0160abac, Pan\u010devo, U\u017eice&#8230;\",\"datePublished\":\"2025-06-30T20:03:57+00:00\",\"dateModified\":\"2025-06-30T20:04:38+00:00\",\"mainEntityOfPage\":{\"@id\":\"https:\\\/\\\/www.nonsolomusicamagazine.it\\\/?p=10920\"},\"wordCount\":254,\"commentCount\":0,\"image\":{\"@id\":\"https:\\\/\\\/www.nonsolomusicamagazine.it\\\/?p=10920#primaryimage\"},\"thumbnailUrl\":\"https:\\\/\\\/www.nonsolomusicamagazine.it\\\/wp-content\\\/uploads\\\/2025\\\/06\\\/1000066294.jpg\",\"keywords\":[\"arresti\",\"Barricate\",\"Belgrado\",\"Serbia\",\"Studenti\"],\"articleSection\":[\"Esteri\"],\"inLanguage\":\"it-IT\",\"potentialAction\":[{\"@type\":\"CommentAction\",\"name\":\"Comment\",\"target\":[\"https:\\\/\\\/www.nonsolomusicamagazine.it\\\/?p=10920#respond\"]}]},{\"@type\":\"WebPage\",\"@id\":\"https:\\\/\\\/www.nonsolomusicamagazine.it\\\/?p=10920\",\"url\":\"https:\\\/\\\/www.nonsolomusicamagazine.it\\\/?p=10920\",\"name\":\"Barricate in tutta la Serbia a causa dell'arresto di massa di studenti. Dopo Belgrado e Novi Sad, strade bloccate a Smederevo, Kragujevo, Subotica, \u010ca\u010dak, \u0160abac, Pan\u010devo, U\u017eice... - NonSoloMusicaMagazine\",\"isPartOf\":{\"@id\":\"https:\\\/\\\/www.nonsolomusicamagazine.it\\\/#website\"},\"primaryImageOfPage\":{\"@id\":\"https:\\\/\\\/www.nonsolomusicamagazine.it\\\/?p=10920#primaryimage\"},\"image\":{\"@id\":\"https:\\\/\\\/www.nonsolomusicamagazine.it\\\/?p=10920#primaryimage\"},\"thumbnailUrl\":\"https:\\\/\\\/www.nonsolomusicamagazine.it\\\/wp-content\\\/uploads\\\/2025\\\/06\\\/1000066294.jpg\",\"datePublished\":\"2025-06-30T20:03:57+00:00\",\"dateModified\":\"2025-06-30T20:04:38+00:00\",\"author\":{\"@id\":\"https:\\\/\\\/www.nonsolomusicamagazine.it\\\/#\\\/schema\\\/person\\\/a3349ad02300d046472d46cf6d31ae46\"},\"description\":\"Barricate in tutta la Serbia a causa dell'arresto di massa di studenti. %\",\"breadcrumb\":{\"@id\":\"https:\\\/\\\/www.nonsolomusicamagazine.it\\\/?p=10920#breadcrumb\"},\"inLanguage\":\"it-IT\",\"potentialAction\":[{\"@type\":\"ReadAction\",\"target\":[\"https:\\\/\\\/www.nonsolomusicamagazine.it\\\/?p=10920\"]}]},{\"@type\":\"ImageObject\",\"inLanguage\":\"it-IT\",\"@id\":\"https:\\\/\\\/www.nonsolomusicamagazine.it\\\/?p=10920#primaryimage\",\"url\":\"https:\\\/\\\/www.nonsolomusicamagazine.it\\\/wp-content\\\/uploads\\\/2025\\\/06\\\/1000066294.jpg\",\"contentUrl\":\"https:\\\/\\\/www.nonsolomusicamagazine.it\\\/wp-content\\\/uploads\\\/2025\\\/06\\\/1000066294.jpg\",\"width\":768,\"height\":432},{\"@type\":\"BreadcrumbList\",\"@id\":\"https:\\\/\\\/www.nonsolomusicamagazine.it\\\/?p=10920#breadcrumb\",\"itemListElement\":[{\"@type\":\"ListItem\",\"position\":1,\"name\":\"Home\",\"item\":\"https:\\\/\\\/www.nonsolomusicamagazine.it\\\/\"},{\"@type\":\"ListItem\",\"position\":2,\"name\":\"Barricate in tutta la Serbia a causa dell&#8217;arresto di massa di studenti. Dopo Belgrado e Novi Sad, strade bloccate a Smederevo, Kragujevo, Subotica, \u010ca\u010dak, \u0160abac, Pan\u010devo, U\u017eice&#8230;\"}]},{\"@type\":\"WebSite\",\"@id\":\"https:\\\/\\\/www.nonsolomusicamagazine.it\\\/#website\",\"url\":\"https:\\\/\\\/www.nonsolomusicamagazine.it\\\/\",\"name\":\"Nonsolomusicamagazine\",\"description\":\"Dir. responsabile Manuel M Buccarella\",\"potentialAction\":[{\"@type\":\"SearchAction\",\"target\":{\"@type\":\"EntryPoint\",\"urlTemplate\":\"https:\\\/\\\/www.nonsolomusicamagazine.it\\\/?s={search_term_string}\"},\"query-input\":{\"@type\":\"PropertyValueSpecification\",\"valueRequired\":true,\"valueName\":\"search_term_string\"}}],\"inLanguage\":\"it-IT\"},{\"@type\":\"Person\",\"@id\":\"https:\\\/\\\/www.nonsolomusicamagazine.it\\\/#\\\/schema\\\/person\\\/a3349ad02300d046472d46cf6d31ae46\",\"name\":\"nonsolomusica\",\"image\":{\"@type\":\"ImageObject\",\"inLanguage\":\"it-IT\",\"@id\":\"https:\\\/\\\/www.nonsolomusicamagazine.it\\\/wp-content\\\/litespeed\\\/avatar\\\/3a675484bc84db6aba78d43bfc8b7197.jpg?ver=1776880798\",\"url\":\"https:\\\/\\\/www.nonsolomusicamagazine.it\\\/wp-content\\\/litespeed\\\/avatar\\\/3a675484bc84db6aba78d43bfc8b7197.jpg?ver=1776880798\",\"contentUrl\":\"https:\\\/\\\/www.nonsolomusicamagazine.it\\\/wp-content\\\/litespeed\\\/avatar\\\/3a675484bc84db6aba78d43bfc8b7197.jpg?ver=1776880798\",\"caption\":\"nonsolomusica\"},\"sameAs\":[\"https:\\\/\\\/www.nonsolomusicamagazine.it\"],\"url\":\"https:\\\/\\\/www.nonsolomusicamagazine.it\\\/?author=1\"}]}<\/script>\n<!-- \/ Yoast SEO plugin. -->","yoast_head_json":{"title":"Barricate in tutta la Serbia a causa dell'arresto di massa di studenti. Dopo Belgrado e Novi Sad, strade bloccate a Smederevo, Kragujevo, Subotica, \u010ca\u010dak, \u0160abac, Pan\u010devo, U\u017eice... - NonSoloMusicaMagazine","description":"Barricate in tutta la Serbia a causa dell'arresto di massa di studenti. %","robots":{"index":"index","follow":"follow","max-snippet":"max-snippet:-1","max-image-preview":"max-image-preview:large","max-video-preview":"max-video-preview:-1"},"canonical":"https:\/\/www.nonsolomusicamagazine.it\/?p=10920","og_locale":"it_IT","og_type":"article","og_title":"Barricate in tutta la Serbia a causa dell'arresto di massa di studenti. Dopo Belgrado e Novi Sad, strade bloccate a Smederevo, Kragujevo, Subotica, \u010ca\u010dak, \u0160abac, Pan\u010devo, U\u017eice... - NonSoloMusicaMagazine","og_description":"Barricate in tutta la Serbia a causa dell'arresto di massa di studenti. %","og_url":"https:\/\/www.nonsolomusicamagazine.it\/?p=10920","og_site_name":"NonSoloMusicaMagazine","article_published_time":"2025-06-30T20:03:57+00:00","article_modified_time":"2025-06-30T20:04:38+00:00","og_image":[{"width":768,"height":432,"url":"https:\/\/www.nonsolomusicamagazine.it\/wp-content\/uploads\/2025\/06\/1000066294.jpg","type":"image\/jpeg"}],"author":"nonsolomusica","twitter_card":"summary_large_image","twitter_misc":{"Scritto da":"nonsolomusica","Tempo di lettura stimato":"2 minuti"},"schema":{"@context":"https:\/\/schema.org","@graph":[{"@type":"Article","@id":"https:\/\/www.nonsolomusicamagazine.it\/?p=10920#article","isPartOf":{"@id":"https:\/\/www.nonsolomusicamagazine.it\/?p=10920"},"author":{"name":"nonsolomusica","@id":"https:\/\/www.nonsolomusicamagazine.it\/#\/schema\/person\/a3349ad02300d046472d46cf6d31ae46"},"headline":"Barricate in tutta la Serbia a causa dell&#8217;arresto di massa di studenti. Dopo Belgrado e Novi Sad, strade bloccate a Smederevo, Kragujevo, Subotica, \u010ca\u010dak, \u0160abac, Pan\u010devo, U\u017eice&#8230;","datePublished":"2025-06-30T20:03:57+00:00","dateModified":"2025-06-30T20:04:38+00:00","mainEntityOfPage":{"@id":"https:\/\/www.nonsolomusicamagazine.it\/?p=10920"},"wordCount":254,"commentCount":0,"image":{"@id":"https:\/\/www.nonsolomusicamagazine.it\/?p=10920#primaryimage"},"thumbnailUrl":"https:\/\/www.nonsolomusicamagazine.it\/wp-content\/uploads\/2025\/06\/1000066294.jpg","keywords":["arresti","Barricate","Belgrado","Serbia","Studenti"],"articleSection":["Esteri"],"inLanguage":"it-IT","potentialAction":[{"@type":"CommentAction","name":"Comment","target":["https:\/\/www.nonsolomusicamagazine.it\/?p=10920#respond"]}]},{"@type":"WebPage","@id":"https:\/\/www.nonsolomusicamagazine.it\/?p=10920","url":"https:\/\/www.nonsolomusicamagazine.it\/?p=10920","name":"Barricate in tutta la Serbia a causa dell'arresto di massa di studenti. Dopo Belgrado e Novi Sad, strade bloccate a Smederevo, Kragujevo, Subotica, \u010ca\u010dak, \u0160abac, Pan\u010devo, U\u017eice... - NonSoloMusicaMagazine","isPartOf":{"@id":"https:\/\/www.nonsolomusicamagazine.it\/#website"},"primaryImageOfPage":{"@id":"https:\/\/www.nonsolomusicamagazine.it\/?p=10920#primaryimage"},"image":{"@id":"https:\/\/www.nonsolomusicamagazine.it\/?p=10920#primaryimage"},"thumbnailUrl":"https:\/\/www.nonsolomusicamagazine.it\/wp-content\/uploads\/2025\/06\/1000066294.jpg","datePublished":"2025-06-30T20:03:57+00:00","dateModified":"2025-06-30T20:04:38+00:00","author":{"@id":"https:\/\/www.nonsolomusicamagazine.it\/#\/schema\/person\/a3349ad02300d046472d46cf6d31ae46"},"description":"Barricate in tutta la Serbia a causa dell'arresto di massa di studenti. %","breadcrumb":{"@id":"https:\/\/www.nonsolomusicamagazine.it\/?p=10920#breadcrumb"},"inLanguage":"it-IT","potentialAction":[{"@type":"ReadAction","target":["https:\/\/www.nonsolomusicamagazine.it\/?p=10920"]}]},{"@type":"ImageObject","inLanguage":"it-IT","@id":"https:\/\/www.nonsolomusicamagazine.it\/?p=10920#primaryimage","url":"https:\/\/www.nonsolomusicamagazine.it\/wp-content\/uploads\/2025\/06\/1000066294.jpg","contentUrl":"https:\/\/www.nonsolomusicamagazine.it\/wp-content\/uploads\/2025\/06\/1000066294.jpg","width":768,"height":432},{"@type":"BreadcrumbList","@id":"https:\/\/www.nonsolomusicamagazine.it\/?p=10920#breadcrumb","itemListElement":[{"@type":"ListItem","position":1,"name":"Home","item":"https:\/\/www.nonsolomusicamagazine.it\/"},{"@type":"ListItem","position":2,"name":"Barricate in tutta la Serbia a causa dell&#8217;arresto di massa di studenti. Dopo Belgrado e Novi Sad, strade bloccate a Smederevo, Kragujevo, Subotica, \u010ca\u010dak, \u0160abac, Pan\u010devo, U\u017eice&#8230;"}]},{"@type":"WebSite","@id":"https:\/\/www.nonsolomusicamagazine.it\/#website","url":"https:\/\/www.nonsolomusicamagazine.it\/","name":"Nonsolomusicamagazine","description":"Dir. responsabile Manuel M Buccarella","potentialAction":[{"@type":"SearchAction","target":{"@type":"EntryPoint","urlTemplate":"https:\/\/www.nonsolomusicamagazine.it\/?s={search_term_string}"},"query-input":{"@type":"PropertyValueSpecification","valueRequired":true,"valueName":"search_term_string"}}],"inLanguage":"it-IT"},{"@type":"Person","@id":"https:\/\/www.nonsolomusicamagazine.it\/#\/schema\/person\/a3349ad02300d046472d46cf6d31ae46","name":"nonsolomusica","image":{"@type":"ImageObject","inLanguage":"it-IT","@id":"https:\/\/www.nonsolomusicamagazine.it\/wp-content\/litespeed\/avatar\/3a675484bc84db6aba78d43bfc8b7197.jpg?ver=1776880798","url":"https:\/\/www.nonsolomusicamagazine.it\/wp-content\/litespeed\/avatar\/3a675484bc84db6aba78d43bfc8b7197.jpg?ver=1776880798","contentUrl":"https:\/\/www.nonsolomusicamagazine.it\/wp-content\/litespeed\/avatar\/3a675484bc84db6aba78d43bfc8b7197.jpg?ver=1776880798","caption":"nonsolomusica"},"sameAs":["https:\/\/www.nonsolomusicamagazine.it"],"url":"https:\/\/www.nonsolomusicamagazine.it\/?author=1"}]}},"amp_enabled":true,"_links":{"self":[{"href":"https:\/\/www.nonsolomusicamagazine.it\/index.php?rest_route=\/wp\/v2\/posts\/10920","targetHints":{"allow":["GET"]}}],"collection":[{"href":"https:\/\/www.nonsolomusicamagazine.it\/index.php?rest_route=\/wp\/v2\/posts"}],"about":[{"href":"https:\/\/www.nonsolomusicamagazine.it\/index.php?rest_route=\/wp\/v2\/types\/post"}],"author":[{"embeddable":true,"href":"https:\/\/www.nonsolomusicamagazine.it\/index.php?rest_route=\/wp\/v2\/users\/1"}],"replies":[{"embeddable":true,"href":"https:\/\/www.nonsolomusicamagazine.it\/index.php?rest_route=%2Fwp%2Fv2%2Fcomments&post=10920"}],"version-history":[{"count":0,"href":"https:\/\/www.nonsolomusicamagazine.it\/index.php?rest_route=\/wp\/v2\/posts\/10920\/revisions"}],"wp:featuredmedia":[{"embeddable":true,"href":"https:\/\/www.nonsolomusicamagazine.it\/index.php?rest_route=\/wp\/v2\/media\/10921"}],"wp:attachment":[{"href":"https:\/\/www.nonsolomusicamagazine.it\/index.php?rest_route=%2Fwp%2Fv2%2Fmedia&parent=10920"}],"wp:term":[{"taxonomy":"category","embeddable":true,"href":"https:\/\/www.nonsolomusicamagazine.it\/index.php?rest_route=%2Fwp%2Fv2%2Fcategories&post=10920"},{"taxonomy":"post_tag","embeddable":true,"href":"https:\/\/www.nonsolomusicamagazine.it\/index.php?rest_route=%2Fwp%2Fv2%2Ftags&post=10920"}],"curies":[{"name":"wp","href":"https:\/\/api.w.org\/{rel}","templated":true}]}}