{"id":11186,"date":"2025-07-16T21:08:09","date_gmt":"2025-07-16T19:08:09","guid":{"rendered":"https:\/\/www.nonsolomusicamagazine.it\/?p=11186"},"modified":"2025-07-16T21:08:10","modified_gmt":"2025-07-16T19:08:10","slug":"16-luglio-1976-bettino-craxi-e-segretario-del-psi","status":"publish","type":"post","link":"https:\/\/www.nonsolomusicamagazine.it\/?p=11186","title":{"rendered":"16 luglio 1976: Bettino Craxi \u00e8 segretario del Psi."},"content":{"rendered":"\n<p>Il 16 luglio 1976 rappresenta una data fondamentale nella storia della sinistra italiana: Bettino Craxi venne eletto segretario del Partito Socialista Italiano (PSI) durante il 42\u00b0 Congresso nazionale del partito, tenutosi a Torino.Questa elezione segn\u00f2 l&#8217;inizio di una nuova era per il PSI. Craxi, che aveva allora 42 anni, succedette a Francesco De Martino, destituito il giorno precedente, e si impose come leader di una corrente riformista e modernizzatrice del partito. <\/p>\n\n\n\n<p>La sua elezione avvenne in un momento di grande trasformazione politica in Italia, negli anni del compromesso storico e delle tensioni sociali.Sotto la guida di Craxi, il PSI inizi\u00f2 un processo di rinnovamento ideologico e strategico, allontanandosi progressivamente dalle posizioni pi\u00f9 tradizionalmente marxiste e abbracciando un socialismo pi\u00f9 pragmatico e europeista, cercando di creare una &#8220;terza via&#8221; tra comunismo e democrazia cristiana.L\u2019obiettivo era quello di rendere il PSI protagonista della scena politica italiana e alternativo al PCI, anche in vista di possibili alleanze con la DC.<\/p>\n\n\n\n<p>Fu il primo segretario socialista non proveniente direttamente dalla Resistenza.<div>Questa svolta contribu\u00ec a rilanciare il partito socialista nel panorama politico italiano, portandolo successivamente a ricoprire ruoli di governo di primo piano negli anni &#8217;80.La segreteria di Craxi dur\u00f2 fino al 1993 e rappresent\u00f2 il periodo di maggiore influenza politica del PSI nella storia della Repubblica italiana<span style=\"font-size: revert; color: initial;\">,diventando Presidente del Consiglio dei Ministri dal 1983 al 1987, il primo socialista a ricoprire tale incarico nella storia repubblicana.<\/span><\/div><\/p>\n\n\n\n<p>La sua leadership fu centrale anche nella trasformazione del sistema politico italiano, ma culmin\u00f2 negli scandali di Tangentopoli e nel crollo della Prima Repubblica.<\/p>\n\n\n\n<figure class=\"wp-block-image size-full\"><img decoding=\"async\" width=\"764\" height=\"401\" src=\"https:\/\/www.nonsolomusicamagazine.it\/wp-content\/uploads\/2025\/07\/1000069340.jpg\" alt=\"\" class=\"wp-image-11187\" srcset=\"https:\/\/www.nonsolomusicamagazine.it\/wp-content\/uploads\/2025\/07\/1000069340.jpg 764w, https:\/\/www.nonsolomusicamagazine.it\/wp-content\/uploads\/2025\/07\/1000069340-300x157.jpg 300w\" sizes=\"(max-width: 764px) 100vw, 764px\" \/><\/figure>\n","protected":false},"excerpt":{"rendered":"<p>Il 16 luglio 1976 rappresenta una data fondamentale nella storia della sinistra italiana: Bettino Craxi venne eletto segretario del Partito Socialista Italiano (PSI) durante il 42\u00b0 Congresso nazionale del partito, tenutosi a Torino.Questa elezione segn\u00f2 l&#8217;inizio di una nuova era per il PSI. Craxi, che aveva allora 42 anni, succedette a Francesco De Martino, destituito [&hellip;]<\/p>\n","protected":false},"author":1,"featured_media":11187,"comment_status":"open","ping_status":"closed","sticky":false,"template":"","format":"standard","meta":{"footnotes":""},"categories":[5,1321],"tags":[2237,2236,4542,3351],"class_list":["post-11186","post","type-post","status-publish","format-standard","has-post-thumbnail","hentry","category-politica","category-storia","tag-bettino-craxi","tag-craxi","tag-de-martino","tag-psi"],"yoast_head":"<!-- This site is optimized with the Yoast SEO plugin v27.4 - https:\/\/yoast.com\/product\/yoast-seo-wordpress\/ -->\n<title>16 luglio 1976: Bettino Craxi \u00e8 segretario del Psi. - NonSoloMusicaMagazine<\/title>\n<meta name=\"description\" content=\"16 luglio 1976: Bettino Craxi \u00e8 segretario del Psi.\" \/>\n<meta name=\"robots\" content=\"index, follow, max-snippet:-1, max-image-preview:large, max-video-preview:-1\" \/>\n<link rel=\"canonical\" href=\"https:\/\/www.nonsolomusicamagazine.it\/?p=11186\" \/>\n<meta property=\"og:locale\" content=\"it_IT\" \/>\n<meta property=\"og:type\" content=\"article\" \/>\n<meta property=\"og:title\" content=\"16 luglio 1976: Bettino Craxi \u00e8 segretario del Psi. - NonSoloMusicaMagazine\" \/>\n<meta property=\"og:description\" content=\"16 luglio 1976: Bettino Craxi \u00e8 segretario del Psi.\" \/>\n<meta property=\"og:url\" content=\"https:\/\/www.nonsolomusicamagazine.it\/?p=11186\" \/>\n<meta property=\"og:site_name\" content=\"NonSoloMusicaMagazine\" \/>\n<meta property=\"article:published_time\" content=\"2025-07-16T19:08:09+00:00\" \/>\n<meta property=\"article:modified_time\" content=\"2025-07-16T19:08:10+00:00\" \/>\n<meta property=\"og:image\" content=\"https:\/\/www.nonsolomusicamagazine.it\/wp-content\/uploads\/2025\/07\/1000069340.jpg\" \/>\n\t<meta property=\"og:image:width\" content=\"764\" \/>\n\t<meta property=\"og:image:height\" content=\"401\" \/>\n\t<meta property=\"og:image:type\" content=\"image\/jpeg\" \/>\n<meta name=\"author\" content=\"nonsolomusica\" \/>\n<meta name=\"twitter:card\" content=\"summary_large_image\" \/>\n<meta name=\"twitter:label1\" content=\"Scritto da\" \/>\n\t<meta name=\"twitter:data1\" content=\"nonsolomusica\" \/>\n\t<meta name=\"twitter:label2\" content=\"Tempo di lettura stimato\" \/>\n\t<meta name=\"twitter:data2\" content=\"2 minuti\" \/>\n<script type=\"application\/ld+json\" class=\"yoast-schema-graph\">{\"@context\":\"https:\\\/\\\/schema.org\",\"@graph\":[{\"@type\":\"Article\",\"@id\":\"https:\\\/\\\/www.nonsolomusicamagazine.it\\\/?p=11186#article\",\"isPartOf\":{\"@id\":\"https:\\\/\\\/www.nonsolomusicamagazine.it\\\/?p=11186\"},\"author\":{\"name\":\"nonsolomusica\",\"@id\":\"https:\\\/\\\/www.nonsolomusicamagazine.it\\\/#\\\/schema\\\/person\\\/a3349ad02300d046472d46cf6d31ae46\"},\"headline\":\"16 luglio 1976: Bettino Craxi \u00e8 segretario del Psi.\",\"datePublished\":\"2025-07-16T19:08:09+00:00\",\"dateModified\":\"2025-07-16T19:08:10+00:00\",\"mainEntityOfPage\":{\"@id\":\"https:\\\/\\\/www.nonsolomusicamagazine.it\\\/?p=11186\"},\"wordCount\":262,\"commentCount\":0,\"image\":{\"@id\":\"https:\\\/\\\/www.nonsolomusicamagazine.it\\\/?p=11186#primaryimage\"},\"thumbnailUrl\":\"https:\\\/\\\/www.nonsolomusicamagazine.it\\\/wp-content\\\/uploads\\\/2025\\\/07\\\/1000069340.jpg\",\"keywords\":[\"Bettino Craxi\",\"Craxi\",\"De Martino\",\"Psi\"],\"articleSection\":[\"Politica\",\"Storia\"],\"inLanguage\":\"it-IT\",\"potentialAction\":[{\"@type\":\"CommentAction\",\"name\":\"Comment\",\"target\":[\"https:\\\/\\\/www.nonsolomusicamagazine.it\\\/?p=11186#respond\"]}]},{\"@type\":\"WebPage\",\"@id\":\"https:\\\/\\\/www.nonsolomusicamagazine.it\\\/?p=11186\",\"url\":\"https:\\\/\\\/www.nonsolomusicamagazine.it\\\/?p=11186\",\"name\":\"16 luglio 1976: Bettino Craxi \u00e8 segretario del Psi. - NonSoloMusicaMagazine\",\"isPartOf\":{\"@id\":\"https:\\\/\\\/www.nonsolomusicamagazine.it\\\/#website\"},\"primaryImageOfPage\":{\"@id\":\"https:\\\/\\\/www.nonsolomusicamagazine.it\\\/?p=11186#primaryimage\"},\"image\":{\"@id\":\"https:\\\/\\\/www.nonsolomusicamagazine.it\\\/?p=11186#primaryimage\"},\"thumbnailUrl\":\"https:\\\/\\\/www.nonsolomusicamagazine.it\\\/wp-content\\\/uploads\\\/2025\\\/07\\\/1000069340.jpg\",\"datePublished\":\"2025-07-16T19:08:09+00:00\",\"dateModified\":\"2025-07-16T19:08:10+00:00\",\"author\":{\"@id\":\"https:\\\/\\\/www.nonsolomusicamagazine.it\\\/#\\\/schema\\\/person\\\/a3349ad02300d046472d46cf6d31ae46\"},\"description\":\"16 luglio 1976: Bettino Craxi \u00e8 segretario del Psi.\",\"breadcrumb\":{\"@id\":\"https:\\\/\\\/www.nonsolomusicamagazine.it\\\/?p=11186#breadcrumb\"},\"inLanguage\":\"it-IT\",\"potentialAction\":[{\"@type\":\"ReadAction\",\"target\":[\"https:\\\/\\\/www.nonsolomusicamagazine.it\\\/?p=11186\"]}]},{\"@type\":\"ImageObject\",\"inLanguage\":\"it-IT\",\"@id\":\"https:\\\/\\\/www.nonsolomusicamagazine.it\\\/?p=11186#primaryimage\",\"url\":\"https:\\\/\\\/www.nonsolomusicamagazine.it\\\/wp-content\\\/uploads\\\/2025\\\/07\\\/1000069340.jpg\",\"contentUrl\":\"https:\\\/\\\/www.nonsolomusicamagazine.it\\\/wp-content\\\/uploads\\\/2025\\\/07\\\/1000069340.jpg\",\"width\":764,\"height\":401},{\"@type\":\"BreadcrumbList\",\"@id\":\"https:\\\/\\\/www.nonsolomusicamagazine.it\\\/?p=11186#breadcrumb\",\"itemListElement\":[{\"@type\":\"ListItem\",\"position\":1,\"name\":\"Home\",\"item\":\"https:\\\/\\\/www.nonsolomusicamagazine.it\\\/\"},{\"@type\":\"ListItem\",\"position\":2,\"name\":\"16 luglio 1976: Bettino Craxi \u00e8 segretario del Psi.\"}]},{\"@type\":\"WebSite\",\"@id\":\"https:\\\/\\\/www.nonsolomusicamagazine.it\\\/#website\",\"url\":\"https:\\\/\\\/www.nonsolomusicamagazine.it\\\/\",\"name\":\"Nonsolomusicamagazine\",\"description\":\"Dir. responsabile Manuel M Buccarella\",\"potentialAction\":[{\"@type\":\"SearchAction\",\"target\":{\"@type\":\"EntryPoint\",\"urlTemplate\":\"https:\\\/\\\/www.nonsolomusicamagazine.it\\\/?s={search_term_string}\"},\"query-input\":{\"@type\":\"PropertyValueSpecification\",\"valueRequired\":true,\"valueName\":\"search_term_string\"}}],\"inLanguage\":\"it-IT\"},{\"@type\":\"Person\",\"@id\":\"https:\\\/\\\/www.nonsolomusicamagazine.it\\\/#\\\/schema\\\/person\\\/a3349ad02300d046472d46cf6d31ae46\",\"name\":\"nonsolomusica\",\"image\":{\"@type\":\"ImageObject\",\"inLanguage\":\"it-IT\",\"@id\":\"https:\\\/\\\/www.nonsolomusicamagazine.it\\\/wp-content\\\/litespeed\\\/avatar\\\/3a675484bc84db6aba78d43bfc8b7197.jpg?ver=1776880798\",\"url\":\"https:\\\/\\\/www.nonsolomusicamagazine.it\\\/wp-content\\\/litespeed\\\/avatar\\\/3a675484bc84db6aba78d43bfc8b7197.jpg?ver=1776880798\",\"contentUrl\":\"https:\\\/\\\/www.nonsolomusicamagazine.it\\\/wp-content\\\/litespeed\\\/avatar\\\/3a675484bc84db6aba78d43bfc8b7197.jpg?ver=1776880798\",\"caption\":\"nonsolomusica\"},\"sameAs\":[\"https:\\\/\\\/www.nonsolomusicamagazine.it\"],\"url\":\"https:\\\/\\\/www.nonsolomusicamagazine.it\\\/?author=1\"}]}<\/script>\n<!-- \/ Yoast SEO plugin. -->","yoast_head_json":{"title":"16 luglio 1976: Bettino Craxi \u00e8 segretario del Psi. - NonSoloMusicaMagazine","description":"16 luglio 1976: Bettino Craxi \u00e8 segretario del Psi.","robots":{"index":"index","follow":"follow","max-snippet":"max-snippet:-1","max-image-preview":"max-image-preview:large","max-video-preview":"max-video-preview:-1"},"canonical":"https:\/\/www.nonsolomusicamagazine.it\/?p=11186","og_locale":"it_IT","og_type":"article","og_title":"16 luglio 1976: Bettino Craxi \u00e8 segretario del Psi. - NonSoloMusicaMagazine","og_description":"16 luglio 1976: Bettino Craxi \u00e8 segretario del Psi.","og_url":"https:\/\/www.nonsolomusicamagazine.it\/?p=11186","og_site_name":"NonSoloMusicaMagazine","article_published_time":"2025-07-16T19:08:09+00:00","article_modified_time":"2025-07-16T19:08:10+00:00","og_image":[{"width":764,"height":401,"url":"https:\/\/www.nonsolomusicamagazine.it\/wp-content\/uploads\/2025\/07\/1000069340.jpg","type":"image\/jpeg"}],"author":"nonsolomusica","twitter_card":"summary_large_image","twitter_misc":{"Scritto da":"nonsolomusica","Tempo di lettura stimato":"2 minuti"},"schema":{"@context":"https:\/\/schema.org","@graph":[{"@type":"Article","@id":"https:\/\/www.nonsolomusicamagazine.it\/?p=11186#article","isPartOf":{"@id":"https:\/\/www.nonsolomusicamagazine.it\/?p=11186"},"author":{"name":"nonsolomusica","@id":"https:\/\/www.nonsolomusicamagazine.it\/#\/schema\/person\/a3349ad02300d046472d46cf6d31ae46"},"headline":"16 luglio 1976: Bettino Craxi \u00e8 segretario del Psi.","datePublished":"2025-07-16T19:08:09+00:00","dateModified":"2025-07-16T19:08:10+00:00","mainEntityOfPage":{"@id":"https:\/\/www.nonsolomusicamagazine.it\/?p=11186"},"wordCount":262,"commentCount":0,"image":{"@id":"https:\/\/www.nonsolomusicamagazine.it\/?p=11186#primaryimage"},"thumbnailUrl":"https:\/\/www.nonsolomusicamagazine.it\/wp-content\/uploads\/2025\/07\/1000069340.jpg","keywords":["Bettino Craxi","Craxi","De Martino","Psi"],"articleSection":["Politica","Storia"],"inLanguage":"it-IT","potentialAction":[{"@type":"CommentAction","name":"Comment","target":["https:\/\/www.nonsolomusicamagazine.it\/?p=11186#respond"]}]},{"@type":"WebPage","@id":"https:\/\/www.nonsolomusicamagazine.it\/?p=11186","url":"https:\/\/www.nonsolomusicamagazine.it\/?p=11186","name":"16 luglio 1976: Bettino Craxi \u00e8 segretario del Psi. - NonSoloMusicaMagazine","isPartOf":{"@id":"https:\/\/www.nonsolomusicamagazine.it\/#website"},"primaryImageOfPage":{"@id":"https:\/\/www.nonsolomusicamagazine.it\/?p=11186#primaryimage"},"image":{"@id":"https:\/\/www.nonsolomusicamagazine.it\/?p=11186#primaryimage"},"thumbnailUrl":"https:\/\/www.nonsolomusicamagazine.it\/wp-content\/uploads\/2025\/07\/1000069340.jpg","datePublished":"2025-07-16T19:08:09+00:00","dateModified":"2025-07-16T19:08:10+00:00","author":{"@id":"https:\/\/www.nonsolomusicamagazine.it\/#\/schema\/person\/a3349ad02300d046472d46cf6d31ae46"},"description":"16 luglio 1976: Bettino Craxi \u00e8 segretario del Psi.","breadcrumb":{"@id":"https:\/\/www.nonsolomusicamagazine.it\/?p=11186#breadcrumb"},"inLanguage":"it-IT","potentialAction":[{"@type":"ReadAction","target":["https:\/\/www.nonsolomusicamagazine.it\/?p=11186"]}]},{"@type":"ImageObject","inLanguage":"it-IT","@id":"https:\/\/www.nonsolomusicamagazine.it\/?p=11186#primaryimage","url":"https:\/\/www.nonsolomusicamagazine.it\/wp-content\/uploads\/2025\/07\/1000069340.jpg","contentUrl":"https:\/\/www.nonsolomusicamagazine.it\/wp-content\/uploads\/2025\/07\/1000069340.jpg","width":764,"height":401},{"@type":"BreadcrumbList","@id":"https:\/\/www.nonsolomusicamagazine.it\/?p=11186#breadcrumb","itemListElement":[{"@type":"ListItem","position":1,"name":"Home","item":"https:\/\/www.nonsolomusicamagazine.it\/"},{"@type":"ListItem","position":2,"name":"16 luglio 1976: Bettino Craxi \u00e8 segretario del Psi."}]},{"@type":"WebSite","@id":"https:\/\/www.nonsolomusicamagazine.it\/#website","url":"https:\/\/www.nonsolomusicamagazine.it\/","name":"Nonsolomusicamagazine","description":"Dir. responsabile Manuel M Buccarella","potentialAction":[{"@type":"SearchAction","target":{"@type":"EntryPoint","urlTemplate":"https:\/\/www.nonsolomusicamagazine.it\/?s={search_term_string}"},"query-input":{"@type":"PropertyValueSpecification","valueRequired":true,"valueName":"search_term_string"}}],"inLanguage":"it-IT"},{"@type":"Person","@id":"https:\/\/www.nonsolomusicamagazine.it\/#\/schema\/person\/a3349ad02300d046472d46cf6d31ae46","name":"nonsolomusica","image":{"@type":"ImageObject","inLanguage":"it-IT","@id":"https:\/\/www.nonsolomusicamagazine.it\/wp-content\/litespeed\/avatar\/3a675484bc84db6aba78d43bfc8b7197.jpg?ver=1776880798","url":"https:\/\/www.nonsolomusicamagazine.it\/wp-content\/litespeed\/avatar\/3a675484bc84db6aba78d43bfc8b7197.jpg?ver=1776880798","contentUrl":"https:\/\/www.nonsolomusicamagazine.it\/wp-content\/litespeed\/avatar\/3a675484bc84db6aba78d43bfc8b7197.jpg?ver=1776880798","caption":"nonsolomusica"},"sameAs":["https:\/\/www.nonsolomusicamagazine.it"],"url":"https:\/\/www.nonsolomusicamagazine.it\/?author=1"}]}},"amp_enabled":true,"_links":{"self":[{"href":"https:\/\/www.nonsolomusicamagazine.it\/index.php?rest_route=\/wp\/v2\/posts\/11186","targetHints":{"allow":["GET"]}}],"collection":[{"href":"https:\/\/www.nonsolomusicamagazine.it\/index.php?rest_route=\/wp\/v2\/posts"}],"about":[{"href":"https:\/\/www.nonsolomusicamagazine.it\/index.php?rest_route=\/wp\/v2\/types\/post"}],"author":[{"embeddable":true,"href":"https:\/\/www.nonsolomusicamagazine.it\/index.php?rest_route=\/wp\/v2\/users\/1"}],"replies":[{"embeddable":true,"href":"https:\/\/www.nonsolomusicamagazine.it\/index.php?rest_route=%2Fwp%2Fv2%2Fcomments&post=11186"}],"version-history":[{"count":0,"href":"https:\/\/www.nonsolomusicamagazine.it\/index.php?rest_route=\/wp\/v2\/posts\/11186\/revisions"}],"wp:featuredmedia":[{"embeddable":true,"href":"https:\/\/www.nonsolomusicamagazine.it\/index.php?rest_route=\/wp\/v2\/media\/11187"}],"wp:attachment":[{"href":"https:\/\/www.nonsolomusicamagazine.it\/index.php?rest_route=%2Fwp%2Fv2%2Fmedia&parent=11186"}],"wp:term":[{"taxonomy":"category","embeddable":true,"href":"https:\/\/www.nonsolomusicamagazine.it\/index.php?rest_route=%2Fwp%2Fv2%2Fcategories&post=11186"},{"taxonomy":"post_tag","embeddable":true,"href":"https:\/\/www.nonsolomusicamagazine.it\/index.php?rest_route=%2Fwp%2Fv2%2Ftags&post=11186"}],"curies":[{"name":"wp","href":"https:\/\/api.w.org\/{rel}","templated":true}]}}