{"id":11259,"date":"2025-07-21T20:27:04","date_gmt":"2025-07-21T18:27:04","guid":{"rendered":"https:\/\/www.nonsolomusicamagazine.it\/?p=11259"},"modified":"2025-07-22T11:17:13","modified_gmt":"2025-07-22T09:17:13","slug":"xylella-fastidiosa-e-disseccamento-rapido-dellolivo-la-cura-ce-ed-e-quella-di-scortichini-lo-dice-anche-una-ricerca-scientifica-del-cnr-di-chi-negava-la-cura","status":"publish","type":"post","link":"https:\/\/www.nonsolomusicamagazine.it\/?p=11259","title":{"rendered":"Xylella fastidiosa e disseccamento rapido dell&#8217;olivo: la cura c&#8217;\u00e8 ed \u00e8 quella di Scortichini. Lo dice anche una ricerca scientifica del CNR (di chi negava la cura&#8230;)"},"content":{"rendered":"\n<p class=\"has-text-align-center\"><strong>Manuel M Buccarella<\/strong><\/p>\n\n\n\n<p>Dal 2013 il disseccamento rapido degli ulivi pugliesi (chiamato Codiro) ha massacrato circa 800 mila ettari di uliveti in Salento. \u00c8 una malattia causata da una serie di fattori tra cui in particolare il batterio Xylella fastidiosa pauca (Xfp), scoperto per la prima volta sulle piante a Gallipoli nel 2013.<\/p>\n\n\n\n<p>Molti, in particolare le autorit\u00e0 preposte e parte importante di quelle scientifiche, gi\u00e0 dal 2015 con il cosiddetto protocollo Silletti, ritenevano che non ci fosse speranza per le piante malate, disponendo o promuovendone addirittura l&#8217;eradicazione, anche delle piante vicine pur se sane &#8211; una sorta di quarantena &#8211; con &#8220;approdo&#8221; della faccenda presso la Procura della Repubblica di Lecce e l&#8217;abbandono del Piano Silletti con relative eradicazioni dopo tre anni, nel 2018. C&#8217;\u00e8 stato chi, nel mondo dell&#8217;olivicoltura, ha sostenuto ideologicamente e materialmente le eradicazioni, nei casi migliori impiantando al posto di quelli eradicati, nuovi ulivi appartenenti a cultivar resistenti al batterio, come leccino e favolosa, oppure dedicandosi alla pratica degli innesti: gli innesti su olivo, in particolare con variet\u00e0 resistenti o tolleranti (leccino o favolosa ) rappresentano una strategia per contrastare la diffusione della Xylella fastidiosa.<\/p>\n\n\n\n<p>Qualcun altro , come il gruppo attorno.al professore Marco Scortichini, ha meritoriamento pensato non di abbattere (eradicare), le piante di olivo malate, bens\u00ec di curarle. E ci\u00f2 appunto applicando il <em>Protocollo Scortichini<\/em>,&nbsp;consistente in una somministrazione mensile mediante nebulizzazione della chioma, nel periodo primaverile inizio autunno, di un prodotto &#8211; ufficialmente autorizzato come fertilizzante fogliare &#8211; a base di zinco-rame- acido citrico sugli alberi affetti da Xylella fastidiosa. Tale prodotto, a marchio registrato, prende il nome di Dentamet\u00ae. Si tratta di un prodotto dal basso costo. Il trattamento costa pochi euro all&#8217;uno (qualcuno dice tre euro a pianta).<\/p>\n\n\n\n<p>Ieri<em> Il Fatto Quotidiano<\/em> ha dato notizia dei risultati di una ricerca scientifica sull&#8217;esito, favorevole, del Protocollo Scortichini, con l&#8217;articolo<em> &#8220;Xylella, la cura c\u2019\u00e8 sempre stata. Ora lo dice anche chi lo negava&#8221; <\/em>(Da un nuovo studio scientifico in vitro i risultati positivi) a firma di Laura Margottini. Tra i &#8220;negazionisti&#8221;, in particolare, Maria Saponari, dell&#8217;Istituto per la Protezione Sostenibile delle Piante, Consiglio Nazionale delle Ricerche (CNR) di Bari che, assieme ad altri ricercatori, ha pubblicato a gennaio di quest&#8217;anno, sulla rivista scientifica <em>Chemical and Biological Technologies<\/em> <em>in Agriculture<\/em>, una lunga ricerca in lingua inglese dal titolo (tradotto) &#8220;Screening in vitro ad alto rendimento dell&#8217;attivit\u00e0 antimicrobica di diversi composti contro Xylella fastidiosa subsp. pauca&#8221;.<\/p>\n\n\n\n<p>&#8220;Con questo lavoro &#8211; si legge &#8211; abbiamo cercato di stabilire una solida procedura microbiologica per valutare in vitro il potenziale antimicrobico di vari composti contro la Xfp, concentrandoci su micronutrienti, ioni metallici, antibiotici e composti fenolici. I risultati raccolti attraverso i saggi combinati hanno permesso di classificare i composti come efficaci o non efficaci in vitro e, per il primo gruppo, di valutare se il loro meccanismo d&#8217;azione si esplica attraverso un&#8217;azione battericida o batteriostatica&#8221;. <\/p>\n\n\n\n<p>La distribuzione mondiale e l&#8217;intervallo di ospiti del batterio fitopatogeno Xylella fastidiosa (Xf) sono cambiati significativamente nell&#8217;ultimo decennio, con numerose epidemie segnalate nel Vecchio Continente. Tra i diversi isolati europei, quelli della sottospecie pauca sono stati classificati come altamente patogeni, essendo gli agenti causali del rapido deperimento dell&#8217;olivo che sta decimando gli ulivi nell&#8217;Italia meridionale. <\/p>\n\n\n\n<p>&#8220;Questo studio mirava a valutare l&#8217;efficacia in vitro contro Xylella fastidiosa subsp. pauca (Xfp) di diverse classi di prodotti, inclusi ioni metallici, micronutrienti, antibiotici e composti fenolici. La crescita lenta e meticolosa del batterio richiede l&#8217;ottimizzazione di protocolli specifici per valutare l&#8217;attivit\u00e0 antibatterica e l&#8217;effetto sulla formazione di biofilm. I risultati hanno mostrato un effetto dose-risposta contro Xf per la maggior parte dei prodotti. In particolare, tra i micronutrienti e i composti fenolici, CuSO4\u00b75H2O, Dentamet\u00ae, Il pirocatecolo e il 4-metilcatecolo hanno mostrato la pi\u00f9 elevata attivit\u00e0 battericida e antibiofilm. Allo stesso tempo, gli antibiotici hanno dimostrato una sostanziale attivit\u00e0 batteriostatica, inibendo efficacemente la formazione di biofilm&#8221; <\/p>\n\n\n\n<p>Una ricerca bibliografica di composti antibatterici per il controllo delle malattie batteriche delle piante ha permesso di selezionare una serie di 19 prodotti, appartenenti a diverse classi (ovvero micronutrienti, sali metallici, composti fenolici, antibiotici), da testare in vitro contro Xfp . Tra questi, la formulazione Dentamet\u00ae \u00e8 stata utilizzata come controllo di riferimento, poich\u00e9 la sua capacit\u00e0 di inibire la crescita batterica di Xfp era stata precedentemente riportata&#8221;.<\/p>\n\n\n\n<p>E veniamo al Protocollo Scortichini: Dentamet EF (5% v\/v) \u00e8 stato in grado di uccidere le cellule Xfp subito dopo l&#8217;esposizione al formulato. Dentamet\u00ae (0,5% v\/v) \u00e8 stato anche in grado di uccidere completamente (significativit\u00e0, P &lt; 0,001) la popolazione batterica dopo 4 ore; CuSO4\u00b75H2O (0,1% v\/v) ha ridotto significativamente la vitalit\u00e0 delle cellule Xfp a 4 e 8 ore (P &lt; 0,0001) e ha ucciso completamente la popolazione batterica a 24 ore (P &lt; 0,0001), analogamente a Kn. <\/p>\n\n\n\n<p>Dunque le cure sono assai pi\u00f9 efficaci delle eradicazioni, ed il Protocollo Scortichini sembra essere il pi\u00f9 efficace&#8230;<\/p>\n\n\n\n<figure class=\"wp-block-image size-full\"><img decoding=\"async\" width=\"690\" height=\"362\" src=\"https:\/\/www.nonsolomusicamagazine.it\/wp-content\/uploads\/2025\/07\/1000069982.jpg\" alt=\"\" class=\"wp-image-11260\" srcset=\"https:\/\/www.nonsolomusicamagazine.it\/wp-content\/uploads\/2025\/07\/1000069982.jpg 690w, https:\/\/www.nonsolomusicamagazine.it\/wp-content\/uploads\/2025\/07\/1000069982-300x157.jpg 300w\" sizes=\"(max-width: 690px) 100vw, 690px\" \/><\/figure>\n","protected":false},"excerpt":{"rendered":"<p>Manuel M Buccarella Dal 2013 il disseccamento rapido degli ulivi pugliesi (chiamato Codiro) ha massacrato circa 800 mila ettari di uliveti in Salento. \u00c8 una malattia causata da una serie di fattori tra cui in particolare il batterio Xylella fastidiosa pauca (Xfp), scoperto per la prima volta sulle piante a Gallipoli nel 2013. Molti, in [&hellip;]<\/p>\n","protected":false},"author":1,"featured_media":11260,"comment_status":"open","ping_status":"closed","sticky":false,"template":"","format":"standard","meta":{"footnotes":""},"categories":[113,1005],"tags":[4561,840,346,677,343],"class_list":["post-11259","post","type-post","status-publish","format-standard","has-post-thumbnail","hentry","category-economia","category-scienza","tag-cnr","tag-cura","tag-eradicazione","tag-scortichini","tag-xylella"],"yoast_head":"<!-- This site is optimized with the Yoast SEO plugin v27.5 - https:\/\/yoast.com\/product\/yoast-seo-wordpress\/ -->\n<title>Xylella fastidiosa e disseccamento rapido dell&#039;olivo: la cura c&#039;\u00e8 ed \u00e8 quella di Scortichini. Lo dice anche una ricerca scientifica del CNR (di chi negava la cura...) - NonSoloMusicaMagazine<\/title>\n<meta name=\"description\" content=\"Xylella fastidiosa e disseccamento rapido dell&#039;olivo\" \/>\n<meta name=\"robots\" content=\"index, follow, max-snippet:-1, max-image-preview:large, max-video-preview:-1\" \/>\n<link rel=\"canonical\" href=\"https:\/\/www.nonsolomusicamagazine.it\/?p=11259\" \/>\n<meta property=\"og:locale\" content=\"it_IT\" \/>\n<meta property=\"og:type\" content=\"article\" \/>\n<meta property=\"og:title\" content=\"Xylella fastidiosa e disseccamento rapido dell&#039;olivo: la cura c&#039;\u00e8 ed \u00e8 quella di Scortichini. Lo dice anche una ricerca scientifica del CNR (di chi negava la cura...) - NonSoloMusicaMagazine\" \/>\n<meta property=\"og:description\" content=\"Xylella fastidiosa e disseccamento rapido dell&#039;olivo\" \/>\n<meta property=\"og:url\" content=\"https:\/\/www.nonsolomusicamagazine.it\/?p=11259\" \/>\n<meta property=\"og:site_name\" content=\"NonSoloMusicaMagazine\" \/>\n<meta property=\"article:published_time\" content=\"2025-07-21T18:27:04+00:00\" \/>\n<meta property=\"article:modified_time\" content=\"2025-07-22T09:17:13+00:00\" \/>\n<meta property=\"og:image\" content=\"https:\/\/www.nonsolomusicamagazine.it\/wp-content\/uploads\/2025\/07\/1000069982.jpg\" \/>\n\t<meta property=\"og:image:width\" content=\"690\" \/>\n\t<meta property=\"og:image:height\" content=\"362\" \/>\n\t<meta property=\"og:image:type\" content=\"image\/jpeg\" \/>\n<meta name=\"author\" content=\"nonsolomusica\" \/>\n<meta name=\"twitter:card\" content=\"summary_large_image\" \/>\n<meta name=\"twitter:label1\" content=\"Scritto da\" \/>\n\t<meta name=\"twitter:data1\" content=\"nonsolomusica\" \/>\n\t<meta name=\"twitter:label2\" content=\"Tempo di lettura stimato\" \/>\n\t<meta name=\"twitter:data2\" content=\"5 minuti\" \/>\n<script type=\"application\/ld+json\" class=\"yoast-schema-graph\">{\"@context\":\"https:\\\/\\\/schema.org\",\"@graph\":[{\"@type\":\"Article\",\"@id\":\"https:\\\/\\\/www.nonsolomusicamagazine.it\\\/?p=11259#article\",\"isPartOf\":{\"@id\":\"https:\\\/\\\/www.nonsolomusicamagazine.it\\\/?p=11259\"},\"author\":{\"name\":\"nonsolomusica\",\"@id\":\"https:\\\/\\\/www.nonsolomusicamagazine.it\\\/#\\\/schema\\\/person\\\/a3349ad02300d046472d46cf6d31ae46\"},\"headline\":\"Xylella fastidiosa e disseccamento rapido dell&#8217;olivo: la cura c&#8217;\u00e8 ed \u00e8 quella di Scortichini. Lo dice anche una ricerca scientifica del CNR (di chi negava la cura&#8230;)\",\"datePublished\":\"2025-07-21T18:27:04+00:00\",\"dateModified\":\"2025-07-22T09:17:13+00:00\",\"mainEntityOfPage\":{\"@id\":\"https:\\\/\\\/www.nonsolomusicamagazine.it\\\/?p=11259\"},\"wordCount\":837,\"commentCount\":0,\"image\":{\"@id\":\"https:\\\/\\\/www.nonsolomusicamagazine.it\\\/?p=11259#primaryimage\"},\"thumbnailUrl\":\"https:\\\/\\\/www.nonsolomusicamagazine.it\\\/wp-content\\\/uploads\\\/2025\\\/07\\\/1000069982.jpg\",\"keywords\":[\"CNR\",\"Cura\",\"Eradicazione\",\"Scortichini\",\"Xylella\"],\"articleSection\":[\"Economia\",\"Scienza\"],\"inLanguage\":\"it-IT\",\"potentialAction\":[{\"@type\":\"CommentAction\",\"name\":\"Comment\",\"target\":[\"https:\\\/\\\/www.nonsolomusicamagazine.it\\\/?p=11259#respond\"]}]},{\"@type\":\"WebPage\",\"@id\":\"https:\\\/\\\/www.nonsolomusicamagazine.it\\\/?p=11259\",\"url\":\"https:\\\/\\\/www.nonsolomusicamagazine.it\\\/?p=11259\",\"name\":\"Xylella fastidiosa e disseccamento rapido dell'olivo: la cura c'\u00e8 ed \u00e8 quella di Scortichini. Lo dice anche una ricerca scientifica del CNR (di chi negava la cura...) - NonSoloMusicaMagazine\",\"isPartOf\":{\"@id\":\"https:\\\/\\\/www.nonsolomusicamagazine.it\\\/#website\"},\"primaryImageOfPage\":{\"@id\":\"https:\\\/\\\/www.nonsolomusicamagazine.it\\\/?p=11259#primaryimage\"},\"image\":{\"@id\":\"https:\\\/\\\/www.nonsolomusicamagazine.it\\\/?p=11259#primaryimage\"},\"thumbnailUrl\":\"https:\\\/\\\/www.nonsolomusicamagazine.it\\\/wp-content\\\/uploads\\\/2025\\\/07\\\/1000069982.jpg\",\"datePublished\":\"2025-07-21T18:27:04+00:00\",\"dateModified\":\"2025-07-22T09:17:13+00:00\",\"author\":{\"@id\":\"https:\\\/\\\/www.nonsolomusicamagazine.it\\\/#\\\/schema\\\/person\\\/a3349ad02300d046472d46cf6d31ae46\"},\"description\":\"Xylella fastidiosa e disseccamento rapido dell'olivo\",\"breadcrumb\":{\"@id\":\"https:\\\/\\\/www.nonsolomusicamagazine.it\\\/?p=11259#breadcrumb\"},\"inLanguage\":\"it-IT\",\"potentialAction\":[{\"@type\":\"ReadAction\",\"target\":[\"https:\\\/\\\/www.nonsolomusicamagazine.it\\\/?p=11259\"]}]},{\"@type\":\"ImageObject\",\"inLanguage\":\"it-IT\",\"@id\":\"https:\\\/\\\/www.nonsolomusicamagazine.it\\\/?p=11259#primaryimage\",\"url\":\"https:\\\/\\\/www.nonsolomusicamagazine.it\\\/wp-content\\\/uploads\\\/2025\\\/07\\\/1000069982.jpg\",\"contentUrl\":\"https:\\\/\\\/www.nonsolomusicamagazine.it\\\/wp-content\\\/uploads\\\/2025\\\/07\\\/1000069982.jpg\",\"width\":690,\"height\":362},{\"@type\":\"BreadcrumbList\",\"@id\":\"https:\\\/\\\/www.nonsolomusicamagazine.it\\\/?p=11259#breadcrumb\",\"itemListElement\":[{\"@type\":\"ListItem\",\"position\":1,\"name\":\"Home\",\"item\":\"https:\\\/\\\/www.nonsolomusicamagazine.it\\\/\"},{\"@type\":\"ListItem\",\"position\":2,\"name\":\"Xylella fastidiosa e disseccamento rapido dell&#8217;olivo: la cura c&#8217;\u00e8 ed \u00e8 quella di Scortichini. Lo dice anche una ricerca scientifica del CNR (di chi negava la cura&#8230;)\"}]},{\"@type\":\"WebSite\",\"@id\":\"https:\\\/\\\/www.nonsolomusicamagazine.it\\\/#website\",\"url\":\"https:\\\/\\\/www.nonsolomusicamagazine.it\\\/\",\"name\":\"Nonsolomusicamagazine\",\"description\":\"Dir. responsabile Manuel M Buccarella\",\"potentialAction\":[{\"@type\":\"SearchAction\",\"target\":{\"@type\":\"EntryPoint\",\"urlTemplate\":\"https:\\\/\\\/www.nonsolomusicamagazine.it\\\/?s={search_term_string}\"},\"query-input\":{\"@type\":\"PropertyValueSpecification\",\"valueRequired\":true,\"valueName\":\"search_term_string\"}}],\"inLanguage\":\"it-IT\"},{\"@type\":\"Person\",\"@id\":\"https:\\\/\\\/www.nonsolomusicamagazine.it\\\/#\\\/schema\\\/person\\\/a3349ad02300d046472d46cf6d31ae46\",\"name\":\"nonsolomusica\",\"image\":{\"@type\":\"ImageObject\",\"inLanguage\":\"it-IT\",\"@id\":\"https:\\\/\\\/www.nonsolomusicamagazine.it\\\/wp-content\\\/litespeed\\\/avatar\\\/3a675484bc84db6aba78d43bfc8b7197.jpg?ver=1776880798\",\"url\":\"https:\\\/\\\/www.nonsolomusicamagazine.it\\\/wp-content\\\/litespeed\\\/avatar\\\/3a675484bc84db6aba78d43bfc8b7197.jpg?ver=1776880798\",\"contentUrl\":\"https:\\\/\\\/www.nonsolomusicamagazine.it\\\/wp-content\\\/litespeed\\\/avatar\\\/3a675484bc84db6aba78d43bfc8b7197.jpg?ver=1776880798\",\"caption\":\"nonsolomusica\"},\"sameAs\":[\"https:\\\/\\\/www.nonsolomusicamagazine.it\"],\"url\":\"https:\\\/\\\/www.nonsolomusicamagazine.it\\\/?author=1\"}]}<\/script>\n<!-- \/ Yoast SEO plugin. -->","yoast_head_json":{"title":"Xylella fastidiosa e disseccamento rapido dell'olivo: la cura c'\u00e8 ed \u00e8 quella di Scortichini. Lo dice anche una ricerca scientifica del CNR (di chi negava la cura...) - NonSoloMusicaMagazine","description":"Xylella fastidiosa e disseccamento rapido dell'olivo","robots":{"index":"index","follow":"follow","max-snippet":"max-snippet:-1","max-image-preview":"max-image-preview:large","max-video-preview":"max-video-preview:-1"},"canonical":"https:\/\/www.nonsolomusicamagazine.it\/?p=11259","og_locale":"it_IT","og_type":"article","og_title":"Xylella fastidiosa e disseccamento rapido dell'olivo: la cura c'\u00e8 ed \u00e8 quella di Scortichini. Lo dice anche una ricerca scientifica del CNR (di chi negava la cura...) - NonSoloMusicaMagazine","og_description":"Xylella fastidiosa e disseccamento rapido dell'olivo","og_url":"https:\/\/www.nonsolomusicamagazine.it\/?p=11259","og_site_name":"NonSoloMusicaMagazine","article_published_time":"2025-07-21T18:27:04+00:00","article_modified_time":"2025-07-22T09:17:13+00:00","og_image":[{"width":690,"height":362,"url":"https:\/\/www.nonsolomusicamagazine.it\/wp-content\/uploads\/2025\/07\/1000069982.jpg","type":"image\/jpeg"}],"author":"nonsolomusica","twitter_card":"summary_large_image","twitter_misc":{"Scritto da":"nonsolomusica","Tempo di lettura stimato":"5 minuti"},"schema":{"@context":"https:\/\/schema.org","@graph":[{"@type":"Article","@id":"https:\/\/www.nonsolomusicamagazine.it\/?p=11259#article","isPartOf":{"@id":"https:\/\/www.nonsolomusicamagazine.it\/?p=11259"},"author":{"name":"nonsolomusica","@id":"https:\/\/www.nonsolomusicamagazine.it\/#\/schema\/person\/a3349ad02300d046472d46cf6d31ae46"},"headline":"Xylella fastidiosa e disseccamento rapido dell&#8217;olivo: la cura c&#8217;\u00e8 ed \u00e8 quella di Scortichini. Lo dice anche una ricerca scientifica del CNR (di chi negava la cura&#8230;)","datePublished":"2025-07-21T18:27:04+00:00","dateModified":"2025-07-22T09:17:13+00:00","mainEntityOfPage":{"@id":"https:\/\/www.nonsolomusicamagazine.it\/?p=11259"},"wordCount":837,"commentCount":0,"image":{"@id":"https:\/\/www.nonsolomusicamagazine.it\/?p=11259#primaryimage"},"thumbnailUrl":"https:\/\/www.nonsolomusicamagazine.it\/wp-content\/uploads\/2025\/07\/1000069982.jpg","keywords":["CNR","Cura","Eradicazione","Scortichini","Xylella"],"articleSection":["Economia","Scienza"],"inLanguage":"it-IT","potentialAction":[{"@type":"CommentAction","name":"Comment","target":["https:\/\/www.nonsolomusicamagazine.it\/?p=11259#respond"]}]},{"@type":"WebPage","@id":"https:\/\/www.nonsolomusicamagazine.it\/?p=11259","url":"https:\/\/www.nonsolomusicamagazine.it\/?p=11259","name":"Xylella fastidiosa e disseccamento rapido dell'olivo: la cura c'\u00e8 ed \u00e8 quella di Scortichini. Lo dice anche una ricerca scientifica del CNR (di chi negava la cura...) - NonSoloMusicaMagazine","isPartOf":{"@id":"https:\/\/www.nonsolomusicamagazine.it\/#website"},"primaryImageOfPage":{"@id":"https:\/\/www.nonsolomusicamagazine.it\/?p=11259#primaryimage"},"image":{"@id":"https:\/\/www.nonsolomusicamagazine.it\/?p=11259#primaryimage"},"thumbnailUrl":"https:\/\/www.nonsolomusicamagazine.it\/wp-content\/uploads\/2025\/07\/1000069982.jpg","datePublished":"2025-07-21T18:27:04+00:00","dateModified":"2025-07-22T09:17:13+00:00","author":{"@id":"https:\/\/www.nonsolomusicamagazine.it\/#\/schema\/person\/a3349ad02300d046472d46cf6d31ae46"},"description":"Xylella fastidiosa e disseccamento rapido dell'olivo","breadcrumb":{"@id":"https:\/\/www.nonsolomusicamagazine.it\/?p=11259#breadcrumb"},"inLanguage":"it-IT","potentialAction":[{"@type":"ReadAction","target":["https:\/\/www.nonsolomusicamagazine.it\/?p=11259"]}]},{"@type":"ImageObject","inLanguage":"it-IT","@id":"https:\/\/www.nonsolomusicamagazine.it\/?p=11259#primaryimage","url":"https:\/\/www.nonsolomusicamagazine.it\/wp-content\/uploads\/2025\/07\/1000069982.jpg","contentUrl":"https:\/\/www.nonsolomusicamagazine.it\/wp-content\/uploads\/2025\/07\/1000069982.jpg","width":690,"height":362},{"@type":"BreadcrumbList","@id":"https:\/\/www.nonsolomusicamagazine.it\/?p=11259#breadcrumb","itemListElement":[{"@type":"ListItem","position":1,"name":"Home","item":"https:\/\/www.nonsolomusicamagazine.it\/"},{"@type":"ListItem","position":2,"name":"Xylella fastidiosa e disseccamento rapido dell&#8217;olivo: la cura c&#8217;\u00e8 ed \u00e8 quella di Scortichini. Lo dice anche una ricerca scientifica del CNR (di chi negava la cura&#8230;)"}]},{"@type":"WebSite","@id":"https:\/\/www.nonsolomusicamagazine.it\/#website","url":"https:\/\/www.nonsolomusicamagazine.it\/","name":"Nonsolomusicamagazine","description":"Dir. responsabile Manuel M Buccarella","potentialAction":[{"@type":"SearchAction","target":{"@type":"EntryPoint","urlTemplate":"https:\/\/www.nonsolomusicamagazine.it\/?s={search_term_string}"},"query-input":{"@type":"PropertyValueSpecification","valueRequired":true,"valueName":"search_term_string"}}],"inLanguage":"it-IT"},{"@type":"Person","@id":"https:\/\/www.nonsolomusicamagazine.it\/#\/schema\/person\/a3349ad02300d046472d46cf6d31ae46","name":"nonsolomusica","image":{"@type":"ImageObject","inLanguage":"it-IT","@id":"https:\/\/www.nonsolomusicamagazine.it\/wp-content\/litespeed\/avatar\/3a675484bc84db6aba78d43bfc8b7197.jpg?ver=1776880798","url":"https:\/\/www.nonsolomusicamagazine.it\/wp-content\/litespeed\/avatar\/3a675484bc84db6aba78d43bfc8b7197.jpg?ver=1776880798","contentUrl":"https:\/\/www.nonsolomusicamagazine.it\/wp-content\/litespeed\/avatar\/3a675484bc84db6aba78d43bfc8b7197.jpg?ver=1776880798","caption":"nonsolomusica"},"sameAs":["https:\/\/www.nonsolomusicamagazine.it"],"url":"https:\/\/www.nonsolomusicamagazine.it\/?author=1"}]}},"amp_enabled":true,"_links":{"self":[{"href":"https:\/\/www.nonsolomusicamagazine.it\/index.php?rest_route=\/wp\/v2\/posts\/11259","targetHints":{"allow":["GET"]}}],"collection":[{"href":"https:\/\/www.nonsolomusicamagazine.it\/index.php?rest_route=\/wp\/v2\/posts"}],"about":[{"href":"https:\/\/www.nonsolomusicamagazine.it\/index.php?rest_route=\/wp\/v2\/types\/post"}],"author":[{"embeddable":true,"href":"https:\/\/www.nonsolomusicamagazine.it\/index.php?rest_route=\/wp\/v2\/users\/1"}],"replies":[{"embeddable":true,"href":"https:\/\/www.nonsolomusicamagazine.it\/index.php?rest_route=%2Fwp%2Fv2%2Fcomments&post=11259"}],"version-history":[{"count":0,"href":"https:\/\/www.nonsolomusicamagazine.it\/index.php?rest_route=\/wp\/v2\/posts\/11259\/revisions"}],"wp:featuredmedia":[{"embeddable":true,"href":"https:\/\/www.nonsolomusicamagazine.it\/index.php?rest_route=\/wp\/v2\/media\/11260"}],"wp:attachment":[{"href":"https:\/\/www.nonsolomusicamagazine.it\/index.php?rest_route=%2Fwp%2Fv2%2Fmedia&parent=11259"}],"wp:term":[{"taxonomy":"category","embeddable":true,"href":"https:\/\/www.nonsolomusicamagazine.it\/index.php?rest_route=%2Fwp%2Fv2%2Fcategories&post=11259"},{"taxonomy":"post_tag","embeddable":true,"href":"https:\/\/www.nonsolomusicamagazine.it\/index.php?rest_route=%2Fwp%2Fv2%2Ftags&post=11259"}],"curies":[{"name":"wp","href":"https:\/\/api.w.org\/{rel}","templated":true}]}}