{"id":11262,"date":"2025-07-21T20:46:13","date_gmt":"2025-07-21T18:46:13","guid":{"rendered":"https:\/\/www.nonsolomusicamagazine.it\/?p=11262"},"modified":"2025-07-21T20:46:14","modified_gmt":"2025-07-21T18:46:14","slug":"xylella-fastidiosa-dopo-il-riconoscimento-scientifico-della-cura-scortichini-lopinione-dellattivista","status":"publish","type":"post","link":"https:\/\/www.nonsolomusicamagazine.it\/?p=11262","title":{"rendered":"Xylella fastidiosa: dopo il riconoscimento scientifico della cura Scortichini, l&#8217;opinione dell&#8217;attivista."},"content":{"rendered":"\n<p>Xylella, la cura c&#8217;\u00e8 sempre stata, adesso lo dice anche quella parte del mondo scientifico che fino ad ora aveva sempre negato la possibilit\u00e0 di salvare i nostri meravigliosi ulivi e di conseguenza il nostro paesaggio tipico salentino con trattamenti biologici adeguati. E, si badi bene, abbiamo sempre cercato di fare comprendere, sia ai decisori politici che a quel mondo marcio della cosiddetta informazione che ha avuto responsabilit\u00e0 determinanti in questa faccenda, che la possibilit\u00e0 di recuperare i nostri oliveti autoctoni c&#8217;era veramente. Ma abbiamo ricevuto soltanto intimidazioni, offese oppure tanta indifferenza.<br>Invece abbiamo assistito ad una diffusa aggressione al territorio che neanche i barbari avrebbero potuto commettere.<br>Adesso chi pagher\u00e0 per gli ingentissimi danni provocati al Territorio ? Chi chieder\u00e0 il conto a quei decisori politici di tutti i livelli istituzionali che hanno legiferato anche in base a delle motivazioni completamente errate ed hanno dato copertura giuridica ad una diffusa devastazione ? Avranno il coraggio questi decisori politici, di tutti i livelli istituzionali, alla luce di questa importante verit\u00e0, di comprendere che il giochino e finito, di rivedere le loro sbagliate decisioni politiche giuridiche e cercare di salvare quella parte di territorio che ha ancora i nostri tipici oliveti ??<br>Perch\u00e9 \u00e8 vero che la cura c&#8217;\u00e8, ma \u00e8 anche vero che per renderla veramente efficace \u00e8 necessario sostenere, con adeguate azioni politiche e relativi fondi pubblici, i proprietari di oliveti e le aziende agricole che ancora producono olio eccellente dai nostri antichi oliveti e che si ostinano caparbiamente a preservare il nostro tipico paesaggio. Dedico questo articolo in particolare a coloro che non solo non hanno avuto il coraggio di contrastare la narrazione dominante pro distruzione e reimpianti, funzionale a gestire fondi pubblici, ma che invece hanno avuto il barbaro coraggio di chiamarci complottisti negazionisti illusionisti. La vostra codardia si \u00e8 dimostrata dannosa, le vostre responsabilit\u00e0 nella devastazione sono gravi quasi al livello di chi invece ha messo in atto azioni funzionali alla distruzione e riconversione. Degli altri invece inutile aggiungere altro: le ipotesi di reato potrebbero essere tantissime, speriamo soltanto che la magistratura faccia finalmente chiarezza.<\/p>\n\n\n\n<figure class=\"wp-block-image size-large\"><img decoding=\"async\" width=\"1024\" height=\"1021\" src=\"https:\/\/www.nonsolomusicamagazine.it\/wp-content\/uploads\/2025\/07\/1000069990-1024x1021.jpg\" alt=\"\" class=\"wp-image-11263\" srcset=\"https:\/\/www.nonsolomusicamagazine.it\/wp-content\/uploads\/2025\/07\/1000069990-1024x1021.jpg 1024w, https:\/\/www.nonsolomusicamagazine.it\/wp-content\/uploads\/2025\/07\/1000069990-300x300.jpg 300w, https:\/\/www.nonsolomusicamagazine.it\/wp-content\/uploads\/2025\/07\/1000069990-150x150.jpg 150w, https:\/\/www.nonsolomusicamagazine.it\/wp-content\/uploads\/2025\/07\/1000069990-768x766.jpg 768w, https:\/\/www.nonsolomusicamagazine.it\/wp-content\/uploads\/2025\/07\/1000069990.jpg 1286w\" sizes=\"(max-width: 1024px) 100vw, 1024px\" \/><\/figure>\n\n\n\n<p><\/p>\n","protected":false},"excerpt":{"rendered":"<p>Xylella, la cura c&#8217;\u00e8 sempre stata, adesso lo dice anche quella parte del mondo scientifico che fino ad ora aveva sempre negato la possibilit\u00e0 di salvare i nostri meravigliosi ulivi e di conseguenza il nostro paesaggio tipico salentino con trattamenti biologici adeguati. E, si badi bene, abbiamo sempre cercato di fare comprendere, sia ai decisori [&hellip;]<\/p>\n","protected":false},"author":1,"featured_media":11263,"comment_status":"open","ping_status":"closed","sticky":false,"template":"","format":"standard","meta":{"footnotes":""},"categories":[283],"tags":[342,343],"class_list":["post-11262","post","type-post","status-publish","format-standard","has-post-thumbnail","hentry","category-ambiente","tag-crocifisso-aloisi","tag-xylella"],"yoast_head":"<!-- This site is optimized with the Yoast SEO plugin v27.5 - https:\/\/yoast.com\/product\/yoast-seo-wordpress\/ -->\n<title>Xylella fastidiosa: dopo il riconoscimento scientifico della cura Scortichini, l&#039;opinione dell&#039;attivista. - NonSoloMusicaMagazine<\/title>\n<meta name=\"description\" content=\"Xylella\" \/>\n<meta name=\"robots\" content=\"index, follow, max-snippet:-1, max-image-preview:large, max-video-preview:-1\" \/>\n<link rel=\"canonical\" href=\"https:\/\/www.nonsolomusicamagazine.it\/?p=11262\" \/>\n<meta property=\"og:locale\" content=\"it_IT\" \/>\n<meta property=\"og:type\" content=\"article\" \/>\n<meta property=\"og:title\" content=\"Xylella fastidiosa: dopo il riconoscimento scientifico della cura Scortichini, l&#039;opinione dell&#039;attivista. - NonSoloMusicaMagazine\" \/>\n<meta property=\"og:description\" content=\"Xylella\" \/>\n<meta property=\"og:url\" content=\"https:\/\/www.nonsolomusicamagazine.it\/?p=11262\" \/>\n<meta property=\"og:site_name\" content=\"NonSoloMusicaMagazine\" \/>\n<meta property=\"article:published_time\" content=\"2025-07-21T18:46:13+00:00\" \/>\n<meta property=\"article:modified_time\" content=\"2025-07-21T18:46:14+00:00\" \/>\n<meta property=\"og:image\" content=\"https:\/\/www.nonsolomusicamagazine.it\/wp-content\/uploads\/2025\/07\/1000069990.jpg\" \/>\n\t<meta property=\"og:image:width\" content=\"1286\" \/>\n\t<meta property=\"og:image:height\" content=\"1282\" \/>\n\t<meta property=\"og:image:type\" content=\"image\/jpeg\" \/>\n<meta name=\"author\" content=\"nonsolomusica\" \/>\n<meta name=\"twitter:card\" content=\"summary_large_image\" \/>\n<meta name=\"twitter:label1\" content=\"Scritto da\" \/>\n\t<meta name=\"twitter:data1\" content=\"nonsolomusica\" \/>\n\t<meta name=\"twitter:label2\" content=\"Tempo di lettura stimato\" \/>\n\t<meta name=\"twitter:data2\" content=\"3 minuti\" \/>\n<script type=\"application\/ld+json\" class=\"yoast-schema-graph\">{\"@context\":\"https:\\\/\\\/schema.org\",\"@graph\":[{\"@type\":\"Article\",\"@id\":\"https:\\\/\\\/www.nonsolomusicamagazine.it\\\/?p=11262#article\",\"isPartOf\":{\"@id\":\"https:\\\/\\\/www.nonsolomusicamagazine.it\\\/?p=11262\"},\"author\":{\"name\":\"nonsolomusica\",\"@id\":\"https:\\\/\\\/www.nonsolomusicamagazine.it\\\/#\\\/schema\\\/person\\\/a3349ad02300d046472d46cf6d31ae46\"},\"headline\":\"Xylella fastidiosa: dopo il riconoscimento scientifico della cura Scortichini, l&#8217;opinione dell&#8217;attivista.\",\"datePublished\":\"2025-07-21T18:46:13+00:00\",\"dateModified\":\"2025-07-21T18:46:14+00:00\",\"mainEntityOfPage\":{\"@id\":\"https:\\\/\\\/www.nonsolomusicamagazine.it\\\/?p=11262\"},\"wordCount\":356,\"commentCount\":0,\"image\":{\"@id\":\"https:\\\/\\\/www.nonsolomusicamagazine.it\\\/?p=11262#primaryimage\"},\"thumbnailUrl\":\"https:\\\/\\\/www.nonsolomusicamagazine.it\\\/wp-content\\\/uploads\\\/2025\\\/07\\\/1000069990.jpg\",\"keywords\":[\"Crocifisso Aloisi\",\"Xylella\"],\"articleSection\":[\"Ambiente\"],\"inLanguage\":\"it-IT\",\"potentialAction\":[{\"@type\":\"CommentAction\",\"name\":\"Comment\",\"target\":[\"https:\\\/\\\/www.nonsolomusicamagazine.it\\\/?p=11262#respond\"]}]},{\"@type\":\"WebPage\",\"@id\":\"https:\\\/\\\/www.nonsolomusicamagazine.it\\\/?p=11262\",\"url\":\"https:\\\/\\\/www.nonsolomusicamagazine.it\\\/?p=11262\",\"name\":\"Xylella fastidiosa: dopo il riconoscimento scientifico della cura Scortichini, l'opinione dell'attivista. - NonSoloMusicaMagazine\",\"isPartOf\":{\"@id\":\"https:\\\/\\\/www.nonsolomusicamagazine.it\\\/#website\"},\"primaryImageOfPage\":{\"@id\":\"https:\\\/\\\/www.nonsolomusicamagazine.it\\\/?p=11262#primaryimage\"},\"image\":{\"@id\":\"https:\\\/\\\/www.nonsolomusicamagazine.it\\\/?p=11262#primaryimage\"},\"thumbnailUrl\":\"https:\\\/\\\/www.nonsolomusicamagazine.it\\\/wp-content\\\/uploads\\\/2025\\\/07\\\/1000069990.jpg\",\"datePublished\":\"2025-07-21T18:46:13+00:00\",\"dateModified\":\"2025-07-21T18:46:14+00:00\",\"author\":{\"@id\":\"https:\\\/\\\/www.nonsolomusicamagazine.it\\\/#\\\/schema\\\/person\\\/a3349ad02300d046472d46cf6d31ae46\"},\"description\":\"Xylella\",\"breadcrumb\":{\"@id\":\"https:\\\/\\\/www.nonsolomusicamagazine.it\\\/?p=11262#breadcrumb\"},\"inLanguage\":\"it-IT\",\"potentialAction\":[{\"@type\":\"ReadAction\",\"target\":[\"https:\\\/\\\/www.nonsolomusicamagazine.it\\\/?p=11262\"]}]},{\"@type\":\"ImageObject\",\"inLanguage\":\"it-IT\",\"@id\":\"https:\\\/\\\/www.nonsolomusicamagazine.it\\\/?p=11262#primaryimage\",\"url\":\"https:\\\/\\\/www.nonsolomusicamagazine.it\\\/wp-content\\\/uploads\\\/2025\\\/07\\\/1000069990.jpg\",\"contentUrl\":\"https:\\\/\\\/www.nonsolomusicamagazine.it\\\/wp-content\\\/uploads\\\/2025\\\/07\\\/1000069990.jpg\",\"width\":1286,\"height\":1282},{\"@type\":\"BreadcrumbList\",\"@id\":\"https:\\\/\\\/www.nonsolomusicamagazine.it\\\/?p=11262#breadcrumb\",\"itemListElement\":[{\"@type\":\"ListItem\",\"position\":1,\"name\":\"Home\",\"item\":\"https:\\\/\\\/www.nonsolomusicamagazine.it\\\/\"},{\"@type\":\"ListItem\",\"position\":2,\"name\":\"Xylella fastidiosa: dopo il riconoscimento scientifico della cura Scortichini, l&#8217;opinione dell&#8217;attivista.\"}]},{\"@type\":\"WebSite\",\"@id\":\"https:\\\/\\\/www.nonsolomusicamagazine.it\\\/#website\",\"url\":\"https:\\\/\\\/www.nonsolomusicamagazine.it\\\/\",\"name\":\"Nonsolomusicamagazine\",\"description\":\"Dir. responsabile Manuel M Buccarella\",\"potentialAction\":[{\"@type\":\"SearchAction\",\"target\":{\"@type\":\"EntryPoint\",\"urlTemplate\":\"https:\\\/\\\/www.nonsolomusicamagazine.it\\\/?s={search_term_string}\"},\"query-input\":{\"@type\":\"PropertyValueSpecification\",\"valueRequired\":true,\"valueName\":\"search_term_string\"}}],\"inLanguage\":\"it-IT\"},{\"@type\":\"Person\",\"@id\":\"https:\\\/\\\/www.nonsolomusicamagazine.it\\\/#\\\/schema\\\/person\\\/a3349ad02300d046472d46cf6d31ae46\",\"name\":\"nonsolomusica\",\"image\":{\"@type\":\"ImageObject\",\"inLanguage\":\"it-IT\",\"@id\":\"https:\\\/\\\/www.nonsolomusicamagazine.it\\\/wp-content\\\/litespeed\\\/avatar\\\/3a675484bc84db6aba78d43bfc8b7197.jpg?ver=1777485663\",\"url\":\"https:\\\/\\\/www.nonsolomusicamagazine.it\\\/wp-content\\\/litespeed\\\/avatar\\\/3a675484bc84db6aba78d43bfc8b7197.jpg?ver=1777485663\",\"contentUrl\":\"https:\\\/\\\/www.nonsolomusicamagazine.it\\\/wp-content\\\/litespeed\\\/avatar\\\/3a675484bc84db6aba78d43bfc8b7197.jpg?ver=1777485663\",\"caption\":\"nonsolomusica\"},\"sameAs\":[\"https:\\\/\\\/www.nonsolomusicamagazine.it\"],\"url\":\"https:\\\/\\\/www.nonsolomusicamagazine.it\\\/?author=1\"}]}<\/script>\n<!-- \/ Yoast SEO plugin. -->","yoast_head_json":{"title":"Xylella fastidiosa: dopo il riconoscimento scientifico della cura Scortichini, l'opinione dell'attivista. - NonSoloMusicaMagazine","description":"Xylella","robots":{"index":"index","follow":"follow","max-snippet":"max-snippet:-1","max-image-preview":"max-image-preview:large","max-video-preview":"max-video-preview:-1"},"canonical":"https:\/\/www.nonsolomusicamagazine.it\/?p=11262","og_locale":"it_IT","og_type":"article","og_title":"Xylella fastidiosa: dopo il riconoscimento scientifico della cura Scortichini, l'opinione dell'attivista. - NonSoloMusicaMagazine","og_description":"Xylella","og_url":"https:\/\/www.nonsolomusicamagazine.it\/?p=11262","og_site_name":"NonSoloMusicaMagazine","article_published_time":"2025-07-21T18:46:13+00:00","article_modified_time":"2025-07-21T18:46:14+00:00","og_image":[{"width":1286,"height":1282,"url":"https:\/\/www.nonsolomusicamagazine.it\/wp-content\/uploads\/2025\/07\/1000069990.jpg","type":"image\/jpeg"}],"author":"nonsolomusica","twitter_card":"summary_large_image","twitter_misc":{"Scritto da":"nonsolomusica","Tempo di lettura stimato":"3 minuti"},"schema":{"@context":"https:\/\/schema.org","@graph":[{"@type":"Article","@id":"https:\/\/www.nonsolomusicamagazine.it\/?p=11262#article","isPartOf":{"@id":"https:\/\/www.nonsolomusicamagazine.it\/?p=11262"},"author":{"name":"nonsolomusica","@id":"https:\/\/www.nonsolomusicamagazine.it\/#\/schema\/person\/a3349ad02300d046472d46cf6d31ae46"},"headline":"Xylella fastidiosa: dopo il riconoscimento scientifico della cura Scortichini, l&#8217;opinione dell&#8217;attivista.","datePublished":"2025-07-21T18:46:13+00:00","dateModified":"2025-07-21T18:46:14+00:00","mainEntityOfPage":{"@id":"https:\/\/www.nonsolomusicamagazine.it\/?p=11262"},"wordCount":356,"commentCount":0,"image":{"@id":"https:\/\/www.nonsolomusicamagazine.it\/?p=11262#primaryimage"},"thumbnailUrl":"https:\/\/www.nonsolomusicamagazine.it\/wp-content\/uploads\/2025\/07\/1000069990.jpg","keywords":["Crocifisso Aloisi","Xylella"],"articleSection":["Ambiente"],"inLanguage":"it-IT","potentialAction":[{"@type":"CommentAction","name":"Comment","target":["https:\/\/www.nonsolomusicamagazine.it\/?p=11262#respond"]}]},{"@type":"WebPage","@id":"https:\/\/www.nonsolomusicamagazine.it\/?p=11262","url":"https:\/\/www.nonsolomusicamagazine.it\/?p=11262","name":"Xylella fastidiosa: dopo il riconoscimento scientifico della cura Scortichini, l'opinione dell'attivista. - NonSoloMusicaMagazine","isPartOf":{"@id":"https:\/\/www.nonsolomusicamagazine.it\/#website"},"primaryImageOfPage":{"@id":"https:\/\/www.nonsolomusicamagazine.it\/?p=11262#primaryimage"},"image":{"@id":"https:\/\/www.nonsolomusicamagazine.it\/?p=11262#primaryimage"},"thumbnailUrl":"https:\/\/www.nonsolomusicamagazine.it\/wp-content\/uploads\/2025\/07\/1000069990.jpg","datePublished":"2025-07-21T18:46:13+00:00","dateModified":"2025-07-21T18:46:14+00:00","author":{"@id":"https:\/\/www.nonsolomusicamagazine.it\/#\/schema\/person\/a3349ad02300d046472d46cf6d31ae46"},"description":"Xylella","breadcrumb":{"@id":"https:\/\/www.nonsolomusicamagazine.it\/?p=11262#breadcrumb"},"inLanguage":"it-IT","potentialAction":[{"@type":"ReadAction","target":["https:\/\/www.nonsolomusicamagazine.it\/?p=11262"]}]},{"@type":"ImageObject","inLanguage":"it-IT","@id":"https:\/\/www.nonsolomusicamagazine.it\/?p=11262#primaryimage","url":"https:\/\/www.nonsolomusicamagazine.it\/wp-content\/uploads\/2025\/07\/1000069990.jpg","contentUrl":"https:\/\/www.nonsolomusicamagazine.it\/wp-content\/uploads\/2025\/07\/1000069990.jpg","width":1286,"height":1282},{"@type":"BreadcrumbList","@id":"https:\/\/www.nonsolomusicamagazine.it\/?p=11262#breadcrumb","itemListElement":[{"@type":"ListItem","position":1,"name":"Home","item":"https:\/\/www.nonsolomusicamagazine.it\/"},{"@type":"ListItem","position":2,"name":"Xylella fastidiosa: dopo il riconoscimento scientifico della cura Scortichini, l&#8217;opinione dell&#8217;attivista."}]},{"@type":"WebSite","@id":"https:\/\/www.nonsolomusicamagazine.it\/#website","url":"https:\/\/www.nonsolomusicamagazine.it\/","name":"Nonsolomusicamagazine","description":"Dir. responsabile Manuel M Buccarella","potentialAction":[{"@type":"SearchAction","target":{"@type":"EntryPoint","urlTemplate":"https:\/\/www.nonsolomusicamagazine.it\/?s={search_term_string}"},"query-input":{"@type":"PropertyValueSpecification","valueRequired":true,"valueName":"search_term_string"}}],"inLanguage":"it-IT"},{"@type":"Person","@id":"https:\/\/www.nonsolomusicamagazine.it\/#\/schema\/person\/a3349ad02300d046472d46cf6d31ae46","name":"nonsolomusica","image":{"@type":"ImageObject","inLanguage":"it-IT","@id":"https:\/\/www.nonsolomusicamagazine.it\/wp-content\/litespeed\/avatar\/3a675484bc84db6aba78d43bfc8b7197.jpg?ver=1777485663","url":"https:\/\/www.nonsolomusicamagazine.it\/wp-content\/litespeed\/avatar\/3a675484bc84db6aba78d43bfc8b7197.jpg?ver=1777485663","contentUrl":"https:\/\/www.nonsolomusicamagazine.it\/wp-content\/litespeed\/avatar\/3a675484bc84db6aba78d43bfc8b7197.jpg?ver=1777485663","caption":"nonsolomusica"},"sameAs":["https:\/\/www.nonsolomusicamagazine.it"],"url":"https:\/\/www.nonsolomusicamagazine.it\/?author=1"}]}},"amp_enabled":true,"_links":{"self":[{"href":"https:\/\/www.nonsolomusicamagazine.it\/index.php?rest_route=\/wp\/v2\/posts\/11262","targetHints":{"allow":["GET"]}}],"collection":[{"href":"https:\/\/www.nonsolomusicamagazine.it\/index.php?rest_route=\/wp\/v2\/posts"}],"about":[{"href":"https:\/\/www.nonsolomusicamagazine.it\/index.php?rest_route=\/wp\/v2\/types\/post"}],"author":[{"embeddable":true,"href":"https:\/\/www.nonsolomusicamagazine.it\/index.php?rest_route=\/wp\/v2\/users\/1"}],"replies":[{"embeddable":true,"href":"https:\/\/www.nonsolomusicamagazine.it\/index.php?rest_route=%2Fwp%2Fv2%2Fcomments&post=11262"}],"version-history":[{"count":0,"href":"https:\/\/www.nonsolomusicamagazine.it\/index.php?rest_route=\/wp\/v2\/posts\/11262\/revisions"}],"wp:featuredmedia":[{"embeddable":true,"href":"https:\/\/www.nonsolomusicamagazine.it\/index.php?rest_route=\/wp\/v2\/media\/11263"}],"wp:attachment":[{"href":"https:\/\/www.nonsolomusicamagazine.it\/index.php?rest_route=%2Fwp%2Fv2%2Fmedia&parent=11262"}],"wp:term":[{"taxonomy":"category","embeddable":true,"href":"https:\/\/www.nonsolomusicamagazine.it\/index.php?rest_route=%2Fwp%2Fv2%2Fcategories&post=11262"},{"taxonomy":"post_tag","embeddable":true,"href":"https:\/\/www.nonsolomusicamagazine.it\/index.php?rest_route=%2Fwp%2Fv2%2Ftags&post=11262"}],"curies":[{"name":"wp","href":"https:\/\/api.w.org\/{rel}","templated":true}]}}