{"id":11349,"date":"2025-07-26T11:14:30","date_gmt":"2025-07-26T09:14:30","guid":{"rendered":"https:\/\/www.nonsolomusicamagazine.it\/?p=11349"},"modified":"2025-07-26T11:14:32","modified_gmt":"2025-07-26T09:14:32","slug":"perche-le-bandiere-della-jugoslavia-sono-di-nuovo-in-e-nostalgia-per-il-paese-per-il-sistema-di-valori-o-unespressione-di-resistenza-contro-il-nazionalismo-linchiesta-di-novi-dani","status":"publish","type":"post","link":"https:\/\/www.nonsolomusicamagazine.it\/?p=11349","title":{"rendered":"Perch\u00e9 le bandiere della Jugoslavia sono di nuovo &#8220;IN&#8221;: \u00e8 nostalgia per il Paese, per il sistema di valori o un&#8217;espressione di resistenza contro il nazionalismo? L&#8217;inchiesta di &#8220;Novi Dani&#8221;."},"content":{"rendered":"\n<p>Il portale di notizie Novi Dani ha affrontato con un bel reportage il tema dell&#8217;esistenza di una &#8220;Jugoslavia dopo la Jugoslavia&#8221; <\/p>\n\n\n\n<p>Sebbene da tempo persistentemente repressa e rifiutata, l&#8217;eredit\u00e0 jugoslava riesce in qualche modo a sopravvivere e a perseguitare le \u00e9lite nazionaliste al potere in tutta la regione della ex Jugoslavia, nella loro infondata convinzione di vivere alla fine dei tempi e che il nazionalismo sia l&#8217;ultima cosa in cui la gente creder\u00e0 fino alla fine.<\/p>\n\n\n\n<p>Perch\u00e9 le persone siano ancora alla ricerca di un&#8217;identit\u00e0 jugoslava \u00e8 stato indagato dalla televisione di stato austriaca, che la scorsa settimana ha pubblicato il documentario &#8220;Vienna, l&#8217;ultima citt\u00e0 jugoslava&#8221;. Trasmesso su ORF ON, questo film mostra perch\u00e9 per molti slavi l&#8217;ex Jugoslavia vive ancora a Vienna, non solo come un ricordo glorioso, ma come un&#8217;idea di comunit\u00e0.<\/p>\n\n\n\n<p>Nel caff\u00e8 &#8220;SRFJ&#8221; di Vienna, decorato con motivi e bandiere dell&#8217;ex Stato della Jugoslavia socialista, gli ospiti vengono intrattenuti mentre dagli altoparlanti risuonano i successi degli EX YU degli anni &#8217;80.<\/p>\n\n\n\n<p>Nel film stesso, la sociologa Ana Miji\u0107 dell&#8217;Universit\u00e0 di Vienna, che studia le migrazioni e l&#8217;identit\u00e0, afferma che l&#8217;identit\u00e0 post-jugoslava \u00e8 presente anche tra le generazioni pi\u00f9 giovani che non ricordano nemmeno l&#8217;ex Stato.<\/p>\n\n\n\n<p>Da un lato, l&#8217;identit\u00e0 post-jugoslava si oppone all&#8217;identificazione etno-nazionale e rappresenta una forma di resistenza e un modo per eludere i confini etno-nazionali. Rifiutandoli. <\/p>\n\n\n\n<p>&#8220;Direi che questa identificazione post-jugoslava \u00e8 indipendente dalle generazioni ed \u00e8 in realt\u00e0 evidente anche tra le generazioni pi\u00f9 giovani che non hanno vissuto affatto la Jugoslavia socialista&#8221;, afferma Miji\u0107.<\/p>\n\n\n\n<p>Aggiunge la studiosa che le persone provenienti dall&#8217;ex Jugoslavia sono considerate, rispetto ad altri gruppi di immigrati, esempi esemplari di integrazione. Tuttavia, spiega che, sebbene appartengano all&#8217;Austria, a causa dell&#8217;esperienza di appartenenza incompleta che si \u00e8 diffusa alle generazioni pi\u00f9 giovani, aspirano a un diverso concetto di identit\u00e0.<\/p>\n\n\n\n<p>Il film di Vedran Pilipovi\u0107 per il Vienna State Studio mostra perch\u00e9 Vienna \u00e8 talvolta pi\u00f9 jugoslava dell&#8217;ex Jugoslavia e come ci\u00f2 che \u00e8 comune venga anteposto a ci\u00f2 che divide.<\/p>\n\n\n\n<h5 class=\"wp-block-heading\">Nostalgia di un sistema di valori<\/h5>\n\n\n\n<p>Allo Jugofest di quest&#8217;anno a Graz  i comunisti austriaci riuniscono ogni anno la  diaspora jugoslava. Non \u00e8 insolito vedere persone che sventolano bandiere della RSFRY, altre che indossano maglie di atleti popolari di Serbia e Croazia, e che si sentano parlare in sloveno, macedone e albanese.<\/p>\n\n\n\n<p>Diverse centinaia di persone si accalcano su un piccolo altopiano di fronte alla sede del Partito Comunista d&#8217;Austria e cantano all&#8217;unisono con Darko Rundek \u2013 \u00a1Ay Carmela , O bella ciao e altre canzoni del repertorio di sinistra. Uno scenario che sembra inimmaginabile in qualsiasi parte dell&#8217;ex Stato di Jugoslavia. <\/p>\n\n\n\n<p>D&#8217;altra parte, non dobbiamo dimenticare che un buon numero di nuovi emigranti   preferisce adottare idee di estrema destra piuttosto che idee di comunit\u00e0. A differenza di loro, l&#8217;identit\u00e0 post-jugoslava \u00e8 particolarmente presente nella seconda e terza generazione dei &#8220;lavoratori ospiti&#8221;.<\/p>\n\n\n\n<p>Uliks Fehmiu, sceneggiatore e attore cinematografico e teatrale di origine serbo-albanese, figlio del famoso attore Bekim Fehmiu, spiega questo fenomeno non tanto con la nostalgia per lo Stato di un tempo, quanto con il desiderio di coltivare un sistema di valori.Valori sani. <\/p>\n\n\n\n<p>&#8220;Prima non pensavamo all&#8217;uguaglianza tra i sessi, perch\u00e9 era data per scontata, o perch\u00e9 si dava per scontato che la salute e l&#8217;istruzione fossero regolamentate. Qualcuno potrebbe parlare di yugo-nostalgia con un ghigno, ma non si tratta di nostalgia per lo spazio jugoslavo, ma di valori con cui, come essere umano, concordo&#8221;, ha affermato Fehmiu in un&#8217;intervista rilasciata nell&#8217;agosto di quest&#8217;anno.<\/p>\n\n\n\n<p>I governi nazionalisti delle repubbliche dello spazio jugoslavo sono preoccupati e vorrebbero reprimere manifestazioni &#8220;nostalgiche&#8221; e l&#8217;utilizzo della bandiera della Jugoslavia socialista. Si potrebbe dire che questa paranoia sia innescata da una certa crisi di legittimit\u00e0, che si verifica quando gran parte della popolazione dubita dei valori fondamentali o non ha fiducia nel sistema governativo. E come buona parte delle persone in fuga dalla propria patria all&#8217;estero, non cercano solo aiuto e sostegno dal &#8220;nostro popolo&#8221;, ma anche l&#8217;identit\u00e0 della comunit\u00e0 che li unisce.<\/p>\n\n\n\n<p>In passato molti governi hanno perso legittimit\u00e0 e inevitabilmente sorge la domanda  &#8220;perch\u00e9 siamo qui, perch\u00e9 governiamo e perch\u00e9 esistiamo&#8221;  , soprattutto quando il governo si rende conto che &#8221; nessuno crede pi\u00f9 nell&#8217;ideologia che stanno vendendo &#8220;.<\/p>\n\n\n\n<p>E questa domanda sar\u00e0 inevitabilmente posta alle \u00e9lite nazionaliste dell&#8217;intera regione, dopo tre decenni e mezzo di governo, economia saccheggiata, posizione internazionale semicoloniale, perdita di un terzo della popolazione e un mucchio di vuote promesse statali a cui nessuno crede pi\u00f9.<\/p>\n\n\n\n<p><em>fonte Novi Dani <\/em><\/p>\n\n\n\n<figure class=\"wp-block-image size-full\"><img decoding=\"async\" width=\"768\" height=\"432\" src=\"https:\/\/www.nonsolomusicamagazine.it\/wp-content\/uploads\/2025\/07\/1000070639.jpg\" alt=\"\" class=\"wp-image-11350\" srcset=\"https:\/\/www.nonsolomusicamagazine.it\/wp-content\/uploads\/2025\/07\/1000070639.jpg 768w, https:\/\/www.nonsolomusicamagazine.it\/wp-content\/uploads\/2025\/07\/1000070639-300x169.jpg 300w\" sizes=\"(max-width: 768px) 100vw, 768px\" \/><\/figure>\n","protected":false},"excerpt":{"rendered":"<p>Il portale di notizie Novi Dani ha affrontato con un bel reportage il tema dell&#8217;esistenza di una &#8220;Jugoslavia dopo la Jugoslavia&#8221; Sebbene da tempo persistentemente repressa e rifiutata, l&#8217;eredit\u00e0 jugoslava riesce in qualche modo a sopravvivere e a perseguitare le \u00e9lite nazionaliste al potere in tutta la regione della ex Jugoslavia, nella loro infondata convinzione [&hellip;]<\/p>\n","protected":false},"author":1,"featured_media":11350,"comment_status":"open","ping_status":"closed","sticky":false,"template":"","format":"standard","meta":{"footnotes":""},"categories":[6,5,20],"tags":[3135,650,4585,4586],"class_list":["post-11349","post","type-post","status-publish","format-standard","has-post-thumbnail","hentry","category-esteri","category-politica","category-societa","tag-austria","tag-jugoslavia","tag-novi-dani","tag-yugo-nostalgia"],"yoast_head":"<!-- This site is optimized with the Yoast SEO plugin v27.4 - https:\/\/yoast.com\/product\/yoast-seo-wordpress\/ -->\n<title>Perch\u00e9 le bandiere della Jugoslavia sono di nuovo &quot;IN&quot;: \u00e8 nostalgia per il Paese, per il sistema di valori o un&#039;espressione di resistenza contro il nazionalismo? L&#039;inchiesta di &quot;Novi Dani&quot;. - NonSoloMusicaMagazine<\/title>\n<meta name=\"description\" content=\"Jugoslavia\" \/>\n<meta name=\"robots\" content=\"index, follow, max-snippet:-1, max-image-preview:large, max-video-preview:-1\" \/>\n<link rel=\"canonical\" href=\"https:\/\/www.nonsolomusicamagazine.it\/?p=11349\" \/>\n<meta property=\"og:locale\" content=\"it_IT\" \/>\n<meta property=\"og:type\" content=\"article\" \/>\n<meta property=\"og:title\" content=\"Perch\u00e9 le bandiere della Jugoslavia sono di nuovo &quot;IN&quot;: \u00e8 nostalgia per il Paese, per il sistema di valori o un&#039;espressione di resistenza contro il nazionalismo? L&#039;inchiesta di &quot;Novi Dani&quot;. - NonSoloMusicaMagazine\" \/>\n<meta property=\"og:description\" content=\"Jugoslavia\" \/>\n<meta property=\"og:url\" content=\"https:\/\/www.nonsolomusicamagazine.it\/?p=11349\" \/>\n<meta property=\"og:site_name\" content=\"NonSoloMusicaMagazine\" \/>\n<meta property=\"article:published_time\" content=\"2025-07-26T09:14:30+00:00\" \/>\n<meta property=\"article:modified_time\" content=\"2025-07-26T09:14:32+00:00\" \/>\n<meta property=\"og:image\" content=\"https:\/\/www.nonsolomusicamagazine.it\/wp-content\/uploads\/2025\/07\/1000070639.jpg\" \/>\n\t<meta property=\"og:image:width\" content=\"768\" \/>\n\t<meta property=\"og:image:height\" content=\"432\" \/>\n\t<meta property=\"og:image:type\" content=\"image\/jpeg\" \/>\n<meta name=\"author\" content=\"nonsolomusica\" \/>\n<meta name=\"twitter:card\" content=\"summary_large_image\" \/>\n<meta name=\"twitter:label1\" content=\"Scritto da\" \/>\n\t<meta name=\"twitter:data1\" content=\"nonsolomusica\" \/>\n\t<meta name=\"twitter:label2\" content=\"Tempo di lettura stimato\" \/>\n\t<meta name=\"twitter:data2\" content=\"5 minuti\" \/>\n<script type=\"application\/ld+json\" class=\"yoast-schema-graph\">{\"@context\":\"https:\\\/\\\/schema.org\",\"@graph\":[{\"@type\":\"Article\",\"@id\":\"https:\\\/\\\/www.nonsolomusicamagazine.it\\\/?p=11349#article\",\"isPartOf\":{\"@id\":\"https:\\\/\\\/www.nonsolomusicamagazine.it\\\/?p=11349\"},\"author\":{\"name\":\"nonsolomusica\",\"@id\":\"https:\\\/\\\/www.nonsolomusicamagazine.it\\\/#\\\/schema\\\/person\\\/a3349ad02300d046472d46cf6d31ae46\"},\"headline\":\"Perch\u00e9 le bandiere della Jugoslavia sono di nuovo &#8220;IN&#8221;: \u00e8 nostalgia per il Paese, per il sistema di valori o un&#8217;espressione di resistenza contro il nazionalismo? L&#8217;inchiesta di &#8220;Novi Dani&#8221;.\",\"datePublished\":\"2025-07-26T09:14:30+00:00\",\"dateModified\":\"2025-07-26T09:14:32+00:00\",\"mainEntityOfPage\":{\"@id\":\"https:\\\/\\\/www.nonsolomusicamagazine.it\\\/?p=11349\"},\"wordCount\":794,\"commentCount\":0,\"image\":{\"@id\":\"https:\\\/\\\/www.nonsolomusicamagazine.it\\\/?p=11349#primaryimage\"},\"thumbnailUrl\":\"https:\\\/\\\/www.nonsolomusicamagazine.it\\\/wp-content\\\/uploads\\\/2025\\\/07\\\/1000070639.jpg\",\"keywords\":[\"Austria\",\"Jugoslavia\",\"Novi Dani\",\"Yugo-nostalgia\"],\"articleSection\":[\"Esteri\",\"Politica\",\"Societ\u00e0\"],\"inLanguage\":\"it-IT\",\"potentialAction\":[{\"@type\":\"CommentAction\",\"name\":\"Comment\",\"target\":[\"https:\\\/\\\/www.nonsolomusicamagazine.it\\\/?p=11349#respond\"]}]},{\"@type\":\"WebPage\",\"@id\":\"https:\\\/\\\/www.nonsolomusicamagazine.it\\\/?p=11349\",\"url\":\"https:\\\/\\\/www.nonsolomusicamagazine.it\\\/?p=11349\",\"name\":\"Perch\u00e9 le bandiere della Jugoslavia sono di nuovo \\\"IN\\\": \u00e8 nostalgia per il Paese, per il sistema di valori o un'espressione di resistenza contro il nazionalismo? L'inchiesta di \\\"Novi Dani\\\". - NonSoloMusicaMagazine\",\"isPartOf\":{\"@id\":\"https:\\\/\\\/www.nonsolomusicamagazine.it\\\/#website\"},\"primaryImageOfPage\":{\"@id\":\"https:\\\/\\\/www.nonsolomusicamagazine.it\\\/?p=11349#primaryimage\"},\"image\":{\"@id\":\"https:\\\/\\\/www.nonsolomusicamagazine.it\\\/?p=11349#primaryimage\"},\"thumbnailUrl\":\"https:\\\/\\\/www.nonsolomusicamagazine.it\\\/wp-content\\\/uploads\\\/2025\\\/07\\\/1000070639.jpg\",\"datePublished\":\"2025-07-26T09:14:30+00:00\",\"dateModified\":\"2025-07-26T09:14:32+00:00\",\"author\":{\"@id\":\"https:\\\/\\\/www.nonsolomusicamagazine.it\\\/#\\\/schema\\\/person\\\/a3349ad02300d046472d46cf6d31ae46\"},\"description\":\"Jugoslavia\",\"breadcrumb\":{\"@id\":\"https:\\\/\\\/www.nonsolomusicamagazine.it\\\/?p=11349#breadcrumb\"},\"inLanguage\":\"it-IT\",\"potentialAction\":[{\"@type\":\"ReadAction\",\"target\":[\"https:\\\/\\\/www.nonsolomusicamagazine.it\\\/?p=11349\"]}]},{\"@type\":\"ImageObject\",\"inLanguage\":\"it-IT\",\"@id\":\"https:\\\/\\\/www.nonsolomusicamagazine.it\\\/?p=11349#primaryimage\",\"url\":\"https:\\\/\\\/www.nonsolomusicamagazine.it\\\/wp-content\\\/uploads\\\/2025\\\/07\\\/1000070639.jpg\",\"contentUrl\":\"https:\\\/\\\/www.nonsolomusicamagazine.it\\\/wp-content\\\/uploads\\\/2025\\\/07\\\/1000070639.jpg\",\"width\":768,\"height\":432},{\"@type\":\"BreadcrumbList\",\"@id\":\"https:\\\/\\\/www.nonsolomusicamagazine.it\\\/?p=11349#breadcrumb\",\"itemListElement\":[{\"@type\":\"ListItem\",\"position\":1,\"name\":\"Home\",\"item\":\"https:\\\/\\\/www.nonsolomusicamagazine.it\\\/\"},{\"@type\":\"ListItem\",\"position\":2,\"name\":\"Perch\u00e9 le bandiere della Jugoslavia sono di nuovo &#8220;IN&#8221;: \u00e8 nostalgia per il Paese, per il sistema di valori o un&#8217;espressione di resistenza contro il nazionalismo? L&#8217;inchiesta di &#8220;Novi Dani&#8221;.\"}]},{\"@type\":\"WebSite\",\"@id\":\"https:\\\/\\\/www.nonsolomusicamagazine.it\\\/#website\",\"url\":\"https:\\\/\\\/www.nonsolomusicamagazine.it\\\/\",\"name\":\"Nonsolomusicamagazine\",\"description\":\"Dir. responsabile Manuel M Buccarella\",\"potentialAction\":[{\"@type\":\"SearchAction\",\"target\":{\"@type\":\"EntryPoint\",\"urlTemplate\":\"https:\\\/\\\/www.nonsolomusicamagazine.it\\\/?s={search_term_string}\"},\"query-input\":{\"@type\":\"PropertyValueSpecification\",\"valueRequired\":true,\"valueName\":\"search_term_string\"}}],\"inLanguage\":\"it-IT\"},{\"@type\":\"Person\",\"@id\":\"https:\\\/\\\/www.nonsolomusicamagazine.it\\\/#\\\/schema\\\/person\\\/a3349ad02300d046472d46cf6d31ae46\",\"name\":\"nonsolomusica\",\"image\":{\"@type\":\"ImageObject\",\"inLanguage\":\"it-IT\",\"@id\":\"https:\\\/\\\/www.nonsolomusicamagazine.it\\\/wp-content\\\/litespeed\\\/avatar\\\/3a675484bc84db6aba78d43bfc8b7197.jpg?ver=1776880798\",\"url\":\"https:\\\/\\\/www.nonsolomusicamagazine.it\\\/wp-content\\\/litespeed\\\/avatar\\\/3a675484bc84db6aba78d43bfc8b7197.jpg?ver=1776880798\",\"contentUrl\":\"https:\\\/\\\/www.nonsolomusicamagazine.it\\\/wp-content\\\/litespeed\\\/avatar\\\/3a675484bc84db6aba78d43bfc8b7197.jpg?ver=1776880798\",\"caption\":\"nonsolomusica\"},\"sameAs\":[\"https:\\\/\\\/www.nonsolomusicamagazine.it\"],\"url\":\"https:\\\/\\\/www.nonsolomusicamagazine.it\\\/?author=1\"}]}<\/script>\n<!-- \/ Yoast SEO plugin. -->","yoast_head_json":{"title":"Perch\u00e9 le bandiere della Jugoslavia sono di nuovo \"IN\": \u00e8 nostalgia per il Paese, per il sistema di valori o un'espressione di resistenza contro il nazionalismo? L'inchiesta di \"Novi Dani\". - NonSoloMusicaMagazine","description":"Jugoslavia","robots":{"index":"index","follow":"follow","max-snippet":"max-snippet:-1","max-image-preview":"max-image-preview:large","max-video-preview":"max-video-preview:-1"},"canonical":"https:\/\/www.nonsolomusicamagazine.it\/?p=11349","og_locale":"it_IT","og_type":"article","og_title":"Perch\u00e9 le bandiere della Jugoslavia sono di nuovo \"IN\": \u00e8 nostalgia per il Paese, per il sistema di valori o un'espressione di resistenza contro il nazionalismo? L'inchiesta di \"Novi Dani\". - NonSoloMusicaMagazine","og_description":"Jugoslavia","og_url":"https:\/\/www.nonsolomusicamagazine.it\/?p=11349","og_site_name":"NonSoloMusicaMagazine","article_published_time":"2025-07-26T09:14:30+00:00","article_modified_time":"2025-07-26T09:14:32+00:00","og_image":[{"width":768,"height":432,"url":"https:\/\/www.nonsolomusicamagazine.it\/wp-content\/uploads\/2025\/07\/1000070639.jpg","type":"image\/jpeg"}],"author":"nonsolomusica","twitter_card":"summary_large_image","twitter_misc":{"Scritto da":"nonsolomusica","Tempo di lettura stimato":"5 minuti"},"schema":{"@context":"https:\/\/schema.org","@graph":[{"@type":"Article","@id":"https:\/\/www.nonsolomusicamagazine.it\/?p=11349#article","isPartOf":{"@id":"https:\/\/www.nonsolomusicamagazine.it\/?p=11349"},"author":{"name":"nonsolomusica","@id":"https:\/\/www.nonsolomusicamagazine.it\/#\/schema\/person\/a3349ad02300d046472d46cf6d31ae46"},"headline":"Perch\u00e9 le bandiere della Jugoslavia sono di nuovo &#8220;IN&#8221;: \u00e8 nostalgia per il Paese, per il sistema di valori o un&#8217;espressione di resistenza contro il nazionalismo? L&#8217;inchiesta di &#8220;Novi Dani&#8221;.","datePublished":"2025-07-26T09:14:30+00:00","dateModified":"2025-07-26T09:14:32+00:00","mainEntityOfPage":{"@id":"https:\/\/www.nonsolomusicamagazine.it\/?p=11349"},"wordCount":794,"commentCount":0,"image":{"@id":"https:\/\/www.nonsolomusicamagazine.it\/?p=11349#primaryimage"},"thumbnailUrl":"https:\/\/www.nonsolomusicamagazine.it\/wp-content\/uploads\/2025\/07\/1000070639.jpg","keywords":["Austria","Jugoslavia","Novi Dani","Yugo-nostalgia"],"articleSection":["Esteri","Politica","Societ\u00e0"],"inLanguage":"it-IT","potentialAction":[{"@type":"CommentAction","name":"Comment","target":["https:\/\/www.nonsolomusicamagazine.it\/?p=11349#respond"]}]},{"@type":"WebPage","@id":"https:\/\/www.nonsolomusicamagazine.it\/?p=11349","url":"https:\/\/www.nonsolomusicamagazine.it\/?p=11349","name":"Perch\u00e9 le bandiere della Jugoslavia sono di nuovo \"IN\": \u00e8 nostalgia per il Paese, per il sistema di valori o un'espressione di resistenza contro il nazionalismo? L'inchiesta di \"Novi Dani\". - NonSoloMusicaMagazine","isPartOf":{"@id":"https:\/\/www.nonsolomusicamagazine.it\/#website"},"primaryImageOfPage":{"@id":"https:\/\/www.nonsolomusicamagazine.it\/?p=11349#primaryimage"},"image":{"@id":"https:\/\/www.nonsolomusicamagazine.it\/?p=11349#primaryimage"},"thumbnailUrl":"https:\/\/www.nonsolomusicamagazine.it\/wp-content\/uploads\/2025\/07\/1000070639.jpg","datePublished":"2025-07-26T09:14:30+00:00","dateModified":"2025-07-26T09:14:32+00:00","author":{"@id":"https:\/\/www.nonsolomusicamagazine.it\/#\/schema\/person\/a3349ad02300d046472d46cf6d31ae46"},"description":"Jugoslavia","breadcrumb":{"@id":"https:\/\/www.nonsolomusicamagazine.it\/?p=11349#breadcrumb"},"inLanguage":"it-IT","potentialAction":[{"@type":"ReadAction","target":["https:\/\/www.nonsolomusicamagazine.it\/?p=11349"]}]},{"@type":"ImageObject","inLanguage":"it-IT","@id":"https:\/\/www.nonsolomusicamagazine.it\/?p=11349#primaryimage","url":"https:\/\/www.nonsolomusicamagazine.it\/wp-content\/uploads\/2025\/07\/1000070639.jpg","contentUrl":"https:\/\/www.nonsolomusicamagazine.it\/wp-content\/uploads\/2025\/07\/1000070639.jpg","width":768,"height":432},{"@type":"BreadcrumbList","@id":"https:\/\/www.nonsolomusicamagazine.it\/?p=11349#breadcrumb","itemListElement":[{"@type":"ListItem","position":1,"name":"Home","item":"https:\/\/www.nonsolomusicamagazine.it\/"},{"@type":"ListItem","position":2,"name":"Perch\u00e9 le bandiere della Jugoslavia sono di nuovo &#8220;IN&#8221;: \u00e8 nostalgia per il Paese, per il sistema di valori o un&#8217;espressione di resistenza contro il nazionalismo? L&#8217;inchiesta di &#8220;Novi Dani&#8221;."}]},{"@type":"WebSite","@id":"https:\/\/www.nonsolomusicamagazine.it\/#website","url":"https:\/\/www.nonsolomusicamagazine.it\/","name":"Nonsolomusicamagazine","description":"Dir. responsabile Manuel M Buccarella","potentialAction":[{"@type":"SearchAction","target":{"@type":"EntryPoint","urlTemplate":"https:\/\/www.nonsolomusicamagazine.it\/?s={search_term_string}"},"query-input":{"@type":"PropertyValueSpecification","valueRequired":true,"valueName":"search_term_string"}}],"inLanguage":"it-IT"},{"@type":"Person","@id":"https:\/\/www.nonsolomusicamagazine.it\/#\/schema\/person\/a3349ad02300d046472d46cf6d31ae46","name":"nonsolomusica","image":{"@type":"ImageObject","inLanguage":"it-IT","@id":"https:\/\/www.nonsolomusicamagazine.it\/wp-content\/litespeed\/avatar\/3a675484bc84db6aba78d43bfc8b7197.jpg?ver=1776880798","url":"https:\/\/www.nonsolomusicamagazine.it\/wp-content\/litespeed\/avatar\/3a675484bc84db6aba78d43bfc8b7197.jpg?ver=1776880798","contentUrl":"https:\/\/www.nonsolomusicamagazine.it\/wp-content\/litespeed\/avatar\/3a675484bc84db6aba78d43bfc8b7197.jpg?ver=1776880798","caption":"nonsolomusica"},"sameAs":["https:\/\/www.nonsolomusicamagazine.it"],"url":"https:\/\/www.nonsolomusicamagazine.it\/?author=1"}]}},"amp_enabled":true,"_links":{"self":[{"href":"https:\/\/www.nonsolomusicamagazine.it\/index.php?rest_route=\/wp\/v2\/posts\/11349","targetHints":{"allow":["GET"]}}],"collection":[{"href":"https:\/\/www.nonsolomusicamagazine.it\/index.php?rest_route=\/wp\/v2\/posts"}],"about":[{"href":"https:\/\/www.nonsolomusicamagazine.it\/index.php?rest_route=\/wp\/v2\/types\/post"}],"author":[{"embeddable":true,"href":"https:\/\/www.nonsolomusicamagazine.it\/index.php?rest_route=\/wp\/v2\/users\/1"}],"replies":[{"embeddable":true,"href":"https:\/\/www.nonsolomusicamagazine.it\/index.php?rest_route=%2Fwp%2Fv2%2Fcomments&post=11349"}],"version-history":[{"count":0,"href":"https:\/\/www.nonsolomusicamagazine.it\/index.php?rest_route=\/wp\/v2\/posts\/11349\/revisions"}],"wp:featuredmedia":[{"embeddable":true,"href":"https:\/\/www.nonsolomusicamagazine.it\/index.php?rest_route=\/wp\/v2\/media\/11350"}],"wp:attachment":[{"href":"https:\/\/www.nonsolomusicamagazine.it\/index.php?rest_route=%2Fwp%2Fv2%2Fmedia&parent=11349"}],"wp:term":[{"taxonomy":"category","embeddable":true,"href":"https:\/\/www.nonsolomusicamagazine.it\/index.php?rest_route=%2Fwp%2Fv2%2Fcategories&post=11349"},{"taxonomy":"post_tag","embeddable":true,"href":"https:\/\/www.nonsolomusicamagazine.it\/index.php?rest_route=%2Fwp%2Fv2%2Ftags&post=11349"}],"curies":[{"name":"wp","href":"https:\/\/api.w.org\/{rel}","templated":true}]}}