{"id":11370,"date":"2025-07-28T15:27:39","date_gmt":"2025-07-28T13:27:39","guid":{"rendered":"https:\/\/www.nonsolomusicamagazine.it\/?p=11370"},"modified":"2025-07-28T15:27:46","modified_gmt":"2025-07-28T13:27:46","slug":"%f0%9d%97%9c%f0%9d%97%bb%f0%9d%97%b3%f0%9d%97%b2%f0%9d%97%bf%f0%9d%97%bb%f0%9d%97%bc-%f0%9d%97%ae-%f0%9d%97%a3%f0%9d%98%82%f0%9d%97%bb%f0%9d%98%81%f0%9d%97%ae-%f0%9d%97%a0%f0%9d%97%bc%f0%9d%97%b9","status":"publish","type":"post","link":"https:\/\/www.nonsolomusicamagazine.it\/?p=11370","title":{"rendered":"\ud835\udddc\ud835\uddfb\ud835\uddf3\ud835\uddf2\ud835\uddff\ud835\uddfb\ud835\uddfc \ud835\uddee \ud835\udde3\ud835\ude02\ud835\uddfb\ud835\ude01\ud835\uddee \ud835\udde0\ud835\uddfc\ud835\uddf9\ud835\uddf2\ud835\uddfb\ud835\ude01\ud835\uddf6\ud835\ude00: \ud835\ude00\ud835\uddfc\ud835\uddf9\ud835\uddf1\ud835\uddf6 \ud835\uddf3\ud835\uddee\ud835\uddf0\ud835\uddf6\ud835\uddf9\ud835\uddf6, \ud835\ude00\ud835\uddf6\ud835\uddf0\ud835\ude02\ud835\uddff\ud835\uddf2\ud835\ude07\ud835\ude07\ud835\uddee \ud835\ude07\ud835\uddf2\ud835\uddff\ud835\uddfc"},"content":{"rendered":"\n<p class=\"has-text-align-center\"><strong>Silvana Sale<\/strong><\/p>\n\n\n\n<p>A Punta Molentis, uno degli angoli pi\u00f9 preziosi della Sardegna meridionale, ieri 27 luglio 2025 si \u00e8 sfiorata la tragedia. Un incendio violento, alimentato dal vento di maestrale, ha devastato la macchia mediterranea, raggiunto la spiaggia in pochi minuti, circondato centinaia di bagnanti e incenerito un intero parcheggio con oltre duecento automobili.<br>E mentre per miracolo non ci sono state vittime, ci\u00f2 che emerge \u00e8 un quadro sconcertante di profitto sfacciato, gestione superficiale e totale assenza di misure di prevenzione e sicurezza.<br>Il tutto in un contesto dove i guadagni pubblici sono elevatissimi, ma i servizi alla cittadinanza, e alla natura, sono rimasti vergognosamente assenti.<\/p>\n\n\n\n<p>Il Comune di Villasimius, attraverso la sua societ\u00e0 in-house &#8220;Villasimius s.r.l.&#8221;, gestisce i parcheggi a pagamento della zona, incluso quello di Punta Molentis.<\/p>\n\n\n\n<p>Il sistema \u00e8 semplice: 200 posti auto a 10 euro al giorno, ridotti a 6 euro dopo le 16. Per le moto, 5 euro intera giornata e 3 nel pomeriggio. Il contributo di accesso all\u2019area \u00e8 di 1 euro a persona, gratuito solo per i bambini sotto i 6 anni. Considerando una giornata tipo in alta stagione, come ieri il 27 luglio, con la capienza piena (200 auto e circa 600 persone), si generano entrate attorno a 2.600 euro al giorno solo da quella spiaggia.<br>Su una stagione estiva di 100 giorni, il ricavo stimato supera ampiamente i 260.000 euro.<br>A fronte di questi incassi, le spese operative sono minime, nel 2018 il Comune affittava l\u2019area per circa 28.000 euro l\u2019anno e impiegava appena tre addetti stagionali per tutti i parcheggi del territorio, con un costo complessivo inferiore ai 17.000 euro.<br>I bilanci ufficiali mostrano utili netti annui per la societ\u00e0 pubblica superiori ai 100.000 euro.<br>Eppure, non un euro sembra essere stato reinvestito in sicurezza, prevenzione incendi, sorveglianza ambientale o logistica di evacuazione.<\/p>\n\n\n\n<p>Ieri, pomeriggio di fine luglio, quando le fiamme si sono propagate tra le colline sopra la spiaggia, non c\u2019erano barriere tagliafuoco.<br>La vegetazione attorno al parcheggio era alta, secca, mai disboscata.<br>Non c\u2019erano percorsi alternativi di fuga. Le auto erano ammassate in un\u2019unica area accessibile da una sola strada sterrata. Quando il fronte di fuoco ha raggiunto la zona, l\u2019unica via di uscita era gi\u00e0 bloccata.<br>Non c\u2019erano vigili del fuoco sul posto, n\u00e9 squadre locali AIB, n\u00e9 tantomeno personale addestrato della societ\u00e0 che incassa quotidianamente migliaia di euro.<br>Nessun sistema di allarme, nessuna procedura di evacuazione automatica.<br>I bagnanti hanno dovuto salvarsi da soli, gridando, correndo, gettandosi in acqua. Alcuni bambini piccoli, un neonato, una donna incinta, un ragazzo asmatico, tutti tratti in salvo in extremis via mare grazie a motovedette della Capitaneria e a qualche coraggioso privato con gommoni.<br>Le immagini della gente ammassata sulle rocce, delle urla, delle esplosioni delle auto in fiamme non possono che far rabbrividire.<br>Il chiosco bar, costruito in legno e plastica senza alcuna protezione antincendio, \u00e8 stato anch\u2019esso divorato dal fuoco.<br>Le auto, pi\u00f9 di 200, sono bruciate come torce, nessuno ha potuto spostarle. Nessun piano di emergenza lo aveva previsto.<\/p>\n\n\n\n<p>Ci\u00f2 che \u00e8 accaduto \u00e8 frutto di una gestione miope e cinica, che ha trattato Punta Molentis, patrimonio naturalistico e ambientale di rilievo internazionale, all\u2019interno dell\u2019Area Marina Protetta di Capo Carbonara, come un bancomat estivo da spremere fino all\u2019osso.<\/p>\n\n\n\n<p>L\u2019associazione ecologista GrIG da anni denuncia l\u2019assenza di controlli, di sorveglianza, di tutela ambientale.<br>I ricavi, che avrebbero potuto finanziare almeno cinque o sei addetti stagionali dedicati alla sicurezza e al pronto intervento, non sono mai stati reinvestiti in maniera trasparente.<br>E mentre il Comune incassa cifre da capogiro e applica rigidamente l\u2019ingresso a numero chiuso e il contributo di accesso, non ha previsto neppure un megafono per allertare la popolazione in caso di pericolo.<\/p>\n\n\n\n<p>Le esercitazioni antincendio realizzate nell\u2019aprile 2024 dalla Protezione Civile (manovra &#8220;Stangioni 2024&#8221;) avrebbero dovuto testare proprio queste situazioni, evacuazioni, incendi in aree turistiche, gestione emergenze.<br>Eppure, nessuna di quelle procedure sembra essere stata applicata o integrata nella realt\u00e0 operativa del parcheggio e della spiaggia.<br>Quella del 27 luglio \u00e8 stata una giornata fortunata, non una dimostrazione di efficienza. Se anche una sola persona fosse rimasta ferita o intrappolata, oggi staremmo parlando di una strage annunciata.<\/p>\n\n\n\n<p>L\u2019abuso sui guadagni, il silenzio delle istituzioni, la totale assenza di misure concrete sono un\u2019offesa alla sicurezza dei cittadini, alla dignit\u00e0 del territorio e al rispetto dell\u2019ambiente.<br>La tragedia \u00e8 stata evitata per puro caso.<br>Ma il fallimento gestionale e politico \u00e8 gi\u00e0 una condanna.<br>Serve trasparenza, responsabilit\u00e0 e un ripensamento radicale, i paradisi naturali non possono essere affidati a logiche di profitto senza coscienza.<br>E il Comune di Villasimius, oggi, ha il dovere morale e legale di rispondere.<\/p>\n\n\n\n<p>Non si pu\u00f2 per\u00f2 non riconoscere e ringraziare tutti coloro che si sono mossi nell\u2019immediato, in particolare la Capitaneria di Porto e i coraggiosi privati con i loro gommoni, che con prontezza e altruismo hanno evitato il peggio, permettendo l\u2019evacuazione via mare di centinaia di persone, tra cui bambini, anziani e una donna incinta.<br>La solidariet\u00e0 dei singoli ha fatto la differenza in una situazione drammatica, dimostrando come l\u2019umanit\u00e0 e la collaborazione possano salvare vite anche quando le istituzioni latitano.<\/p>\n\n\n\n<p>Il dispiacere \u00e8 totale nel vedere come il fuoco abbia distrutto una zona magnifica, lasciando solo cenere, silenzio e dolore in un luogo un tempo ricco di bellezza e vita.<br>Questo episodio deve essere motivo di riflessione profonda e di un cambio radicale di approccio nella gestione di territori cos\u00ec delicati.<\/p>\n\n\n\n<p>Si ringrazia infine che, nonostante la gravit\u00e0 dell\u2019incendio e i danni materiali, non ci siano stati morti, perch\u00e9 altrimenti oggi saremmo di fronte a una tragedia ancora pi\u00f9 triste e inaccettabile.<\/p>\n\n\n\n<figure class=\"wp-block-image size-full\"><img decoding=\"async\" width=\"810\" height=\"950\" src=\"https:\/\/www.nonsolomusicamagazine.it\/wp-content\/uploads\/2025\/07\/1000071504.jpg\" alt=\"\" class=\"wp-image-11371\" srcset=\"https:\/\/www.nonsolomusicamagazine.it\/wp-content\/uploads\/2025\/07\/1000071504.jpg 810w, https:\/\/www.nonsolomusicamagazine.it\/wp-content\/uploads\/2025\/07\/1000071504-256x300.jpg 256w, https:\/\/www.nonsolomusicamagazine.it\/wp-content\/uploads\/2025\/07\/1000071504-768x901.jpg 768w\" sizes=\"(max-width: 810px) 100vw, 810px\" \/><\/figure>\n","protected":false},"excerpt":{"rendered":"<p>Silvana Sale A Punta Molentis, uno degli angoli pi\u00f9 preziosi della Sardegna meridionale, ieri 27 luglio 2025 si \u00e8 sfiorata la tragedia. Un incendio violento, alimentato dal vento di maestrale, ha devastato la macchia mediterranea, raggiunto la spiaggia in pochi minuti, circondato centinaia di bagnanti e incenerito un intero parcheggio con oltre duecento automobili.E mentre [&hellip;]<\/p>\n","protected":false},"author":1,"featured_media":11371,"comment_status":"open","ping_status":"closed","sticky":false,"template":"","format":"standard","meta":{"footnotes":""},"categories":[283,5],"tags":[4083,4591,1474,4590],"class_list":["post-11370","post","type-post","status-publish","format-standard","has-post-thumbnail","hentry","category-ambiente","category-politica","tag-disastro","tag-incendio","tag-sardegna","tag-villa-simius"],"yoast_head":"<!-- This site is optimized with the Yoast SEO plugin v27.4 - https:\/\/yoast.com\/product\/yoast-seo-wordpress\/ -->\n<title>\ud835\udddc\ud835\uddfb\ud835\uddf3\ud835\uddf2\ud835\uddff\ud835\uddfb\ud835\uddfc \ud835\uddee \ud835\udde3\ud835\ude02\ud835\uddfb\ud835\ude01\ud835\uddee \ud835\udde0\ud835\uddfc\ud835\uddf9\ud835\uddf2\ud835\uddfb\ud835\ude01\ud835\uddf6\ud835\ude00: \ud835\ude00\ud835\uddfc\ud835\uddf9\ud835\uddf1\ud835\uddf6 \ud835\uddf3\ud835\uddee\ud835\uddf0\ud835\uddf6\ud835\uddf9\ud835\uddf6, \ud835\ude00\ud835\uddf6\ud835\uddf0\ud835\ude02\ud835\uddff\ud835\uddf2\ud835\ude07\ud835\ude07\ud835\uddee \ud835\ude07\ud835\uddf2\ud835\uddff\ud835\uddfc - NonSoloMusicaMagazine<\/title>\n<meta name=\"description\" content=\"\ud835\udddc\ud835\uddfb\ud835\uddf3\ud835\uddf2\ud835\uddff\ud835\uddfb\ud835\uddfc \ud835\uddee \ud835\udde3\ud835\ude02\ud835\uddfb\ud835\ude01\ud835\uddee \ud835\udde0\ud835\uddfc\ud835\uddf9\ud835\uddf2\ud835\uddfb\ud835\ude01\ud835\uddf6\ud835\ude00 Sardegna\" \/>\n<meta name=\"robots\" content=\"index, follow, max-snippet:-1, max-image-preview:large, max-video-preview:-1\" \/>\n<link rel=\"canonical\" href=\"https:\/\/www.nonsolomusicamagazine.it\/?p=11370\" \/>\n<meta property=\"og:locale\" content=\"it_IT\" \/>\n<meta property=\"og:type\" content=\"article\" \/>\n<meta property=\"og:title\" content=\"\ud835\udddc\ud835\uddfb\ud835\uddf3\ud835\uddf2\ud835\uddff\ud835\uddfb\ud835\uddfc \ud835\uddee \ud835\udde3\ud835\ude02\ud835\uddfb\ud835\ude01\ud835\uddee \ud835\udde0\ud835\uddfc\ud835\uddf9\ud835\uddf2\ud835\uddfb\ud835\ude01\ud835\uddf6\ud835\ude00: \ud835\ude00\ud835\uddfc\ud835\uddf9\ud835\uddf1\ud835\uddf6 \ud835\uddf3\ud835\uddee\ud835\uddf0\ud835\uddf6\ud835\uddf9\ud835\uddf6, \ud835\ude00\ud835\uddf6\ud835\uddf0\ud835\ude02\ud835\uddff\ud835\uddf2\ud835\ude07\ud835\ude07\ud835\uddee \ud835\ude07\ud835\uddf2\ud835\uddff\ud835\uddfc - NonSoloMusicaMagazine\" \/>\n<meta property=\"og:description\" content=\"\ud835\udddc\ud835\uddfb\ud835\uddf3\ud835\uddf2\ud835\uddff\ud835\uddfb\ud835\uddfc \ud835\uddee \ud835\udde3\ud835\ude02\ud835\uddfb\ud835\ude01\ud835\uddee \ud835\udde0\ud835\uddfc\ud835\uddf9\ud835\uddf2\ud835\uddfb\ud835\ude01\ud835\uddf6\ud835\ude00 Sardegna\" \/>\n<meta property=\"og:url\" content=\"https:\/\/www.nonsolomusicamagazine.it\/?p=11370\" \/>\n<meta property=\"og:site_name\" content=\"NonSoloMusicaMagazine\" \/>\n<meta property=\"article:published_time\" content=\"2025-07-28T13:27:39+00:00\" \/>\n<meta property=\"article:modified_time\" content=\"2025-07-28T13:27:46+00:00\" \/>\n<meta property=\"og:image\" content=\"https:\/\/www.nonsolomusicamagazine.it\/wp-content\/uploads\/2025\/07\/1000071504.jpg\" \/>\n\t<meta property=\"og:image:width\" content=\"810\" \/>\n\t<meta property=\"og:image:height\" content=\"950\" \/>\n\t<meta property=\"og:image:type\" content=\"image\/jpeg\" \/>\n<meta name=\"author\" content=\"nonsolomusica\" \/>\n<meta name=\"twitter:card\" content=\"summary_large_image\" \/>\n<meta name=\"twitter:label1\" content=\"Scritto da\" \/>\n\t<meta name=\"twitter:data1\" content=\"nonsolomusica\" \/>\n\t<meta name=\"twitter:label2\" content=\"Tempo di lettura stimato\" \/>\n\t<meta name=\"twitter:data2\" content=\"6 minuti\" \/>\n<script type=\"application\/ld+json\" class=\"yoast-schema-graph\">{\"@context\":\"https:\\\/\\\/schema.org\",\"@graph\":[{\"@type\":\"Article\",\"@id\":\"https:\\\/\\\/www.nonsolomusicamagazine.it\\\/?p=11370#article\",\"isPartOf\":{\"@id\":\"https:\\\/\\\/www.nonsolomusicamagazine.it\\\/?p=11370\"},\"author\":{\"name\":\"nonsolomusica\",\"@id\":\"https:\\\/\\\/www.nonsolomusicamagazine.it\\\/#\\\/schema\\\/person\\\/a3349ad02300d046472d46cf6d31ae46\"},\"headline\":\"\ud835\udddc\ud835\uddfb\ud835\uddf3\ud835\uddf2\ud835\uddff\ud835\uddfb\ud835\uddfc \ud835\uddee \ud835\udde3\ud835\ude02\ud835\uddfb\ud835\ude01\ud835\uddee \ud835\udde0\ud835\uddfc\ud835\uddf9\ud835\uddf2\ud835\uddfb\ud835\ude01\ud835\uddf6\ud835\ude00: \ud835\ude00\ud835\uddfc\ud835\uddf9\ud835\uddf1\ud835\uddf6 \ud835\uddf3\ud835\uddee\ud835\uddf0\ud835\uddf6\ud835\uddf9\ud835\uddf6, \ud835\ude00\ud835\uddf6\ud835\uddf0\ud835\ude02\ud835\uddff\ud835\uddf2\ud835\ude07\ud835\ude07\ud835\uddee \ud835\ude07\ud835\uddf2\ud835\uddff\ud835\uddfc\",\"datePublished\":\"2025-07-28T13:27:39+00:00\",\"dateModified\":\"2025-07-28T13:27:46+00:00\",\"mainEntityOfPage\":{\"@id\":\"https:\\\/\\\/www.nonsolomusicamagazine.it\\\/?p=11370\"},\"wordCount\":923,\"commentCount\":0,\"image\":{\"@id\":\"https:\\\/\\\/www.nonsolomusicamagazine.it\\\/?p=11370#primaryimage\"},\"thumbnailUrl\":\"https:\\\/\\\/www.nonsolomusicamagazine.it\\\/wp-content\\\/uploads\\\/2025\\\/07\\\/1000071504.jpg\",\"keywords\":[\"Disastro\",\"Incendio\",\"Sardegna\",\"Villa Simius\"],\"articleSection\":[\"Ambiente\",\"Politica\"],\"inLanguage\":\"it-IT\",\"potentialAction\":[{\"@type\":\"CommentAction\",\"name\":\"Comment\",\"target\":[\"https:\\\/\\\/www.nonsolomusicamagazine.it\\\/?p=11370#respond\"]}]},{\"@type\":\"WebPage\",\"@id\":\"https:\\\/\\\/www.nonsolomusicamagazine.it\\\/?p=11370\",\"url\":\"https:\\\/\\\/www.nonsolomusicamagazine.it\\\/?p=11370\",\"name\":\"\ud835\udddc\ud835\uddfb\ud835\uddf3\ud835\uddf2\ud835\uddff\ud835\uddfb\ud835\uddfc \ud835\uddee \ud835\udde3\ud835\ude02\ud835\uddfb\ud835\ude01\ud835\uddee \ud835\udde0\ud835\uddfc\ud835\uddf9\ud835\uddf2\ud835\uddfb\ud835\ude01\ud835\uddf6\ud835\ude00: \ud835\ude00\ud835\uddfc\ud835\uddf9\ud835\uddf1\ud835\uddf6 \ud835\uddf3\ud835\uddee\ud835\uddf0\ud835\uddf6\ud835\uddf9\ud835\uddf6, \ud835\ude00\ud835\uddf6\ud835\uddf0\ud835\ude02\ud835\uddff\ud835\uddf2\ud835\ude07\ud835\ude07\ud835\uddee \ud835\ude07\ud835\uddf2\ud835\uddff\ud835\uddfc - NonSoloMusicaMagazine\",\"isPartOf\":{\"@id\":\"https:\\\/\\\/www.nonsolomusicamagazine.it\\\/#website\"},\"primaryImageOfPage\":{\"@id\":\"https:\\\/\\\/www.nonsolomusicamagazine.it\\\/?p=11370#primaryimage\"},\"image\":{\"@id\":\"https:\\\/\\\/www.nonsolomusicamagazine.it\\\/?p=11370#primaryimage\"},\"thumbnailUrl\":\"https:\\\/\\\/www.nonsolomusicamagazine.it\\\/wp-content\\\/uploads\\\/2025\\\/07\\\/1000071504.jpg\",\"datePublished\":\"2025-07-28T13:27:39+00:00\",\"dateModified\":\"2025-07-28T13:27:46+00:00\",\"author\":{\"@id\":\"https:\\\/\\\/www.nonsolomusicamagazine.it\\\/#\\\/schema\\\/person\\\/a3349ad02300d046472d46cf6d31ae46\"},\"description\":\"\ud835\udddc\ud835\uddfb\ud835\uddf3\ud835\uddf2\ud835\uddff\ud835\uddfb\ud835\uddfc \ud835\uddee \ud835\udde3\ud835\ude02\ud835\uddfb\ud835\ude01\ud835\uddee \ud835\udde0\ud835\uddfc\ud835\uddf9\ud835\uddf2\ud835\uddfb\ud835\ude01\ud835\uddf6\ud835\ude00 Sardegna\",\"breadcrumb\":{\"@id\":\"https:\\\/\\\/www.nonsolomusicamagazine.it\\\/?p=11370#breadcrumb\"},\"inLanguage\":\"it-IT\",\"potentialAction\":[{\"@type\":\"ReadAction\",\"target\":[\"https:\\\/\\\/www.nonsolomusicamagazine.it\\\/?p=11370\"]}]},{\"@type\":\"ImageObject\",\"inLanguage\":\"it-IT\",\"@id\":\"https:\\\/\\\/www.nonsolomusicamagazine.it\\\/?p=11370#primaryimage\",\"url\":\"https:\\\/\\\/www.nonsolomusicamagazine.it\\\/wp-content\\\/uploads\\\/2025\\\/07\\\/1000071504.jpg\",\"contentUrl\":\"https:\\\/\\\/www.nonsolomusicamagazine.it\\\/wp-content\\\/uploads\\\/2025\\\/07\\\/1000071504.jpg\",\"width\":810,\"height\":950},{\"@type\":\"BreadcrumbList\",\"@id\":\"https:\\\/\\\/www.nonsolomusicamagazine.it\\\/?p=11370#breadcrumb\",\"itemListElement\":[{\"@type\":\"ListItem\",\"position\":1,\"name\":\"Home\",\"item\":\"https:\\\/\\\/www.nonsolomusicamagazine.it\\\/\"},{\"@type\":\"ListItem\",\"position\":2,\"name\":\"\ud835\udddc\ud835\uddfb\ud835\uddf3\ud835\uddf2\ud835\uddff\ud835\uddfb\ud835\uddfc \ud835\uddee \ud835\udde3\ud835\ude02\ud835\uddfb\ud835\ude01\ud835\uddee \ud835\udde0\ud835\uddfc\ud835\uddf9\ud835\uddf2\ud835\uddfb\ud835\ude01\ud835\uddf6\ud835\ude00: \ud835\ude00\ud835\uddfc\ud835\uddf9\ud835\uddf1\ud835\uddf6 \ud835\uddf3\ud835\uddee\ud835\uddf0\ud835\uddf6\ud835\uddf9\ud835\uddf6, \ud835\ude00\ud835\uddf6\ud835\uddf0\ud835\ude02\ud835\uddff\ud835\uddf2\ud835\ude07\ud835\ude07\ud835\uddee \ud835\ude07\ud835\uddf2\ud835\uddff\ud835\uddfc\"}]},{\"@type\":\"WebSite\",\"@id\":\"https:\\\/\\\/www.nonsolomusicamagazine.it\\\/#website\",\"url\":\"https:\\\/\\\/www.nonsolomusicamagazine.it\\\/\",\"name\":\"Nonsolomusicamagazine\",\"description\":\"Dir. responsabile Manuel M Buccarella\",\"potentialAction\":[{\"@type\":\"SearchAction\",\"target\":{\"@type\":\"EntryPoint\",\"urlTemplate\":\"https:\\\/\\\/www.nonsolomusicamagazine.it\\\/?s={search_term_string}\"},\"query-input\":{\"@type\":\"PropertyValueSpecification\",\"valueRequired\":true,\"valueName\":\"search_term_string\"}}],\"inLanguage\":\"it-IT\"},{\"@type\":\"Person\",\"@id\":\"https:\\\/\\\/www.nonsolomusicamagazine.it\\\/#\\\/schema\\\/person\\\/a3349ad02300d046472d46cf6d31ae46\",\"name\":\"nonsolomusica\",\"image\":{\"@type\":\"ImageObject\",\"inLanguage\":\"it-IT\",\"@id\":\"https:\\\/\\\/www.nonsolomusicamagazine.it\\\/wp-content\\\/litespeed\\\/avatar\\\/3a675484bc84db6aba78d43bfc8b7197.jpg?ver=1776880798\",\"url\":\"https:\\\/\\\/www.nonsolomusicamagazine.it\\\/wp-content\\\/litespeed\\\/avatar\\\/3a675484bc84db6aba78d43bfc8b7197.jpg?ver=1776880798\",\"contentUrl\":\"https:\\\/\\\/www.nonsolomusicamagazine.it\\\/wp-content\\\/litespeed\\\/avatar\\\/3a675484bc84db6aba78d43bfc8b7197.jpg?ver=1776880798\",\"caption\":\"nonsolomusica\"},\"sameAs\":[\"https:\\\/\\\/www.nonsolomusicamagazine.it\"],\"url\":\"https:\\\/\\\/www.nonsolomusicamagazine.it\\\/?author=1\"}]}<\/script>\n<!-- \/ Yoast SEO plugin. -->","yoast_head_json":{"title":"\ud835\udddc\ud835\uddfb\ud835\uddf3\ud835\uddf2\ud835\uddff\ud835\uddfb\ud835\uddfc \ud835\uddee \ud835\udde3\ud835\ude02\ud835\uddfb\ud835\ude01\ud835\uddee \ud835\udde0\ud835\uddfc\ud835\uddf9\ud835\uddf2\ud835\uddfb\ud835\ude01\ud835\uddf6\ud835\ude00: \ud835\ude00\ud835\uddfc\ud835\uddf9\ud835\uddf1\ud835\uddf6 \ud835\uddf3\ud835\uddee\ud835\uddf0\ud835\uddf6\ud835\uddf9\ud835\uddf6, \ud835\ude00\ud835\uddf6\ud835\uddf0\ud835\ude02\ud835\uddff\ud835\uddf2\ud835\ude07\ud835\ude07\ud835\uddee \ud835\ude07\ud835\uddf2\ud835\uddff\ud835\uddfc - NonSoloMusicaMagazine","description":"\ud835\udddc\ud835\uddfb\ud835\uddf3\ud835\uddf2\ud835\uddff\ud835\uddfb\ud835\uddfc \ud835\uddee \ud835\udde3\ud835\ude02\ud835\uddfb\ud835\ude01\ud835\uddee \ud835\udde0\ud835\uddfc\ud835\uddf9\ud835\uddf2\ud835\uddfb\ud835\ude01\ud835\uddf6\ud835\ude00 Sardegna","robots":{"index":"index","follow":"follow","max-snippet":"max-snippet:-1","max-image-preview":"max-image-preview:large","max-video-preview":"max-video-preview:-1"},"canonical":"https:\/\/www.nonsolomusicamagazine.it\/?p=11370","og_locale":"it_IT","og_type":"article","og_title":"\ud835\udddc\ud835\uddfb\ud835\uddf3\ud835\uddf2\ud835\uddff\ud835\uddfb\ud835\uddfc \ud835\uddee \ud835\udde3\ud835\ude02\ud835\uddfb\ud835\ude01\ud835\uddee \ud835\udde0\ud835\uddfc\ud835\uddf9\ud835\uddf2\ud835\uddfb\ud835\ude01\ud835\uddf6\ud835\ude00: \ud835\ude00\ud835\uddfc\ud835\uddf9\ud835\uddf1\ud835\uddf6 \ud835\uddf3\ud835\uddee\ud835\uddf0\ud835\uddf6\ud835\uddf9\ud835\uddf6, \ud835\ude00\ud835\uddf6\ud835\uddf0\ud835\ude02\ud835\uddff\ud835\uddf2\ud835\ude07\ud835\ude07\ud835\uddee \ud835\ude07\ud835\uddf2\ud835\uddff\ud835\uddfc - NonSoloMusicaMagazine","og_description":"\ud835\udddc\ud835\uddfb\ud835\uddf3\ud835\uddf2\ud835\uddff\ud835\uddfb\ud835\uddfc \ud835\uddee \ud835\udde3\ud835\ude02\ud835\uddfb\ud835\ude01\ud835\uddee \ud835\udde0\ud835\uddfc\ud835\uddf9\ud835\uddf2\ud835\uddfb\ud835\ude01\ud835\uddf6\ud835\ude00 Sardegna","og_url":"https:\/\/www.nonsolomusicamagazine.it\/?p=11370","og_site_name":"NonSoloMusicaMagazine","article_published_time":"2025-07-28T13:27:39+00:00","article_modified_time":"2025-07-28T13:27:46+00:00","og_image":[{"width":810,"height":950,"url":"https:\/\/www.nonsolomusicamagazine.it\/wp-content\/uploads\/2025\/07\/1000071504.jpg","type":"image\/jpeg"}],"author":"nonsolomusica","twitter_card":"summary_large_image","twitter_misc":{"Scritto da":"nonsolomusica","Tempo di lettura stimato":"6 minuti"},"schema":{"@context":"https:\/\/schema.org","@graph":[{"@type":"Article","@id":"https:\/\/www.nonsolomusicamagazine.it\/?p=11370#article","isPartOf":{"@id":"https:\/\/www.nonsolomusicamagazine.it\/?p=11370"},"author":{"name":"nonsolomusica","@id":"https:\/\/www.nonsolomusicamagazine.it\/#\/schema\/person\/a3349ad02300d046472d46cf6d31ae46"},"headline":"\ud835\udddc\ud835\uddfb\ud835\uddf3\ud835\uddf2\ud835\uddff\ud835\uddfb\ud835\uddfc \ud835\uddee \ud835\udde3\ud835\ude02\ud835\uddfb\ud835\ude01\ud835\uddee \ud835\udde0\ud835\uddfc\ud835\uddf9\ud835\uddf2\ud835\uddfb\ud835\ude01\ud835\uddf6\ud835\ude00: \ud835\ude00\ud835\uddfc\ud835\uddf9\ud835\uddf1\ud835\uddf6 \ud835\uddf3\ud835\uddee\ud835\uddf0\ud835\uddf6\ud835\uddf9\ud835\uddf6, \ud835\ude00\ud835\uddf6\ud835\uddf0\ud835\ude02\ud835\uddff\ud835\uddf2\ud835\ude07\ud835\ude07\ud835\uddee \ud835\ude07\ud835\uddf2\ud835\uddff\ud835\uddfc","datePublished":"2025-07-28T13:27:39+00:00","dateModified":"2025-07-28T13:27:46+00:00","mainEntityOfPage":{"@id":"https:\/\/www.nonsolomusicamagazine.it\/?p=11370"},"wordCount":923,"commentCount":0,"image":{"@id":"https:\/\/www.nonsolomusicamagazine.it\/?p=11370#primaryimage"},"thumbnailUrl":"https:\/\/www.nonsolomusicamagazine.it\/wp-content\/uploads\/2025\/07\/1000071504.jpg","keywords":["Disastro","Incendio","Sardegna","Villa Simius"],"articleSection":["Ambiente","Politica"],"inLanguage":"it-IT","potentialAction":[{"@type":"CommentAction","name":"Comment","target":["https:\/\/www.nonsolomusicamagazine.it\/?p=11370#respond"]}]},{"@type":"WebPage","@id":"https:\/\/www.nonsolomusicamagazine.it\/?p=11370","url":"https:\/\/www.nonsolomusicamagazine.it\/?p=11370","name":"\ud835\udddc\ud835\uddfb\ud835\uddf3\ud835\uddf2\ud835\uddff\ud835\uddfb\ud835\uddfc \ud835\uddee \ud835\udde3\ud835\ude02\ud835\uddfb\ud835\ude01\ud835\uddee \ud835\udde0\ud835\uddfc\ud835\uddf9\ud835\uddf2\ud835\uddfb\ud835\ude01\ud835\uddf6\ud835\ude00: \ud835\ude00\ud835\uddfc\ud835\uddf9\ud835\uddf1\ud835\uddf6 \ud835\uddf3\ud835\uddee\ud835\uddf0\ud835\uddf6\ud835\uddf9\ud835\uddf6, \ud835\ude00\ud835\uddf6\ud835\uddf0\ud835\ude02\ud835\uddff\ud835\uddf2\ud835\ude07\ud835\ude07\ud835\uddee \ud835\ude07\ud835\uddf2\ud835\uddff\ud835\uddfc - NonSoloMusicaMagazine","isPartOf":{"@id":"https:\/\/www.nonsolomusicamagazine.it\/#website"},"primaryImageOfPage":{"@id":"https:\/\/www.nonsolomusicamagazine.it\/?p=11370#primaryimage"},"image":{"@id":"https:\/\/www.nonsolomusicamagazine.it\/?p=11370#primaryimage"},"thumbnailUrl":"https:\/\/www.nonsolomusicamagazine.it\/wp-content\/uploads\/2025\/07\/1000071504.jpg","datePublished":"2025-07-28T13:27:39+00:00","dateModified":"2025-07-28T13:27:46+00:00","author":{"@id":"https:\/\/www.nonsolomusicamagazine.it\/#\/schema\/person\/a3349ad02300d046472d46cf6d31ae46"},"description":"\ud835\udddc\ud835\uddfb\ud835\uddf3\ud835\uddf2\ud835\uddff\ud835\uddfb\ud835\uddfc \ud835\uddee \ud835\udde3\ud835\ude02\ud835\uddfb\ud835\ude01\ud835\uddee \ud835\udde0\ud835\uddfc\ud835\uddf9\ud835\uddf2\ud835\uddfb\ud835\ude01\ud835\uddf6\ud835\ude00 Sardegna","breadcrumb":{"@id":"https:\/\/www.nonsolomusicamagazine.it\/?p=11370#breadcrumb"},"inLanguage":"it-IT","potentialAction":[{"@type":"ReadAction","target":["https:\/\/www.nonsolomusicamagazine.it\/?p=11370"]}]},{"@type":"ImageObject","inLanguage":"it-IT","@id":"https:\/\/www.nonsolomusicamagazine.it\/?p=11370#primaryimage","url":"https:\/\/www.nonsolomusicamagazine.it\/wp-content\/uploads\/2025\/07\/1000071504.jpg","contentUrl":"https:\/\/www.nonsolomusicamagazine.it\/wp-content\/uploads\/2025\/07\/1000071504.jpg","width":810,"height":950},{"@type":"BreadcrumbList","@id":"https:\/\/www.nonsolomusicamagazine.it\/?p=11370#breadcrumb","itemListElement":[{"@type":"ListItem","position":1,"name":"Home","item":"https:\/\/www.nonsolomusicamagazine.it\/"},{"@type":"ListItem","position":2,"name":"\ud835\udddc\ud835\uddfb\ud835\uddf3\ud835\uddf2\ud835\uddff\ud835\uddfb\ud835\uddfc \ud835\uddee \ud835\udde3\ud835\ude02\ud835\uddfb\ud835\ude01\ud835\uddee \ud835\udde0\ud835\uddfc\ud835\uddf9\ud835\uddf2\ud835\uddfb\ud835\ude01\ud835\uddf6\ud835\ude00: \ud835\ude00\ud835\uddfc\ud835\uddf9\ud835\uddf1\ud835\uddf6 \ud835\uddf3\ud835\uddee\ud835\uddf0\ud835\uddf6\ud835\uddf9\ud835\uddf6, \ud835\ude00\ud835\uddf6\ud835\uddf0\ud835\ude02\ud835\uddff\ud835\uddf2\ud835\ude07\ud835\ude07\ud835\uddee \ud835\ude07\ud835\uddf2\ud835\uddff\ud835\uddfc"}]},{"@type":"WebSite","@id":"https:\/\/www.nonsolomusicamagazine.it\/#website","url":"https:\/\/www.nonsolomusicamagazine.it\/","name":"Nonsolomusicamagazine","description":"Dir. responsabile Manuel M Buccarella","potentialAction":[{"@type":"SearchAction","target":{"@type":"EntryPoint","urlTemplate":"https:\/\/www.nonsolomusicamagazine.it\/?s={search_term_string}"},"query-input":{"@type":"PropertyValueSpecification","valueRequired":true,"valueName":"search_term_string"}}],"inLanguage":"it-IT"},{"@type":"Person","@id":"https:\/\/www.nonsolomusicamagazine.it\/#\/schema\/person\/a3349ad02300d046472d46cf6d31ae46","name":"nonsolomusica","image":{"@type":"ImageObject","inLanguage":"it-IT","@id":"https:\/\/www.nonsolomusicamagazine.it\/wp-content\/litespeed\/avatar\/3a675484bc84db6aba78d43bfc8b7197.jpg?ver=1776880798","url":"https:\/\/www.nonsolomusicamagazine.it\/wp-content\/litespeed\/avatar\/3a675484bc84db6aba78d43bfc8b7197.jpg?ver=1776880798","contentUrl":"https:\/\/www.nonsolomusicamagazine.it\/wp-content\/litespeed\/avatar\/3a675484bc84db6aba78d43bfc8b7197.jpg?ver=1776880798","caption":"nonsolomusica"},"sameAs":["https:\/\/www.nonsolomusicamagazine.it"],"url":"https:\/\/www.nonsolomusicamagazine.it\/?author=1"}]}},"amp_enabled":true,"_links":{"self":[{"href":"https:\/\/www.nonsolomusicamagazine.it\/index.php?rest_route=\/wp\/v2\/posts\/11370","targetHints":{"allow":["GET"]}}],"collection":[{"href":"https:\/\/www.nonsolomusicamagazine.it\/index.php?rest_route=\/wp\/v2\/posts"}],"about":[{"href":"https:\/\/www.nonsolomusicamagazine.it\/index.php?rest_route=\/wp\/v2\/types\/post"}],"author":[{"embeddable":true,"href":"https:\/\/www.nonsolomusicamagazine.it\/index.php?rest_route=\/wp\/v2\/users\/1"}],"replies":[{"embeddable":true,"href":"https:\/\/www.nonsolomusicamagazine.it\/index.php?rest_route=%2Fwp%2Fv2%2Fcomments&post=11370"}],"version-history":[{"count":0,"href":"https:\/\/www.nonsolomusicamagazine.it\/index.php?rest_route=\/wp\/v2\/posts\/11370\/revisions"}],"wp:featuredmedia":[{"embeddable":true,"href":"https:\/\/www.nonsolomusicamagazine.it\/index.php?rest_route=\/wp\/v2\/media\/11371"}],"wp:attachment":[{"href":"https:\/\/www.nonsolomusicamagazine.it\/index.php?rest_route=%2Fwp%2Fv2%2Fmedia&parent=11370"}],"wp:term":[{"taxonomy":"category","embeddable":true,"href":"https:\/\/www.nonsolomusicamagazine.it\/index.php?rest_route=%2Fwp%2Fv2%2Fcategories&post=11370"},{"taxonomy":"post_tag","embeddable":true,"href":"https:\/\/www.nonsolomusicamagazine.it\/index.php?rest_route=%2Fwp%2Fv2%2Ftags&post=11370"}],"curies":[{"name":"wp","href":"https:\/\/api.w.org\/{rel}","templated":true}]}}