{"id":1144,"date":"2023-05-18T17:24:12","date_gmt":"2023-05-18T17:24:12","guid":{"rendered":"https:\/\/www.nonsolomusicamagazine.it\/?p=1144"},"modified":"2023-05-18T17:24:13","modified_gmt":"2023-05-18T17:24:13","slug":"liberta-di-informare-o-liberta-di-odiare","status":"publish","type":"post","link":"https:\/\/www.nonsolomusicamagazine.it\/?p=1144","title":{"rendered":"LIBERTA\u2019 DI INFORMARE O LIBERTA\u2019 DI ODIARE?"},"content":{"rendered":"\n<p class=\"has-text-align-center\"><strong>Luciano Graziuso<\/strong><\/p>\n\n\n\n<h5 class=\"wp-block-heading\"><em>Sono sempre piu\u2019 frequenti prime pagine e titoli in cui alcuni quotidiani scadono nell\u2019insulto<\/em><\/h5>\n\n\n\n<p>Gi\u00e0 da molti anni stiamo assistendo a questo malcostume di buona parte della stampa italiana, ovvero il ricorso ad attacchi personali, a volte anche pesantemente insultanti e\/o calunniosi, nei confronti di movimenti politici, leader o esponenti di spicco di partiti con idee diverse, o anche rivolti a persone\u00a0 \u00a0\u201cscomode\u201d in generale, sicuramente a chi non \u00e8 \u201comologato\u201d al sistema.                   Cosa se possibile ancora pi\u00f9 grave, questi giornali beneficiano pure di finanziamenti pubblici, e vi \u00e8 dunque una situazione assurda in cui la maggior parte dei cittadini, contrari alle loro \u201cidee\u201d o almeno in disaccordo con il loro modo di fare \u201cinformazione\u201d, si ritrovano paradossalmente a ricoprire una parte attiva nel\u00a0 loro sovvenzionamento.<\/p>\n\n\n\n<h5 class=\"wp-block-heading\"><em>IL LINGUAGGIO DELL\u2019ODIO<\/em><\/h5>\n\n\n\n<p>\u201cSinistra sotto un treno\u201d (in prima pagina su \u201cLibero\u201d del 6\/11\/21), \u201cDecapitati i 5 Stelle\u201d (\u201cLa Repubblica\u201d, 8 febbraio 2022), \u201cI 5 Stelle esplosi\u201d (\u201cLibero\u201d, febbraio 2021), \u201cDi Battista scappa\u201d (\u201cIl Giornale\u201d, 12 febbraio 2021), \u201cDi Battista delira\u201d (\u201cLibero\u201d, 19 gennaio 2022); continuando, abbiamo altre \u201cperle\u201d: \u201cLe brigate Fazio in crisi di nervi\u2026 Gli \u201corfanelli\u201d di Kabul\u201d, \u201cDa Letta a Saviano la sinistra strilla\u201d (\u201cLibero\u201d, 16 maggio 2023); \u201cSalotti rossi nel panico\u201d (\u201cIl Giornale\u201d, stessa data); \u201cSberle a Santoro e C\u2026 Schiaffi ai rossi\u201d (\u201cLibero\u201d, 14\/05\/23). Sempre quest\u2019ultimo quotidiano, che come vediamo si distingue per la moderazione dei termini usati\u2026, durante il governo dei pentastellati titol\u00f2 in prima pagina \u201cNessuno odia il Sud\u201d, poich\u00e9 il Mezzogiorno in quel periodo stava ottenendo, secondo le penne di \u201cLibero\u201d, provvedimenti che lo favorivano! Ancora \u201cLibero\u201d, proprio ieri: \u201cL\u2019ammucchiata \u2013 la Schlein nel panico implora\u2026\u201d.<\/p>\n\n\n\n<p>In generale, i verbi e gli aggettivi pi\u00f9 usati sono: esplodono, implodono, si sfracellano, si sbriciolano, si frantumano, si schiantano, vanno a sbattere contro un muro, delirano, deceduti, polverizzati, liquefatti, asfaltati; il termine pi\u00f9 \u201cgentile\u201d \u00e8 \u201cspariscono\u201d; mentre le espressioni che pi\u00f9 vanno di moda sono: in macerie e a pezzi. E\u2019 semplicemente \u201cimbarazzante\u201d tutto questo, a usare efficacemente un termine proprio del \u201cpolitichese\u201d nostrano, il quale tocca punte di livore secondo noi irricevibili e intollerabili in un Paese che si dice democratico come il nostro, perch\u00e9 non si fa nulla per contrastare questo orribile \u201cfenomeno\u201d. Le querele negli anni sono fioccate da parte di qualcuno colpito da tali frecciate, ma siccome queste ultime provengono dal cuore del sistema mainstream, nulla o quasi \u00e8 mai accaduto.<\/p>\n\n\n\n<h5 class=\"wp-block-heading\"><em>I CASI ORSINI E ROVELLI<\/em><\/h5>\n\n\n\n<p>Emblematico nell\u2019ultimo anno o poco pi\u00f9 \u00e8 stato il caso del saggista ed esperto di politica internazionale Alessandro Orsini, quotidianamente attaccato ed insultato in TV e su tutti gli altri media italiani da che ha espresso opinioni non in linea con la vulgata comune sulla guerra russo-ucraina; e dire che lo studioso in questione non \u00e8 nemmeno filoputiniano, ma semplicemente dichiara quello che la sua conoscenza profonda dei rapporti internazionali lo spinge a dire, per\u00f2 anche la semplice verit\u00e0 ormai d\u00e0 fastidio. Oggetto di ostracismo \u00e8 stato anche, recentemente, il luminare della fisica Carlo Rovelli, destinatario di una lettera sconcertante in cui gli si revocava, ma con modi \u201cgentili\u201d, l\u2019invito ad intervenire alla Fiera del Libro di Francoforte del prossimo 2024 con una sua lezione inaugurale, per aver espresso (caso identico a quello di Orsini) opinioni non \u201cpoliticamente corrette\u201d, cio\u00e8 discordanti dalla linea ufficiale del nostro esecutivo, sul conflitto di cui sopra.<\/p>\n\n\n<figure class=\"wp-block-post-featured-image\"><img decoding=\"async\" width=\"2250\" height=\"1500\" src=\"https:\/\/www.nonsolomusicamagazine.it\/wp-content\/uploads\/2023\/05\/news-newsletter-newspaper-information-158651.jpeg\" class=\"attachment-post-thumbnail size-post-thumbnail wp-post-image\" alt=\"\" style=\"object-fit:cover;\" srcset=\"https:\/\/www.nonsolomusicamagazine.it\/wp-content\/uploads\/2023\/05\/news-newsletter-newspaper-information-158651.jpeg 2250w, https:\/\/www.nonsolomusicamagazine.it\/wp-content\/uploads\/2023\/05\/news-newsletter-newspaper-information-158651-300x200.jpeg 300w, https:\/\/www.nonsolomusicamagazine.it\/wp-content\/uploads\/2023\/05\/news-newsletter-newspaper-information-158651-1024x683.jpeg 1024w, https:\/\/www.nonsolomusicamagazine.it\/wp-content\/uploads\/2023\/05\/news-newsletter-newspaper-information-158651-768x512.jpeg 768w, https:\/\/www.nonsolomusicamagazine.it\/wp-content\/uploads\/2023\/05\/news-newsletter-newspaper-information-158651-1536x1024.jpeg 1536w, https:\/\/www.nonsolomusicamagazine.it\/wp-content\/uploads\/2023\/05\/news-newsletter-newspaper-information-158651-2048x1365.jpeg 2048w\" sizes=\"(max-width: 2250px) 100vw, 2250px\" \/><\/figure>","protected":false},"excerpt":{"rendered":"<p>Luciano Graziuso Sono sempre piu\u2019 frequenti prime pagine e titoli in cui alcuni quotidiani scadono nell\u2019insulto Gi\u00e0 da molti anni stiamo assistendo a questo malcostume di buona parte della stampa italiana, ovvero il ricorso ad attacchi personali, a volte anche pesantemente insultanti e\/o calunniosi, nei confronti di movimenti politici, leader o esponenti di spicco di [&hellip;]<\/p>\n","protected":false},"author":1,"featured_media":1145,"comment_status":"open","ping_status":"closed","sticky":false,"template":"","format":"standard","meta":{"footnotes":""},"categories":[106,20],"tags":[836,837,838,839,235,835],"class_list":["post-1144","post","type-post","status-publish","format-standard","has-post-thumbnail","hentry","category-cultura","category-societa","tag-liberta-di-stampa","tag-odio","tag-orsini","tag-quotidiani","tag-rovelli","tag-stampa"],"yoast_head":"<!-- This site is optimized with the Yoast SEO plugin v27.4 - https:\/\/yoast.com\/product\/yoast-seo-wordpress\/ -->\n<title>LIBERTA\u2019 DI INFORMARE O LIBERTA\u2019 DI ODIARE? - NonSoloMusicaMagazine<\/title>\n<meta name=\"description\" content=\"Libert\u00e0 di informare o libert\u00e0 di odiare? Sono sempre piu\u2019 frequenti prime pagine e titoli in cui alcuni quotidiani scadono nell\u2019insulto\" \/>\n<meta name=\"robots\" content=\"index, follow, max-snippet:-1, max-image-preview:large, max-video-preview:-1\" \/>\n<link rel=\"canonical\" href=\"https:\/\/www.nonsolomusicamagazine.it\/?p=1144\" \/>\n<meta property=\"og:locale\" content=\"it_IT\" \/>\n<meta property=\"og:type\" content=\"article\" \/>\n<meta property=\"og:title\" content=\"LIBERTA\u2019 DI INFORMARE O LIBERTA\u2019 DI ODIARE? - NonSoloMusicaMagazine\" \/>\n<meta property=\"og:description\" content=\"Libert\u00e0 di informare o libert\u00e0 di odiare? Sono sempre piu\u2019 frequenti prime pagine e titoli in cui alcuni quotidiani scadono nell\u2019insulto\" \/>\n<meta property=\"og:url\" content=\"https:\/\/www.nonsolomusicamagazine.it\/?p=1144\" \/>\n<meta property=\"og:site_name\" content=\"NonSoloMusicaMagazine\" \/>\n<meta property=\"article:published_time\" content=\"2023-05-18T17:24:12+00:00\" \/>\n<meta property=\"article:modified_time\" content=\"2023-05-18T17:24:13+00:00\" \/>\n<meta property=\"og:image\" content=\"https:\/\/www.nonsolomusicamagazine.it\/wp-content\/uploads\/2023\/05\/news-newsletter-newspaper-information-158651.jpeg\" \/>\n\t<meta property=\"og:image:width\" content=\"2250\" \/>\n\t<meta property=\"og:image:height\" content=\"1500\" \/>\n\t<meta property=\"og:image:type\" content=\"image\/jpeg\" \/>\n<meta name=\"author\" content=\"nonsolomusica\" \/>\n<meta name=\"twitter:card\" content=\"summary_large_image\" \/>\n<meta name=\"twitter:label1\" content=\"Scritto da\" \/>\n\t<meta name=\"twitter:data1\" content=\"nonsolomusica\" \/>\n\t<meta name=\"twitter:label2\" content=\"Tempo di lettura stimato\" \/>\n\t<meta name=\"twitter:data2\" content=\"3 minuti\" \/>\n<script type=\"application\/ld+json\" class=\"yoast-schema-graph\">{\"@context\":\"https:\\\/\\\/schema.org\",\"@graph\":[{\"@type\":\"Article\",\"@id\":\"https:\\\/\\\/www.nonsolomusicamagazine.it\\\/?p=1144#article\",\"isPartOf\":{\"@id\":\"https:\\\/\\\/www.nonsolomusicamagazine.it\\\/?p=1144\"},\"author\":{\"name\":\"nonsolomusica\",\"@id\":\"https:\\\/\\\/www.nonsolomusicamagazine.it\\\/#\\\/schema\\\/person\\\/a3349ad02300d046472d46cf6d31ae46\"},\"headline\":\"LIBERTA\u2019 DI INFORMARE O LIBERTA\u2019 DI ODIARE?\",\"datePublished\":\"2023-05-18T17:24:12+00:00\",\"dateModified\":\"2023-05-18T17:24:13+00:00\",\"mainEntityOfPage\":{\"@id\":\"https:\\\/\\\/www.nonsolomusicamagazine.it\\\/?p=1144\"},\"wordCount\":547,\"commentCount\":2,\"image\":{\"@id\":\"https:\\\/\\\/www.nonsolomusicamagazine.it\\\/?p=1144#primaryimage\"},\"thumbnailUrl\":\"https:\\\/\\\/www.nonsolomusicamagazine.it\\\/wp-content\\\/uploads\\\/2023\\\/05\\\/news-newsletter-newspaper-information-158651.jpeg\",\"keywords\":[\"Libert\u00e0 di stampa\",\"Odio\",\"Orsini\",\"Quotidiani\",\"Rovelli\",\"Stampa\"],\"articleSection\":[\"Cultura\",\"Societ\u00e0\"],\"inLanguage\":\"it-IT\",\"potentialAction\":[{\"@type\":\"CommentAction\",\"name\":\"Comment\",\"target\":[\"https:\\\/\\\/www.nonsolomusicamagazine.it\\\/?p=1144#respond\"]}]},{\"@type\":\"WebPage\",\"@id\":\"https:\\\/\\\/www.nonsolomusicamagazine.it\\\/?p=1144\",\"url\":\"https:\\\/\\\/www.nonsolomusicamagazine.it\\\/?p=1144\",\"name\":\"LIBERTA\u2019 DI INFORMARE O LIBERTA\u2019 DI ODIARE? - NonSoloMusicaMagazine\",\"isPartOf\":{\"@id\":\"https:\\\/\\\/www.nonsolomusicamagazine.it\\\/#website\"},\"primaryImageOfPage\":{\"@id\":\"https:\\\/\\\/www.nonsolomusicamagazine.it\\\/?p=1144#primaryimage\"},\"image\":{\"@id\":\"https:\\\/\\\/www.nonsolomusicamagazine.it\\\/?p=1144#primaryimage\"},\"thumbnailUrl\":\"https:\\\/\\\/www.nonsolomusicamagazine.it\\\/wp-content\\\/uploads\\\/2023\\\/05\\\/news-newsletter-newspaper-information-158651.jpeg\",\"datePublished\":\"2023-05-18T17:24:12+00:00\",\"dateModified\":\"2023-05-18T17:24:13+00:00\",\"author\":{\"@id\":\"https:\\\/\\\/www.nonsolomusicamagazine.it\\\/#\\\/schema\\\/person\\\/a3349ad02300d046472d46cf6d31ae46\"},\"description\":\"Libert\u00e0 di informare o libert\u00e0 di odiare? Sono sempre piu\u2019 frequenti prime pagine e titoli in cui alcuni quotidiani scadono nell\u2019insulto\",\"breadcrumb\":{\"@id\":\"https:\\\/\\\/www.nonsolomusicamagazine.it\\\/?p=1144#breadcrumb\"},\"inLanguage\":\"it-IT\",\"potentialAction\":[{\"@type\":\"ReadAction\",\"target\":[\"https:\\\/\\\/www.nonsolomusicamagazine.it\\\/?p=1144\"]}]},{\"@type\":\"ImageObject\",\"inLanguage\":\"it-IT\",\"@id\":\"https:\\\/\\\/www.nonsolomusicamagazine.it\\\/?p=1144#primaryimage\",\"url\":\"https:\\\/\\\/www.nonsolomusicamagazine.it\\\/wp-content\\\/uploads\\\/2023\\\/05\\\/news-newsletter-newspaper-information-158651.jpeg\",\"contentUrl\":\"https:\\\/\\\/www.nonsolomusicamagazine.it\\\/wp-content\\\/uploads\\\/2023\\\/05\\\/news-newsletter-newspaper-information-158651.jpeg\",\"width\":2250,\"height\":1500},{\"@type\":\"BreadcrumbList\",\"@id\":\"https:\\\/\\\/www.nonsolomusicamagazine.it\\\/?p=1144#breadcrumb\",\"itemListElement\":[{\"@type\":\"ListItem\",\"position\":1,\"name\":\"Home\",\"item\":\"https:\\\/\\\/www.nonsolomusicamagazine.it\\\/\"},{\"@type\":\"ListItem\",\"position\":2,\"name\":\"LIBERTA\u2019 DI INFORMARE O LIBERTA\u2019 DI ODIARE?\"}]},{\"@type\":\"WebSite\",\"@id\":\"https:\\\/\\\/www.nonsolomusicamagazine.it\\\/#website\",\"url\":\"https:\\\/\\\/www.nonsolomusicamagazine.it\\\/\",\"name\":\"Nonsolomusicamagazine\",\"description\":\"Dir. responsabile Manuel M Buccarella\",\"potentialAction\":[{\"@type\":\"SearchAction\",\"target\":{\"@type\":\"EntryPoint\",\"urlTemplate\":\"https:\\\/\\\/www.nonsolomusicamagazine.it\\\/?s={search_term_string}\"},\"query-input\":{\"@type\":\"PropertyValueSpecification\",\"valueRequired\":true,\"valueName\":\"search_term_string\"}}],\"inLanguage\":\"it-IT\"},{\"@type\":\"Person\",\"@id\":\"https:\\\/\\\/www.nonsolomusicamagazine.it\\\/#\\\/schema\\\/person\\\/a3349ad02300d046472d46cf6d31ae46\",\"name\":\"nonsolomusica\",\"image\":{\"@type\":\"ImageObject\",\"inLanguage\":\"it-IT\",\"@id\":\"https:\\\/\\\/www.nonsolomusicamagazine.it\\\/wp-content\\\/litespeed\\\/avatar\\\/3a675484bc84db6aba78d43bfc8b7197.jpg?ver=1776880798\",\"url\":\"https:\\\/\\\/www.nonsolomusicamagazine.it\\\/wp-content\\\/litespeed\\\/avatar\\\/3a675484bc84db6aba78d43bfc8b7197.jpg?ver=1776880798\",\"contentUrl\":\"https:\\\/\\\/www.nonsolomusicamagazine.it\\\/wp-content\\\/litespeed\\\/avatar\\\/3a675484bc84db6aba78d43bfc8b7197.jpg?ver=1776880798\",\"caption\":\"nonsolomusica\"},\"sameAs\":[\"https:\\\/\\\/www.nonsolomusicamagazine.it\"],\"url\":\"https:\\\/\\\/www.nonsolomusicamagazine.it\\\/?author=1\"}]}<\/script>\n<!-- \/ Yoast SEO plugin. -->","yoast_head_json":{"title":"LIBERTA\u2019 DI INFORMARE O LIBERTA\u2019 DI ODIARE? - NonSoloMusicaMagazine","description":"Libert\u00e0 di informare o libert\u00e0 di odiare? Sono sempre piu\u2019 frequenti prime pagine e titoli in cui alcuni quotidiani scadono nell\u2019insulto","robots":{"index":"index","follow":"follow","max-snippet":"max-snippet:-1","max-image-preview":"max-image-preview:large","max-video-preview":"max-video-preview:-1"},"canonical":"https:\/\/www.nonsolomusicamagazine.it\/?p=1144","og_locale":"it_IT","og_type":"article","og_title":"LIBERTA\u2019 DI INFORMARE O LIBERTA\u2019 DI ODIARE? - NonSoloMusicaMagazine","og_description":"Libert\u00e0 di informare o libert\u00e0 di odiare? Sono sempre piu\u2019 frequenti prime pagine e titoli in cui alcuni quotidiani scadono nell\u2019insulto","og_url":"https:\/\/www.nonsolomusicamagazine.it\/?p=1144","og_site_name":"NonSoloMusicaMagazine","article_published_time":"2023-05-18T17:24:12+00:00","article_modified_time":"2023-05-18T17:24:13+00:00","og_image":[{"width":2250,"height":1500,"url":"https:\/\/www.nonsolomusicamagazine.it\/wp-content\/uploads\/2023\/05\/news-newsletter-newspaper-information-158651.jpeg","type":"image\/jpeg"}],"author":"nonsolomusica","twitter_card":"summary_large_image","twitter_misc":{"Scritto da":"nonsolomusica","Tempo di lettura stimato":"3 minuti"},"schema":{"@context":"https:\/\/schema.org","@graph":[{"@type":"Article","@id":"https:\/\/www.nonsolomusicamagazine.it\/?p=1144#article","isPartOf":{"@id":"https:\/\/www.nonsolomusicamagazine.it\/?p=1144"},"author":{"name":"nonsolomusica","@id":"https:\/\/www.nonsolomusicamagazine.it\/#\/schema\/person\/a3349ad02300d046472d46cf6d31ae46"},"headline":"LIBERTA\u2019 DI INFORMARE O LIBERTA\u2019 DI ODIARE?","datePublished":"2023-05-18T17:24:12+00:00","dateModified":"2023-05-18T17:24:13+00:00","mainEntityOfPage":{"@id":"https:\/\/www.nonsolomusicamagazine.it\/?p=1144"},"wordCount":547,"commentCount":2,"image":{"@id":"https:\/\/www.nonsolomusicamagazine.it\/?p=1144#primaryimage"},"thumbnailUrl":"https:\/\/www.nonsolomusicamagazine.it\/wp-content\/uploads\/2023\/05\/news-newsletter-newspaper-information-158651.jpeg","keywords":["Libert\u00e0 di stampa","Odio","Orsini","Quotidiani","Rovelli","Stampa"],"articleSection":["Cultura","Societ\u00e0"],"inLanguage":"it-IT","potentialAction":[{"@type":"CommentAction","name":"Comment","target":["https:\/\/www.nonsolomusicamagazine.it\/?p=1144#respond"]}]},{"@type":"WebPage","@id":"https:\/\/www.nonsolomusicamagazine.it\/?p=1144","url":"https:\/\/www.nonsolomusicamagazine.it\/?p=1144","name":"LIBERTA\u2019 DI INFORMARE O LIBERTA\u2019 DI ODIARE? - NonSoloMusicaMagazine","isPartOf":{"@id":"https:\/\/www.nonsolomusicamagazine.it\/#website"},"primaryImageOfPage":{"@id":"https:\/\/www.nonsolomusicamagazine.it\/?p=1144#primaryimage"},"image":{"@id":"https:\/\/www.nonsolomusicamagazine.it\/?p=1144#primaryimage"},"thumbnailUrl":"https:\/\/www.nonsolomusicamagazine.it\/wp-content\/uploads\/2023\/05\/news-newsletter-newspaper-information-158651.jpeg","datePublished":"2023-05-18T17:24:12+00:00","dateModified":"2023-05-18T17:24:13+00:00","author":{"@id":"https:\/\/www.nonsolomusicamagazine.it\/#\/schema\/person\/a3349ad02300d046472d46cf6d31ae46"},"description":"Libert\u00e0 di informare o libert\u00e0 di odiare? Sono sempre piu\u2019 frequenti prime pagine e titoli in cui alcuni quotidiani scadono nell\u2019insulto","breadcrumb":{"@id":"https:\/\/www.nonsolomusicamagazine.it\/?p=1144#breadcrumb"},"inLanguage":"it-IT","potentialAction":[{"@type":"ReadAction","target":["https:\/\/www.nonsolomusicamagazine.it\/?p=1144"]}]},{"@type":"ImageObject","inLanguage":"it-IT","@id":"https:\/\/www.nonsolomusicamagazine.it\/?p=1144#primaryimage","url":"https:\/\/www.nonsolomusicamagazine.it\/wp-content\/uploads\/2023\/05\/news-newsletter-newspaper-information-158651.jpeg","contentUrl":"https:\/\/www.nonsolomusicamagazine.it\/wp-content\/uploads\/2023\/05\/news-newsletter-newspaper-information-158651.jpeg","width":2250,"height":1500},{"@type":"BreadcrumbList","@id":"https:\/\/www.nonsolomusicamagazine.it\/?p=1144#breadcrumb","itemListElement":[{"@type":"ListItem","position":1,"name":"Home","item":"https:\/\/www.nonsolomusicamagazine.it\/"},{"@type":"ListItem","position":2,"name":"LIBERTA\u2019 DI INFORMARE O LIBERTA\u2019 DI ODIARE?"}]},{"@type":"WebSite","@id":"https:\/\/www.nonsolomusicamagazine.it\/#website","url":"https:\/\/www.nonsolomusicamagazine.it\/","name":"Nonsolomusicamagazine","description":"Dir. responsabile Manuel M Buccarella","potentialAction":[{"@type":"SearchAction","target":{"@type":"EntryPoint","urlTemplate":"https:\/\/www.nonsolomusicamagazine.it\/?s={search_term_string}"},"query-input":{"@type":"PropertyValueSpecification","valueRequired":true,"valueName":"search_term_string"}}],"inLanguage":"it-IT"},{"@type":"Person","@id":"https:\/\/www.nonsolomusicamagazine.it\/#\/schema\/person\/a3349ad02300d046472d46cf6d31ae46","name":"nonsolomusica","image":{"@type":"ImageObject","inLanguage":"it-IT","@id":"https:\/\/www.nonsolomusicamagazine.it\/wp-content\/litespeed\/avatar\/3a675484bc84db6aba78d43bfc8b7197.jpg?ver=1776880798","url":"https:\/\/www.nonsolomusicamagazine.it\/wp-content\/litespeed\/avatar\/3a675484bc84db6aba78d43bfc8b7197.jpg?ver=1776880798","contentUrl":"https:\/\/www.nonsolomusicamagazine.it\/wp-content\/litespeed\/avatar\/3a675484bc84db6aba78d43bfc8b7197.jpg?ver=1776880798","caption":"nonsolomusica"},"sameAs":["https:\/\/www.nonsolomusicamagazine.it"],"url":"https:\/\/www.nonsolomusicamagazine.it\/?author=1"}]}},"amp_enabled":true,"_links":{"self":[{"href":"https:\/\/www.nonsolomusicamagazine.it\/index.php?rest_route=\/wp\/v2\/posts\/1144","targetHints":{"allow":["GET"]}}],"collection":[{"href":"https:\/\/www.nonsolomusicamagazine.it\/index.php?rest_route=\/wp\/v2\/posts"}],"about":[{"href":"https:\/\/www.nonsolomusicamagazine.it\/index.php?rest_route=\/wp\/v2\/types\/post"}],"author":[{"embeddable":true,"href":"https:\/\/www.nonsolomusicamagazine.it\/index.php?rest_route=\/wp\/v2\/users\/1"}],"replies":[{"embeddable":true,"href":"https:\/\/www.nonsolomusicamagazine.it\/index.php?rest_route=%2Fwp%2Fv2%2Fcomments&post=1144"}],"version-history":[{"count":0,"href":"https:\/\/www.nonsolomusicamagazine.it\/index.php?rest_route=\/wp\/v2\/posts\/1144\/revisions"}],"wp:featuredmedia":[{"embeddable":true,"href":"https:\/\/www.nonsolomusicamagazine.it\/index.php?rest_route=\/wp\/v2\/media\/1145"}],"wp:attachment":[{"href":"https:\/\/www.nonsolomusicamagazine.it\/index.php?rest_route=%2Fwp%2Fv2%2Fmedia&parent=1144"}],"wp:term":[{"taxonomy":"category","embeddable":true,"href":"https:\/\/www.nonsolomusicamagazine.it\/index.php?rest_route=%2Fwp%2Fv2%2Fcategories&post=1144"},{"taxonomy":"post_tag","embeddable":true,"href":"https:\/\/www.nonsolomusicamagazine.it\/index.php?rest_route=%2Fwp%2Fv2%2Ftags&post=1144"}],"curies":[{"name":"wp","href":"https:\/\/api.w.org\/{rel}","templated":true}]}}