{"id":11611,"date":"2025-09-01T20:21:37","date_gmt":"2025-09-01T18:21:37","guid":{"rendered":"https:\/\/www.nonsolomusicamagazine.it\/?p=11611"},"modified":"2025-09-01T20:21:39","modified_gmt":"2025-09-01T18:21:39","slug":"oltre-la-caricatura-la-verita-della-resistenza","status":"publish","type":"post","link":"https:\/\/www.nonsolomusicamagazine.it\/?p=11611","title":{"rendered":"OLTRE LA CARICATURA: LA VERIT\u00c0 DELLA RESISTENZA"},"content":{"rendered":"\n<p class=\"has-text-align-center\"><strong>Alfredo Facchini<\/strong><\/p>\n\n\n\n<p>Spesso, e non volentieri, mi trovo costretto a rispondere a chi mette in dubbio l\u2019autenticit\u00e0 di Hamas, liquidandolo come fanatismo cieco o barbarie religiosa. <\/p>\n\n\n\n<p>\u00c8 il riflesso di chi preferisce la caricatura alla storia. La realt\u00e0 \u00e8 diversa, scomoda, pi\u00f9 complessa: Hamas &#8211; cos\u00ec come la Jihad Islamica &#8211; non \u00e8 un corpo estraneo, ma la punta armata di un popolo accerchiato.Il radicalismo islamico a Gaza non nasce dal nulla. Affonda le sue radici nei Fratelli Musulmani, movimento fondato in Egitto nel 1928 da Hassan al-Banna con un obiettivo chiaro: liberare il mondo arabo dall\u2019imperialismo e rifondarlo attraverso l\u2019Islam politico. <\/p>\n\n\n\n<p>Fin dall\u2019inizio si muoveva su un terreno articolato: da un lato assistenza sociale e reti di welfare, dall\u2019altro scontro frontale con i regimi arabi corrotti e con il colonialismo britannico e francese.In Palestina i Fratelli arrivano gi\u00e0 negli anni \u201940, partecipano ai primi scontri contro il nascente Stato di Israele e costruiscono scuole, moschee, associazioni caritative. Dopo l\u2019occupazione israeliana della Striscia di Gaza (1967) diventano progressivamente l\u2019unico spazio religioso organizzato tollerato, mentre la repressione si abbatte durissima sulle organizzazioni laiche e marxiste. Israele chiude un occhio, convinto di poter utilizzare i religiosi come contrappeso alla sinistra rivoluzionaria. Un calcolo miope.Proprio da quel tessuto nascer\u00e0, negli anni \u201980, Hamas: non una semplice branca dei Fratelli Musulmani, ma la loro metamorfosi palestinese in forza armata e nazionale. La svolta \u00e8 qui: dal movimento religioso transnazionale a un\u2019organizzazione che si radica nel sangue e nella terra della Palestina occupata. Come disse lo stesso Ahmed Yassin, fondatore di Hamas: \u00abSiamo parte dei Fratelli Musulmani, ma la nostra battaglia \u00e8 in Palestina. Qui \u00e8 la nostra missione, qui \u00e8 la nostra terra\u00bb.<\/p>\n\n\n\n<p>Negli anni \u201970 e \u201980 Gaza era dominata dalle forze laiche e marxiste del Fronte Popolare per la Liberazione della Palestina (FPLP) e di altre sigle rivoluzionarie. Ma la repressione israeliana da un lato e il logoramento di Fatah dall\u2019altro aprono un vuoto. Quando, nel 1987, esplode la Prima Intifada, Hamas si presenta come soggetto nuovo: milizia armata, ma anche rete sociale, capace di dare risposte quotidiane e di incarnare l\u2019identit\u00e0 popolare.Radicamento sociale, legittimit\u00e0 militare, identit\u00e0 popolare: tre elementi che, la mia amata, sinistra rivoluzionaria aveva progressivamente perso.<\/p>\n\n\n\n<p>Intanto Fatah si consegna alla diplomazia, si logora negli accordi di Oslo, si trasforma in apparato. L\u2019ANP si burocratizza, si ammala di moderatismo e viene accusata di corruzione. In Cisgiordania reprime e collabora con Israele, a Gaza si scontra con Hamas in una guerra fratricida che culmina nel 2007. Da allora Hamas domina la Striscia, Fatah governa Ramallah sotto tutela. <\/p>\n\n\n\n<p>Israele pu\u00f2 bombardare a Gaza e trattare in Cisgiordania, nonostante i coloni.Hamas e Jihad diventano la \u201cpunta armata\u201d del popolo. Non per santit\u00e0 ideologica, ma perch\u00e9 hanno raccolto il testimone caduto dalle mani di chi si \u00e8 perso per strada. In Occidente si demonizzano come fanatici, ma centinaia di migliaia di palestinesi li sostengono non per cieca fede religiosa, bens\u00ec perch\u00e9 non vedono alternative alla resa.<\/p>\n\n\n\n<p>E il FPLP? Rimane l\u00ec, nella sua coerenza laica e rivoluzionaria. Non si dissolve nel progetto islamista, ma non collabora nemmeno con l\u2019ANP. Con Hamas e Jihad i rapporti sono pragmatici: divergenze ideologiche s\u00ec, ma convergenza sul terreno. Lo disse con chiarezza Mariam Abu Daqqa, dirigente del FPLP: \u00abSiamo uniti nella lotta per la libert\u00e0 del popolo di Gaza, ma non pu\u00f2 decidere tutto un solo partito\u00bb.Sono queste parole a illuminare il quadro: la resistenza non \u00e8 monopolio di un\u2019organizzazione, ma un orizzonte collettivo che attraversa differenze ideologiche e religiose.<\/p>\n\n\n\n<p>Chi riduce Hamas e Jihad a \u201cforsennati fondamentalisti\u201d riproduce la narrazione coloniale. Non vede &#8211; che ci piaccia o no &#8211; che l\u2019islam politico si \u00e8 imposto per riempire un vuoto. Finch\u00e9 la Resistenza si giudicher\u00e0 con le lenti dell\u2019Occidente, si continuer\u00e0 a scambiare la Resistenza per fanatismo. E non si vedr\u00e0 la realt\u00e0: un popolo che lotta per non sparire.<\/p>\n\n\n\n<p>La storia non \u00e8 finita.<\/p>\n\n\n\n<figure class=\"wp-block-image size-large\"><img decoding=\"async\" width=\"527\" height=\"1024\" src=\"https:\/\/www.nonsolomusicamagazine.it\/wp-content\/uploads\/2025\/09\/1000079161-527x1024.jpg\" alt=\"\" class=\"wp-image-11612\" srcset=\"https:\/\/www.nonsolomusicamagazine.it\/wp-content\/uploads\/2025\/09\/1000079161-527x1024.jpg 527w, https:\/\/www.nonsolomusicamagazine.it\/wp-content\/uploads\/2025\/09\/1000079161-154x300.jpg 154w, https:\/\/www.nonsolomusicamagazine.it\/wp-content\/uploads\/2025\/09\/1000079161-768x1492.jpg 768w, https:\/\/www.nonsolomusicamagazine.it\/wp-content\/uploads\/2025\/09\/1000079161-791x1536.jpg 791w, https:\/\/www.nonsolomusicamagazine.it\/wp-content\/uploads\/2025\/09\/1000079161.jpg 1054w\" sizes=\"(max-width: 527px) 100vw, 527px\" \/><\/figure>\n","protected":false},"excerpt":{"rendered":"<p>Alfredo Facchini Spesso, e non volentieri, mi trovo costretto a rispondere a chi mette in dubbio l\u2019autenticit\u00e0 di Hamas, liquidandolo come fanatismo cieco o barbarie religiosa. \u00c8 il riflesso di chi preferisce la caricatura alla storia. La realt\u00e0 \u00e8 diversa, scomoda, pi\u00f9 complessa: Hamas &#8211; cos\u00ec come la Jihad Islamica &#8211; non \u00e8 un corpo [&hellip;]<\/p>\n","protected":false},"author":1,"featured_media":11612,"comment_status":"open","ping_status":"closed","sticky":false,"template":"","format":"standard","meta":{"footnotes":""},"categories":[6],"tags":[2086,627,2072,216,631,217],"class_list":["post-11611","post","type-post","status-publish","format-standard","has-post-thumbnail","hentry","category-esteri","tag-fronte-popolare-per-la-liberazione-della-palestina","tag-gaza","tag-hamas","tag-israele","tag-jihad","tag-palestina"],"yoast_head":"<!-- This site is optimized with the Yoast SEO plugin v27.4 - https:\/\/yoast.com\/product\/yoast-seo-wordpress\/ -->\n<title>OLTRE LA CARICATURA: LA VERIT\u00c0 DELLA RESISTENZA - NonSoloMusicaMagazine<\/title>\n<meta name=\"description\" content=\"OLTRE LA CARICATURA: LA VERIT\u00c0 DELLA RESISTENZA\" \/>\n<meta name=\"robots\" content=\"index, follow, max-snippet:-1, max-image-preview:large, max-video-preview:-1\" \/>\n<link rel=\"canonical\" href=\"https:\/\/www.nonsolomusicamagazine.it\/?p=11611\" \/>\n<meta property=\"og:locale\" content=\"it_IT\" \/>\n<meta property=\"og:type\" content=\"article\" \/>\n<meta property=\"og:title\" content=\"OLTRE LA CARICATURA: LA VERIT\u00c0 DELLA RESISTENZA - NonSoloMusicaMagazine\" \/>\n<meta property=\"og:description\" content=\"OLTRE LA CARICATURA: LA VERIT\u00c0 DELLA RESISTENZA\" \/>\n<meta property=\"og:url\" content=\"https:\/\/www.nonsolomusicamagazine.it\/?p=11611\" \/>\n<meta property=\"og:site_name\" content=\"NonSoloMusicaMagazine\" \/>\n<meta property=\"article:published_time\" content=\"2025-09-01T18:21:37+00:00\" \/>\n<meta property=\"article:modified_time\" content=\"2025-09-01T18:21:39+00:00\" \/>\n<meta property=\"og:image\" content=\"https:\/\/www.nonsolomusicamagazine.it\/wp-content\/uploads\/2025\/09\/1000079161.jpg\" \/>\n\t<meta property=\"og:image:width\" content=\"1054\" \/>\n\t<meta property=\"og:image:height\" content=\"2048\" \/>\n\t<meta property=\"og:image:type\" content=\"image\/jpeg\" \/>\n<meta name=\"author\" content=\"nonsolomusica\" \/>\n<meta name=\"twitter:card\" content=\"summary_large_image\" \/>\n<meta name=\"twitter:label1\" content=\"Scritto da\" \/>\n\t<meta name=\"twitter:data1\" content=\"nonsolomusica\" \/>\n\t<meta name=\"twitter:label2\" content=\"Tempo di lettura stimato\" \/>\n\t<meta name=\"twitter:data2\" content=\"4 minuti\" \/>\n<script type=\"application\/ld+json\" class=\"yoast-schema-graph\">{\"@context\":\"https:\\\/\\\/schema.org\",\"@graph\":[{\"@type\":\"Article\",\"@id\":\"https:\\\/\\\/www.nonsolomusicamagazine.it\\\/?p=11611#article\",\"isPartOf\":{\"@id\":\"https:\\\/\\\/www.nonsolomusicamagazine.it\\\/?p=11611\"},\"author\":{\"name\":\"nonsolomusica\",\"@id\":\"https:\\\/\\\/www.nonsolomusicamagazine.it\\\/#\\\/schema\\\/person\\\/a3349ad02300d046472d46cf6d31ae46\"},\"headline\":\"OLTRE LA CARICATURA: LA VERIT\u00c0 DELLA RESISTENZA\",\"datePublished\":\"2025-09-01T18:21:37+00:00\",\"dateModified\":\"2025-09-01T18:21:39+00:00\",\"mainEntityOfPage\":{\"@id\":\"https:\\\/\\\/www.nonsolomusicamagazine.it\\\/?p=11611\"},\"wordCount\":658,\"commentCount\":0,\"image\":{\"@id\":\"https:\\\/\\\/www.nonsolomusicamagazine.it\\\/?p=11611#primaryimage\"},\"thumbnailUrl\":\"https:\\\/\\\/www.nonsolomusicamagazine.it\\\/wp-content\\\/uploads\\\/2025\\\/09\\\/1000079161.jpg\",\"keywords\":[\"Fronte Popolare per la Liberazione della Palestina\",\"Gaza\",\"Hamas\",\"Israele\",\"Jihad\",\"Palestina\"],\"articleSection\":[\"Esteri\"],\"inLanguage\":\"it-IT\",\"potentialAction\":[{\"@type\":\"CommentAction\",\"name\":\"Comment\",\"target\":[\"https:\\\/\\\/www.nonsolomusicamagazine.it\\\/?p=11611#respond\"]}]},{\"@type\":\"WebPage\",\"@id\":\"https:\\\/\\\/www.nonsolomusicamagazine.it\\\/?p=11611\",\"url\":\"https:\\\/\\\/www.nonsolomusicamagazine.it\\\/?p=11611\",\"name\":\"OLTRE LA CARICATURA: LA VERIT\u00c0 DELLA RESISTENZA - NonSoloMusicaMagazine\",\"isPartOf\":{\"@id\":\"https:\\\/\\\/www.nonsolomusicamagazine.it\\\/#website\"},\"primaryImageOfPage\":{\"@id\":\"https:\\\/\\\/www.nonsolomusicamagazine.it\\\/?p=11611#primaryimage\"},\"image\":{\"@id\":\"https:\\\/\\\/www.nonsolomusicamagazine.it\\\/?p=11611#primaryimage\"},\"thumbnailUrl\":\"https:\\\/\\\/www.nonsolomusicamagazine.it\\\/wp-content\\\/uploads\\\/2025\\\/09\\\/1000079161.jpg\",\"datePublished\":\"2025-09-01T18:21:37+00:00\",\"dateModified\":\"2025-09-01T18:21:39+00:00\",\"author\":{\"@id\":\"https:\\\/\\\/www.nonsolomusicamagazine.it\\\/#\\\/schema\\\/person\\\/a3349ad02300d046472d46cf6d31ae46\"},\"description\":\"OLTRE LA CARICATURA: LA VERIT\u00c0 DELLA RESISTENZA\",\"breadcrumb\":{\"@id\":\"https:\\\/\\\/www.nonsolomusicamagazine.it\\\/?p=11611#breadcrumb\"},\"inLanguage\":\"it-IT\",\"potentialAction\":[{\"@type\":\"ReadAction\",\"target\":[\"https:\\\/\\\/www.nonsolomusicamagazine.it\\\/?p=11611\"]}]},{\"@type\":\"ImageObject\",\"inLanguage\":\"it-IT\",\"@id\":\"https:\\\/\\\/www.nonsolomusicamagazine.it\\\/?p=11611#primaryimage\",\"url\":\"https:\\\/\\\/www.nonsolomusicamagazine.it\\\/wp-content\\\/uploads\\\/2025\\\/09\\\/1000079161.jpg\",\"contentUrl\":\"https:\\\/\\\/www.nonsolomusicamagazine.it\\\/wp-content\\\/uploads\\\/2025\\\/09\\\/1000079161.jpg\",\"width\":1054,\"height\":2048},{\"@type\":\"BreadcrumbList\",\"@id\":\"https:\\\/\\\/www.nonsolomusicamagazine.it\\\/?p=11611#breadcrumb\",\"itemListElement\":[{\"@type\":\"ListItem\",\"position\":1,\"name\":\"Home\",\"item\":\"https:\\\/\\\/www.nonsolomusicamagazine.it\\\/\"},{\"@type\":\"ListItem\",\"position\":2,\"name\":\"OLTRE LA CARICATURA: LA VERIT\u00c0 DELLA RESISTENZA\"}]},{\"@type\":\"WebSite\",\"@id\":\"https:\\\/\\\/www.nonsolomusicamagazine.it\\\/#website\",\"url\":\"https:\\\/\\\/www.nonsolomusicamagazine.it\\\/\",\"name\":\"Nonsolomusicamagazine\",\"description\":\"Dir. responsabile Manuel M Buccarella\",\"potentialAction\":[{\"@type\":\"SearchAction\",\"target\":{\"@type\":\"EntryPoint\",\"urlTemplate\":\"https:\\\/\\\/www.nonsolomusicamagazine.it\\\/?s={search_term_string}\"},\"query-input\":{\"@type\":\"PropertyValueSpecification\",\"valueRequired\":true,\"valueName\":\"search_term_string\"}}],\"inLanguage\":\"it-IT\"},{\"@type\":\"Person\",\"@id\":\"https:\\\/\\\/www.nonsolomusicamagazine.it\\\/#\\\/schema\\\/person\\\/a3349ad02300d046472d46cf6d31ae46\",\"name\":\"nonsolomusica\",\"image\":{\"@type\":\"ImageObject\",\"inLanguage\":\"it-IT\",\"@id\":\"https:\\\/\\\/www.nonsolomusicamagazine.it\\\/wp-content\\\/litespeed\\\/avatar\\\/3a675484bc84db6aba78d43bfc8b7197.jpg?ver=1776880798\",\"url\":\"https:\\\/\\\/www.nonsolomusicamagazine.it\\\/wp-content\\\/litespeed\\\/avatar\\\/3a675484bc84db6aba78d43bfc8b7197.jpg?ver=1776880798\",\"contentUrl\":\"https:\\\/\\\/www.nonsolomusicamagazine.it\\\/wp-content\\\/litespeed\\\/avatar\\\/3a675484bc84db6aba78d43bfc8b7197.jpg?ver=1776880798\",\"caption\":\"nonsolomusica\"},\"sameAs\":[\"https:\\\/\\\/www.nonsolomusicamagazine.it\"],\"url\":\"https:\\\/\\\/www.nonsolomusicamagazine.it\\\/?author=1\"}]}<\/script>\n<!-- \/ Yoast SEO plugin. -->","yoast_head_json":{"title":"OLTRE LA CARICATURA: LA VERIT\u00c0 DELLA RESISTENZA - NonSoloMusicaMagazine","description":"OLTRE LA CARICATURA: LA VERIT\u00c0 DELLA RESISTENZA","robots":{"index":"index","follow":"follow","max-snippet":"max-snippet:-1","max-image-preview":"max-image-preview:large","max-video-preview":"max-video-preview:-1"},"canonical":"https:\/\/www.nonsolomusicamagazine.it\/?p=11611","og_locale":"it_IT","og_type":"article","og_title":"OLTRE LA CARICATURA: LA VERIT\u00c0 DELLA RESISTENZA - NonSoloMusicaMagazine","og_description":"OLTRE LA CARICATURA: LA VERIT\u00c0 DELLA RESISTENZA","og_url":"https:\/\/www.nonsolomusicamagazine.it\/?p=11611","og_site_name":"NonSoloMusicaMagazine","article_published_time":"2025-09-01T18:21:37+00:00","article_modified_time":"2025-09-01T18:21:39+00:00","og_image":[{"width":1054,"height":2048,"url":"https:\/\/www.nonsolomusicamagazine.it\/wp-content\/uploads\/2025\/09\/1000079161.jpg","type":"image\/jpeg"}],"author":"nonsolomusica","twitter_card":"summary_large_image","twitter_misc":{"Scritto da":"nonsolomusica","Tempo di lettura stimato":"4 minuti"},"schema":{"@context":"https:\/\/schema.org","@graph":[{"@type":"Article","@id":"https:\/\/www.nonsolomusicamagazine.it\/?p=11611#article","isPartOf":{"@id":"https:\/\/www.nonsolomusicamagazine.it\/?p=11611"},"author":{"name":"nonsolomusica","@id":"https:\/\/www.nonsolomusicamagazine.it\/#\/schema\/person\/a3349ad02300d046472d46cf6d31ae46"},"headline":"OLTRE LA CARICATURA: LA VERIT\u00c0 DELLA RESISTENZA","datePublished":"2025-09-01T18:21:37+00:00","dateModified":"2025-09-01T18:21:39+00:00","mainEntityOfPage":{"@id":"https:\/\/www.nonsolomusicamagazine.it\/?p=11611"},"wordCount":658,"commentCount":0,"image":{"@id":"https:\/\/www.nonsolomusicamagazine.it\/?p=11611#primaryimage"},"thumbnailUrl":"https:\/\/www.nonsolomusicamagazine.it\/wp-content\/uploads\/2025\/09\/1000079161.jpg","keywords":["Fronte Popolare per la Liberazione della Palestina","Gaza","Hamas","Israele","Jihad","Palestina"],"articleSection":["Esteri"],"inLanguage":"it-IT","potentialAction":[{"@type":"CommentAction","name":"Comment","target":["https:\/\/www.nonsolomusicamagazine.it\/?p=11611#respond"]}]},{"@type":"WebPage","@id":"https:\/\/www.nonsolomusicamagazine.it\/?p=11611","url":"https:\/\/www.nonsolomusicamagazine.it\/?p=11611","name":"OLTRE LA CARICATURA: LA VERIT\u00c0 DELLA RESISTENZA - NonSoloMusicaMagazine","isPartOf":{"@id":"https:\/\/www.nonsolomusicamagazine.it\/#website"},"primaryImageOfPage":{"@id":"https:\/\/www.nonsolomusicamagazine.it\/?p=11611#primaryimage"},"image":{"@id":"https:\/\/www.nonsolomusicamagazine.it\/?p=11611#primaryimage"},"thumbnailUrl":"https:\/\/www.nonsolomusicamagazine.it\/wp-content\/uploads\/2025\/09\/1000079161.jpg","datePublished":"2025-09-01T18:21:37+00:00","dateModified":"2025-09-01T18:21:39+00:00","author":{"@id":"https:\/\/www.nonsolomusicamagazine.it\/#\/schema\/person\/a3349ad02300d046472d46cf6d31ae46"},"description":"OLTRE LA CARICATURA: LA VERIT\u00c0 DELLA RESISTENZA","breadcrumb":{"@id":"https:\/\/www.nonsolomusicamagazine.it\/?p=11611#breadcrumb"},"inLanguage":"it-IT","potentialAction":[{"@type":"ReadAction","target":["https:\/\/www.nonsolomusicamagazine.it\/?p=11611"]}]},{"@type":"ImageObject","inLanguage":"it-IT","@id":"https:\/\/www.nonsolomusicamagazine.it\/?p=11611#primaryimage","url":"https:\/\/www.nonsolomusicamagazine.it\/wp-content\/uploads\/2025\/09\/1000079161.jpg","contentUrl":"https:\/\/www.nonsolomusicamagazine.it\/wp-content\/uploads\/2025\/09\/1000079161.jpg","width":1054,"height":2048},{"@type":"BreadcrumbList","@id":"https:\/\/www.nonsolomusicamagazine.it\/?p=11611#breadcrumb","itemListElement":[{"@type":"ListItem","position":1,"name":"Home","item":"https:\/\/www.nonsolomusicamagazine.it\/"},{"@type":"ListItem","position":2,"name":"OLTRE LA CARICATURA: LA VERIT\u00c0 DELLA RESISTENZA"}]},{"@type":"WebSite","@id":"https:\/\/www.nonsolomusicamagazine.it\/#website","url":"https:\/\/www.nonsolomusicamagazine.it\/","name":"Nonsolomusicamagazine","description":"Dir. responsabile Manuel M Buccarella","potentialAction":[{"@type":"SearchAction","target":{"@type":"EntryPoint","urlTemplate":"https:\/\/www.nonsolomusicamagazine.it\/?s={search_term_string}"},"query-input":{"@type":"PropertyValueSpecification","valueRequired":true,"valueName":"search_term_string"}}],"inLanguage":"it-IT"},{"@type":"Person","@id":"https:\/\/www.nonsolomusicamagazine.it\/#\/schema\/person\/a3349ad02300d046472d46cf6d31ae46","name":"nonsolomusica","image":{"@type":"ImageObject","inLanguage":"it-IT","@id":"https:\/\/www.nonsolomusicamagazine.it\/wp-content\/litespeed\/avatar\/3a675484bc84db6aba78d43bfc8b7197.jpg?ver=1776880798","url":"https:\/\/www.nonsolomusicamagazine.it\/wp-content\/litespeed\/avatar\/3a675484bc84db6aba78d43bfc8b7197.jpg?ver=1776880798","contentUrl":"https:\/\/www.nonsolomusicamagazine.it\/wp-content\/litespeed\/avatar\/3a675484bc84db6aba78d43bfc8b7197.jpg?ver=1776880798","caption":"nonsolomusica"},"sameAs":["https:\/\/www.nonsolomusicamagazine.it"],"url":"https:\/\/www.nonsolomusicamagazine.it\/?author=1"}]}},"amp_enabled":true,"_links":{"self":[{"href":"https:\/\/www.nonsolomusicamagazine.it\/index.php?rest_route=\/wp\/v2\/posts\/11611","targetHints":{"allow":["GET"]}}],"collection":[{"href":"https:\/\/www.nonsolomusicamagazine.it\/index.php?rest_route=\/wp\/v2\/posts"}],"about":[{"href":"https:\/\/www.nonsolomusicamagazine.it\/index.php?rest_route=\/wp\/v2\/types\/post"}],"author":[{"embeddable":true,"href":"https:\/\/www.nonsolomusicamagazine.it\/index.php?rest_route=\/wp\/v2\/users\/1"}],"replies":[{"embeddable":true,"href":"https:\/\/www.nonsolomusicamagazine.it\/index.php?rest_route=%2Fwp%2Fv2%2Fcomments&post=11611"}],"version-history":[{"count":0,"href":"https:\/\/www.nonsolomusicamagazine.it\/index.php?rest_route=\/wp\/v2\/posts\/11611\/revisions"}],"wp:featuredmedia":[{"embeddable":true,"href":"https:\/\/www.nonsolomusicamagazine.it\/index.php?rest_route=\/wp\/v2\/media\/11612"}],"wp:attachment":[{"href":"https:\/\/www.nonsolomusicamagazine.it\/index.php?rest_route=%2Fwp%2Fv2%2Fmedia&parent=11611"}],"wp:term":[{"taxonomy":"category","embeddable":true,"href":"https:\/\/www.nonsolomusicamagazine.it\/index.php?rest_route=%2Fwp%2Fv2%2Fcategories&post=11611"},{"taxonomy":"post_tag","embeddable":true,"href":"https:\/\/www.nonsolomusicamagazine.it\/index.php?rest_route=%2Fwp%2Fv2%2Ftags&post=11611"}],"curies":[{"name":"wp","href":"https:\/\/api.w.org\/{rel}","templated":true}]}}