{"id":11670,"date":"2025-09-05T17:17:23","date_gmt":"2025-09-05T15:17:23","guid":{"rendered":"https:\/\/www.nonsolomusicamagazine.it\/?p=11670"},"modified":"2025-09-05T17:18:55","modified_gmt":"2025-09-05T15:18:55","slug":"non-e-il-mondo-multipolare-a-volere-la-guerra-e-loccidente-a-cercarla","status":"publish","type":"post","link":"https:\/\/www.nonsolomusicamagazine.it\/?p=11670","title":{"rendered":"Non \u00e8 il mondo multipolare a volere la guerra, \u00e8 l\u2019Occidente a cercarla."},"content":{"rendered":"\n<p class=\"has-text-align-center\"><strong>Silvana Sale<\/strong><\/p>\n\n\n\n<p>Non \u00e8 il mondo multipolare a volere la guerra, \u00e8 l\u2019Occidente a cercarla. Quegli Stati sono amici dei popoli, anche dei nostri, e sono la nostra fortuna.Prima lo si capisce, meglio sar\u00e0 per tutti.<\/p>\n\n\n\n<p>C\u2019\u00e8 una verit\u00e0 che in molti intuiscono ma che pochi, nel mondo occidentale, osano dire ad alta voce: i grandi Stati che stanno ridefinendo il nuovo ordine mondiale, tra cui Cina, India, Russia e gran parte del Sud globale, non vogliono la guerra con l\u2019Occidente, non sono nemici dei popoli europei o statunitensi, e non hanno mai dichiarato ostilit\u00e0 contro di noi.Mai.<\/p>\n\n\n\n<p>Al contrario, stanno cercando un mondo multipolare fondato sulla cooperazione, sulla legalit\u00e0 internazionale, sulla pace e sul rispetto reciproco.E sono proprio i popoli occidentali, quelli comuni, che potrebbero trarre enorme beneficio da questa nuova architettura mondiale che va formandosi, se solo venisse raccontata in modo onesto.La paura che incutono con la narrazione che questi Stati abbiano &#8220;un piano contro di noi&#8221; \u00e8 una costruzione. Un\u2019invenzione alimentata da \u00e9lite politiche, apparati militari e media compiacenti, che temono la perdita di un dominio globale ormai in frantumi.Sono gli stessi che da decenni raccontano la menzogna di un &#8220;mondo libero&#8221; difeso da guerre preventive, sanzioni unilaterali, colpi di Stato mascherati da &#8220;rivoluzioni democratiche e colorate&#8221;.<\/p>\n\n\n\n<p>E invece, basta spostare lo sguardo verso le dichiarazioni, le scelte e le visioni dei Paesi fuori dall\u2019Occidente per vedere l\u2019esatto opposto. Basta ascoltare le voci da Pechino, da Mosca,ma anche da Teheran, dall&#8217;America Latina, per capire che il loro linguaggio non \u00e8 mai quello dello scontro, ma quello della coesistenza.Non sono loro ad aver invaso mezzo mondo negli ultimi trent\u2019anni.Non sono loro ad aver bombardato Stati sovrani con il pretesto della libert\u00e0.Non sono loro a voler imporre un modello unico, una moneta globale, un tribunale supremo che decide chi \u00e8 &#8220;democratico&#8221;e chi \u00e8 &#8220;canaglia&#8221;.<\/p>\n\n\n\n<p>Eppure, \u00e8 proprio cos\u00ec che vengono presentati, come minacce, dittatori, regimi, avversari del bene.\u00c8 una pappardella nauseante che ci ripetono mentendo da anni per giustificare i loro peggiori nazismi e furti in casa altrui.Ma c\u2019\u00e8 chi non ci sta. C\u2019\u00e8 chi vede le cose con occhi liberi. C\u2019\u00e8 chi non accetta pi\u00f9 la narrazione imposta, e chiede semplicemente la verit\u00e0.<\/p>\n\n\n\n<p>Nel recente vertice della SCO, la Shanghai Cooperation Organization, si \u00e8 visto chiaramente: Cina, India e Russia hanno ribadito pubblicamente di voler costruire un mondo multipolare, ma non contro nessuno. Hanno parlato di rispetto delle sovranit\u00e0, di cooperazione economica, di sicurezza collettiva.Non una parola di odio verso l\u2019Europa. Nessuna minaccia agli Stati Uniti. Nessuna ideologia anti-occidentale.<\/p>\n\n\n\n<p>Xi Jinping ha dichiarato che la Cina non cerca l\u2019egemonia, ma relazioni internazionali pi\u00f9 eque, basate sul principio del &#8220;win-win&#8221;.Narendra Modi ha confermato l\u2019impegno dell\u2019India per l\u2019autonomia strategica.Persino Vladimir Putin, spesso demonizzato in blocco, ha detto chiaramente che la Russia non \u00e8 contraria a una futura adesione dell\u2019Ucraina all\u2019Unione Europea, e ha offerto di ospitare colloqui di pace a Mosca.<\/p>\n\n\n\n<p>Lontano dalle semplificazioni occidentali, la verit\u00e0 \u00e8 che questi leader non parlano mai contro di noi. Ed \u00e8 la nostra grandissima fortuna, visto lo schifo che hanno generato da anni i nostri governi contro di loro con le peggiori azioni.Non parlano mai contro i popoli, perch\u00e9 distinguono i popoli dai loro governanti.Non parlano contro i francesi, gli italiani, i tedeschi, gli spagnoli. Non vogliono distruggere le nostre economie, la nostra cultura o la nostra libert\u00e0.<\/p>\n\n\n\n<p>Vogliono solo essere lasciati vivere e crescere in pace.Vogliono poter commerciare, innovare, sviluppare corridoi economici, rafforzare le universit\u00e0, costruire infrastrutture congiunte.Vogliono sedersi a tavoli multilaterali dove le regole si decidono insieme, non si impongono da Washington o Bruxelles.L\u2019India, in queste settimane, ha rilanciato con entusiasmo le relazioni con l\u2019Unione Europea. Vuole concludere un accordo commerciale (FTA) che porter\u00e0 benefici immensi a entrambe le parti. Modi ha parlato con la presidente della Commissione Europea, Von der Leyen, e con il presidente del Consiglio Europeo, Ant\u00f3nio Costa, ribadendo la volont\u00e0 di collaborare su energia, innovazione, intelligenza artificiale, difesa.La Cina, dal canto suo, continua a promuovere contatti diplomatici diretti con ogni Stato europeo, anche con quelli pi\u00f9 ostili nei toni. Xi ha invitato pi\u00f9 volte l\u2019Europa a scegliere l\u2019autonomia strategica, senza schierarsi nella logica della Guerra Fredda.E la Russia, che nel 2022 \u00e8 entrata in rotta di collisione con l\u2019Occidente sul tema Ucraina, ha pi\u00f9 volte cercato, purtroppo con scarso successo per colpa dei governi guerrafondai, una mediazione. Ha detto con chiarezza che non considera i popoli europei come nemici. Anzi, ha pi\u00f9 volte indicato che la rottura diplomatica \u00e8 stata voluta da governi e vertici militari, non certo dal popolo russo o da quello europeo.<\/p>\n\n\n\n<p>In questo scenario, \u00e8 evidente che la narrazione dell\u2019aggressione \u00e8 rovesciata.Non sono &#8220;loro&#8221; ad aver tagliato i ponti. Siamo noi.Non sono &#8220;loro&#8221; ad aver chiuso ambasciate, imposto sanzioni, bloccato media, congelato beni sovrani, insomma fatto le peggiori cose, ma siamo noi.Sono i governi occidentali a raccontare che stanno difendendo la pace, quando stanno solo alimentando paura e conflitti.<\/p>\n\n\n\n<p>Per fortuna, questi Stati non rispondono con la stessa moneta.\u00c8 una grandissima, grandissima fortuna: Cina, India e anche Russia distinguono tra governi e popoli.<\/p>\n\n\n\n<p>Dobbiamo imparare la gratitudine anche solo perch\u00e9 riconoscono questo e non siamo bersaglio.Sanno che noi, italiani, francesi, tedeschi, spagnoli, statunitensi non siamo nemici.Sanno che la nostra gente vuole solo vivere in pace, lavorare, viaggiare, conoscere.E sono pronti a collaborare, a stringere relazioni, a costruire ponti.Quello che vogliono non \u00e8 dominare. \u00c8 semplicemente contare. Avere voce.Avere rispetto. Vivere con dignit\u00e0, fratellanza, collaborazione.<\/p>\n\n\n\n<p>Questa \u00e8 la verit\u00e0 che dovremmo difendere.Non quella dei media di partito, dei guerrafondai, dei titoli isterici su &#8220;blocchi contrapposti&#8221;, stupidit\u00e0 di spartizione di capitali tra potenze, perch\u00e8 sono menzogne per distogliere l umanit\u00e0 da quanto di bello sta davvero accadendo, dal vero messaggio che questi Stati fratelli stanno lanciando, un nuovo mondo migliore \u00e8 possibile.Si deve costruire.Ma quella che vive nella realt\u00e0 dei fatti, non c\u2019\u00e8 nessun asse anti-occidentale.C\u2019\u00e8 un mondo che vuole uscire dalla morsa di un sistema coloniale che si finge &#8220;democratico&#8221;.E vuole farlo in pace, con gli altri, non contro gli altri.<\/p>\n\n\n\n<p>E noi, noi popoli europei, abbiamo il dovere e il diritto di saperlo. Di vederlo.Di sostenerlo.E forse, finalmente, di prenderne parte anche noi.Non come sudditi di una propaganda, ma come cittadini di un mondo che rinasce, libero e multipolare di cui aspiriamo di farne parte e dove ci riconosciamo in pieno.<\/p>\n\n\n\n<figure class=\"wp-block-image size-full\"><img decoding=\"async\" width=\"600\" height=\"370\" src=\"https:\/\/www.nonsolomusicamagazine.it\/wp-content\/uploads\/2025\/09\/1000079497-1.jpg\" alt=\"\" class=\"wp-image-11671\" srcset=\"https:\/\/www.nonsolomusicamagazine.it\/wp-content\/uploads\/2025\/09\/1000079497-1.jpg 600w, https:\/\/www.nonsolomusicamagazine.it\/wp-content\/uploads\/2025\/09\/1000079497-1-300x185.jpg 300w\" sizes=\"(max-width: 600px) 100vw, 600px\" \/><\/figure>\n","protected":false},"excerpt":{"rendered":"<p>Silvana Sale Non \u00e8 il mondo multipolare a volere la guerra, \u00e8 l\u2019Occidente a cercarla. Quegli Stati sono amici dei popoli, anche dei nostri, e sono la nostra fortuna.Prima lo si capisce, meglio sar\u00e0 per tutti. C\u2019\u00e8 una verit\u00e0 che in molti intuiscono ma che pochi, nel mondo occidentale, osano dire ad alta voce: i [&hellip;]<\/p>\n","protected":false},"author":1,"featured_media":11671,"comment_status":"open","ping_status":"closed","sticky":false,"template":"","format":"standard","meta":{"footnotes":""},"categories":[6,5],"tags":[1629,34,221,1632,2045,12,4683],"class_list":["post-11670","post","type-post","status-publish","format-standard","has-post-thumbnail","hentry","category-esteri","category-politica","tag-brics","tag-cina","tag-guerra","tag-multipolarismo","tag-occidente","tag-russia","tag-sco"],"yoast_head":"<!-- This site is optimized with the Yoast SEO plugin v27.4 - https:\/\/yoast.com\/product\/yoast-seo-wordpress\/ -->\n<title>Non \u00e8 il mondo multipolare a volere la guerra, \u00e8 l\u2019Occidente a cercarla. - NonSoloMusicaMagazine<\/title>\n<meta name=\"description\" content=\"Non \u00e8 il mondo multipolare a volere la guerra, \u00e8 l\u2019Occidente a cercarla.\" \/>\n<meta name=\"robots\" content=\"index, follow, max-snippet:-1, max-image-preview:large, max-video-preview:-1\" \/>\n<link rel=\"canonical\" href=\"https:\/\/www.nonsolomusicamagazine.it\/?p=11670\" \/>\n<meta property=\"og:locale\" content=\"it_IT\" \/>\n<meta property=\"og:type\" content=\"article\" \/>\n<meta property=\"og:title\" content=\"Non \u00e8 il mondo multipolare a volere la guerra, \u00e8 l\u2019Occidente a cercarla. - NonSoloMusicaMagazine\" \/>\n<meta property=\"og:description\" content=\"Non \u00e8 il mondo multipolare a volere la guerra, \u00e8 l\u2019Occidente a cercarla.\" \/>\n<meta property=\"og:url\" content=\"https:\/\/www.nonsolomusicamagazine.it\/?p=11670\" \/>\n<meta property=\"og:site_name\" content=\"NonSoloMusicaMagazine\" \/>\n<meta property=\"article:published_time\" content=\"2025-09-05T15:17:23+00:00\" \/>\n<meta property=\"article:modified_time\" content=\"2025-09-05T15:18:55+00:00\" \/>\n<meta property=\"og:image\" content=\"https:\/\/www.nonsolomusicamagazine.it\/wp-content\/uploads\/2025\/09\/1000079497-1.jpg\" \/>\n\t<meta property=\"og:image:width\" content=\"600\" \/>\n\t<meta property=\"og:image:height\" content=\"370\" \/>\n\t<meta property=\"og:image:type\" content=\"image\/jpeg\" \/>\n<meta name=\"author\" content=\"nonsolomusica\" \/>\n<meta name=\"twitter:card\" content=\"summary_large_image\" \/>\n<meta name=\"twitter:label1\" content=\"Scritto da\" \/>\n\t<meta name=\"twitter:data1\" content=\"nonsolomusica\" \/>\n\t<meta name=\"twitter:label2\" content=\"Tempo di lettura stimato\" \/>\n\t<meta name=\"twitter:data2\" content=\"6 minuti\" \/>\n<script type=\"application\/ld+json\" class=\"yoast-schema-graph\">{\"@context\":\"https:\\\/\\\/schema.org\",\"@graph\":[{\"@type\":\"Article\",\"@id\":\"https:\\\/\\\/www.nonsolomusicamagazine.it\\\/?p=11670#article\",\"isPartOf\":{\"@id\":\"https:\\\/\\\/www.nonsolomusicamagazine.it\\\/?p=11670\"},\"author\":{\"name\":\"nonsolomusica\",\"@id\":\"https:\\\/\\\/www.nonsolomusicamagazine.it\\\/#\\\/schema\\\/person\\\/a3349ad02300d046472d46cf6d31ae46\"},\"headline\":\"Non \u00e8 il mondo multipolare a volere la guerra, \u00e8 l\u2019Occidente a cercarla.\",\"datePublished\":\"2025-09-05T15:17:23+00:00\",\"dateModified\":\"2025-09-05T15:18:55+00:00\",\"mainEntityOfPage\":{\"@id\":\"https:\\\/\\\/www.nonsolomusicamagazine.it\\\/?p=11670\"},\"wordCount\":1099,\"commentCount\":0,\"image\":{\"@id\":\"https:\\\/\\\/www.nonsolomusicamagazine.it\\\/?p=11670#primaryimage\"},\"thumbnailUrl\":\"https:\\\/\\\/www.nonsolomusicamagazine.it\\\/wp-content\\\/uploads\\\/2025\\\/09\\\/1000079497-1.jpg\",\"keywords\":[\"Brics\",\"Cina\",\"Guerra\",\"Multipolarismo\",\"Occidente\",\"Russia\",\"Sco\"],\"articleSection\":[\"Esteri\",\"Politica\"],\"inLanguage\":\"it-IT\",\"potentialAction\":[{\"@type\":\"CommentAction\",\"name\":\"Comment\",\"target\":[\"https:\\\/\\\/www.nonsolomusicamagazine.it\\\/?p=11670#respond\"]}]},{\"@type\":\"WebPage\",\"@id\":\"https:\\\/\\\/www.nonsolomusicamagazine.it\\\/?p=11670\",\"url\":\"https:\\\/\\\/www.nonsolomusicamagazine.it\\\/?p=11670\",\"name\":\"Non \u00e8 il mondo multipolare a volere la guerra, \u00e8 l\u2019Occidente a cercarla. - NonSoloMusicaMagazine\",\"isPartOf\":{\"@id\":\"https:\\\/\\\/www.nonsolomusicamagazine.it\\\/#website\"},\"primaryImageOfPage\":{\"@id\":\"https:\\\/\\\/www.nonsolomusicamagazine.it\\\/?p=11670#primaryimage\"},\"image\":{\"@id\":\"https:\\\/\\\/www.nonsolomusicamagazine.it\\\/?p=11670#primaryimage\"},\"thumbnailUrl\":\"https:\\\/\\\/www.nonsolomusicamagazine.it\\\/wp-content\\\/uploads\\\/2025\\\/09\\\/1000079497-1.jpg\",\"datePublished\":\"2025-09-05T15:17:23+00:00\",\"dateModified\":\"2025-09-05T15:18:55+00:00\",\"author\":{\"@id\":\"https:\\\/\\\/www.nonsolomusicamagazine.it\\\/#\\\/schema\\\/person\\\/a3349ad02300d046472d46cf6d31ae46\"},\"description\":\"Non \u00e8 il mondo multipolare a volere la guerra, \u00e8 l\u2019Occidente a cercarla.\",\"breadcrumb\":{\"@id\":\"https:\\\/\\\/www.nonsolomusicamagazine.it\\\/?p=11670#breadcrumb\"},\"inLanguage\":\"it-IT\",\"potentialAction\":[{\"@type\":\"ReadAction\",\"target\":[\"https:\\\/\\\/www.nonsolomusicamagazine.it\\\/?p=11670\"]}]},{\"@type\":\"ImageObject\",\"inLanguage\":\"it-IT\",\"@id\":\"https:\\\/\\\/www.nonsolomusicamagazine.it\\\/?p=11670#primaryimage\",\"url\":\"https:\\\/\\\/www.nonsolomusicamagazine.it\\\/wp-content\\\/uploads\\\/2025\\\/09\\\/1000079497-1.jpg\",\"contentUrl\":\"https:\\\/\\\/www.nonsolomusicamagazine.it\\\/wp-content\\\/uploads\\\/2025\\\/09\\\/1000079497-1.jpg\",\"width\":600,\"height\":370},{\"@type\":\"BreadcrumbList\",\"@id\":\"https:\\\/\\\/www.nonsolomusicamagazine.it\\\/?p=11670#breadcrumb\",\"itemListElement\":[{\"@type\":\"ListItem\",\"position\":1,\"name\":\"Home\",\"item\":\"https:\\\/\\\/www.nonsolomusicamagazine.it\\\/\"},{\"@type\":\"ListItem\",\"position\":2,\"name\":\"Non \u00e8 il mondo multipolare a volere la guerra, \u00e8 l\u2019Occidente a cercarla.\"}]},{\"@type\":\"WebSite\",\"@id\":\"https:\\\/\\\/www.nonsolomusicamagazine.it\\\/#website\",\"url\":\"https:\\\/\\\/www.nonsolomusicamagazine.it\\\/\",\"name\":\"Nonsolomusicamagazine\",\"description\":\"Dir. responsabile Manuel M Buccarella\",\"potentialAction\":[{\"@type\":\"SearchAction\",\"target\":{\"@type\":\"EntryPoint\",\"urlTemplate\":\"https:\\\/\\\/www.nonsolomusicamagazine.it\\\/?s={search_term_string}\"},\"query-input\":{\"@type\":\"PropertyValueSpecification\",\"valueRequired\":true,\"valueName\":\"search_term_string\"}}],\"inLanguage\":\"it-IT\"},{\"@type\":\"Person\",\"@id\":\"https:\\\/\\\/www.nonsolomusicamagazine.it\\\/#\\\/schema\\\/person\\\/a3349ad02300d046472d46cf6d31ae46\",\"name\":\"nonsolomusica\",\"image\":{\"@type\":\"ImageObject\",\"inLanguage\":\"it-IT\",\"@id\":\"https:\\\/\\\/www.nonsolomusicamagazine.it\\\/wp-content\\\/litespeed\\\/avatar\\\/3a675484bc84db6aba78d43bfc8b7197.jpg?ver=1776880798\",\"url\":\"https:\\\/\\\/www.nonsolomusicamagazine.it\\\/wp-content\\\/litespeed\\\/avatar\\\/3a675484bc84db6aba78d43bfc8b7197.jpg?ver=1776880798\",\"contentUrl\":\"https:\\\/\\\/www.nonsolomusicamagazine.it\\\/wp-content\\\/litespeed\\\/avatar\\\/3a675484bc84db6aba78d43bfc8b7197.jpg?ver=1776880798\",\"caption\":\"nonsolomusica\"},\"sameAs\":[\"https:\\\/\\\/www.nonsolomusicamagazine.it\"],\"url\":\"https:\\\/\\\/www.nonsolomusicamagazine.it\\\/?author=1\"}]}<\/script>\n<!-- \/ Yoast SEO plugin. -->","yoast_head_json":{"title":"Non \u00e8 il mondo multipolare a volere la guerra, \u00e8 l\u2019Occidente a cercarla. - NonSoloMusicaMagazine","description":"Non \u00e8 il mondo multipolare a volere la guerra, \u00e8 l\u2019Occidente a cercarla.","robots":{"index":"index","follow":"follow","max-snippet":"max-snippet:-1","max-image-preview":"max-image-preview:large","max-video-preview":"max-video-preview:-1"},"canonical":"https:\/\/www.nonsolomusicamagazine.it\/?p=11670","og_locale":"it_IT","og_type":"article","og_title":"Non \u00e8 il mondo multipolare a volere la guerra, \u00e8 l\u2019Occidente a cercarla. - NonSoloMusicaMagazine","og_description":"Non \u00e8 il mondo multipolare a volere la guerra, \u00e8 l\u2019Occidente a cercarla.","og_url":"https:\/\/www.nonsolomusicamagazine.it\/?p=11670","og_site_name":"NonSoloMusicaMagazine","article_published_time":"2025-09-05T15:17:23+00:00","article_modified_time":"2025-09-05T15:18:55+00:00","og_image":[{"width":600,"height":370,"url":"https:\/\/www.nonsolomusicamagazine.it\/wp-content\/uploads\/2025\/09\/1000079497-1.jpg","type":"image\/jpeg"}],"author":"nonsolomusica","twitter_card":"summary_large_image","twitter_misc":{"Scritto da":"nonsolomusica","Tempo di lettura stimato":"6 minuti"},"schema":{"@context":"https:\/\/schema.org","@graph":[{"@type":"Article","@id":"https:\/\/www.nonsolomusicamagazine.it\/?p=11670#article","isPartOf":{"@id":"https:\/\/www.nonsolomusicamagazine.it\/?p=11670"},"author":{"name":"nonsolomusica","@id":"https:\/\/www.nonsolomusicamagazine.it\/#\/schema\/person\/a3349ad02300d046472d46cf6d31ae46"},"headline":"Non \u00e8 il mondo multipolare a volere la guerra, \u00e8 l\u2019Occidente a cercarla.","datePublished":"2025-09-05T15:17:23+00:00","dateModified":"2025-09-05T15:18:55+00:00","mainEntityOfPage":{"@id":"https:\/\/www.nonsolomusicamagazine.it\/?p=11670"},"wordCount":1099,"commentCount":0,"image":{"@id":"https:\/\/www.nonsolomusicamagazine.it\/?p=11670#primaryimage"},"thumbnailUrl":"https:\/\/www.nonsolomusicamagazine.it\/wp-content\/uploads\/2025\/09\/1000079497-1.jpg","keywords":["Brics","Cina","Guerra","Multipolarismo","Occidente","Russia","Sco"],"articleSection":["Esteri","Politica"],"inLanguage":"it-IT","potentialAction":[{"@type":"CommentAction","name":"Comment","target":["https:\/\/www.nonsolomusicamagazine.it\/?p=11670#respond"]}]},{"@type":"WebPage","@id":"https:\/\/www.nonsolomusicamagazine.it\/?p=11670","url":"https:\/\/www.nonsolomusicamagazine.it\/?p=11670","name":"Non \u00e8 il mondo multipolare a volere la guerra, \u00e8 l\u2019Occidente a cercarla. - NonSoloMusicaMagazine","isPartOf":{"@id":"https:\/\/www.nonsolomusicamagazine.it\/#website"},"primaryImageOfPage":{"@id":"https:\/\/www.nonsolomusicamagazine.it\/?p=11670#primaryimage"},"image":{"@id":"https:\/\/www.nonsolomusicamagazine.it\/?p=11670#primaryimage"},"thumbnailUrl":"https:\/\/www.nonsolomusicamagazine.it\/wp-content\/uploads\/2025\/09\/1000079497-1.jpg","datePublished":"2025-09-05T15:17:23+00:00","dateModified":"2025-09-05T15:18:55+00:00","author":{"@id":"https:\/\/www.nonsolomusicamagazine.it\/#\/schema\/person\/a3349ad02300d046472d46cf6d31ae46"},"description":"Non \u00e8 il mondo multipolare a volere la guerra, \u00e8 l\u2019Occidente a cercarla.","breadcrumb":{"@id":"https:\/\/www.nonsolomusicamagazine.it\/?p=11670#breadcrumb"},"inLanguage":"it-IT","potentialAction":[{"@type":"ReadAction","target":["https:\/\/www.nonsolomusicamagazine.it\/?p=11670"]}]},{"@type":"ImageObject","inLanguage":"it-IT","@id":"https:\/\/www.nonsolomusicamagazine.it\/?p=11670#primaryimage","url":"https:\/\/www.nonsolomusicamagazine.it\/wp-content\/uploads\/2025\/09\/1000079497-1.jpg","contentUrl":"https:\/\/www.nonsolomusicamagazine.it\/wp-content\/uploads\/2025\/09\/1000079497-1.jpg","width":600,"height":370},{"@type":"BreadcrumbList","@id":"https:\/\/www.nonsolomusicamagazine.it\/?p=11670#breadcrumb","itemListElement":[{"@type":"ListItem","position":1,"name":"Home","item":"https:\/\/www.nonsolomusicamagazine.it\/"},{"@type":"ListItem","position":2,"name":"Non \u00e8 il mondo multipolare a volere la guerra, \u00e8 l\u2019Occidente a cercarla."}]},{"@type":"WebSite","@id":"https:\/\/www.nonsolomusicamagazine.it\/#website","url":"https:\/\/www.nonsolomusicamagazine.it\/","name":"Nonsolomusicamagazine","description":"Dir. responsabile Manuel M Buccarella","potentialAction":[{"@type":"SearchAction","target":{"@type":"EntryPoint","urlTemplate":"https:\/\/www.nonsolomusicamagazine.it\/?s={search_term_string}"},"query-input":{"@type":"PropertyValueSpecification","valueRequired":true,"valueName":"search_term_string"}}],"inLanguage":"it-IT"},{"@type":"Person","@id":"https:\/\/www.nonsolomusicamagazine.it\/#\/schema\/person\/a3349ad02300d046472d46cf6d31ae46","name":"nonsolomusica","image":{"@type":"ImageObject","inLanguage":"it-IT","@id":"https:\/\/www.nonsolomusicamagazine.it\/wp-content\/litespeed\/avatar\/3a675484bc84db6aba78d43bfc8b7197.jpg?ver=1776880798","url":"https:\/\/www.nonsolomusicamagazine.it\/wp-content\/litespeed\/avatar\/3a675484bc84db6aba78d43bfc8b7197.jpg?ver=1776880798","contentUrl":"https:\/\/www.nonsolomusicamagazine.it\/wp-content\/litespeed\/avatar\/3a675484bc84db6aba78d43bfc8b7197.jpg?ver=1776880798","caption":"nonsolomusica"},"sameAs":["https:\/\/www.nonsolomusicamagazine.it"],"url":"https:\/\/www.nonsolomusicamagazine.it\/?author=1"}]}},"amp_enabled":true,"_links":{"self":[{"href":"https:\/\/www.nonsolomusicamagazine.it\/index.php?rest_route=\/wp\/v2\/posts\/11670","targetHints":{"allow":["GET"]}}],"collection":[{"href":"https:\/\/www.nonsolomusicamagazine.it\/index.php?rest_route=\/wp\/v2\/posts"}],"about":[{"href":"https:\/\/www.nonsolomusicamagazine.it\/index.php?rest_route=\/wp\/v2\/types\/post"}],"author":[{"embeddable":true,"href":"https:\/\/www.nonsolomusicamagazine.it\/index.php?rest_route=\/wp\/v2\/users\/1"}],"replies":[{"embeddable":true,"href":"https:\/\/www.nonsolomusicamagazine.it\/index.php?rest_route=%2Fwp%2Fv2%2Fcomments&post=11670"}],"version-history":[{"count":0,"href":"https:\/\/www.nonsolomusicamagazine.it\/index.php?rest_route=\/wp\/v2\/posts\/11670\/revisions"}],"wp:featuredmedia":[{"embeddable":true,"href":"https:\/\/www.nonsolomusicamagazine.it\/index.php?rest_route=\/wp\/v2\/media\/11671"}],"wp:attachment":[{"href":"https:\/\/www.nonsolomusicamagazine.it\/index.php?rest_route=%2Fwp%2Fv2%2Fmedia&parent=11670"}],"wp:term":[{"taxonomy":"category","embeddable":true,"href":"https:\/\/www.nonsolomusicamagazine.it\/index.php?rest_route=%2Fwp%2Fv2%2Fcategories&post=11670"},{"taxonomy":"post_tag","embeddable":true,"href":"https:\/\/www.nonsolomusicamagazine.it\/index.php?rest_route=%2Fwp%2Fv2%2Ftags&post=11670"}],"curies":[{"name":"wp","href":"https:\/\/api.w.org\/{rel}","templated":true}]}}