{"id":11712,"date":"2025-09-08T14:03:38","date_gmt":"2025-09-08T12:03:38","guid":{"rendered":"https:\/\/www.nonsolomusicamagazine.it\/?p=11712"},"modified":"2025-09-08T14:03:40","modified_gmt":"2025-09-08T12:03:40","slug":"le-parole-di-tito-sul-terrorismo-palestinese-dopo-i-fatti-di-monaco-di-baviera-nel-1972","status":"publish","type":"post","link":"https:\/\/www.nonsolomusicamagazine.it\/?p=11712","title":{"rendered":"Le parole di Tito sul terrorismo palestinese dopo i fatti di Monaco di Baviera nel 1972."},"content":{"rendered":"\n<p>Nel 1972 il Presidente jugoslavo Tito tenne un discorso a Prijedor (Bosnia), parlando anche di terrorismo, a caldo dopo il blitz di Settembre nero alle Olimpiadi.<br>&#8220;Egli espresse dissenso sull\u2019azione dei commandos tedeschi in occasione del massacro degli atleti israeliani da parte dei terroristi palestinesi. All&#8217;epoca spieg\u00f2 che sarebbe stato possibile agire molto meglio in quel caso.<\/p>\n\n\n\n<p>Voi d\u2019altronde sapete, disse Tito, quale \u00e8 la situazione. In Medio Oriente, le cose sono arrivate ad un punto morto. Avete visto cosa \u00e8 successo alle Olimpiadi a Monaco. Sono stati assassinati 11 sportivi israeliani. Sono morti due poliziotti tedeschi\u2026 Perci\u00f2 gi\u00e0 allora sono potuti decollare aerei per bombardare donne e bambini in Libano e Siria. Io personalmente, come anche tutto il nostro popolo, siamo assolutamente contrari a quello che hanno fatto i commandos a Monaco. Se fossero consciamente o inconsciamente strumento di qualcuno, non lo so. Ma noi siamo contro il terrore in generale \u2013 ha detto il compagno Tito.<br>In quella occasione egli ha affermato che bisogna riflettere su quali specie di terrorismo esistono. Che cos\u2019\u00e8 se non terrorismo quando quotidianamente vengono sganciate migliaia di tonnellate di esplosivo, quando con le bombe si distrugge e si uccide ogni cosa vivente. Non \u00e8 questo terrorismo?<br>Questo \u00e8 il peggiore terrorismo. Perci\u00f2, si devono trarre insegnamenti da quello che \u00e8 successo a Monaco, perch\u00e9 attraverso le Nazioni Unite a un certo punto si faccia qualcosa affinch\u00e9 il terrorismo su scala globale non possa riaffacciarsi. E questo \u00e8 possibile realizzarlo\u2026 Quello che sta facendo Israele non lo fa da solo. Esso ha un forte sostegno esterno. Perci\u00f2 \u00e8 molto pericoloso. Anche questo attacco terroristico a Monaco ha un intento diabolico. Quello di reindirizzare tutto l\u2019odio contro gli arabi\u2026 tutti gli Arabi andrebbero liquidati. Naturalmente, noi dobbiamo impedire che ora tutta la colpa sia addossata su questi popoli, e sugli Stati \u2013 ha detto Tito a Prijedor [Bosnia].<br>L\u2019allora Presidente della RSFJ sottoline\u00f2 il suo un forte dissenso contro il terrorismo, e che le colpe non possono essere addossate sugli arabi&#8221;.<\/p>\n\n\n\n<p>Il virgolettato \u00e8 tratto da un articolo del 2015 pubblicato sul sito Srbija danas, tradotto a cura del Coordinamento per la Jugoslavia (Jugocoord). <\/p>\n\n\n\n<p>Le parole di Tito, attuali nel 2025 dopo pi\u00f9 di 50 anni, sono tuttora tragicamente valide.<\/p>\n\n\n\n<figure class=\"wp-block-image size-full\"><img decoding=\"async\" width=\"854\" height=\"437\" src=\"https:\/\/www.nonsolomusicamagazine.it\/wp-content\/uploads\/2025\/09\/1000080820-1.jpg\" alt=\"\" class=\"wp-image-11713\" srcset=\"https:\/\/www.nonsolomusicamagazine.it\/wp-content\/uploads\/2025\/09\/1000080820-1.jpg 854w, https:\/\/www.nonsolomusicamagazine.it\/wp-content\/uploads\/2025\/09\/1000080820-1-300x154.jpg 300w, https:\/\/www.nonsolomusicamagazine.it\/wp-content\/uploads\/2025\/09\/1000080820-1-768x393.jpg 768w\" sizes=\"(max-width: 854px) 100vw, 854px\" \/><\/figure>\n","protected":false},"excerpt":{"rendered":"<p>Nel 1972 il Presidente jugoslavo Tito tenne un discorso a Prijedor (Bosnia), parlando anche di terrorismo, a caldo dopo il blitz di Settembre nero alle Olimpiadi.&#8220;Egli espresse dissenso sull\u2019azione dei commandos tedeschi in occasione del massacro degli atleti israeliani da parte dei terroristi palestinesi. All&#8217;epoca spieg\u00f2 che sarebbe stato possibile agire molto meglio in quel [&hellip;]<\/p>\n","protected":false},"author":1,"featured_media":11713,"comment_status":"open","ping_status":"closed","sticky":false,"template":"","format":"standard","meta":{"footnotes":""},"categories":[5,1321],"tags":[4705,4706,217,2831,263],"class_list":["post-11712","post","type-post","status-publish","format-standard","has-post-thumbnail","hentry","category-politica","category-storia","tag-monaco-di-baviera","tag-olimpiadi","tag-palestina","tag-terrorismo","tag-tito"],"yoast_head":"<!-- This site is optimized with the Yoast SEO plugin v27.4 - https:\/\/yoast.com\/product\/yoast-seo-wordpress\/ -->\n<title>Le parole di Tito sul terrorismo palestinese dopo i fatti di Monaco di Baviera nel 1972. - NonSoloMusicaMagazine<\/title>\n<meta name=\"description\" content=\"Tito terrorismo\" \/>\n<meta name=\"robots\" content=\"index, follow, max-snippet:-1, max-image-preview:large, max-video-preview:-1\" \/>\n<link rel=\"canonical\" href=\"https:\/\/www.nonsolomusicamagazine.it\/?p=11712\" \/>\n<meta property=\"og:locale\" content=\"it_IT\" \/>\n<meta property=\"og:type\" content=\"article\" \/>\n<meta property=\"og:title\" content=\"Le parole di Tito sul terrorismo palestinese dopo i fatti di Monaco di Baviera nel 1972. - NonSoloMusicaMagazine\" \/>\n<meta property=\"og:description\" content=\"Tito terrorismo\" \/>\n<meta property=\"og:url\" content=\"https:\/\/www.nonsolomusicamagazine.it\/?p=11712\" \/>\n<meta property=\"og:site_name\" content=\"NonSoloMusicaMagazine\" \/>\n<meta property=\"article:published_time\" content=\"2025-09-08T12:03:38+00:00\" \/>\n<meta property=\"article:modified_time\" content=\"2025-09-08T12:03:40+00:00\" \/>\n<meta property=\"og:image\" content=\"https:\/\/www.nonsolomusicamagazine.it\/wp-content\/uploads\/2025\/09\/1000080820-1.jpg\" \/>\n\t<meta property=\"og:image:width\" content=\"854\" \/>\n\t<meta property=\"og:image:height\" content=\"437\" \/>\n\t<meta property=\"og:image:type\" content=\"image\/jpeg\" \/>\n<meta name=\"author\" content=\"nonsolomusica\" \/>\n<meta name=\"twitter:card\" content=\"summary_large_image\" \/>\n<meta name=\"twitter:label1\" content=\"Scritto da\" \/>\n\t<meta name=\"twitter:data1\" content=\"nonsolomusica\" \/>\n\t<meta name=\"twitter:label2\" content=\"Tempo di lettura stimato\" \/>\n\t<meta name=\"twitter:data2\" content=\"3 minuti\" \/>\n<script type=\"application\/ld+json\" class=\"yoast-schema-graph\">{\"@context\":\"https:\\\/\\\/schema.org\",\"@graph\":[{\"@type\":\"Article\",\"@id\":\"https:\\\/\\\/www.nonsolomusicamagazine.it\\\/?p=11712#article\",\"isPartOf\":{\"@id\":\"https:\\\/\\\/www.nonsolomusicamagazine.it\\\/?p=11712\"},\"author\":{\"name\":\"nonsolomusica\",\"@id\":\"https:\\\/\\\/www.nonsolomusicamagazine.it\\\/#\\\/schema\\\/person\\\/a3349ad02300d046472d46cf6d31ae46\"},\"headline\":\"Le parole di Tito sul terrorismo palestinese dopo i fatti di Monaco di Baviera nel 1972.\",\"datePublished\":\"2025-09-08T12:03:38+00:00\",\"dateModified\":\"2025-09-08T12:03:40+00:00\",\"mainEntityOfPage\":{\"@id\":\"https:\\\/\\\/www.nonsolomusicamagazine.it\\\/?p=11712\"},\"wordCount\":380,\"commentCount\":0,\"image\":{\"@id\":\"https:\\\/\\\/www.nonsolomusicamagazine.it\\\/?p=11712#primaryimage\"},\"thumbnailUrl\":\"https:\\\/\\\/www.nonsolomusicamagazine.it\\\/wp-content\\\/uploads\\\/2025\\\/09\\\/1000080820-1.jpg\",\"keywords\":[\"Monaco di Baviera\",\"Olimpiadi\",\"Palestina\",\"Terrorismo\",\"Tito\"],\"articleSection\":[\"Politica\",\"Storia\"],\"inLanguage\":\"it-IT\",\"potentialAction\":[{\"@type\":\"CommentAction\",\"name\":\"Comment\",\"target\":[\"https:\\\/\\\/www.nonsolomusicamagazine.it\\\/?p=11712#respond\"]}]},{\"@type\":\"WebPage\",\"@id\":\"https:\\\/\\\/www.nonsolomusicamagazine.it\\\/?p=11712\",\"url\":\"https:\\\/\\\/www.nonsolomusicamagazine.it\\\/?p=11712\",\"name\":\"Le parole di Tito sul terrorismo palestinese dopo i fatti di Monaco di Baviera nel 1972. - NonSoloMusicaMagazine\",\"isPartOf\":{\"@id\":\"https:\\\/\\\/www.nonsolomusicamagazine.it\\\/#website\"},\"primaryImageOfPage\":{\"@id\":\"https:\\\/\\\/www.nonsolomusicamagazine.it\\\/?p=11712#primaryimage\"},\"image\":{\"@id\":\"https:\\\/\\\/www.nonsolomusicamagazine.it\\\/?p=11712#primaryimage\"},\"thumbnailUrl\":\"https:\\\/\\\/www.nonsolomusicamagazine.it\\\/wp-content\\\/uploads\\\/2025\\\/09\\\/1000080820-1.jpg\",\"datePublished\":\"2025-09-08T12:03:38+00:00\",\"dateModified\":\"2025-09-08T12:03:40+00:00\",\"author\":{\"@id\":\"https:\\\/\\\/www.nonsolomusicamagazine.it\\\/#\\\/schema\\\/person\\\/a3349ad02300d046472d46cf6d31ae46\"},\"description\":\"Tito terrorismo\",\"breadcrumb\":{\"@id\":\"https:\\\/\\\/www.nonsolomusicamagazine.it\\\/?p=11712#breadcrumb\"},\"inLanguage\":\"it-IT\",\"potentialAction\":[{\"@type\":\"ReadAction\",\"target\":[\"https:\\\/\\\/www.nonsolomusicamagazine.it\\\/?p=11712\"]}]},{\"@type\":\"ImageObject\",\"inLanguage\":\"it-IT\",\"@id\":\"https:\\\/\\\/www.nonsolomusicamagazine.it\\\/?p=11712#primaryimage\",\"url\":\"https:\\\/\\\/www.nonsolomusicamagazine.it\\\/wp-content\\\/uploads\\\/2025\\\/09\\\/1000080820-1.jpg\",\"contentUrl\":\"https:\\\/\\\/www.nonsolomusicamagazine.it\\\/wp-content\\\/uploads\\\/2025\\\/09\\\/1000080820-1.jpg\",\"width\":854,\"height\":437},{\"@type\":\"BreadcrumbList\",\"@id\":\"https:\\\/\\\/www.nonsolomusicamagazine.it\\\/?p=11712#breadcrumb\",\"itemListElement\":[{\"@type\":\"ListItem\",\"position\":1,\"name\":\"Home\",\"item\":\"https:\\\/\\\/www.nonsolomusicamagazine.it\\\/\"},{\"@type\":\"ListItem\",\"position\":2,\"name\":\"Le parole di Tito sul terrorismo palestinese dopo i fatti di Monaco di Baviera nel 1972.\"}]},{\"@type\":\"WebSite\",\"@id\":\"https:\\\/\\\/www.nonsolomusicamagazine.it\\\/#website\",\"url\":\"https:\\\/\\\/www.nonsolomusicamagazine.it\\\/\",\"name\":\"Nonsolomusicamagazine\",\"description\":\"Dir. responsabile Manuel M Buccarella\",\"potentialAction\":[{\"@type\":\"SearchAction\",\"target\":{\"@type\":\"EntryPoint\",\"urlTemplate\":\"https:\\\/\\\/www.nonsolomusicamagazine.it\\\/?s={search_term_string}\"},\"query-input\":{\"@type\":\"PropertyValueSpecification\",\"valueRequired\":true,\"valueName\":\"search_term_string\"}}],\"inLanguage\":\"it-IT\"},{\"@type\":\"Person\",\"@id\":\"https:\\\/\\\/www.nonsolomusicamagazine.it\\\/#\\\/schema\\\/person\\\/a3349ad02300d046472d46cf6d31ae46\",\"name\":\"nonsolomusica\",\"image\":{\"@type\":\"ImageObject\",\"inLanguage\":\"it-IT\",\"@id\":\"https:\\\/\\\/www.nonsolomusicamagazine.it\\\/wp-content\\\/litespeed\\\/avatar\\\/3a675484bc84db6aba78d43bfc8b7197.jpg?ver=1776880798\",\"url\":\"https:\\\/\\\/www.nonsolomusicamagazine.it\\\/wp-content\\\/litespeed\\\/avatar\\\/3a675484bc84db6aba78d43bfc8b7197.jpg?ver=1776880798\",\"contentUrl\":\"https:\\\/\\\/www.nonsolomusicamagazine.it\\\/wp-content\\\/litespeed\\\/avatar\\\/3a675484bc84db6aba78d43bfc8b7197.jpg?ver=1776880798\",\"caption\":\"nonsolomusica\"},\"sameAs\":[\"https:\\\/\\\/www.nonsolomusicamagazine.it\"],\"url\":\"https:\\\/\\\/www.nonsolomusicamagazine.it\\\/?author=1\"}]}<\/script>\n<!-- \/ Yoast SEO plugin. -->","yoast_head_json":{"title":"Le parole di Tito sul terrorismo palestinese dopo i fatti di Monaco di Baviera nel 1972. - NonSoloMusicaMagazine","description":"Tito terrorismo","robots":{"index":"index","follow":"follow","max-snippet":"max-snippet:-1","max-image-preview":"max-image-preview:large","max-video-preview":"max-video-preview:-1"},"canonical":"https:\/\/www.nonsolomusicamagazine.it\/?p=11712","og_locale":"it_IT","og_type":"article","og_title":"Le parole di Tito sul terrorismo palestinese dopo i fatti di Monaco di Baviera nel 1972. - NonSoloMusicaMagazine","og_description":"Tito terrorismo","og_url":"https:\/\/www.nonsolomusicamagazine.it\/?p=11712","og_site_name":"NonSoloMusicaMagazine","article_published_time":"2025-09-08T12:03:38+00:00","article_modified_time":"2025-09-08T12:03:40+00:00","og_image":[{"width":854,"height":437,"url":"https:\/\/www.nonsolomusicamagazine.it\/wp-content\/uploads\/2025\/09\/1000080820-1.jpg","type":"image\/jpeg"}],"author":"nonsolomusica","twitter_card":"summary_large_image","twitter_misc":{"Scritto da":"nonsolomusica","Tempo di lettura stimato":"3 minuti"},"schema":{"@context":"https:\/\/schema.org","@graph":[{"@type":"Article","@id":"https:\/\/www.nonsolomusicamagazine.it\/?p=11712#article","isPartOf":{"@id":"https:\/\/www.nonsolomusicamagazine.it\/?p=11712"},"author":{"name":"nonsolomusica","@id":"https:\/\/www.nonsolomusicamagazine.it\/#\/schema\/person\/a3349ad02300d046472d46cf6d31ae46"},"headline":"Le parole di Tito sul terrorismo palestinese dopo i fatti di Monaco di Baviera nel 1972.","datePublished":"2025-09-08T12:03:38+00:00","dateModified":"2025-09-08T12:03:40+00:00","mainEntityOfPage":{"@id":"https:\/\/www.nonsolomusicamagazine.it\/?p=11712"},"wordCount":380,"commentCount":0,"image":{"@id":"https:\/\/www.nonsolomusicamagazine.it\/?p=11712#primaryimage"},"thumbnailUrl":"https:\/\/www.nonsolomusicamagazine.it\/wp-content\/uploads\/2025\/09\/1000080820-1.jpg","keywords":["Monaco di Baviera","Olimpiadi","Palestina","Terrorismo","Tito"],"articleSection":["Politica","Storia"],"inLanguage":"it-IT","potentialAction":[{"@type":"CommentAction","name":"Comment","target":["https:\/\/www.nonsolomusicamagazine.it\/?p=11712#respond"]}]},{"@type":"WebPage","@id":"https:\/\/www.nonsolomusicamagazine.it\/?p=11712","url":"https:\/\/www.nonsolomusicamagazine.it\/?p=11712","name":"Le parole di Tito sul terrorismo palestinese dopo i fatti di Monaco di Baviera nel 1972. - NonSoloMusicaMagazine","isPartOf":{"@id":"https:\/\/www.nonsolomusicamagazine.it\/#website"},"primaryImageOfPage":{"@id":"https:\/\/www.nonsolomusicamagazine.it\/?p=11712#primaryimage"},"image":{"@id":"https:\/\/www.nonsolomusicamagazine.it\/?p=11712#primaryimage"},"thumbnailUrl":"https:\/\/www.nonsolomusicamagazine.it\/wp-content\/uploads\/2025\/09\/1000080820-1.jpg","datePublished":"2025-09-08T12:03:38+00:00","dateModified":"2025-09-08T12:03:40+00:00","author":{"@id":"https:\/\/www.nonsolomusicamagazine.it\/#\/schema\/person\/a3349ad02300d046472d46cf6d31ae46"},"description":"Tito terrorismo","breadcrumb":{"@id":"https:\/\/www.nonsolomusicamagazine.it\/?p=11712#breadcrumb"},"inLanguage":"it-IT","potentialAction":[{"@type":"ReadAction","target":["https:\/\/www.nonsolomusicamagazine.it\/?p=11712"]}]},{"@type":"ImageObject","inLanguage":"it-IT","@id":"https:\/\/www.nonsolomusicamagazine.it\/?p=11712#primaryimage","url":"https:\/\/www.nonsolomusicamagazine.it\/wp-content\/uploads\/2025\/09\/1000080820-1.jpg","contentUrl":"https:\/\/www.nonsolomusicamagazine.it\/wp-content\/uploads\/2025\/09\/1000080820-1.jpg","width":854,"height":437},{"@type":"BreadcrumbList","@id":"https:\/\/www.nonsolomusicamagazine.it\/?p=11712#breadcrumb","itemListElement":[{"@type":"ListItem","position":1,"name":"Home","item":"https:\/\/www.nonsolomusicamagazine.it\/"},{"@type":"ListItem","position":2,"name":"Le parole di Tito sul terrorismo palestinese dopo i fatti di Monaco di Baviera nel 1972."}]},{"@type":"WebSite","@id":"https:\/\/www.nonsolomusicamagazine.it\/#website","url":"https:\/\/www.nonsolomusicamagazine.it\/","name":"Nonsolomusicamagazine","description":"Dir. responsabile Manuel M Buccarella","potentialAction":[{"@type":"SearchAction","target":{"@type":"EntryPoint","urlTemplate":"https:\/\/www.nonsolomusicamagazine.it\/?s={search_term_string}"},"query-input":{"@type":"PropertyValueSpecification","valueRequired":true,"valueName":"search_term_string"}}],"inLanguage":"it-IT"},{"@type":"Person","@id":"https:\/\/www.nonsolomusicamagazine.it\/#\/schema\/person\/a3349ad02300d046472d46cf6d31ae46","name":"nonsolomusica","image":{"@type":"ImageObject","inLanguage":"it-IT","@id":"https:\/\/www.nonsolomusicamagazine.it\/wp-content\/litespeed\/avatar\/3a675484bc84db6aba78d43bfc8b7197.jpg?ver=1776880798","url":"https:\/\/www.nonsolomusicamagazine.it\/wp-content\/litespeed\/avatar\/3a675484bc84db6aba78d43bfc8b7197.jpg?ver=1776880798","contentUrl":"https:\/\/www.nonsolomusicamagazine.it\/wp-content\/litespeed\/avatar\/3a675484bc84db6aba78d43bfc8b7197.jpg?ver=1776880798","caption":"nonsolomusica"},"sameAs":["https:\/\/www.nonsolomusicamagazine.it"],"url":"https:\/\/www.nonsolomusicamagazine.it\/?author=1"}]}},"amp_enabled":true,"_links":{"self":[{"href":"https:\/\/www.nonsolomusicamagazine.it\/index.php?rest_route=\/wp\/v2\/posts\/11712","targetHints":{"allow":["GET"]}}],"collection":[{"href":"https:\/\/www.nonsolomusicamagazine.it\/index.php?rest_route=\/wp\/v2\/posts"}],"about":[{"href":"https:\/\/www.nonsolomusicamagazine.it\/index.php?rest_route=\/wp\/v2\/types\/post"}],"author":[{"embeddable":true,"href":"https:\/\/www.nonsolomusicamagazine.it\/index.php?rest_route=\/wp\/v2\/users\/1"}],"replies":[{"embeddable":true,"href":"https:\/\/www.nonsolomusicamagazine.it\/index.php?rest_route=%2Fwp%2Fv2%2Fcomments&post=11712"}],"version-history":[{"count":0,"href":"https:\/\/www.nonsolomusicamagazine.it\/index.php?rest_route=\/wp\/v2\/posts\/11712\/revisions"}],"wp:featuredmedia":[{"embeddable":true,"href":"https:\/\/www.nonsolomusicamagazine.it\/index.php?rest_route=\/wp\/v2\/media\/11713"}],"wp:attachment":[{"href":"https:\/\/www.nonsolomusicamagazine.it\/index.php?rest_route=%2Fwp%2Fv2%2Fmedia&parent=11712"}],"wp:term":[{"taxonomy":"category","embeddable":true,"href":"https:\/\/www.nonsolomusicamagazine.it\/index.php?rest_route=%2Fwp%2Fv2%2Fcategories&post=11712"},{"taxonomy":"post_tag","embeddable":true,"href":"https:\/\/www.nonsolomusicamagazine.it\/index.php?rest_route=%2Fwp%2Fv2%2Ftags&post=11712"}],"curies":[{"name":"wp","href":"https:\/\/api.w.org\/{rel}","templated":true}]}}