{"id":11761,"date":"2025-09-10T10:09:52","date_gmt":"2025-09-10T08:09:52","guid":{"rendered":"https:\/\/www.nonsolomusicamagazine.it\/?p=11761"},"modified":"2025-09-10T10:09:53","modified_gmt":"2025-09-10T08:09:53","slug":"israele-stato-terrorista","status":"publish","type":"post","link":"https:\/\/www.nonsolomusicamagazine.it\/?p=11761","title":{"rendered":"ISRAELE STATO TERRORISTA"},"content":{"rendered":"\n<p class=\"has-text-align-center\"><strong>Lavinia Marchetti <\/strong><\/p>\n\n\n\n<p>Quindi, ricapitolando, abbiamo:- Iran- Gaza- Libano- Yemen &#8211; Siria- Iraq &#8211; Cisgiordania.<\/p>\n\n\n\n<p>Adesso si aggiunge il Qatar (Doha) e bombardamenti anche sulla Global Sumud Flotilla (ergo Tunisia). A livello storico uno Stato Terroristico cos\u00ec aggressivo non si era mai visto. Possono agire impunemente in mezzo mondo senza mai pagare dazio. L&#8217;escalation \u00e8 davanti agli occhi di tutti. Ovviamente Trump autorizza. Ci mancherebbe. Premio Nobel per la pace in vista: &#8220;La guerra \u00e8 pace&#8221;, &#8220;La libert\u00e0 \u00e8 schiavit\u00f9&#8221;, &#8220;L&#8217;ignoranza \u00e8 forza&#8221;.<\/p>\n\n\n\n<p>Quindi si aggiungono bombardamenti in violazione di ogni legge internazionale vigente a un altro stato sovrano. Le dichiarazioni del ministro delle Finanze israeliano, Bezalel Smotrich, ci danno l&#8217;idea del terrorismo proprio da definizione, da vocabolario, ha commentato sui social: &#8220;I terroristi non hanno e non avranno immunit\u00e0  dalla lunga mano di Israele in nessun luogo del mondo. Abbiamo preso una decisione giusta e un&#8217;esecuzione perfetta da parte dell&#8217;Idf e dello Shin Bet&#8221;. Tutto perfetto. Tutto bene. Andiamo avanti cos\u00ec.<\/p>\n\n\n\n<figure class=\"wp-block-image size-full\"><img decoding=\"async\" width=\"487\" height=\"547\" src=\"https:\/\/www.nonsolomusicamagazine.it\/wp-content\/uploads\/2025\/09\/1000081120.jpg\" alt=\"\" class=\"wp-image-11762\" srcset=\"https:\/\/www.nonsolomusicamagazine.it\/wp-content\/uploads\/2025\/09\/1000081120.jpg 487w, https:\/\/www.nonsolomusicamagazine.it\/wp-content\/uploads\/2025\/09\/1000081120-267x300.jpg 267w\" sizes=\"(max-width: 487px) 100vw, 487px\" \/><\/figure>\n","protected":false},"excerpt":{"rendered":"<p>Lavinia Marchetti Quindi, ricapitolando, abbiamo:- Iran- Gaza- Libano- Yemen &#8211; Siria- Iraq &#8211; Cisgiordania. Adesso si aggiunge il Qatar (Doha) e bombardamenti anche sulla Global Sumud Flotilla (ergo Tunisia). A livello storico uno Stato Terroristico cos\u00ec aggressivo non si era mai visto. Possono agire impunemente in mezzo mondo senza mai pagare dazio. L&#8217;escalation \u00e8 davanti [&hellip;]<\/p>\n","protected":false},"author":1,"featured_media":11762,"comment_status":"open","ping_status":"closed","sticky":false,"template":"","format":"standard","meta":{"footnotes":""},"categories":[6,5],"tags":[3375,2404,216,629,2831],"class_list":["post-11761","post","type-post","status-publish","format-standard","has-post-thumbnail","hentry","category-esteri","category-politica","tag-attacchi","tag-doha","tag-israele","tag-qatar","tag-terrorismo"],"yoast_head":"<!-- This site is optimized with the Yoast SEO plugin v27.4 - https:\/\/yoast.com\/product\/yoast-seo-wordpress\/ -->\n<title>ISRAELE STATO TERRORISTA - NonSoloMusicaMagazine<\/title>\n<meta name=\"description\" content=\"Israele\" \/>\n<meta name=\"robots\" content=\"index, follow, max-snippet:-1, max-image-preview:large, max-video-preview:-1\" \/>\n<link rel=\"canonical\" href=\"https:\/\/www.nonsolomusicamagazine.it\/?p=11761\" \/>\n<meta property=\"og:locale\" content=\"it_IT\" \/>\n<meta property=\"og:type\" content=\"article\" \/>\n<meta property=\"og:title\" content=\"ISRAELE STATO TERRORISTA - NonSoloMusicaMagazine\" \/>\n<meta property=\"og:description\" content=\"Israele\" \/>\n<meta property=\"og:url\" content=\"https:\/\/www.nonsolomusicamagazine.it\/?p=11761\" \/>\n<meta property=\"og:site_name\" content=\"NonSoloMusicaMagazine\" \/>\n<meta property=\"article:published_time\" content=\"2025-09-10T08:09:52+00:00\" \/>\n<meta property=\"article:modified_time\" content=\"2025-09-10T08:09:53+00:00\" \/>\n<meta property=\"og:image\" content=\"https:\/\/www.nonsolomusicamagazine.it\/wp-content\/uploads\/2025\/09\/1000081120.jpg\" \/>\n\t<meta property=\"og:image:width\" content=\"487\" \/>\n\t<meta property=\"og:image:height\" content=\"547\" \/>\n\t<meta property=\"og:image:type\" content=\"image\/jpeg\" \/>\n<meta name=\"author\" content=\"nonsolomusica\" \/>\n<meta name=\"twitter:card\" content=\"summary_large_image\" \/>\n<meta name=\"twitter:label1\" content=\"Scritto da\" \/>\n\t<meta name=\"twitter:data1\" content=\"nonsolomusica\" \/>\n\t<meta name=\"twitter:label2\" content=\"Tempo di lettura stimato\" \/>\n\t<meta name=\"twitter:data2\" content=\"2 minuti\" \/>\n<script type=\"application\/ld+json\" class=\"yoast-schema-graph\">{\"@context\":\"https:\\\/\\\/schema.org\",\"@graph\":[{\"@type\":\"Article\",\"@id\":\"https:\\\/\\\/www.nonsolomusicamagazine.it\\\/?p=11761#article\",\"isPartOf\":{\"@id\":\"https:\\\/\\\/www.nonsolomusicamagazine.it\\\/?p=11761\"},\"author\":{\"name\":\"nonsolomusica\",\"@id\":\"https:\\\/\\\/www.nonsolomusicamagazine.it\\\/#\\\/schema\\\/person\\\/a3349ad02300d046472d46cf6d31ae46\"},\"headline\":\"ISRAELE STATO TERRORISTA\",\"datePublished\":\"2025-09-10T08:09:52+00:00\",\"dateModified\":\"2025-09-10T08:09:53+00:00\",\"mainEntityOfPage\":{\"@id\":\"https:\\\/\\\/www.nonsolomusicamagazine.it\\\/?p=11761\"},\"wordCount\":166,\"commentCount\":0,\"image\":{\"@id\":\"https:\\\/\\\/www.nonsolomusicamagazine.it\\\/?p=11761#primaryimage\"},\"thumbnailUrl\":\"https:\\\/\\\/www.nonsolomusicamagazine.it\\\/wp-content\\\/uploads\\\/2025\\\/09\\\/1000081120.jpg\",\"keywords\":[\"Attacchi\",\"Doha\",\"Israele\",\"Qatar\",\"Terrorismo\"],\"articleSection\":[\"Esteri\",\"Politica\"],\"inLanguage\":\"it-IT\",\"potentialAction\":[{\"@type\":\"CommentAction\",\"name\":\"Comment\",\"target\":[\"https:\\\/\\\/www.nonsolomusicamagazine.it\\\/?p=11761#respond\"]}]},{\"@type\":\"WebPage\",\"@id\":\"https:\\\/\\\/www.nonsolomusicamagazine.it\\\/?p=11761\",\"url\":\"https:\\\/\\\/www.nonsolomusicamagazine.it\\\/?p=11761\",\"name\":\"ISRAELE STATO TERRORISTA - NonSoloMusicaMagazine\",\"isPartOf\":{\"@id\":\"https:\\\/\\\/www.nonsolomusicamagazine.it\\\/#website\"},\"primaryImageOfPage\":{\"@id\":\"https:\\\/\\\/www.nonsolomusicamagazine.it\\\/?p=11761#primaryimage\"},\"image\":{\"@id\":\"https:\\\/\\\/www.nonsolomusicamagazine.it\\\/?p=11761#primaryimage\"},\"thumbnailUrl\":\"https:\\\/\\\/www.nonsolomusicamagazine.it\\\/wp-content\\\/uploads\\\/2025\\\/09\\\/1000081120.jpg\",\"datePublished\":\"2025-09-10T08:09:52+00:00\",\"dateModified\":\"2025-09-10T08:09:53+00:00\",\"author\":{\"@id\":\"https:\\\/\\\/www.nonsolomusicamagazine.it\\\/#\\\/schema\\\/person\\\/a3349ad02300d046472d46cf6d31ae46\"},\"description\":\"Israele\",\"breadcrumb\":{\"@id\":\"https:\\\/\\\/www.nonsolomusicamagazine.it\\\/?p=11761#breadcrumb\"},\"inLanguage\":\"it-IT\",\"potentialAction\":[{\"@type\":\"ReadAction\",\"target\":[\"https:\\\/\\\/www.nonsolomusicamagazine.it\\\/?p=11761\"]}]},{\"@type\":\"ImageObject\",\"inLanguage\":\"it-IT\",\"@id\":\"https:\\\/\\\/www.nonsolomusicamagazine.it\\\/?p=11761#primaryimage\",\"url\":\"https:\\\/\\\/www.nonsolomusicamagazine.it\\\/wp-content\\\/uploads\\\/2025\\\/09\\\/1000081120.jpg\",\"contentUrl\":\"https:\\\/\\\/www.nonsolomusicamagazine.it\\\/wp-content\\\/uploads\\\/2025\\\/09\\\/1000081120.jpg\",\"width\":487,\"height\":547},{\"@type\":\"BreadcrumbList\",\"@id\":\"https:\\\/\\\/www.nonsolomusicamagazine.it\\\/?p=11761#breadcrumb\",\"itemListElement\":[{\"@type\":\"ListItem\",\"position\":1,\"name\":\"Home\",\"item\":\"https:\\\/\\\/www.nonsolomusicamagazine.it\\\/\"},{\"@type\":\"ListItem\",\"position\":2,\"name\":\"ISRAELE STATO TERRORISTA\"}]},{\"@type\":\"WebSite\",\"@id\":\"https:\\\/\\\/www.nonsolomusicamagazine.it\\\/#website\",\"url\":\"https:\\\/\\\/www.nonsolomusicamagazine.it\\\/\",\"name\":\"Nonsolomusicamagazine\",\"description\":\"Dir. responsabile Manuel M Buccarella\",\"potentialAction\":[{\"@type\":\"SearchAction\",\"target\":{\"@type\":\"EntryPoint\",\"urlTemplate\":\"https:\\\/\\\/www.nonsolomusicamagazine.it\\\/?s={search_term_string}\"},\"query-input\":{\"@type\":\"PropertyValueSpecification\",\"valueRequired\":true,\"valueName\":\"search_term_string\"}}],\"inLanguage\":\"it-IT\"},{\"@type\":\"Person\",\"@id\":\"https:\\\/\\\/www.nonsolomusicamagazine.it\\\/#\\\/schema\\\/person\\\/a3349ad02300d046472d46cf6d31ae46\",\"name\":\"nonsolomusica\",\"image\":{\"@type\":\"ImageObject\",\"inLanguage\":\"it-IT\",\"@id\":\"https:\\\/\\\/www.nonsolomusicamagazine.it\\\/wp-content\\\/litespeed\\\/avatar\\\/3a675484bc84db6aba78d43bfc8b7197.jpg?ver=1776880798\",\"url\":\"https:\\\/\\\/www.nonsolomusicamagazine.it\\\/wp-content\\\/litespeed\\\/avatar\\\/3a675484bc84db6aba78d43bfc8b7197.jpg?ver=1776880798\",\"contentUrl\":\"https:\\\/\\\/www.nonsolomusicamagazine.it\\\/wp-content\\\/litespeed\\\/avatar\\\/3a675484bc84db6aba78d43bfc8b7197.jpg?ver=1776880798\",\"caption\":\"nonsolomusica\"},\"sameAs\":[\"https:\\\/\\\/www.nonsolomusicamagazine.it\"],\"url\":\"https:\\\/\\\/www.nonsolomusicamagazine.it\\\/?author=1\"}]}<\/script>\n<!-- \/ Yoast SEO plugin. -->","yoast_head_json":{"title":"ISRAELE STATO TERRORISTA - NonSoloMusicaMagazine","description":"Israele","robots":{"index":"index","follow":"follow","max-snippet":"max-snippet:-1","max-image-preview":"max-image-preview:large","max-video-preview":"max-video-preview:-1"},"canonical":"https:\/\/www.nonsolomusicamagazine.it\/?p=11761","og_locale":"it_IT","og_type":"article","og_title":"ISRAELE STATO TERRORISTA - NonSoloMusicaMagazine","og_description":"Israele","og_url":"https:\/\/www.nonsolomusicamagazine.it\/?p=11761","og_site_name":"NonSoloMusicaMagazine","article_published_time":"2025-09-10T08:09:52+00:00","article_modified_time":"2025-09-10T08:09:53+00:00","og_image":[{"width":487,"height":547,"url":"https:\/\/www.nonsolomusicamagazine.it\/wp-content\/uploads\/2025\/09\/1000081120.jpg","type":"image\/jpeg"}],"author":"nonsolomusica","twitter_card":"summary_large_image","twitter_misc":{"Scritto da":"nonsolomusica","Tempo di lettura stimato":"2 minuti"},"schema":{"@context":"https:\/\/schema.org","@graph":[{"@type":"Article","@id":"https:\/\/www.nonsolomusicamagazine.it\/?p=11761#article","isPartOf":{"@id":"https:\/\/www.nonsolomusicamagazine.it\/?p=11761"},"author":{"name":"nonsolomusica","@id":"https:\/\/www.nonsolomusicamagazine.it\/#\/schema\/person\/a3349ad02300d046472d46cf6d31ae46"},"headline":"ISRAELE STATO TERRORISTA","datePublished":"2025-09-10T08:09:52+00:00","dateModified":"2025-09-10T08:09:53+00:00","mainEntityOfPage":{"@id":"https:\/\/www.nonsolomusicamagazine.it\/?p=11761"},"wordCount":166,"commentCount":0,"image":{"@id":"https:\/\/www.nonsolomusicamagazine.it\/?p=11761#primaryimage"},"thumbnailUrl":"https:\/\/www.nonsolomusicamagazine.it\/wp-content\/uploads\/2025\/09\/1000081120.jpg","keywords":["Attacchi","Doha","Israele","Qatar","Terrorismo"],"articleSection":["Esteri","Politica"],"inLanguage":"it-IT","potentialAction":[{"@type":"CommentAction","name":"Comment","target":["https:\/\/www.nonsolomusicamagazine.it\/?p=11761#respond"]}]},{"@type":"WebPage","@id":"https:\/\/www.nonsolomusicamagazine.it\/?p=11761","url":"https:\/\/www.nonsolomusicamagazine.it\/?p=11761","name":"ISRAELE STATO TERRORISTA - NonSoloMusicaMagazine","isPartOf":{"@id":"https:\/\/www.nonsolomusicamagazine.it\/#website"},"primaryImageOfPage":{"@id":"https:\/\/www.nonsolomusicamagazine.it\/?p=11761#primaryimage"},"image":{"@id":"https:\/\/www.nonsolomusicamagazine.it\/?p=11761#primaryimage"},"thumbnailUrl":"https:\/\/www.nonsolomusicamagazine.it\/wp-content\/uploads\/2025\/09\/1000081120.jpg","datePublished":"2025-09-10T08:09:52+00:00","dateModified":"2025-09-10T08:09:53+00:00","author":{"@id":"https:\/\/www.nonsolomusicamagazine.it\/#\/schema\/person\/a3349ad02300d046472d46cf6d31ae46"},"description":"Israele","breadcrumb":{"@id":"https:\/\/www.nonsolomusicamagazine.it\/?p=11761#breadcrumb"},"inLanguage":"it-IT","potentialAction":[{"@type":"ReadAction","target":["https:\/\/www.nonsolomusicamagazine.it\/?p=11761"]}]},{"@type":"ImageObject","inLanguage":"it-IT","@id":"https:\/\/www.nonsolomusicamagazine.it\/?p=11761#primaryimage","url":"https:\/\/www.nonsolomusicamagazine.it\/wp-content\/uploads\/2025\/09\/1000081120.jpg","contentUrl":"https:\/\/www.nonsolomusicamagazine.it\/wp-content\/uploads\/2025\/09\/1000081120.jpg","width":487,"height":547},{"@type":"BreadcrumbList","@id":"https:\/\/www.nonsolomusicamagazine.it\/?p=11761#breadcrumb","itemListElement":[{"@type":"ListItem","position":1,"name":"Home","item":"https:\/\/www.nonsolomusicamagazine.it\/"},{"@type":"ListItem","position":2,"name":"ISRAELE STATO TERRORISTA"}]},{"@type":"WebSite","@id":"https:\/\/www.nonsolomusicamagazine.it\/#website","url":"https:\/\/www.nonsolomusicamagazine.it\/","name":"Nonsolomusicamagazine","description":"Dir. responsabile Manuel M Buccarella","potentialAction":[{"@type":"SearchAction","target":{"@type":"EntryPoint","urlTemplate":"https:\/\/www.nonsolomusicamagazine.it\/?s={search_term_string}"},"query-input":{"@type":"PropertyValueSpecification","valueRequired":true,"valueName":"search_term_string"}}],"inLanguage":"it-IT"},{"@type":"Person","@id":"https:\/\/www.nonsolomusicamagazine.it\/#\/schema\/person\/a3349ad02300d046472d46cf6d31ae46","name":"nonsolomusica","image":{"@type":"ImageObject","inLanguage":"it-IT","@id":"https:\/\/www.nonsolomusicamagazine.it\/wp-content\/litespeed\/avatar\/3a675484bc84db6aba78d43bfc8b7197.jpg?ver=1776880798","url":"https:\/\/www.nonsolomusicamagazine.it\/wp-content\/litespeed\/avatar\/3a675484bc84db6aba78d43bfc8b7197.jpg?ver=1776880798","contentUrl":"https:\/\/www.nonsolomusicamagazine.it\/wp-content\/litespeed\/avatar\/3a675484bc84db6aba78d43bfc8b7197.jpg?ver=1776880798","caption":"nonsolomusica"},"sameAs":["https:\/\/www.nonsolomusicamagazine.it"],"url":"https:\/\/www.nonsolomusicamagazine.it\/?author=1"}]}},"amp_enabled":true,"_links":{"self":[{"href":"https:\/\/www.nonsolomusicamagazine.it\/index.php?rest_route=\/wp\/v2\/posts\/11761","targetHints":{"allow":["GET"]}}],"collection":[{"href":"https:\/\/www.nonsolomusicamagazine.it\/index.php?rest_route=\/wp\/v2\/posts"}],"about":[{"href":"https:\/\/www.nonsolomusicamagazine.it\/index.php?rest_route=\/wp\/v2\/types\/post"}],"author":[{"embeddable":true,"href":"https:\/\/www.nonsolomusicamagazine.it\/index.php?rest_route=\/wp\/v2\/users\/1"}],"replies":[{"embeddable":true,"href":"https:\/\/www.nonsolomusicamagazine.it\/index.php?rest_route=%2Fwp%2Fv2%2Fcomments&post=11761"}],"version-history":[{"count":0,"href":"https:\/\/www.nonsolomusicamagazine.it\/index.php?rest_route=\/wp\/v2\/posts\/11761\/revisions"}],"wp:featuredmedia":[{"embeddable":true,"href":"https:\/\/www.nonsolomusicamagazine.it\/index.php?rest_route=\/wp\/v2\/media\/11762"}],"wp:attachment":[{"href":"https:\/\/www.nonsolomusicamagazine.it\/index.php?rest_route=%2Fwp%2Fv2%2Fmedia&parent=11761"}],"wp:term":[{"taxonomy":"category","embeddable":true,"href":"https:\/\/www.nonsolomusicamagazine.it\/index.php?rest_route=%2Fwp%2Fv2%2Fcategories&post=11761"},{"taxonomy":"post_tag","embeddable":true,"href":"https:\/\/www.nonsolomusicamagazine.it\/index.php?rest_route=%2Fwp%2Fv2%2Ftags&post=11761"}],"curies":[{"name":"wp","href":"https:\/\/api.w.org\/{rel}","templated":true}]}}