{"id":11806,"date":"2025-09-12T11:38:33","date_gmt":"2025-09-12T09:38:33","guid":{"rendered":"https:\/\/www.nonsolomusicamagazine.it\/?p=11806"},"modified":"2025-09-12T11:38:34","modified_gmt":"2025-09-12T09:38:34","slug":"kirk-e-l-internazionale-nera","status":"publish","type":"post","link":"https:\/\/www.nonsolomusicamagazine.it\/?p=11806","title":{"rendered":"KIRK E L\u2019 INTERNAZIONALE NERA"},"content":{"rendered":"\n<p class=\"has-text-align-center\"><strong>Alfredo Facchini<\/strong><\/p>\n\n\n\n<p>Donald Trump ha parlato subito dopo l\u2019assassinio di Charlie Kirk: \u00abNon si pu\u00f2 sostituire Charlie, era unico. La colpa va al radical left.\u00bb<\/p>\n\n\n\n<p>Il copione \u00e8 sempre lo stesso: non un presidente che cerca di ricucire, ma un capopopolo che soffia sul fuoco. Vittimismo elevato a sistema, che diventa il carburante di tutta la macchina propagandistica.Poi arriva Benjamin Netanyahu, che in un\u2019intervista a Fox News paragona Kirk al fratello Yoni, caduto a Entebbe: \u00abCharlie era un eroe delle nostre radici e della nostra cultura condivise. Penso a mio fratello per tutta la vita e penser\u00f2 a Charlie per tutta la vita.\u00bb E rincara: \u00abGli islamisti radicali e gli ultra-progressisti, stanno usando la violenza per abbattere i loro nemici.\u00bb<\/p>\n\n\n\n<p>E in Italia, Giorgia Meloni non poteva mancare al coro. Scrive su Fb: \u00abQuesti sono i sedicenti antifascisti. Questo \u00e8 il clima, ormai, anche in Italia. Nessuno dir\u00e0 nulla, e allora lo faccio io. Non ci facciamo intimidire.\u00bbAnche qui la tecnica \u00e8 identica: presentarsi come bersaglio, denunciare un clima d\u2019odio mentre si governa con manganelli e decreti liberticidi. Una foto ribaltata e un numero rosso diventano l\u2019occasione per recitare la parte della perseguitata.<\/p>\n\n\n\n<p>Ma chi \u00e8  Charlie Kirk, il nuovo santo dell\u2019 internazionale nera. Le sue frasi parlano da sole: il \u201cprivilegio bianco\u201d \u00e8 per lui una \u201cbugia razzista\u201d. George Floyd? Una \u201cfeccia\u201d. Martin Luther King? \u201cUn uomo orribile\u201d. Il Civil Rights Act del 1964? \u201cUn enorme errore.\u201d <\/p>\n\n\n\n<p>E, come ciliegina ideologica, la dichiarazione che lo lega a doppio filo con Netanyahu: \u00abSono molto filo-israeliano, sono un cristiano evangelico, un conservatore, un sostenitore di Trump, un repubblicano, e per tutta la mia vita ho difeso Israele.\u00bb<\/p>\n\n\n\n<p>Questa \u00e8 la materia grezza con cui si costruisce l\u2019eroe: razzismo, revisionismo storico, filo-sionismo militante. Veleno ideologico.Trump, Netanyahu, Meloni, Kirk: quattro voci, un\u2019unica partitura. La retorica del nemico interno, il culto della vittima, la manipolazione costante della realt\u00e0. Si fingono assediati mentre esercitano potere, si proclamano perseguitati mentre perseguitano, si ergono a difensori della civilt\u00e0 mentre ne corrodono le basi.Gente pericolosa. Ma altrettanto pericolosi sono quelli che, qui da noi, affermano che \u201cha stufato questo antifascismo senza fascismo\u201d: sono gli utili idioti che spianano la strada al ritorno del peggio del peggio. Perch\u00e9 la Meloni non \u00e8 fascista. \u00c8 fascistissima.<\/p>\n\n\n\n<figure class=\"wp-block-image size-large\"><img decoding=\"async\" width=\"758\" height=\"1024\" src=\"https:\/\/www.nonsolomusicamagazine.it\/wp-content\/uploads\/2025\/09\/1000081553-758x1024.jpg\" alt=\"\" class=\"wp-image-11807\" srcset=\"https:\/\/www.nonsolomusicamagazine.it\/wp-content\/uploads\/2025\/09\/1000081553-758x1024.jpg 758w, https:\/\/www.nonsolomusicamagazine.it\/wp-content\/uploads\/2025\/09\/1000081553-222x300.jpg 222w, https:\/\/www.nonsolomusicamagazine.it\/wp-content\/uploads\/2025\/09\/1000081553-768x1037.jpg 768w, https:\/\/www.nonsolomusicamagazine.it\/wp-content\/uploads\/2025\/09\/1000081553.jpg 1125w\" sizes=\"(max-width: 758px) 100vw, 758px\" \/><\/figure>\n","protected":false},"excerpt":{"rendered":"<p>Alfredo Facchini Donald Trump ha parlato subito dopo l\u2019assassinio di Charlie Kirk: \u00abNon si pu\u00f2 sostituire Charlie, era unico. La colpa va al radical left.\u00bb Il copione \u00e8 sempre lo stesso: non un presidente che cerca di ricucire, ma un capopopolo che soffia sul fuoco. Vittimismo elevato a sistema, che diventa il carburante di tutta [&hellip;]<\/p>\n","protected":false},"author":1,"featured_media":11807,"comment_status":"open","ping_status":"closed","sticky":false,"template":"","format":"standard","meta":{"footnotes":""},"categories":[5],"tags":[4725,4691,4671,2586,1077,753,1298,38],"class_list":["post-11806","post","type-post","status-publish","format-standard","has-post-thumbnail","hentry","category-politica","tag-charlie-kirk","tag-donald-trump","tag-estrema-destra","tag-fascismo","tag-meloni","tag-netanyahu","tag-omicidio","tag-usa"],"yoast_head":"<!-- This site is optimized with the Yoast SEO plugin v27.4 - https:\/\/yoast.com\/product\/yoast-seo-wordpress\/ -->\n<title>KIRK E L\u2019 INTERNAZIONALE NERA - NonSoloMusicaMagazine<\/title>\n<meta name=\"description\" content=\"KIRK E L\u2019 INTERNAZIONALE NERA\" \/>\n<meta name=\"robots\" content=\"index, follow, max-snippet:-1, max-image-preview:large, max-video-preview:-1\" \/>\n<link rel=\"canonical\" href=\"https:\/\/www.nonsolomusicamagazine.it\/?p=11806\" \/>\n<meta property=\"og:locale\" content=\"it_IT\" \/>\n<meta property=\"og:type\" content=\"article\" \/>\n<meta property=\"og:title\" content=\"KIRK E L\u2019 INTERNAZIONALE NERA - NonSoloMusicaMagazine\" \/>\n<meta property=\"og:description\" content=\"KIRK E L\u2019 INTERNAZIONALE NERA\" \/>\n<meta property=\"og:url\" content=\"https:\/\/www.nonsolomusicamagazine.it\/?p=11806\" \/>\n<meta property=\"og:site_name\" content=\"NonSoloMusicaMagazine\" \/>\n<meta property=\"article:published_time\" content=\"2025-09-12T09:38:33+00:00\" \/>\n<meta property=\"article:modified_time\" content=\"2025-09-12T09:38:34+00:00\" \/>\n<meta property=\"og:image\" content=\"https:\/\/www.nonsolomusicamagazine.it\/wp-content\/uploads\/2025\/09\/1000081553.jpg\" \/>\n\t<meta property=\"og:image:width\" content=\"1125\" \/>\n\t<meta property=\"og:image:height\" content=\"1519\" \/>\n\t<meta property=\"og:image:type\" content=\"image\/jpeg\" \/>\n<meta name=\"author\" content=\"nonsolomusica\" \/>\n<meta name=\"twitter:card\" content=\"summary_large_image\" \/>\n<meta name=\"twitter:label1\" content=\"Scritto da\" \/>\n\t<meta name=\"twitter:data1\" content=\"nonsolomusica\" \/>\n\t<meta name=\"twitter:label2\" content=\"Tempo di lettura stimato\" \/>\n\t<meta name=\"twitter:data2\" content=\"3 minuti\" \/>\n<script type=\"application\/ld+json\" class=\"yoast-schema-graph\">{\"@context\":\"https:\\\/\\\/schema.org\",\"@graph\":[{\"@type\":\"Article\",\"@id\":\"https:\\\/\\\/www.nonsolomusicamagazine.it\\\/?p=11806#article\",\"isPartOf\":{\"@id\":\"https:\\\/\\\/www.nonsolomusicamagazine.it\\\/?p=11806\"},\"author\":{\"name\":\"nonsolomusica\",\"@id\":\"https:\\\/\\\/www.nonsolomusicamagazine.it\\\/#\\\/schema\\\/person\\\/a3349ad02300d046472d46cf6d31ae46\"},\"headline\":\"KIRK E L\u2019 INTERNAZIONALE NERA\",\"datePublished\":\"2025-09-12T09:38:33+00:00\",\"dateModified\":\"2025-09-12T09:38:34+00:00\",\"mainEntityOfPage\":{\"@id\":\"https:\\\/\\\/www.nonsolomusicamagazine.it\\\/?p=11806\"},\"wordCount\":382,\"commentCount\":0,\"image\":{\"@id\":\"https:\\\/\\\/www.nonsolomusicamagazine.it\\\/?p=11806#primaryimage\"},\"thumbnailUrl\":\"https:\\\/\\\/www.nonsolomusicamagazine.it\\\/wp-content\\\/uploads\\\/2025\\\/09\\\/1000081553.jpg\",\"keywords\":[\"Charlie Kirk\",\"Donald Trump\",\"Estrema destra\",\"Fascismo\",\"Meloni\",\"Netanyahu\",\"omicidio\",\"Usa\"],\"articleSection\":[\"Politica\"],\"inLanguage\":\"it-IT\",\"potentialAction\":[{\"@type\":\"CommentAction\",\"name\":\"Comment\",\"target\":[\"https:\\\/\\\/www.nonsolomusicamagazine.it\\\/?p=11806#respond\"]}]},{\"@type\":\"WebPage\",\"@id\":\"https:\\\/\\\/www.nonsolomusicamagazine.it\\\/?p=11806\",\"url\":\"https:\\\/\\\/www.nonsolomusicamagazine.it\\\/?p=11806\",\"name\":\"KIRK E L\u2019 INTERNAZIONALE NERA - NonSoloMusicaMagazine\",\"isPartOf\":{\"@id\":\"https:\\\/\\\/www.nonsolomusicamagazine.it\\\/#website\"},\"primaryImageOfPage\":{\"@id\":\"https:\\\/\\\/www.nonsolomusicamagazine.it\\\/?p=11806#primaryimage\"},\"image\":{\"@id\":\"https:\\\/\\\/www.nonsolomusicamagazine.it\\\/?p=11806#primaryimage\"},\"thumbnailUrl\":\"https:\\\/\\\/www.nonsolomusicamagazine.it\\\/wp-content\\\/uploads\\\/2025\\\/09\\\/1000081553.jpg\",\"datePublished\":\"2025-09-12T09:38:33+00:00\",\"dateModified\":\"2025-09-12T09:38:34+00:00\",\"author\":{\"@id\":\"https:\\\/\\\/www.nonsolomusicamagazine.it\\\/#\\\/schema\\\/person\\\/a3349ad02300d046472d46cf6d31ae46\"},\"description\":\"KIRK E L\u2019 INTERNAZIONALE NERA\",\"breadcrumb\":{\"@id\":\"https:\\\/\\\/www.nonsolomusicamagazine.it\\\/?p=11806#breadcrumb\"},\"inLanguage\":\"it-IT\",\"potentialAction\":[{\"@type\":\"ReadAction\",\"target\":[\"https:\\\/\\\/www.nonsolomusicamagazine.it\\\/?p=11806\"]}]},{\"@type\":\"ImageObject\",\"inLanguage\":\"it-IT\",\"@id\":\"https:\\\/\\\/www.nonsolomusicamagazine.it\\\/?p=11806#primaryimage\",\"url\":\"https:\\\/\\\/www.nonsolomusicamagazine.it\\\/wp-content\\\/uploads\\\/2025\\\/09\\\/1000081553.jpg\",\"contentUrl\":\"https:\\\/\\\/www.nonsolomusicamagazine.it\\\/wp-content\\\/uploads\\\/2025\\\/09\\\/1000081553.jpg\",\"width\":1125,\"height\":1519},{\"@type\":\"BreadcrumbList\",\"@id\":\"https:\\\/\\\/www.nonsolomusicamagazine.it\\\/?p=11806#breadcrumb\",\"itemListElement\":[{\"@type\":\"ListItem\",\"position\":1,\"name\":\"Home\",\"item\":\"https:\\\/\\\/www.nonsolomusicamagazine.it\\\/\"},{\"@type\":\"ListItem\",\"position\":2,\"name\":\"KIRK E L\u2019 INTERNAZIONALE NERA\"}]},{\"@type\":\"WebSite\",\"@id\":\"https:\\\/\\\/www.nonsolomusicamagazine.it\\\/#website\",\"url\":\"https:\\\/\\\/www.nonsolomusicamagazine.it\\\/\",\"name\":\"Nonsolomusicamagazine\",\"description\":\"Dir. responsabile Manuel M Buccarella\",\"potentialAction\":[{\"@type\":\"SearchAction\",\"target\":{\"@type\":\"EntryPoint\",\"urlTemplate\":\"https:\\\/\\\/www.nonsolomusicamagazine.it\\\/?s={search_term_string}\"},\"query-input\":{\"@type\":\"PropertyValueSpecification\",\"valueRequired\":true,\"valueName\":\"search_term_string\"}}],\"inLanguage\":\"it-IT\"},{\"@type\":\"Person\",\"@id\":\"https:\\\/\\\/www.nonsolomusicamagazine.it\\\/#\\\/schema\\\/person\\\/a3349ad02300d046472d46cf6d31ae46\",\"name\":\"nonsolomusica\",\"image\":{\"@type\":\"ImageObject\",\"inLanguage\":\"it-IT\",\"@id\":\"https:\\\/\\\/www.nonsolomusicamagazine.it\\\/wp-content\\\/litespeed\\\/avatar\\\/3a675484bc84db6aba78d43bfc8b7197.jpg?ver=1776880798\",\"url\":\"https:\\\/\\\/www.nonsolomusicamagazine.it\\\/wp-content\\\/litespeed\\\/avatar\\\/3a675484bc84db6aba78d43bfc8b7197.jpg?ver=1776880798\",\"contentUrl\":\"https:\\\/\\\/www.nonsolomusicamagazine.it\\\/wp-content\\\/litespeed\\\/avatar\\\/3a675484bc84db6aba78d43bfc8b7197.jpg?ver=1776880798\",\"caption\":\"nonsolomusica\"},\"sameAs\":[\"https:\\\/\\\/www.nonsolomusicamagazine.it\"],\"url\":\"https:\\\/\\\/www.nonsolomusicamagazine.it\\\/?author=1\"}]}<\/script>\n<!-- \/ Yoast SEO plugin. -->","yoast_head_json":{"title":"KIRK E L\u2019 INTERNAZIONALE NERA - NonSoloMusicaMagazine","description":"KIRK E L\u2019 INTERNAZIONALE NERA","robots":{"index":"index","follow":"follow","max-snippet":"max-snippet:-1","max-image-preview":"max-image-preview:large","max-video-preview":"max-video-preview:-1"},"canonical":"https:\/\/www.nonsolomusicamagazine.it\/?p=11806","og_locale":"it_IT","og_type":"article","og_title":"KIRK E L\u2019 INTERNAZIONALE NERA - NonSoloMusicaMagazine","og_description":"KIRK E L\u2019 INTERNAZIONALE NERA","og_url":"https:\/\/www.nonsolomusicamagazine.it\/?p=11806","og_site_name":"NonSoloMusicaMagazine","article_published_time":"2025-09-12T09:38:33+00:00","article_modified_time":"2025-09-12T09:38:34+00:00","og_image":[{"width":1125,"height":1519,"url":"https:\/\/www.nonsolomusicamagazine.it\/wp-content\/uploads\/2025\/09\/1000081553.jpg","type":"image\/jpeg"}],"author":"nonsolomusica","twitter_card":"summary_large_image","twitter_misc":{"Scritto da":"nonsolomusica","Tempo di lettura stimato":"3 minuti"},"schema":{"@context":"https:\/\/schema.org","@graph":[{"@type":"Article","@id":"https:\/\/www.nonsolomusicamagazine.it\/?p=11806#article","isPartOf":{"@id":"https:\/\/www.nonsolomusicamagazine.it\/?p=11806"},"author":{"name":"nonsolomusica","@id":"https:\/\/www.nonsolomusicamagazine.it\/#\/schema\/person\/a3349ad02300d046472d46cf6d31ae46"},"headline":"KIRK E L\u2019 INTERNAZIONALE NERA","datePublished":"2025-09-12T09:38:33+00:00","dateModified":"2025-09-12T09:38:34+00:00","mainEntityOfPage":{"@id":"https:\/\/www.nonsolomusicamagazine.it\/?p=11806"},"wordCount":382,"commentCount":0,"image":{"@id":"https:\/\/www.nonsolomusicamagazine.it\/?p=11806#primaryimage"},"thumbnailUrl":"https:\/\/www.nonsolomusicamagazine.it\/wp-content\/uploads\/2025\/09\/1000081553.jpg","keywords":["Charlie Kirk","Donald Trump","Estrema destra","Fascismo","Meloni","Netanyahu","omicidio","Usa"],"articleSection":["Politica"],"inLanguage":"it-IT","potentialAction":[{"@type":"CommentAction","name":"Comment","target":["https:\/\/www.nonsolomusicamagazine.it\/?p=11806#respond"]}]},{"@type":"WebPage","@id":"https:\/\/www.nonsolomusicamagazine.it\/?p=11806","url":"https:\/\/www.nonsolomusicamagazine.it\/?p=11806","name":"KIRK E L\u2019 INTERNAZIONALE NERA - NonSoloMusicaMagazine","isPartOf":{"@id":"https:\/\/www.nonsolomusicamagazine.it\/#website"},"primaryImageOfPage":{"@id":"https:\/\/www.nonsolomusicamagazine.it\/?p=11806#primaryimage"},"image":{"@id":"https:\/\/www.nonsolomusicamagazine.it\/?p=11806#primaryimage"},"thumbnailUrl":"https:\/\/www.nonsolomusicamagazine.it\/wp-content\/uploads\/2025\/09\/1000081553.jpg","datePublished":"2025-09-12T09:38:33+00:00","dateModified":"2025-09-12T09:38:34+00:00","author":{"@id":"https:\/\/www.nonsolomusicamagazine.it\/#\/schema\/person\/a3349ad02300d046472d46cf6d31ae46"},"description":"KIRK E L\u2019 INTERNAZIONALE NERA","breadcrumb":{"@id":"https:\/\/www.nonsolomusicamagazine.it\/?p=11806#breadcrumb"},"inLanguage":"it-IT","potentialAction":[{"@type":"ReadAction","target":["https:\/\/www.nonsolomusicamagazine.it\/?p=11806"]}]},{"@type":"ImageObject","inLanguage":"it-IT","@id":"https:\/\/www.nonsolomusicamagazine.it\/?p=11806#primaryimage","url":"https:\/\/www.nonsolomusicamagazine.it\/wp-content\/uploads\/2025\/09\/1000081553.jpg","contentUrl":"https:\/\/www.nonsolomusicamagazine.it\/wp-content\/uploads\/2025\/09\/1000081553.jpg","width":1125,"height":1519},{"@type":"BreadcrumbList","@id":"https:\/\/www.nonsolomusicamagazine.it\/?p=11806#breadcrumb","itemListElement":[{"@type":"ListItem","position":1,"name":"Home","item":"https:\/\/www.nonsolomusicamagazine.it\/"},{"@type":"ListItem","position":2,"name":"KIRK E L\u2019 INTERNAZIONALE NERA"}]},{"@type":"WebSite","@id":"https:\/\/www.nonsolomusicamagazine.it\/#website","url":"https:\/\/www.nonsolomusicamagazine.it\/","name":"Nonsolomusicamagazine","description":"Dir. responsabile Manuel M Buccarella","potentialAction":[{"@type":"SearchAction","target":{"@type":"EntryPoint","urlTemplate":"https:\/\/www.nonsolomusicamagazine.it\/?s={search_term_string}"},"query-input":{"@type":"PropertyValueSpecification","valueRequired":true,"valueName":"search_term_string"}}],"inLanguage":"it-IT"},{"@type":"Person","@id":"https:\/\/www.nonsolomusicamagazine.it\/#\/schema\/person\/a3349ad02300d046472d46cf6d31ae46","name":"nonsolomusica","image":{"@type":"ImageObject","inLanguage":"it-IT","@id":"https:\/\/www.nonsolomusicamagazine.it\/wp-content\/litespeed\/avatar\/3a675484bc84db6aba78d43bfc8b7197.jpg?ver=1776880798","url":"https:\/\/www.nonsolomusicamagazine.it\/wp-content\/litespeed\/avatar\/3a675484bc84db6aba78d43bfc8b7197.jpg?ver=1776880798","contentUrl":"https:\/\/www.nonsolomusicamagazine.it\/wp-content\/litespeed\/avatar\/3a675484bc84db6aba78d43bfc8b7197.jpg?ver=1776880798","caption":"nonsolomusica"},"sameAs":["https:\/\/www.nonsolomusicamagazine.it"],"url":"https:\/\/www.nonsolomusicamagazine.it\/?author=1"}]}},"amp_enabled":true,"_links":{"self":[{"href":"https:\/\/www.nonsolomusicamagazine.it\/index.php?rest_route=\/wp\/v2\/posts\/11806","targetHints":{"allow":["GET"]}}],"collection":[{"href":"https:\/\/www.nonsolomusicamagazine.it\/index.php?rest_route=\/wp\/v2\/posts"}],"about":[{"href":"https:\/\/www.nonsolomusicamagazine.it\/index.php?rest_route=\/wp\/v2\/types\/post"}],"author":[{"embeddable":true,"href":"https:\/\/www.nonsolomusicamagazine.it\/index.php?rest_route=\/wp\/v2\/users\/1"}],"replies":[{"embeddable":true,"href":"https:\/\/www.nonsolomusicamagazine.it\/index.php?rest_route=%2Fwp%2Fv2%2Fcomments&post=11806"}],"version-history":[{"count":0,"href":"https:\/\/www.nonsolomusicamagazine.it\/index.php?rest_route=\/wp\/v2\/posts\/11806\/revisions"}],"wp:featuredmedia":[{"embeddable":true,"href":"https:\/\/www.nonsolomusicamagazine.it\/index.php?rest_route=\/wp\/v2\/media\/11807"}],"wp:attachment":[{"href":"https:\/\/www.nonsolomusicamagazine.it\/index.php?rest_route=%2Fwp%2Fv2%2Fmedia&parent=11806"}],"wp:term":[{"taxonomy":"category","embeddable":true,"href":"https:\/\/www.nonsolomusicamagazine.it\/index.php?rest_route=%2Fwp%2Fv2%2Fcategories&post=11806"},{"taxonomy":"post_tag","embeddable":true,"href":"https:\/\/www.nonsolomusicamagazine.it\/index.php?rest_route=%2Fwp%2Fv2%2Ftags&post=11806"}],"curies":[{"name":"wp","href":"https:\/\/api.w.org\/{rel}","templated":true}]}}