{"id":11962,"date":"2025-09-18T10:07:32","date_gmt":"2025-09-18T08:07:32","guid":{"rendered":"https:\/\/www.nonsolomusicamagazine.it\/?p=11962"},"modified":"2025-09-18T10:07:33","modified_gmt":"2025-09-18T08:07:33","slug":"i-volti-visibili-del-male-definisca-bambino","status":"publish","type":"post","link":"https:\/\/www.nonsolomusicamagazine.it\/?p=11962","title":{"rendered":"I VOLTI (VISIBILI) DEL MALE. &#8220;DEFINISCA BAMBINO&#8221;"},"content":{"rendered":"\n<p class=\"has-text-align-center\"><strong>Lavinia Marchetti <\/strong><\/p>\n\n\n\n<p>Carta bianca, 16 settembre. Enzo Iacchetti pronuncia il numero dei bambini caduti a Gaza (20.000, ne ha tolti molti). Eyal Mizrahi, presidente della Federazione Amici d\u2019Israele, replica con il tono di voce fermo di chi crede di pronunciare un&#8217;ovviet\u00e0: \u00abDefinisca bambini\u00bb.<\/p>\n\n\n\n<p>Un attimo di incredulit\u00e0 che interrompe il fiato. Sospensione della piet\u00e0. Ecco contro chi stiamo lottando. Lo ricordate l&#8217;ambasciatore Dror Eydar nel 2023? &#8220;per noi c&#8217;\u00e8 uno scopo: distruggere Gaza, distruggere questo male assoluto&#8221;. <\/p>\n\n\n\n<p>Mizrahi trasforma l\u2019infanzia in unit\u00e0 contabile, la nega, cancella il volto e lo sostituisce con un artificio sterile. Mizrahi resta rigido. Giacca stirata, cravatta serrata, pupille fisse. La calma che ostenta appare come maschera, ma anche come compiacimento. La psichiatria forense conosce questo atteggiamento e lo descrive con la nozione di &#8220;disimpegno morale&#8221; elaborata da Bandura: la ricodifica dell\u2019atto lesivo in linguaggio burocratico e strumentale, con esclusione deliberata dell\u2019empatia e priorit\u00e0 assegnata a criteri di efficienza; esempio: \u00abbambini\u00bb trasformati in \u00abunit\u00e0 civili\u00bb conteggiate nelle tabelle di danno collaterale. In pratica il male viene tradotto in procedure: la compassione cede al bilancio, la vita diventa cifra, l\u2019infanzia diventa voce di un elenco. <\/p>\n\n\n\n<p>Lifton, psichiatra americano autore di &#8216;The Nazi Doctors&#8217;, osservando i medici nazisti parlava di scissione della coscienza: un s\u00e9 immerso nella macchina della strage, un altro intento a conservare la propria rispettabilit\u00e0 borghese. Nei suoi studi portava esempi concreti: chirurghi che di giorno selezionavano i prigionieri per le camere a gas e la sera scrivevano lettere affettuose alle famiglie, medici che praticavano esperimenti letali e al contempo discutevano di letteratura classica. Questa duplicit\u00e0 diventava meccanismo di sopravvivenza psichica e insieme strumento di efficienza omicida. La frase \u00abDefinisca bambini\u00bb nasce da questa lacerazione. Una met\u00e0 della mente che annienta, l\u2019altra che offre un sorriso compunto alle telecamere. <\/p>\n\n\n\n<p>Occhi freddi, barrati. Fanno paura? S\u00ec, perch\u00e9 quello \u00e8 lo sguardo da psicopatico che vuole convincere di essere nel giusto l&#8217;interlocutore. Chi ha visto i filmati dal campo di concentramento di Bergen-Belsen ricorda i soldati inglesi costretti a contare cadaveri ridotti a ossa, e i tedeschi che fino al giorno prima parlavano di \u201cpezzi\u201d con la compostezza di un inventario. Nelle trascrizioni processuali di Norimberga si legge: \u00abDer Transport bestand aus 700 St\u00fcck\u00bb. Una riga che parla di esseri umani come di merce da stiva. Nei verbali del Rwanda del 1994 le voci dei miliziani che chiamavano \u201cscarafaggi\u201d gli Tutsi non c&#8217;era mai esitazione, ma una freddezza da mercato del bestiame. Nel tribunale di Gerusalemme Eichmann rispondeva con tono neutro, dichiarando: \u00abIo mi limitavo a eseguire la soluzione finale\u00bb. Ogni parola riduceva la strage a pratica burocratica. La stessa tessitura lessicale torna nello studio televisivo, camuffata da precisione semantica, ma lui veramente non crede che i bambini palestinesi siano &#8220;bambini&#8221; e cos\u00ec la stragrande maggioranza degli israeliani, educati a questo sentire (vedi il mio post sui libri scolastici israeliani).<\/p>\n\n\n\n<p>Questa postura non rimane confinata a un individuo. Si ritrova nelle dichiarazioni di ministri israeliani, nelle parole di sostenitori e opinionisti, nella retorica che percorre larghi settori della popolazione ebraica dentro e fuori Israele, ma anche in giornalisti nostrani, un Vespa, un Mieli, un Galli della Loggia, ecc non sono diversi, solo pi\u00f9 furbi. Non direbbero &#8220;definisca bambini&#8221;, direbbero &#8220;S\u00ec, \u00e8 una tragedia, ma&#8230;.&#8221; in quel ma c&#8217;\u00e8 il &#8220;definisca bambini&#8221;. Quindi Gaza appare come territorio senza infanzia, spazio da bonificare, teatro di guerra da purgare. L\u2019affermazione di Mizrahi rimbalza in decine di discorsi che ripetono con ossessione: nessun bambino, nessuna vittima, nessun colpevole. Il male prende forma in questo modo. Cancella, e al tempo stesso trae piacere dall\u2019atto di cancellare.Il nome resta l&#8217;ultimo baluardo. Dire bambino significa restituire carne e sguardo a ci\u00f2 che la formula cerca di dissolvere, se fossero bambini si chiederebbero: &#8220;Oh mio Dio che stiamo facendo&#8221;. Con &#8220;definisca bambino&#8221; la domanda del &#8220;cosa stiamo facendo&#8221; non ha senso, \u00e8 ovvio che ci stiamo difendendo. <\/p>\n\n\n\n<p>Quel neonato tra 15 anni vorr\u00e0 ammazzarci. \u00c8 un gesto politico e clinico insieme: preservare l\u2019infanzia dall\u2019annullamento semantico equivale a sottrarla alla fossa che quella calma compiaciuta vorrebbe scavare.<\/p>\n\n\n\n<figure class=\"wp-block-image size-full\"><img decoding=\"async\" width=\"721\" height=\"633\" src=\"https:\/\/www.nonsolomusicamagazine.it\/wp-content\/uploads\/2025\/09\/1000082260.jpg\" alt=\"\" class=\"wp-image-11963\" srcset=\"https:\/\/www.nonsolomusicamagazine.it\/wp-content\/uploads\/2025\/09\/1000082260.jpg 721w, https:\/\/www.nonsolomusicamagazine.it\/wp-content\/uploads\/2025\/09\/1000082260-300x263.jpg 300w\" sizes=\"(max-width: 721px) 100vw, 721px\" \/><\/figure>\n\n\n\n<p><\/p>\n","protected":false},"excerpt":{"rendered":"<p>Lavinia Marchetti Carta bianca, 16 settembre. Enzo Iacchetti pronuncia il numero dei bambini caduti a Gaza (20.000, ne ha tolti molti). Eyal Mizrahi, presidente della Federazione Amici d\u2019Israele, replica con il tono di voce fermo di chi crede di pronunciare un&#8217;ovviet\u00e0: \u00abDefinisca bambini\u00bb. Un attimo di incredulit\u00e0 che interrompe il fiato. Sospensione della piet\u00e0. Ecco [&hellip;]<\/p>\n","protected":false},"author":1,"featured_media":11963,"comment_status":"open","ping_status":"closed","sticky":false,"template":"","format":"standard","meta":{"footnotes":""},"categories":[106,6,5],"tags":[4799,627,2217,4800,216],"class_list":["post-11962","post","type-post","status-publish","format-standard","has-post-thumbnail","hentry","category-cultura","category-esteri","category-politica","tag-definisca-bambino","tag-gaza","tag-genocidio","tag-iacchetti","tag-israele"],"yoast_head":"<!-- This site is optimized with the Yoast SEO plugin v27.5 - https:\/\/yoast.com\/product\/yoast-seo-wordpress\/ -->\n<title>I VOLTI (VISIBILI) DEL MALE. &quot;DEFINISCA BAMBINO&quot; - NonSoloMusicaMagazine<\/title>\n<meta name=\"description\" content=\"Definisca bambino\" \/>\n<meta name=\"robots\" content=\"index, follow, max-snippet:-1, max-image-preview:large, max-video-preview:-1\" \/>\n<link rel=\"canonical\" href=\"https:\/\/www.nonsolomusicamagazine.it\/?p=11962\" \/>\n<meta property=\"og:locale\" content=\"it_IT\" \/>\n<meta property=\"og:type\" content=\"article\" \/>\n<meta property=\"og:title\" content=\"I VOLTI (VISIBILI) DEL MALE. &quot;DEFINISCA BAMBINO&quot; - NonSoloMusicaMagazine\" \/>\n<meta property=\"og:description\" content=\"Definisca bambino\" \/>\n<meta property=\"og:url\" content=\"https:\/\/www.nonsolomusicamagazine.it\/?p=11962\" \/>\n<meta property=\"og:site_name\" content=\"NonSoloMusicaMagazine\" \/>\n<meta property=\"article:published_time\" content=\"2025-09-18T08:07:32+00:00\" \/>\n<meta property=\"article:modified_time\" content=\"2025-09-18T08:07:33+00:00\" \/>\n<meta property=\"og:image\" content=\"https:\/\/www.nonsolomusicamagazine.it\/wp-content\/uploads\/2025\/09\/1000082260.jpg\" \/>\n\t<meta property=\"og:image:width\" content=\"721\" \/>\n\t<meta property=\"og:image:height\" content=\"633\" \/>\n\t<meta property=\"og:image:type\" content=\"image\/jpeg\" \/>\n<meta name=\"author\" content=\"nonsolomusica\" \/>\n<meta name=\"twitter:card\" content=\"summary_large_image\" \/>\n<meta name=\"twitter:label1\" content=\"Scritto da\" \/>\n\t<meta name=\"twitter:data1\" content=\"nonsolomusica\" \/>\n\t<meta name=\"twitter:label2\" content=\"Tempo di lettura stimato\" \/>\n\t<meta name=\"twitter:data2\" content=\"4 minuti\" \/>\n<script type=\"application\/ld+json\" class=\"yoast-schema-graph\">{\"@context\":\"https:\\\/\\\/schema.org\",\"@graph\":[{\"@type\":\"Article\",\"@id\":\"https:\\\/\\\/www.nonsolomusicamagazine.it\\\/?p=11962#article\",\"isPartOf\":{\"@id\":\"https:\\\/\\\/www.nonsolomusicamagazine.it\\\/?p=11962\"},\"author\":{\"name\":\"nonsolomusica\",\"@id\":\"https:\\\/\\\/www.nonsolomusicamagazine.it\\\/#\\\/schema\\\/person\\\/a3349ad02300d046472d46cf6d31ae46\"},\"headline\":\"I VOLTI (VISIBILI) DEL MALE. &#8220;DEFINISCA BAMBINO&#8221;\",\"datePublished\":\"2025-09-18T08:07:32+00:00\",\"dateModified\":\"2025-09-18T08:07:33+00:00\",\"mainEntityOfPage\":{\"@id\":\"https:\\\/\\\/www.nonsolomusicamagazine.it\\\/?p=11962\"},\"wordCount\":685,\"commentCount\":0,\"image\":{\"@id\":\"https:\\\/\\\/www.nonsolomusicamagazine.it\\\/?p=11962#primaryimage\"},\"thumbnailUrl\":\"https:\\\/\\\/www.nonsolomusicamagazine.it\\\/wp-content\\\/uploads\\\/2025\\\/09\\\/1000082260.jpg\",\"keywords\":[\"Definisca bambino\",\"Gaza\",\"Genocidio\",\"Iacchetti\",\"Israele\"],\"articleSection\":[\"Cultura\",\"Esteri\",\"Politica\"],\"inLanguage\":\"it-IT\",\"potentialAction\":[{\"@type\":\"CommentAction\",\"name\":\"Comment\",\"target\":[\"https:\\\/\\\/www.nonsolomusicamagazine.it\\\/?p=11962#respond\"]}]},{\"@type\":\"WebPage\",\"@id\":\"https:\\\/\\\/www.nonsolomusicamagazine.it\\\/?p=11962\",\"url\":\"https:\\\/\\\/www.nonsolomusicamagazine.it\\\/?p=11962\",\"name\":\"I VOLTI (VISIBILI) DEL MALE. \\\"DEFINISCA BAMBINO\\\" - NonSoloMusicaMagazine\",\"isPartOf\":{\"@id\":\"https:\\\/\\\/www.nonsolomusicamagazine.it\\\/#website\"},\"primaryImageOfPage\":{\"@id\":\"https:\\\/\\\/www.nonsolomusicamagazine.it\\\/?p=11962#primaryimage\"},\"image\":{\"@id\":\"https:\\\/\\\/www.nonsolomusicamagazine.it\\\/?p=11962#primaryimage\"},\"thumbnailUrl\":\"https:\\\/\\\/www.nonsolomusicamagazine.it\\\/wp-content\\\/uploads\\\/2025\\\/09\\\/1000082260.jpg\",\"datePublished\":\"2025-09-18T08:07:32+00:00\",\"dateModified\":\"2025-09-18T08:07:33+00:00\",\"author\":{\"@id\":\"https:\\\/\\\/www.nonsolomusicamagazine.it\\\/#\\\/schema\\\/person\\\/a3349ad02300d046472d46cf6d31ae46\"},\"description\":\"Definisca bambino\",\"breadcrumb\":{\"@id\":\"https:\\\/\\\/www.nonsolomusicamagazine.it\\\/?p=11962#breadcrumb\"},\"inLanguage\":\"it-IT\",\"potentialAction\":[{\"@type\":\"ReadAction\",\"target\":[\"https:\\\/\\\/www.nonsolomusicamagazine.it\\\/?p=11962\"]}]},{\"@type\":\"ImageObject\",\"inLanguage\":\"it-IT\",\"@id\":\"https:\\\/\\\/www.nonsolomusicamagazine.it\\\/?p=11962#primaryimage\",\"url\":\"https:\\\/\\\/www.nonsolomusicamagazine.it\\\/wp-content\\\/uploads\\\/2025\\\/09\\\/1000082260.jpg\",\"contentUrl\":\"https:\\\/\\\/www.nonsolomusicamagazine.it\\\/wp-content\\\/uploads\\\/2025\\\/09\\\/1000082260.jpg\",\"width\":721,\"height\":633},{\"@type\":\"BreadcrumbList\",\"@id\":\"https:\\\/\\\/www.nonsolomusicamagazine.it\\\/?p=11962#breadcrumb\",\"itemListElement\":[{\"@type\":\"ListItem\",\"position\":1,\"name\":\"Home\",\"item\":\"https:\\\/\\\/www.nonsolomusicamagazine.it\\\/\"},{\"@type\":\"ListItem\",\"position\":2,\"name\":\"I VOLTI (VISIBILI) DEL MALE. &#8220;DEFINISCA BAMBINO&#8221;\"}]},{\"@type\":\"WebSite\",\"@id\":\"https:\\\/\\\/www.nonsolomusicamagazine.it\\\/#website\",\"url\":\"https:\\\/\\\/www.nonsolomusicamagazine.it\\\/\",\"name\":\"Nonsolomusicamagazine\",\"description\":\"Dir. responsabile Manuel M Buccarella\",\"potentialAction\":[{\"@type\":\"SearchAction\",\"target\":{\"@type\":\"EntryPoint\",\"urlTemplate\":\"https:\\\/\\\/www.nonsolomusicamagazine.it\\\/?s={search_term_string}\"},\"query-input\":{\"@type\":\"PropertyValueSpecification\",\"valueRequired\":true,\"valueName\":\"search_term_string\"}}],\"inLanguage\":\"it-IT\"},{\"@type\":\"Person\",\"@id\":\"https:\\\/\\\/www.nonsolomusicamagazine.it\\\/#\\\/schema\\\/person\\\/a3349ad02300d046472d46cf6d31ae46\",\"name\":\"nonsolomusica\",\"image\":{\"@type\":\"ImageObject\",\"inLanguage\":\"it-IT\",\"@id\":\"https:\\\/\\\/www.nonsolomusicamagazine.it\\\/wp-content\\\/litespeed\\\/avatar\\\/3a675484bc84db6aba78d43bfc8b7197.jpg?ver=1777485663\",\"url\":\"https:\\\/\\\/www.nonsolomusicamagazine.it\\\/wp-content\\\/litespeed\\\/avatar\\\/3a675484bc84db6aba78d43bfc8b7197.jpg?ver=1777485663\",\"contentUrl\":\"https:\\\/\\\/www.nonsolomusicamagazine.it\\\/wp-content\\\/litespeed\\\/avatar\\\/3a675484bc84db6aba78d43bfc8b7197.jpg?ver=1777485663\",\"caption\":\"nonsolomusica\"},\"sameAs\":[\"https:\\\/\\\/www.nonsolomusicamagazine.it\"],\"url\":\"https:\\\/\\\/www.nonsolomusicamagazine.it\\\/?author=1\"}]}<\/script>\n<!-- \/ Yoast SEO plugin. -->","yoast_head_json":{"title":"I VOLTI (VISIBILI) DEL MALE. \"DEFINISCA BAMBINO\" - NonSoloMusicaMagazine","description":"Definisca bambino","robots":{"index":"index","follow":"follow","max-snippet":"max-snippet:-1","max-image-preview":"max-image-preview:large","max-video-preview":"max-video-preview:-1"},"canonical":"https:\/\/www.nonsolomusicamagazine.it\/?p=11962","og_locale":"it_IT","og_type":"article","og_title":"I VOLTI (VISIBILI) DEL MALE. \"DEFINISCA BAMBINO\" - NonSoloMusicaMagazine","og_description":"Definisca bambino","og_url":"https:\/\/www.nonsolomusicamagazine.it\/?p=11962","og_site_name":"NonSoloMusicaMagazine","article_published_time":"2025-09-18T08:07:32+00:00","article_modified_time":"2025-09-18T08:07:33+00:00","og_image":[{"width":721,"height":633,"url":"https:\/\/www.nonsolomusicamagazine.it\/wp-content\/uploads\/2025\/09\/1000082260.jpg","type":"image\/jpeg"}],"author":"nonsolomusica","twitter_card":"summary_large_image","twitter_misc":{"Scritto da":"nonsolomusica","Tempo di lettura stimato":"4 minuti"},"schema":{"@context":"https:\/\/schema.org","@graph":[{"@type":"Article","@id":"https:\/\/www.nonsolomusicamagazine.it\/?p=11962#article","isPartOf":{"@id":"https:\/\/www.nonsolomusicamagazine.it\/?p=11962"},"author":{"name":"nonsolomusica","@id":"https:\/\/www.nonsolomusicamagazine.it\/#\/schema\/person\/a3349ad02300d046472d46cf6d31ae46"},"headline":"I VOLTI (VISIBILI) DEL MALE. &#8220;DEFINISCA BAMBINO&#8221;","datePublished":"2025-09-18T08:07:32+00:00","dateModified":"2025-09-18T08:07:33+00:00","mainEntityOfPage":{"@id":"https:\/\/www.nonsolomusicamagazine.it\/?p=11962"},"wordCount":685,"commentCount":0,"image":{"@id":"https:\/\/www.nonsolomusicamagazine.it\/?p=11962#primaryimage"},"thumbnailUrl":"https:\/\/www.nonsolomusicamagazine.it\/wp-content\/uploads\/2025\/09\/1000082260.jpg","keywords":["Definisca bambino","Gaza","Genocidio","Iacchetti","Israele"],"articleSection":["Cultura","Esteri","Politica"],"inLanguage":"it-IT","potentialAction":[{"@type":"CommentAction","name":"Comment","target":["https:\/\/www.nonsolomusicamagazine.it\/?p=11962#respond"]}]},{"@type":"WebPage","@id":"https:\/\/www.nonsolomusicamagazine.it\/?p=11962","url":"https:\/\/www.nonsolomusicamagazine.it\/?p=11962","name":"I VOLTI (VISIBILI) DEL MALE. \"DEFINISCA BAMBINO\" - NonSoloMusicaMagazine","isPartOf":{"@id":"https:\/\/www.nonsolomusicamagazine.it\/#website"},"primaryImageOfPage":{"@id":"https:\/\/www.nonsolomusicamagazine.it\/?p=11962#primaryimage"},"image":{"@id":"https:\/\/www.nonsolomusicamagazine.it\/?p=11962#primaryimage"},"thumbnailUrl":"https:\/\/www.nonsolomusicamagazine.it\/wp-content\/uploads\/2025\/09\/1000082260.jpg","datePublished":"2025-09-18T08:07:32+00:00","dateModified":"2025-09-18T08:07:33+00:00","author":{"@id":"https:\/\/www.nonsolomusicamagazine.it\/#\/schema\/person\/a3349ad02300d046472d46cf6d31ae46"},"description":"Definisca bambino","breadcrumb":{"@id":"https:\/\/www.nonsolomusicamagazine.it\/?p=11962#breadcrumb"},"inLanguage":"it-IT","potentialAction":[{"@type":"ReadAction","target":["https:\/\/www.nonsolomusicamagazine.it\/?p=11962"]}]},{"@type":"ImageObject","inLanguage":"it-IT","@id":"https:\/\/www.nonsolomusicamagazine.it\/?p=11962#primaryimage","url":"https:\/\/www.nonsolomusicamagazine.it\/wp-content\/uploads\/2025\/09\/1000082260.jpg","contentUrl":"https:\/\/www.nonsolomusicamagazine.it\/wp-content\/uploads\/2025\/09\/1000082260.jpg","width":721,"height":633},{"@type":"BreadcrumbList","@id":"https:\/\/www.nonsolomusicamagazine.it\/?p=11962#breadcrumb","itemListElement":[{"@type":"ListItem","position":1,"name":"Home","item":"https:\/\/www.nonsolomusicamagazine.it\/"},{"@type":"ListItem","position":2,"name":"I VOLTI (VISIBILI) DEL MALE. &#8220;DEFINISCA BAMBINO&#8221;"}]},{"@type":"WebSite","@id":"https:\/\/www.nonsolomusicamagazine.it\/#website","url":"https:\/\/www.nonsolomusicamagazine.it\/","name":"Nonsolomusicamagazine","description":"Dir. responsabile Manuel M Buccarella","potentialAction":[{"@type":"SearchAction","target":{"@type":"EntryPoint","urlTemplate":"https:\/\/www.nonsolomusicamagazine.it\/?s={search_term_string}"},"query-input":{"@type":"PropertyValueSpecification","valueRequired":true,"valueName":"search_term_string"}}],"inLanguage":"it-IT"},{"@type":"Person","@id":"https:\/\/www.nonsolomusicamagazine.it\/#\/schema\/person\/a3349ad02300d046472d46cf6d31ae46","name":"nonsolomusica","image":{"@type":"ImageObject","inLanguage":"it-IT","@id":"https:\/\/www.nonsolomusicamagazine.it\/wp-content\/litespeed\/avatar\/3a675484bc84db6aba78d43bfc8b7197.jpg?ver=1777485663","url":"https:\/\/www.nonsolomusicamagazine.it\/wp-content\/litespeed\/avatar\/3a675484bc84db6aba78d43bfc8b7197.jpg?ver=1777485663","contentUrl":"https:\/\/www.nonsolomusicamagazine.it\/wp-content\/litespeed\/avatar\/3a675484bc84db6aba78d43bfc8b7197.jpg?ver=1777485663","caption":"nonsolomusica"},"sameAs":["https:\/\/www.nonsolomusicamagazine.it"],"url":"https:\/\/www.nonsolomusicamagazine.it\/?author=1"}]}},"amp_enabled":true,"_links":{"self":[{"href":"https:\/\/www.nonsolomusicamagazine.it\/index.php?rest_route=\/wp\/v2\/posts\/11962","targetHints":{"allow":["GET"]}}],"collection":[{"href":"https:\/\/www.nonsolomusicamagazine.it\/index.php?rest_route=\/wp\/v2\/posts"}],"about":[{"href":"https:\/\/www.nonsolomusicamagazine.it\/index.php?rest_route=\/wp\/v2\/types\/post"}],"author":[{"embeddable":true,"href":"https:\/\/www.nonsolomusicamagazine.it\/index.php?rest_route=\/wp\/v2\/users\/1"}],"replies":[{"embeddable":true,"href":"https:\/\/www.nonsolomusicamagazine.it\/index.php?rest_route=%2Fwp%2Fv2%2Fcomments&post=11962"}],"version-history":[{"count":0,"href":"https:\/\/www.nonsolomusicamagazine.it\/index.php?rest_route=\/wp\/v2\/posts\/11962\/revisions"}],"wp:featuredmedia":[{"embeddable":true,"href":"https:\/\/www.nonsolomusicamagazine.it\/index.php?rest_route=\/wp\/v2\/media\/11963"}],"wp:attachment":[{"href":"https:\/\/www.nonsolomusicamagazine.it\/index.php?rest_route=%2Fwp%2Fv2%2Fmedia&parent=11962"}],"wp:term":[{"taxonomy":"category","embeddable":true,"href":"https:\/\/www.nonsolomusicamagazine.it\/index.php?rest_route=%2Fwp%2Fv2%2Fcategories&post=11962"},{"taxonomy":"post_tag","embeddable":true,"href":"https:\/\/www.nonsolomusicamagazine.it\/index.php?rest_route=%2Fwp%2Fv2%2Ftags&post=11962"}],"curies":[{"name":"wp","href":"https:\/\/api.w.org\/{rel}","templated":true}]}}