{"id":12057,"date":"2025-09-23T17:15:48","date_gmt":"2025-09-23T15:15:48","guid":{"rendered":"https:\/\/www.nonsolomusicamagazine.it\/?p=12057"},"modified":"2025-09-23T17:15:49","modified_gmt":"2025-09-23T15:15:49","slug":"charlie-kirk-santo-patrono-delle-pastarelle","status":"publish","type":"post","link":"https:\/\/www.nonsolomusicamagazine.it\/?p=12057","title":{"rendered":"CHARLIE KIRK SANTO PATRONO DELLE PASTARELLE"},"content":{"rendered":"\n<p class=\"has-text-align-center\"><strong>Alfredo Facchini<\/strong><\/p>\n\n\n\n<p>Giorgia Meloni, tra una pastarella a Domenica in e una supercazzola sulla Palestina, ha scritto sui social:\u201cCharlie continuer\u00e0 a vivere come simbolo di ci\u00f2 che ha sempre difeso: il confronto e la libert\u00e0.\u201d<\/p>\n\n\n\n<p>Il confronto. La libert\u00e0. Davvero? Ecco chi era il suo \u201csimbolo\u201d. Ripassino.<\/p>\n\n\n\n<p>Immigrazione\u201cSe entri, abbiamo la forza letale e siamo disposti a usarla.\u201d<\/p>\n\n\n\n<p>Diritti civili e razza\u201cAbbiamo fatto un grosso errore quando abbiamo approvato il Civil Rights Act.\u201d \u201cI neri, quando non avevano diritti, erano meno assassini.\u201d\u201cDonne nere al potere? Non avete la capacit\u00e0 cerebrale. Avete rubato il posto a un bianco.\u201d<\/p>\n\n\n\n<p>Aborto. A chi chiedeva di una bambina stuprata a dieci anni, la risposta fu secca:\u201cS\u00ec, il bambino verrebbe fatto nascere.\u201d L\u2019aborto? \u201cOtto volte peggiore dell\u2019Olocausto.\u201d<\/p>\n\n\n\n<p>Persone trans e comunit\u00e0 LGBTQ+\u201cUn uomo che si definisce trans indossa la \u2018faccia da donna\u2019, non diverso dal fatto che io indosserei la blackface per fingere di essere nero\u201d. E ancora: \u201cProcessi in stile Norimberga per ogni medico che pratica cure di transizione\u201d.<\/p>\n\n\n\n<p>Armi e violenza politica. \u201cIl Secondo Emendamento \u00e8 l\u00ec, Dio non voglia, perch\u00e9 tu possa difenderti da un governo tirannico\u2026 avere cittadini armati ha un prezzo.\u201d<\/p>\n\n\n\n<p>Altro che pastarelle. Qualcuno chieder\u00e0 mai a Giorgia Meloni se sottoscrive le parole di Kirk? Se si specchia dentro le farneticazioni di un neonazista. Se anche per lei i migranti vanno fermati con la forza letale.Se anche per lei i diritti civili furono un errore.Se anche per lei una bambina stuprata deve partorire.Se anche per lei le persone trans meritano processi in stile Norimberga.Se anche per lei le stragi armate sono il prezzo inevitabile della libert\u00e0.<\/p>\n\n\n\n<p>Quanto di quell\u2019odio \u00e8 anche suo?Non \u00e8 solo un\u2019adorazione cieca. \u00c8 un progetto. Vogliono traslocare lo Stato distopico in costruzione negli Stati Uniti di Trump direttamente in Italia.Un Paese dove il migrante \u00e8 un nemico da abbattere, la donna un grembo da sorvegliare, i diritti civili un errore da cancellare, le persone trans da processare, le armi da idolatrare.\u00c8 l\u2019America dell\u2019odio in franchising, consegnata chiavi in mano a Palazzo Chigi. Ma il problema sono le due vetrine rotte a Milano. Giusto?<\/p>\n\n\n\n<figure class=\"wp-block-image size-large\"><img decoding=\"async\" width=\"857\" height=\"1024\" src=\"https:\/\/www.nonsolomusicamagazine.it\/wp-content\/uploads\/2025\/09\/1000083705-857x1024.jpg\" alt=\"\" class=\"wp-image-12058\" srcset=\"https:\/\/www.nonsolomusicamagazine.it\/wp-content\/uploads\/2025\/09\/1000083705-857x1024.jpg 857w, https:\/\/www.nonsolomusicamagazine.it\/wp-content\/uploads\/2025\/09\/1000083705-251x300.jpg 251w, https:\/\/www.nonsolomusicamagazine.it\/wp-content\/uploads\/2025\/09\/1000083705-768x918.jpg 768w, https:\/\/www.nonsolomusicamagazine.it\/wp-content\/uploads\/2025\/09\/1000083705.jpg 1125w\" sizes=\"(max-width: 857px) 100vw, 857px\" \/><\/figure>\n","protected":false},"excerpt":{"rendered":"<p>Alfredo Facchini Giorgia Meloni, tra una pastarella a Domenica in e una supercazzola sulla Palestina, ha scritto sui social:\u201cCharlie continuer\u00e0 a vivere come simbolo di ci\u00f2 che ha sempre difeso: il confronto e la libert\u00e0.\u201d Il confronto. La libert\u00e0. Davvero? Ecco chi era il suo \u201csimbolo\u201d. Ripassino. Immigrazione\u201cSe entri, abbiamo la forza letale e siamo [&hellip;]<\/p>\n","protected":false},"author":1,"featured_media":12058,"comment_status":"open","ping_status":"closed","sticky":false,"template":"","format":"standard","meta":{"footnotes":""},"categories":[5,20],"tags":[4725,2767,4825,456,2473,4824,4826],"class_list":["post-12057","post","type-post","status-publish","format-standard","has-post-thumbnail","hentry","category-politica","category-societa","tag-charlie-kirk","tag-destra","tag-domenica-in","tag-giorgia-meloni","tag-maschilismo","tag-pastarelle","tag-suprematismo"],"yoast_head":"<!-- This site is optimized with the Yoast SEO plugin v27.4 - https:\/\/yoast.com\/product\/yoast-seo-wordpress\/ -->\n<title>CHARLIE KIRK SANTO PATRONO DELLE PASTARELLE - NonSoloMusicaMagazine<\/title>\n<meta name=\"description\" content=\"CHARLIE KIRK SANTO PATRONO DELLE PASTARELLE\" \/>\n<meta name=\"robots\" content=\"index, follow, max-snippet:-1, max-image-preview:large, max-video-preview:-1\" \/>\n<link rel=\"canonical\" href=\"https:\/\/www.nonsolomusicamagazine.it\/?p=12057\" \/>\n<meta property=\"og:locale\" content=\"it_IT\" \/>\n<meta property=\"og:type\" content=\"article\" \/>\n<meta property=\"og:title\" content=\"CHARLIE KIRK SANTO PATRONO DELLE PASTARELLE - NonSoloMusicaMagazine\" \/>\n<meta property=\"og:description\" content=\"CHARLIE KIRK SANTO PATRONO DELLE PASTARELLE\" \/>\n<meta property=\"og:url\" content=\"https:\/\/www.nonsolomusicamagazine.it\/?p=12057\" \/>\n<meta property=\"og:site_name\" content=\"NonSoloMusicaMagazine\" \/>\n<meta property=\"article:published_time\" content=\"2025-09-23T15:15:48+00:00\" \/>\n<meta property=\"article:modified_time\" content=\"2025-09-23T15:15:49+00:00\" \/>\n<meta property=\"og:image\" content=\"https:\/\/www.nonsolomusicamagazine.it\/wp-content\/uploads\/2025\/09\/1000083705.jpg\" \/>\n\t<meta property=\"og:image:width\" content=\"1125\" \/>\n\t<meta property=\"og:image:height\" content=\"1344\" \/>\n\t<meta property=\"og:image:type\" content=\"image\/jpeg\" \/>\n<meta name=\"author\" content=\"nonsolomusica\" \/>\n<meta name=\"twitter:card\" content=\"summary_large_image\" \/>\n<meta name=\"twitter:label1\" content=\"Scritto da\" \/>\n\t<meta name=\"twitter:data1\" content=\"nonsolomusica\" \/>\n\t<meta name=\"twitter:label2\" content=\"Tempo di lettura stimato\" \/>\n\t<meta name=\"twitter:data2\" content=\"3 minuti\" \/>\n<script type=\"application\/ld+json\" class=\"yoast-schema-graph\">{\"@context\":\"https:\\\/\\\/schema.org\",\"@graph\":[{\"@type\":\"Article\",\"@id\":\"https:\\\/\\\/www.nonsolomusicamagazine.it\\\/?p=12057#article\",\"isPartOf\":{\"@id\":\"https:\\\/\\\/www.nonsolomusicamagazine.it\\\/?p=12057\"},\"author\":{\"name\":\"nonsolomusica\",\"@id\":\"https:\\\/\\\/www.nonsolomusicamagazine.it\\\/#\\\/schema\\\/person\\\/a3349ad02300d046472d46cf6d31ae46\"},\"headline\":\"CHARLIE KIRK SANTO PATRONO DELLE PASTARELLE\",\"datePublished\":\"2025-09-23T15:15:48+00:00\",\"dateModified\":\"2025-09-23T15:15:49+00:00\",\"mainEntityOfPage\":{\"@id\":\"https:\\\/\\\/www.nonsolomusicamagazine.it\\\/?p=12057\"},\"wordCount\":367,\"commentCount\":0,\"image\":{\"@id\":\"https:\\\/\\\/www.nonsolomusicamagazine.it\\\/?p=12057#primaryimage\"},\"thumbnailUrl\":\"https:\\\/\\\/www.nonsolomusicamagazine.it\\\/wp-content\\\/uploads\\\/2025\\\/09\\\/1000083705.jpg\",\"keywords\":[\"Charlie Kirk\",\"Destra\",\"Domenica In\",\"Giorgia Meloni\",\"maschilismo\",\"Pastarelle\",\"Suprematismo\"],\"articleSection\":[\"Politica\",\"Societ\u00e0\"],\"inLanguage\":\"it-IT\",\"potentialAction\":[{\"@type\":\"CommentAction\",\"name\":\"Comment\",\"target\":[\"https:\\\/\\\/www.nonsolomusicamagazine.it\\\/?p=12057#respond\"]}]},{\"@type\":\"WebPage\",\"@id\":\"https:\\\/\\\/www.nonsolomusicamagazine.it\\\/?p=12057\",\"url\":\"https:\\\/\\\/www.nonsolomusicamagazine.it\\\/?p=12057\",\"name\":\"CHARLIE KIRK SANTO PATRONO DELLE PASTARELLE - NonSoloMusicaMagazine\",\"isPartOf\":{\"@id\":\"https:\\\/\\\/www.nonsolomusicamagazine.it\\\/#website\"},\"primaryImageOfPage\":{\"@id\":\"https:\\\/\\\/www.nonsolomusicamagazine.it\\\/?p=12057#primaryimage\"},\"image\":{\"@id\":\"https:\\\/\\\/www.nonsolomusicamagazine.it\\\/?p=12057#primaryimage\"},\"thumbnailUrl\":\"https:\\\/\\\/www.nonsolomusicamagazine.it\\\/wp-content\\\/uploads\\\/2025\\\/09\\\/1000083705.jpg\",\"datePublished\":\"2025-09-23T15:15:48+00:00\",\"dateModified\":\"2025-09-23T15:15:49+00:00\",\"author\":{\"@id\":\"https:\\\/\\\/www.nonsolomusicamagazine.it\\\/#\\\/schema\\\/person\\\/a3349ad02300d046472d46cf6d31ae46\"},\"description\":\"CHARLIE KIRK SANTO PATRONO DELLE PASTARELLE\",\"breadcrumb\":{\"@id\":\"https:\\\/\\\/www.nonsolomusicamagazine.it\\\/?p=12057#breadcrumb\"},\"inLanguage\":\"it-IT\",\"potentialAction\":[{\"@type\":\"ReadAction\",\"target\":[\"https:\\\/\\\/www.nonsolomusicamagazine.it\\\/?p=12057\"]}]},{\"@type\":\"ImageObject\",\"inLanguage\":\"it-IT\",\"@id\":\"https:\\\/\\\/www.nonsolomusicamagazine.it\\\/?p=12057#primaryimage\",\"url\":\"https:\\\/\\\/www.nonsolomusicamagazine.it\\\/wp-content\\\/uploads\\\/2025\\\/09\\\/1000083705.jpg\",\"contentUrl\":\"https:\\\/\\\/www.nonsolomusicamagazine.it\\\/wp-content\\\/uploads\\\/2025\\\/09\\\/1000083705.jpg\",\"width\":1125,\"height\":1344},{\"@type\":\"BreadcrumbList\",\"@id\":\"https:\\\/\\\/www.nonsolomusicamagazine.it\\\/?p=12057#breadcrumb\",\"itemListElement\":[{\"@type\":\"ListItem\",\"position\":1,\"name\":\"Home\",\"item\":\"https:\\\/\\\/www.nonsolomusicamagazine.it\\\/\"},{\"@type\":\"ListItem\",\"position\":2,\"name\":\"CHARLIE KIRK SANTO PATRONO DELLE PASTARELLE\"}]},{\"@type\":\"WebSite\",\"@id\":\"https:\\\/\\\/www.nonsolomusicamagazine.it\\\/#website\",\"url\":\"https:\\\/\\\/www.nonsolomusicamagazine.it\\\/\",\"name\":\"Nonsolomusicamagazine\",\"description\":\"Dir. responsabile Manuel M Buccarella\",\"potentialAction\":[{\"@type\":\"SearchAction\",\"target\":{\"@type\":\"EntryPoint\",\"urlTemplate\":\"https:\\\/\\\/www.nonsolomusicamagazine.it\\\/?s={search_term_string}\"},\"query-input\":{\"@type\":\"PropertyValueSpecification\",\"valueRequired\":true,\"valueName\":\"search_term_string\"}}],\"inLanguage\":\"it-IT\"},{\"@type\":\"Person\",\"@id\":\"https:\\\/\\\/www.nonsolomusicamagazine.it\\\/#\\\/schema\\\/person\\\/a3349ad02300d046472d46cf6d31ae46\",\"name\":\"nonsolomusica\",\"image\":{\"@type\":\"ImageObject\",\"inLanguage\":\"it-IT\",\"@id\":\"https:\\\/\\\/www.nonsolomusicamagazine.it\\\/wp-content\\\/litespeed\\\/avatar\\\/3a675484bc84db6aba78d43bfc8b7197.jpg?ver=1776880798\",\"url\":\"https:\\\/\\\/www.nonsolomusicamagazine.it\\\/wp-content\\\/litespeed\\\/avatar\\\/3a675484bc84db6aba78d43bfc8b7197.jpg?ver=1776880798\",\"contentUrl\":\"https:\\\/\\\/www.nonsolomusicamagazine.it\\\/wp-content\\\/litespeed\\\/avatar\\\/3a675484bc84db6aba78d43bfc8b7197.jpg?ver=1776880798\",\"caption\":\"nonsolomusica\"},\"sameAs\":[\"https:\\\/\\\/www.nonsolomusicamagazine.it\"],\"url\":\"https:\\\/\\\/www.nonsolomusicamagazine.it\\\/?author=1\"}]}<\/script>\n<!-- \/ Yoast SEO plugin. -->","yoast_head_json":{"title":"CHARLIE KIRK SANTO PATRONO DELLE PASTARELLE - NonSoloMusicaMagazine","description":"CHARLIE KIRK SANTO PATRONO DELLE PASTARELLE","robots":{"index":"index","follow":"follow","max-snippet":"max-snippet:-1","max-image-preview":"max-image-preview:large","max-video-preview":"max-video-preview:-1"},"canonical":"https:\/\/www.nonsolomusicamagazine.it\/?p=12057","og_locale":"it_IT","og_type":"article","og_title":"CHARLIE KIRK SANTO PATRONO DELLE PASTARELLE - NonSoloMusicaMagazine","og_description":"CHARLIE KIRK SANTO PATRONO DELLE PASTARELLE","og_url":"https:\/\/www.nonsolomusicamagazine.it\/?p=12057","og_site_name":"NonSoloMusicaMagazine","article_published_time":"2025-09-23T15:15:48+00:00","article_modified_time":"2025-09-23T15:15:49+00:00","og_image":[{"width":1125,"height":1344,"url":"https:\/\/www.nonsolomusicamagazine.it\/wp-content\/uploads\/2025\/09\/1000083705.jpg","type":"image\/jpeg"}],"author":"nonsolomusica","twitter_card":"summary_large_image","twitter_misc":{"Scritto da":"nonsolomusica","Tempo di lettura stimato":"3 minuti"},"schema":{"@context":"https:\/\/schema.org","@graph":[{"@type":"Article","@id":"https:\/\/www.nonsolomusicamagazine.it\/?p=12057#article","isPartOf":{"@id":"https:\/\/www.nonsolomusicamagazine.it\/?p=12057"},"author":{"name":"nonsolomusica","@id":"https:\/\/www.nonsolomusicamagazine.it\/#\/schema\/person\/a3349ad02300d046472d46cf6d31ae46"},"headline":"CHARLIE KIRK SANTO PATRONO DELLE PASTARELLE","datePublished":"2025-09-23T15:15:48+00:00","dateModified":"2025-09-23T15:15:49+00:00","mainEntityOfPage":{"@id":"https:\/\/www.nonsolomusicamagazine.it\/?p=12057"},"wordCount":367,"commentCount":0,"image":{"@id":"https:\/\/www.nonsolomusicamagazine.it\/?p=12057#primaryimage"},"thumbnailUrl":"https:\/\/www.nonsolomusicamagazine.it\/wp-content\/uploads\/2025\/09\/1000083705.jpg","keywords":["Charlie Kirk","Destra","Domenica In","Giorgia Meloni","maschilismo","Pastarelle","Suprematismo"],"articleSection":["Politica","Societ\u00e0"],"inLanguage":"it-IT","potentialAction":[{"@type":"CommentAction","name":"Comment","target":["https:\/\/www.nonsolomusicamagazine.it\/?p=12057#respond"]}]},{"@type":"WebPage","@id":"https:\/\/www.nonsolomusicamagazine.it\/?p=12057","url":"https:\/\/www.nonsolomusicamagazine.it\/?p=12057","name":"CHARLIE KIRK SANTO PATRONO DELLE PASTARELLE - NonSoloMusicaMagazine","isPartOf":{"@id":"https:\/\/www.nonsolomusicamagazine.it\/#website"},"primaryImageOfPage":{"@id":"https:\/\/www.nonsolomusicamagazine.it\/?p=12057#primaryimage"},"image":{"@id":"https:\/\/www.nonsolomusicamagazine.it\/?p=12057#primaryimage"},"thumbnailUrl":"https:\/\/www.nonsolomusicamagazine.it\/wp-content\/uploads\/2025\/09\/1000083705.jpg","datePublished":"2025-09-23T15:15:48+00:00","dateModified":"2025-09-23T15:15:49+00:00","author":{"@id":"https:\/\/www.nonsolomusicamagazine.it\/#\/schema\/person\/a3349ad02300d046472d46cf6d31ae46"},"description":"CHARLIE KIRK SANTO PATRONO DELLE PASTARELLE","breadcrumb":{"@id":"https:\/\/www.nonsolomusicamagazine.it\/?p=12057#breadcrumb"},"inLanguage":"it-IT","potentialAction":[{"@type":"ReadAction","target":["https:\/\/www.nonsolomusicamagazine.it\/?p=12057"]}]},{"@type":"ImageObject","inLanguage":"it-IT","@id":"https:\/\/www.nonsolomusicamagazine.it\/?p=12057#primaryimage","url":"https:\/\/www.nonsolomusicamagazine.it\/wp-content\/uploads\/2025\/09\/1000083705.jpg","contentUrl":"https:\/\/www.nonsolomusicamagazine.it\/wp-content\/uploads\/2025\/09\/1000083705.jpg","width":1125,"height":1344},{"@type":"BreadcrumbList","@id":"https:\/\/www.nonsolomusicamagazine.it\/?p=12057#breadcrumb","itemListElement":[{"@type":"ListItem","position":1,"name":"Home","item":"https:\/\/www.nonsolomusicamagazine.it\/"},{"@type":"ListItem","position":2,"name":"CHARLIE KIRK SANTO PATRONO DELLE PASTARELLE"}]},{"@type":"WebSite","@id":"https:\/\/www.nonsolomusicamagazine.it\/#website","url":"https:\/\/www.nonsolomusicamagazine.it\/","name":"Nonsolomusicamagazine","description":"Dir. responsabile Manuel M Buccarella","potentialAction":[{"@type":"SearchAction","target":{"@type":"EntryPoint","urlTemplate":"https:\/\/www.nonsolomusicamagazine.it\/?s={search_term_string}"},"query-input":{"@type":"PropertyValueSpecification","valueRequired":true,"valueName":"search_term_string"}}],"inLanguage":"it-IT"},{"@type":"Person","@id":"https:\/\/www.nonsolomusicamagazine.it\/#\/schema\/person\/a3349ad02300d046472d46cf6d31ae46","name":"nonsolomusica","image":{"@type":"ImageObject","inLanguage":"it-IT","@id":"https:\/\/www.nonsolomusicamagazine.it\/wp-content\/litespeed\/avatar\/3a675484bc84db6aba78d43bfc8b7197.jpg?ver=1776880798","url":"https:\/\/www.nonsolomusicamagazine.it\/wp-content\/litespeed\/avatar\/3a675484bc84db6aba78d43bfc8b7197.jpg?ver=1776880798","contentUrl":"https:\/\/www.nonsolomusicamagazine.it\/wp-content\/litespeed\/avatar\/3a675484bc84db6aba78d43bfc8b7197.jpg?ver=1776880798","caption":"nonsolomusica"},"sameAs":["https:\/\/www.nonsolomusicamagazine.it"],"url":"https:\/\/www.nonsolomusicamagazine.it\/?author=1"}]}},"amp_enabled":true,"_links":{"self":[{"href":"https:\/\/www.nonsolomusicamagazine.it\/index.php?rest_route=\/wp\/v2\/posts\/12057","targetHints":{"allow":["GET"]}}],"collection":[{"href":"https:\/\/www.nonsolomusicamagazine.it\/index.php?rest_route=\/wp\/v2\/posts"}],"about":[{"href":"https:\/\/www.nonsolomusicamagazine.it\/index.php?rest_route=\/wp\/v2\/types\/post"}],"author":[{"embeddable":true,"href":"https:\/\/www.nonsolomusicamagazine.it\/index.php?rest_route=\/wp\/v2\/users\/1"}],"replies":[{"embeddable":true,"href":"https:\/\/www.nonsolomusicamagazine.it\/index.php?rest_route=%2Fwp%2Fv2%2Fcomments&post=12057"}],"version-history":[{"count":0,"href":"https:\/\/www.nonsolomusicamagazine.it\/index.php?rest_route=\/wp\/v2\/posts\/12057\/revisions"}],"wp:featuredmedia":[{"embeddable":true,"href":"https:\/\/www.nonsolomusicamagazine.it\/index.php?rest_route=\/wp\/v2\/media\/12058"}],"wp:attachment":[{"href":"https:\/\/www.nonsolomusicamagazine.it\/index.php?rest_route=%2Fwp%2Fv2%2Fmedia&parent=12057"}],"wp:term":[{"taxonomy":"category","embeddable":true,"href":"https:\/\/www.nonsolomusicamagazine.it\/index.php?rest_route=%2Fwp%2Fv2%2Fcategories&post=12057"},{"taxonomy":"post_tag","embeddable":true,"href":"https:\/\/www.nonsolomusicamagazine.it\/index.php?rest_route=%2Fwp%2Fv2%2Ftags&post=12057"}],"curies":[{"name":"wp","href":"https:\/\/api.w.org\/{rel}","templated":true}]}}