{"id":12111,"date":"2025-09-25T17:04:33","date_gmt":"2025-09-25T15:04:33","guid":{"rendered":"https:\/\/www.nonsolomusicamagazine.it\/?p=12111"},"modified":"2025-09-25T17:08:16","modified_gmt":"2025-09-25T15:08:16","slug":"recalcati-vorrebbe-farci-vedere-la-nostra-ombra-per-nascondere-il-suo-abisso","status":"publish","type":"post","link":"https:\/\/www.nonsolomusicamagazine.it\/?p=12111","title":{"rendered":"RECALCATI VORREBBE FARCI VEDERE LA NOSTRA OMBRA PER NASCONDERE IL SUO ABISSO"},"content":{"rendered":"\n<p class=\"has-text-align-center\"><strong>Lavinia Marchetti <\/strong><\/p>\n\n\n\n<p>Ho letto l\u2019articolo di Massimo Recalcati (Ringrazio M.Pia Ghirotti per la segnalazione) su Repubblica di ieri, intitolato \u201cI corpi invisibili degli ostaggi\u201d. <\/p>\n\n\n\n<p>\u00c8 un testo che mette in scena un paradosso: il linguaggio della psicoanalisi viene usato come ornamento per una tesi politica gi\u00e0 confezionata. Freud viene evocato come marchio di profondit\u00e0, ma il metodo freudiano, indagare ci\u00f2 che \u00e8 rimosso, decifrare i lapsus, anticipare le obiezioni, non appare mai. Al suo posto troviamo una retorica moralistica che, invece di svelare il diniego, lo riproduce. E qui entra in gioco un meccanismo subdolo: Recalcati apre il suo articolo con una sequenza di domande e risposte che suonano come una confessione preventiva. \u00abCredi che il massacro di Gaza sia proporzionato al 7 ottobre? No, non lo credo. Credi che sia giustificato affamare una popolazione? No, non lo credo\u00bb. <\/p>\n\n\n\n<p>Cos\u00ec si assolve in anticipo, per poi introdurre la domanda che gli interessa davvero: \u00abPerch\u00e9 Hamas non li libera?\u00bb. Qui agisce un trucco collaudato: si costruisce un paravento di concessioni iniziali. Cos\u00ec si ottiene una patente morale e la domanda successiva appare neutra. \u00c8 una tecnica di inoculazione. Prima si anticipa l&#8217;obiezione e ci si autoassolve. Poi si sposta il fuoco dove conviene. Il lettore abbassa le difese e si identifica con quell&#8217;equilibrio apparente. Dal punto di vista clinico prende forma il diniego: si riconosce l&#8217;orrore, poi si omette l&#8217;essenziale. L&#8217;esito \u00e8 un effetto tunnel: tutto converge sulla sua domanda, il resto scivola fuori campo.<\/p>\n\n\n\n<p>Recalcati scrive:\u201cMa, soprattutto, perch\u00e9 Hamas non li libera?\u201dQuesta domanda, che egli propone come rivelazione, ignora la cronologia reale. Il 20 e il 23 ottobre 2023 quattro ostaggi vengono liberati per ragioni umanitarie, con la mediazione di Qatar ed Egitto. A novembre, con una tregua prolungata giorno dopo giorno, 105 ostaggi israeliani sono stati scambiati con 150 prigionieri palestinesi. Nei mesi seguenti altri rilasci si sono arenati per condizioni aggiunte imposte da Israele. Parlare di corpi \u201cinvisibili\u201d \u00e8 dunque un artificio: quegli stessi corpi sono stati al centro di trattative, di elenchi, di negoziati quotidiani. Invisibili non sono mai stati, e due settimane fa la cronaca ha parlato per giorni interi dell\u2019ostaggio trovato nel tunnel, con fotografie ripetute ovunque a riempire le prime pagine, rilanciate da testate come Haaretz, Yedioth Ahronoth, Corriere della Sera e la Repubblica tra il 9 e il 12 settembre 2025, con titoli e servizi quotidiani.<\/p>\n\n\n\n<p>Prosegue:\u201cLa loro liberazione non avrebbe ottenuto almeno il cessate il fuoco immediato?\u201dChiss\u00e0 dove ha vissuto fino ad ora Recalcati. Forse legge solo Repubblica e pure male. Infatti qui la deformazione diventa palese. Ogni liberazione ha coinciso con tregue temporanee, mai con la fine della guerra. Gli atti del gabinetto israeliano parlano chiaro: pause di pochi giorni, poi bombardamenti ripresi con pi\u00f9 violenza. Parlare di cessate il fuoco come conseguenza automatica della liberazione degli ostaggi \u00e8 ridicolo. Netanyahu non ha mai mostrato interesse reale per la loro sorte, se non come pedine utili a proseguire l\u2019offensiva e a zittire le critiche interne. Trasformare la pace in un gesto unilaterale di Hamas significa assolvere chi ha scelto consapevolmente la prosecuzione del conflitto e sacrificare la vita degli ostaggi al calcolo politico.<\/p>\n\n\n\n<p>Scrive ancora:\u201cAssenza assordante a sinistra di questa domanda.\u201dL\u2019assenza non c\u2019\u00e8 mai stata. I familiari degli ostaggi hanno manifestato a Tel Aviv e in molte citt\u00e0 israeliane. Le organizzazioni internazionali hanno lanciato appelli. La questione \u00e8 entrata nelle cronache quotidiane. Anzi, la sproporzione \u00e8 stata opposta: i giornali, anche quelli che si definiscono di sinistra, hanno dato spazio quotidiano agli ostaggi, fino alla saturazione, ad nauseam. Per mesi, fino alla saturazione, ogni titolo li evocava. Semmai, il tema rimosso \u00e8 stato il genocidio in corso a Gaza. Per un anno e mezzo (tranne due giornali: il fatto e il manifesto, e pochissime trasmissioni tv) decine di migliaia di morti palestinesi sono stati espunti dal dibattito pubblico, relegati a note marginali o censurati del tutto. Recalcati inverte la realt\u00e0: gli ostaggi sono stati visibilissimi, i palestinesi cancellati, per questo adesso c&#8217;\u00e8 bisogno di parlarne e anche per un fattore numerico oserei dire piuttosto rilevante.E c\u2019\u00e8 un\u2019altra omissione che pesa. Mi chiedo: quanti prigionieri palestinesi senza processo conosce Recalcati? A dicembre 2024, i dati ufficiali registravano 3.327 persone in detenzione amministrativa, trattenute senza accuse formali, mentre il totale dei detenuti palestinesi raggiunge i 9.619 (fonte: B\u2019Tselem). In alcune stime recenti, si parla di 3.600 detenuti senza processo nei carceri israeliani (fonte: Anadolu Agency). Non sono ostaggi questi? Torturati e ammazzati senza che nessuno lo sapr\u00e0 mai? Tra i minori, il 41% \u00e8 trattenuto in detenzione amministrativa, senza che vengano presentate accuse (fonte: Defence for Children International \u2013 Palestine). Eppure, Recalcati non li nomina. Quei corpi non visibili nella sua analisi non sono \u201cfantasmi\u201d: sono detenuti sotto legge militare, in silenzio giudiziario, nell\u2019ombra della macchina statale. Se li ignoriamo, l\u2019ombra non la proiettiamo su Hamas, ma su chi interpreta la psicoanalisi come catechismo e rimuove i corpi che non servono alla sua messa in scena.<\/p>\n\n\n\n<p>Il passo pi\u00f9 discutibile \u00e8 quello in cui afferma:\u201cDifendere la causa del popolo palestinese non impone la detenzione degli ostaggi se non per fare di quello stesso popolo il martire sacrificale di una ideologia di morte.\u201dQui non c\u2019\u00e8 pi\u00f9 neanche il tentativo di un&#8217;analisi psicoanalitica. C\u2019\u00e8 solo moralismo astorico. Insomma, si pu\u00f2 anche tacere qualche volta se non si conosce l&#8217;argomento. Scrive un libro dietro l&#8217;altro, parla di tutto, ogni tanto, su un fatto, pu\u00f2 dire: non ne so abbastanza per scriverci un articolo in prima pagina di un quotidiano nazionale. Poi penso che \u00e8 La repubblica e revoco il mio disappunto: il metodo che uno psicoanalista dovrebbe seguire: mostrare come la lingua dei governi funzioni da diniego. Invece Recalcati preferisce feticizzare un\u2019ombra, spostando il discorso sul nemico.<\/p>\n\n\n\n<p>Cita Elvio Fachinelli:\u201cDove \u00e8 finito il corpo di Lin Piao?\u201dFachinelli (1935\u20131989) \u00e8 stato uno dei pi\u00f9 originali psicoanalisti italiani. Negli anni Settanta, quando la sinistra italiana taceva sulla sorte oscura di Lin Biao, successore designato di Mao morto in un misterioso incidente aereo, Fachinelli pose la domanda scomoda. Quel corpo sparito rappresentava il rimosso di una fede ideologica. Citare Fachinelli oggi avrebbe senso se si volesse smascherare le rimozioni effettive: le frasi di ministri israeliani che definiscono i palestinesi \u201canimali umani\u201d, le dichiarazioni di Blinken che bollano l\u2019accusa di genocidio come \u201cmeritless\u201d, le parole di Cameron che la liquidano come \u201cnonsense\u201d, o di Tajani che la riduce a \u201ccarneficina\u201d. Questo \u00e8 il terreno su cui la psicoanalisi dovrebbe agire: mostrare come la negazione funzioni da marchio, come il \u201cno\u201d riveli proprio ci\u00f2 che si vuole espellere.Lo scambio Gilad Shalit del 2011, un soldato israeliano liberato in cambio di 1027 prigionieri palestinesi, dimostra che la logica dello scambio \u00e8 parte costante della storia del conflitto. Gli scambi del 2023\u20132025 confermano la stessa regola. <\/p>\n\n\n\n<p>Parlare di ostaggi come fantasmi significa ignorare una prassi consolidata, e cancellare la documentazione, si chiama politica, in un conflitto dove i civili non esistono&#8230;Ecco allora il vero rovesciamento: mentre i governi negano il genocidio di Gaza con formule eufemistiche, Recalcati inventa un\u2019ombra che non esiste. Gli ostaggi sono stati raccontati ogni giorno. I palestinesi uccisi e i prigionieri senza processo sono stati rimossi per pi\u00f9 di un anno. Non era un&#8217;ombra era un occultamento deliberato di un genocidio: un abisso di ombre. <\/p>\n\n\n\n<p>La psicoanalisi, se vuole davvero entrare nel discorso pubblico, deve mostrare questo diniego collettivo, non fabbricare spettri. Gli ostaggi hanno diritto di tornare a casa. I palestinesi hanno diritto di sopravvivere. La psicoanalisi deve illuminare ci\u00f2 che viene negato, non ci\u00f2 che gi\u00e0 occupa le prime pagine. Deve servire a leggere la lingua del potere, non a rafforzarla. Altrimenti resta soltanto una predica che invoca fantasmi e lascia intatto il massacro. <\/p>\n\n\n\n<p>A volte si fa pi\u00f9 bella figura a tacere.<\/p>\n\n\n\n<figure class=\"wp-block-image size-full\"><img decoding=\"async\" width=\"526\" height=\"678\" src=\"https:\/\/www.nonsolomusicamagazine.it\/wp-content\/uploads\/2025\/09\/1000084214.jpg\" alt=\"\" class=\"wp-image-12112\" srcset=\"https:\/\/www.nonsolomusicamagazine.it\/wp-content\/uploads\/2025\/09\/1000084214.jpg 526w, https:\/\/www.nonsolomusicamagazine.it\/wp-content\/uploads\/2025\/09\/1000084214-233x300.jpg 233w\" sizes=\"(max-width: 526px) 100vw, 526px\" \/><\/figure>\n","protected":false},"excerpt":{"rendered":"<p>Lavinia Marchetti Ho letto l\u2019articolo di Massimo Recalcati (Ringrazio M.Pia Ghirotti per la segnalazione) su Repubblica di ieri, intitolato \u201cI corpi invisibili degli ostaggi\u201d. \u00c8 un testo che mette in scena un paradosso: il linguaggio della psicoanalisi viene usato come ornamento per una tesi politica gi\u00e0 confezionata. Freud viene evocato come marchio di profondit\u00e0, ma [&hellip;]<\/p>\n","protected":false},"author":1,"featured_media":12112,"comment_status":"open","ping_status":"closed","sticky":false,"template":"","format":"standard","meta":{"footnotes":""},"categories":[1005,20],"tags":[2072,4835,2358,4836],"class_list":["post-12111","post","type-post","status-publish","format-standard","has-post-thumbnail","hentry","category-scienza","category-societa","tag-hamas","tag-massimo-recalcati","tag-ostaggi","tag-recalcati"],"yoast_head":"<!-- This site is optimized with the Yoast SEO plugin v27.4 - https:\/\/yoast.com\/product\/yoast-seo-wordpress\/ -->\n<title>RECALCATI VORREBBE FARCI VEDERE LA NOSTRA OMBRA PER NASCONDERE IL SUO ABISSO - NonSoloMusicaMagazine<\/title>\n<meta name=\"robots\" content=\"index, follow, max-snippet:-1, max-image-preview:large, max-video-preview:-1\" \/>\n<link rel=\"canonical\" href=\"https:\/\/www.nonsolomusicamagazine.it\/?p=12111\" \/>\n<meta property=\"og:locale\" content=\"it_IT\" \/>\n<meta property=\"og:type\" content=\"article\" \/>\n<meta property=\"og:title\" content=\"RECALCATI VORREBBE FARCI VEDERE LA NOSTRA OMBRA PER NASCONDERE IL SUO ABISSO - NonSoloMusicaMagazine\" \/>\n<meta property=\"og:description\" content=\"Lavinia Marchetti Ho letto l\u2019articolo di Massimo Recalcati (Ringrazio M.Pia Ghirotti per la segnalazione) su Repubblica di ieri, intitolato \u201cI corpi invisibili degli ostaggi\u201d. \u00c8 un testo che mette in scena un paradosso: il linguaggio della psicoanalisi viene usato come ornamento per una tesi politica gi\u00e0 confezionata. Freud viene evocato come marchio di profondit\u00e0, ma [&hellip;]\" \/>\n<meta property=\"og:url\" content=\"https:\/\/www.nonsolomusicamagazine.it\/?p=12111\" \/>\n<meta property=\"og:site_name\" content=\"NonSoloMusicaMagazine\" \/>\n<meta property=\"article:published_time\" content=\"2025-09-25T15:04:33+00:00\" \/>\n<meta property=\"article:modified_time\" content=\"2025-09-25T15:08:16+00:00\" \/>\n<meta property=\"og:image\" content=\"https:\/\/www.nonsolomusicamagazine.it\/wp-content\/uploads\/2025\/09\/1000084214.jpg\" \/>\n\t<meta property=\"og:image:width\" content=\"526\" \/>\n\t<meta property=\"og:image:height\" content=\"678\" \/>\n\t<meta property=\"og:image:type\" content=\"image\/jpeg\" \/>\n<meta name=\"author\" content=\"nonsolomusica\" \/>\n<meta name=\"twitter:card\" content=\"summary_large_image\" \/>\n<meta name=\"twitter:label1\" content=\"Scritto da\" \/>\n\t<meta name=\"twitter:data1\" content=\"nonsolomusica\" \/>\n\t<meta name=\"twitter:label2\" content=\"Tempo di lettura stimato\" \/>\n\t<meta name=\"twitter:data2\" content=\"8 minuti\" \/>\n<script type=\"application\/ld+json\" class=\"yoast-schema-graph\">{\"@context\":\"https:\\\/\\\/schema.org\",\"@graph\":[{\"@type\":\"Article\",\"@id\":\"https:\\\/\\\/www.nonsolomusicamagazine.it\\\/?p=12111#article\",\"isPartOf\":{\"@id\":\"https:\\\/\\\/www.nonsolomusicamagazine.it\\\/?p=12111\"},\"author\":{\"name\":\"nonsolomusica\",\"@id\":\"https:\\\/\\\/www.nonsolomusicamagazine.it\\\/#\\\/schema\\\/person\\\/a3349ad02300d046472d46cf6d31ae46\"},\"headline\":\"RECALCATI VORREBBE FARCI VEDERE LA NOSTRA OMBRA PER NASCONDERE IL SUO ABISSO\",\"datePublished\":\"2025-09-25T15:04:33+00:00\",\"dateModified\":\"2025-09-25T15:08:16+00:00\",\"mainEntityOfPage\":{\"@id\":\"https:\\\/\\\/www.nonsolomusicamagazine.it\\\/?p=12111\"},\"wordCount\":1297,\"commentCount\":0,\"image\":{\"@id\":\"https:\\\/\\\/www.nonsolomusicamagazine.it\\\/?p=12111#primaryimage\"},\"thumbnailUrl\":\"https:\\\/\\\/www.nonsolomusicamagazine.it\\\/wp-content\\\/uploads\\\/2025\\\/09\\\/1000084214.jpg\",\"keywords\":[\"Hamas\",\"Massimo Recalcati\",\"ostaggi\",\"Recalcati\"],\"articleSection\":[\"Scienza\",\"Societ\u00e0\"],\"inLanguage\":\"it-IT\",\"potentialAction\":[{\"@type\":\"CommentAction\",\"name\":\"Comment\",\"target\":[\"https:\\\/\\\/www.nonsolomusicamagazine.it\\\/?p=12111#respond\"]}]},{\"@type\":\"WebPage\",\"@id\":\"https:\\\/\\\/www.nonsolomusicamagazine.it\\\/?p=12111\",\"url\":\"https:\\\/\\\/www.nonsolomusicamagazine.it\\\/?p=12111\",\"name\":\"RECALCATI VORREBBE FARCI VEDERE LA NOSTRA OMBRA PER NASCONDERE IL SUO ABISSO - NonSoloMusicaMagazine\",\"isPartOf\":{\"@id\":\"https:\\\/\\\/www.nonsolomusicamagazine.it\\\/#website\"},\"primaryImageOfPage\":{\"@id\":\"https:\\\/\\\/www.nonsolomusicamagazine.it\\\/?p=12111#primaryimage\"},\"image\":{\"@id\":\"https:\\\/\\\/www.nonsolomusicamagazine.it\\\/?p=12111#primaryimage\"},\"thumbnailUrl\":\"https:\\\/\\\/www.nonsolomusicamagazine.it\\\/wp-content\\\/uploads\\\/2025\\\/09\\\/1000084214.jpg\",\"datePublished\":\"2025-09-25T15:04:33+00:00\",\"dateModified\":\"2025-09-25T15:08:16+00:00\",\"author\":{\"@id\":\"https:\\\/\\\/www.nonsolomusicamagazine.it\\\/#\\\/schema\\\/person\\\/a3349ad02300d046472d46cf6d31ae46\"},\"breadcrumb\":{\"@id\":\"https:\\\/\\\/www.nonsolomusicamagazine.it\\\/?p=12111#breadcrumb\"},\"inLanguage\":\"it-IT\",\"potentialAction\":[{\"@type\":\"ReadAction\",\"target\":[\"https:\\\/\\\/www.nonsolomusicamagazine.it\\\/?p=12111\"]}]},{\"@type\":\"ImageObject\",\"inLanguage\":\"it-IT\",\"@id\":\"https:\\\/\\\/www.nonsolomusicamagazine.it\\\/?p=12111#primaryimage\",\"url\":\"https:\\\/\\\/www.nonsolomusicamagazine.it\\\/wp-content\\\/uploads\\\/2025\\\/09\\\/1000084214.jpg\",\"contentUrl\":\"https:\\\/\\\/www.nonsolomusicamagazine.it\\\/wp-content\\\/uploads\\\/2025\\\/09\\\/1000084214.jpg\",\"width\":526,\"height\":678},{\"@type\":\"BreadcrumbList\",\"@id\":\"https:\\\/\\\/www.nonsolomusicamagazine.it\\\/?p=12111#breadcrumb\",\"itemListElement\":[{\"@type\":\"ListItem\",\"position\":1,\"name\":\"Home\",\"item\":\"https:\\\/\\\/www.nonsolomusicamagazine.it\\\/\"},{\"@type\":\"ListItem\",\"position\":2,\"name\":\"RECALCATI VORREBBE FARCI VEDERE LA NOSTRA OMBRA PER NASCONDERE IL SUO ABISSO\"}]},{\"@type\":\"WebSite\",\"@id\":\"https:\\\/\\\/www.nonsolomusicamagazine.it\\\/#website\",\"url\":\"https:\\\/\\\/www.nonsolomusicamagazine.it\\\/\",\"name\":\"Nonsolomusicamagazine\",\"description\":\"Dir. responsabile Manuel M Buccarella\",\"potentialAction\":[{\"@type\":\"SearchAction\",\"target\":{\"@type\":\"EntryPoint\",\"urlTemplate\":\"https:\\\/\\\/www.nonsolomusicamagazine.it\\\/?s={search_term_string}\"},\"query-input\":{\"@type\":\"PropertyValueSpecification\",\"valueRequired\":true,\"valueName\":\"search_term_string\"}}],\"inLanguage\":\"it-IT\"},{\"@type\":\"Person\",\"@id\":\"https:\\\/\\\/www.nonsolomusicamagazine.it\\\/#\\\/schema\\\/person\\\/a3349ad02300d046472d46cf6d31ae46\",\"name\":\"nonsolomusica\",\"image\":{\"@type\":\"ImageObject\",\"inLanguage\":\"it-IT\",\"@id\":\"https:\\\/\\\/www.nonsolomusicamagazine.it\\\/wp-content\\\/litespeed\\\/avatar\\\/3a675484bc84db6aba78d43bfc8b7197.jpg?ver=1776880798\",\"url\":\"https:\\\/\\\/www.nonsolomusicamagazine.it\\\/wp-content\\\/litespeed\\\/avatar\\\/3a675484bc84db6aba78d43bfc8b7197.jpg?ver=1776880798\",\"contentUrl\":\"https:\\\/\\\/www.nonsolomusicamagazine.it\\\/wp-content\\\/litespeed\\\/avatar\\\/3a675484bc84db6aba78d43bfc8b7197.jpg?ver=1776880798\",\"caption\":\"nonsolomusica\"},\"sameAs\":[\"https:\\\/\\\/www.nonsolomusicamagazine.it\"],\"url\":\"https:\\\/\\\/www.nonsolomusicamagazine.it\\\/?author=1\"}]}<\/script>\n<!-- \/ Yoast SEO plugin. -->","yoast_head_json":{"title":"RECALCATI VORREBBE FARCI VEDERE LA NOSTRA OMBRA PER NASCONDERE IL SUO ABISSO - NonSoloMusicaMagazine","robots":{"index":"index","follow":"follow","max-snippet":"max-snippet:-1","max-image-preview":"max-image-preview:large","max-video-preview":"max-video-preview:-1"},"canonical":"https:\/\/www.nonsolomusicamagazine.it\/?p=12111","og_locale":"it_IT","og_type":"article","og_title":"RECALCATI VORREBBE FARCI VEDERE LA NOSTRA OMBRA PER NASCONDERE IL SUO ABISSO - NonSoloMusicaMagazine","og_description":"Lavinia Marchetti Ho letto l\u2019articolo di Massimo Recalcati (Ringrazio M.Pia Ghirotti per la segnalazione) su Repubblica di ieri, intitolato \u201cI corpi invisibili degli ostaggi\u201d. \u00c8 un testo che mette in scena un paradosso: il linguaggio della psicoanalisi viene usato come ornamento per una tesi politica gi\u00e0 confezionata. Freud viene evocato come marchio di profondit\u00e0, ma [&hellip;]","og_url":"https:\/\/www.nonsolomusicamagazine.it\/?p=12111","og_site_name":"NonSoloMusicaMagazine","article_published_time":"2025-09-25T15:04:33+00:00","article_modified_time":"2025-09-25T15:08:16+00:00","og_image":[{"width":526,"height":678,"url":"https:\/\/www.nonsolomusicamagazine.it\/wp-content\/uploads\/2025\/09\/1000084214.jpg","type":"image\/jpeg"}],"author":"nonsolomusica","twitter_card":"summary_large_image","twitter_misc":{"Scritto da":"nonsolomusica","Tempo di lettura stimato":"8 minuti"},"schema":{"@context":"https:\/\/schema.org","@graph":[{"@type":"Article","@id":"https:\/\/www.nonsolomusicamagazine.it\/?p=12111#article","isPartOf":{"@id":"https:\/\/www.nonsolomusicamagazine.it\/?p=12111"},"author":{"name":"nonsolomusica","@id":"https:\/\/www.nonsolomusicamagazine.it\/#\/schema\/person\/a3349ad02300d046472d46cf6d31ae46"},"headline":"RECALCATI VORREBBE FARCI VEDERE LA NOSTRA OMBRA PER NASCONDERE IL SUO ABISSO","datePublished":"2025-09-25T15:04:33+00:00","dateModified":"2025-09-25T15:08:16+00:00","mainEntityOfPage":{"@id":"https:\/\/www.nonsolomusicamagazine.it\/?p=12111"},"wordCount":1297,"commentCount":0,"image":{"@id":"https:\/\/www.nonsolomusicamagazine.it\/?p=12111#primaryimage"},"thumbnailUrl":"https:\/\/www.nonsolomusicamagazine.it\/wp-content\/uploads\/2025\/09\/1000084214.jpg","keywords":["Hamas","Massimo Recalcati","ostaggi","Recalcati"],"articleSection":["Scienza","Societ\u00e0"],"inLanguage":"it-IT","potentialAction":[{"@type":"CommentAction","name":"Comment","target":["https:\/\/www.nonsolomusicamagazine.it\/?p=12111#respond"]}]},{"@type":"WebPage","@id":"https:\/\/www.nonsolomusicamagazine.it\/?p=12111","url":"https:\/\/www.nonsolomusicamagazine.it\/?p=12111","name":"RECALCATI VORREBBE FARCI VEDERE LA NOSTRA OMBRA PER NASCONDERE IL SUO ABISSO - NonSoloMusicaMagazine","isPartOf":{"@id":"https:\/\/www.nonsolomusicamagazine.it\/#website"},"primaryImageOfPage":{"@id":"https:\/\/www.nonsolomusicamagazine.it\/?p=12111#primaryimage"},"image":{"@id":"https:\/\/www.nonsolomusicamagazine.it\/?p=12111#primaryimage"},"thumbnailUrl":"https:\/\/www.nonsolomusicamagazine.it\/wp-content\/uploads\/2025\/09\/1000084214.jpg","datePublished":"2025-09-25T15:04:33+00:00","dateModified":"2025-09-25T15:08:16+00:00","author":{"@id":"https:\/\/www.nonsolomusicamagazine.it\/#\/schema\/person\/a3349ad02300d046472d46cf6d31ae46"},"breadcrumb":{"@id":"https:\/\/www.nonsolomusicamagazine.it\/?p=12111#breadcrumb"},"inLanguage":"it-IT","potentialAction":[{"@type":"ReadAction","target":["https:\/\/www.nonsolomusicamagazine.it\/?p=12111"]}]},{"@type":"ImageObject","inLanguage":"it-IT","@id":"https:\/\/www.nonsolomusicamagazine.it\/?p=12111#primaryimage","url":"https:\/\/www.nonsolomusicamagazine.it\/wp-content\/uploads\/2025\/09\/1000084214.jpg","contentUrl":"https:\/\/www.nonsolomusicamagazine.it\/wp-content\/uploads\/2025\/09\/1000084214.jpg","width":526,"height":678},{"@type":"BreadcrumbList","@id":"https:\/\/www.nonsolomusicamagazine.it\/?p=12111#breadcrumb","itemListElement":[{"@type":"ListItem","position":1,"name":"Home","item":"https:\/\/www.nonsolomusicamagazine.it\/"},{"@type":"ListItem","position":2,"name":"RECALCATI VORREBBE FARCI VEDERE LA NOSTRA OMBRA PER NASCONDERE IL SUO ABISSO"}]},{"@type":"WebSite","@id":"https:\/\/www.nonsolomusicamagazine.it\/#website","url":"https:\/\/www.nonsolomusicamagazine.it\/","name":"Nonsolomusicamagazine","description":"Dir. responsabile Manuel M Buccarella","potentialAction":[{"@type":"SearchAction","target":{"@type":"EntryPoint","urlTemplate":"https:\/\/www.nonsolomusicamagazine.it\/?s={search_term_string}"},"query-input":{"@type":"PropertyValueSpecification","valueRequired":true,"valueName":"search_term_string"}}],"inLanguage":"it-IT"},{"@type":"Person","@id":"https:\/\/www.nonsolomusicamagazine.it\/#\/schema\/person\/a3349ad02300d046472d46cf6d31ae46","name":"nonsolomusica","image":{"@type":"ImageObject","inLanguage":"it-IT","@id":"https:\/\/www.nonsolomusicamagazine.it\/wp-content\/litespeed\/avatar\/3a675484bc84db6aba78d43bfc8b7197.jpg?ver=1776880798","url":"https:\/\/www.nonsolomusicamagazine.it\/wp-content\/litespeed\/avatar\/3a675484bc84db6aba78d43bfc8b7197.jpg?ver=1776880798","contentUrl":"https:\/\/www.nonsolomusicamagazine.it\/wp-content\/litespeed\/avatar\/3a675484bc84db6aba78d43bfc8b7197.jpg?ver=1776880798","caption":"nonsolomusica"},"sameAs":["https:\/\/www.nonsolomusicamagazine.it"],"url":"https:\/\/www.nonsolomusicamagazine.it\/?author=1"}]}},"amp_enabled":true,"_links":{"self":[{"href":"https:\/\/www.nonsolomusicamagazine.it\/index.php?rest_route=\/wp\/v2\/posts\/12111","targetHints":{"allow":["GET"]}}],"collection":[{"href":"https:\/\/www.nonsolomusicamagazine.it\/index.php?rest_route=\/wp\/v2\/posts"}],"about":[{"href":"https:\/\/www.nonsolomusicamagazine.it\/index.php?rest_route=\/wp\/v2\/types\/post"}],"author":[{"embeddable":true,"href":"https:\/\/www.nonsolomusicamagazine.it\/index.php?rest_route=\/wp\/v2\/users\/1"}],"replies":[{"embeddable":true,"href":"https:\/\/www.nonsolomusicamagazine.it\/index.php?rest_route=%2Fwp%2Fv2%2Fcomments&post=12111"}],"version-history":[{"count":0,"href":"https:\/\/www.nonsolomusicamagazine.it\/index.php?rest_route=\/wp\/v2\/posts\/12111\/revisions"}],"wp:featuredmedia":[{"embeddable":true,"href":"https:\/\/www.nonsolomusicamagazine.it\/index.php?rest_route=\/wp\/v2\/media\/12112"}],"wp:attachment":[{"href":"https:\/\/www.nonsolomusicamagazine.it\/index.php?rest_route=%2Fwp%2Fv2%2Fmedia&parent=12111"}],"wp:term":[{"taxonomy":"category","embeddable":true,"href":"https:\/\/www.nonsolomusicamagazine.it\/index.php?rest_route=%2Fwp%2Fv2%2Fcategories&post=12111"},{"taxonomy":"post_tag","embeddable":true,"href":"https:\/\/www.nonsolomusicamagazine.it\/index.php?rest_route=%2Fwp%2Fv2%2Ftags&post=12111"}],"curies":[{"name":"wp","href":"https:\/\/api.w.org\/{rel}","templated":true}]}}