{"id":12154,"date":"2025-09-27T08:51:53","date_gmt":"2025-09-27T06:51:53","guid":{"rendered":"https:\/\/www.nonsolomusicamagazine.it\/?p=12154"},"modified":"2025-09-27T08:51:54","modified_gmt":"2025-09-27T06:51:54","slug":"discorso-di-netanyahu-allassemblea-onu-tradotto-un-discorso-che-restera-nei-libri-di-storiaa-fianco-dei-peggiori","status":"publish","type":"post","link":"https:\/\/www.nonsolomusicamagazine.it\/?p=12154","title":{"rendered":"DISCORSO DI NETANYAHU ALL&#8217;ASSEMBLEA ONU. TRADOTTO. UN DISCORSO CHE RESTERA&#8217; NEI LIBRI DI STORIA\u2026A FIANCO DEI PEGGIORI."},"content":{"rendered":"\n<p class=\"has-text-align-center\"><strong>Lavinia Marchetti<\/strong><\/p>\n\n\n\n<p>Partiamo dal presupposto che \u00e8 un delirio e che ho sentito discorsi molto pi\u00f9 equilibrati di Hitler, di Mussolini, di Pol Pot e altra bella compagnia. Ovviamente non ho il tempo di commentarlo. Sarebbe da scriverci un libro come quando Freud analizz\u00f2 la psicosi del presidente della corte d&#8217;appello Daniel Paul Schreber. Mi riservo solo di dire una cosa: io non sono una psichiatra, ma vorrei che qualche psichiatra o terapeuta particolarmente brillante lo analizzasse. <\/p>\n\n\n\n<p>Il problema non \u00e8 lui, ma lui a capo di un governo di persone che in larga maggioranza la pensa come lui.<\/p>\n\n\n\n<p>Buona lettura se riuscite ad arrivare fino in fondo:<\/p>\n\n\n\n<p>&#8220;Sorprendentemente, mentre combattiamo i terroristi che hanno ucciso tanti dei vostri cittadini, voi combattete contro di noi. Ci condannate. Ci imponete embarghi e ci muovete guerra politica e legale. Questo si chiama \u201clawfare\u201d contro di noi.<\/p>\n\n\n\n<p>Dico ai rappresentanti di quei Paesi: questa non \u00e8 un\u2019accusa contro Israele. \u00c8 un\u2019accusa contro di voi. \u00c8 un\u2019accusa contro leader deboli che preferiscono compiacere il male piuttosto che sostenere una nazione i cui soldati coraggiosi vi difendono dai barbari alle porte. Quelle porte sono gi\u00e0 state penetrate.<\/p>\n\n\n\n<p>Quando imparerete? Non si pu\u00f2 sfuggire alla jihad con le concessioni. Non si sfugge alla tempesta islamista sacrificando Israele. Per superare quella tempesta, bisogna stare con Israele.<\/p>\n\n\n\n<p>Ma non \u00e8 quello che state facendo. Come predissero i profeti d\u2019Israele nella Bibbia, avete trasformato il bene in male e il male in bene.<\/p>\n\n\n\n<p>Ora voglio approfondire questo punto.<br>Prendiamo la falsa accusa di genocidio. Israele \u00e8 accusato di colpire deliberatamente i civili. Signore e signori, la verit\u00e0 \u00e8 l\u2019opposto.<\/p>\n\n\n\n<p>Il colonnello John Spencer, capo degli studi sulla guerra urbana, forse il pi\u00f9 grande esperto mondiale in materia, afferma che Israele sta applicando pi\u00f9 misure per ridurre le vittime civili di qualsiasi altro esercito nella storia. E proprio per questo il rapporto tra vittime non combattenti e combattenti \u00e8 inferiore a 2:1 a Gaza. Un dato incredibilmente basso, inferiore a quello delle guerre della NATO in Afghanistan e Iraq. Soprattutto se si considera che Gaza \u00e8 una delle aree urbane pi\u00f9 densamente popolate al mondo, con centinaia di chilometri di tunnel sotterranei e torri terroristiche sopra il suolo, con migliaia di miliziani nascosti nelle aree civili.<\/p>\n\n\n\n<p>Se volete capire quali misure Israele prende per evitare vittime civili, guardate cosa stiamo facendo ora a Gaza City, l\u2019ultima roccaforte di Hamas, o una delle ultime.<br>Per tre settimane Israele ha lanciato milioni di volantini, inviato milioni di messaggi, fatto innumerevoli telefonate, esortando i civili a lasciare la citt\u00e0 prima che iniziassero le operazioni militari. Allo stesso tempo Hamas si \u00e8 piazzata in moschee, scuole, ospedali, palazzi, e costringe i civili a restare, minacciandoli con le armi se provano ad andarsene.<\/p>\n\n\n\n<p>Per Israele ogni vittima civile \u00e8 una tragedia. Per Hamas \u00e8 una strategia. Hamas usa i civili come scudi umani e strumenti della sua propaganda malata, propaganda che i media occidentali assorbono senza esitazioni.<\/p>\n\n\n\n<p>Nonostante le minacce, circa 700.000 abitanti di Gaza hanno seguito i nostri avvertimenti e si sono spostati in zone sicure.<\/p>\n\n\n\n<p>Ora vi pongo una domanda semplice.<br>Un Paese che commette genocidio chiederebbe mai alla popolazione civile che intende sterminare di allontanarsi dalla zona di pericolo? Diremmo loro di andarsene, se davvero volessimo un genocidio? Israele cerca di portarli fuori, Hamas cerca di tenerli dentro.<\/p>\n\n\n\n<p>L\u2019accusa \u00e8 assurda. Il paragone con i genocidi della storia \u00e8 offensivo. I nazisti chiesero forse agli ebrei di uscire dalle loro case \u201cgentilmente\u201d? Gli altri genocidi della storia lo fecero? Ovviamente no. La verit\u00e0 viene rovesciata.<\/p>\n\n\n\n<p>Hamas \u00e8 un\u2019organizzazione terroristica genocida, con una carta che invoca l\u2019uccisione di tutti gli ebrei del pianeta. Questa organizzazione ottiene indulgenza, viene appena nominata. Israele invece, che fa di tutto per ridurre i rischi ai civili, viene messo sotto processo. Che barzelletta.<\/p>\n\n\n\n<p>Ecco un\u2019altra accusa ridicola: Israele sarebbe colpevole di affamare deliberatamente Gaza, quando in realt\u00e0 Israele sta alimentando Gaza. Dall\u2019inizio della guerra, Israele ha fatto entrare oltre due milioni di tonnellate di cibo e aiuti, pari a una tonnellata per ogni abitante. Circa 3.000 calorie al giorno per persona. Che politica di fame sarebbe questa?<\/p>\n\n\n\n<p>Se alcuni a Gaza non hanno abbastanza cibo, \u00e8 perch\u00e9 Hamas lo ruba. Hamas sequestra gli aiuti, li accumula, li rivende a prezzi esorbitanti per finanziare la sua macchina militare. Il mese scorso persino le Nazioni Unite, che non si possono certo definire sostenitrici di Israele, hanno ammesso che Hamas e altri gruppi armati hanno razziato l\u201985% dei camion di aiuti.<\/p>\n\n\n\n<p>Questa \u00e8 la causa della privazione. E chi diffonde le menzogne di genocidio e fame contro Israele non \u00e8 diverso da chi nei secoli diffondeva menzogne antisemite, accusando gli ebrei di avvelenare i pozzi, diffondere la peste o usare il sangue dei bambini per i riti pasquali.<\/p>\n\n\n\n<p>L\u2019antisemitismo non muore. Si ripresenta sempre, con bugie nuove e vecchie riciclate. E queste bugie hanno conseguenze.<\/p>\n\n\n\n<p>Negli ultimi mesi, ebrei sono stati aggrediti in Canada, Australia, Gran Bretagna, Francia, Paesi Bassi e altrove. Negli Stati Uniti, un sopravvissuto all\u2019Olocausto \u00e8 stato bruciato vivo in Colorado. Una giovane coppia dell\u2019ambasciata israeliana a Washington \u00e8 stata uccisa a colpi di arma da fuoco davanti al Museo dell\u2019Olocausto.<\/p>\n\n\n\n<p>Per fortuna l\u2019amministrazione Trump sta combattendo con forza l\u2019antisemitismo, e ogni governo dovrebbe seguirne l\u2019esempio. Invece molti fanno l\u2019opposto: premiano i peggiori antisemiti della terra.<\/p>\n\n\n\n<p>Questa settimana i leader di Francia, Gran Bretagna, Australia, Canada e altri Paesi hanno riconosciuto senza condizioni lo Stato di Palestina. Lo hanno fatto dopo gli orrori del 7 ottobre, che furono celebrati da quasi il 90% dei palestinesi. Non solo sostenuti: celebrati con balli, dolci distribuiti per strada, sia a Gaza che in Cisgiordania. Esattamente come fecero l\u201911 settembre.<\/p>\n\n\n\n<p>Il messaggio che hanno inviato \u00e8 chiaro: uccidere ebrei paga.<\/p>\n\n\n\n<p>E io ho un messaggio per quei leader: quando i peggiori terroristi del pianeta lodano la vostra decisione, vuol dire che avete sbagliato. Gravemente. La vostra scelta vergognosa incoragger\u00e0 terrorismo contro ebrei e innocenti ovunque. Sar\u00e0 un marchio d\u2019infamia su di voi.<\/p>\n\n\n\n<p>E poi c\u2019\u00e8 la favola della \u201csoluzione a due Stati\u201d. I palestinesi non hanno mai accettato questa idea. Non vogliono uno Stato accanto a Israele, vogliono uno Stato al posto di Israele. Per questo hanno sempre rifiutato le offerte di pace. Per questo hanno usato Gaza, dopo il ritiro israeliano, come base di attacchi, razzi e massacri.<\/p>\n\n\n\n<p>La verit\u00e0 \u00e8 che ci\u00f2 che alimenta questo conflitto non \u00e8 l\u2019assenza di uno Stato palestinese, ma la presenza di uno Stato ebraico. E questa verit\u00e0 vale anche per l\u2019Autorit\u00e0 Palestinese, che paga stipendi ai terroristi, intitola scuole e piazze agli assassini, insegna ai bambini l\u2019odio verso Israele e verso i cristiani. A Betlemme, sotto controllo israeliano, gli abitanti cristiani erano l\u201980%. Ora sono meno del 20% sotto l\u2019Autorit\u00e0 Palestinese.<\/p>\n\n\n\n<p>Dare loro uno Stato, dopo il 7 ottobre, equivarrebbe a dare uno Stato ad al-Qaeda a un miglio da New York dopo l\u201911 settembre. Una follia.<\/p>\n\n\n\n<p>E lasciatemi chiarire: Israele non accetter\u00e0 mai che ci venga imposto uno Stato terrorista. In Knesset, oltre il 90% dei parlamentari ha votato contro. Questa non \u00e8 solo la politica del mio governo. \u00c8 la politica del popolo israeliano&#8221;.<\/p>\n\n\n\n<figure class=\"wp-block-image size-full\"><img decoding=\"async\" width=\"414\" height=\"261\" src=\"https:\/\/www.nonsolomusicamagazine.it\/wp-content\/uploads\/2025\/09\/1000084658.jpg\" alt=\"\" class=\"wp-image-12155\" srcset=\"https:\/\/www.nonsolomusicamagazine.it\/wp-content\/uploads\/2025\/09\/1000084658.jpg 414w, https:\/\/www.nonsolomusicamagazine.it\/wp-content\/uploads\/2025\/09\/1000084658-300x189.jpg 300w\" sizes=\"(max-width: 414px) 100vw, 414px\" \/><\/figure>\n","protected":false},"excerpt":{"rendered":"<p>Lavinia Marchetti Partiamo dal presupposto che \u00e8 un delirio e che ho sentito discorsi molto pi\u00f9 equilibrati di Hitler, di Mussolini, di Pol Pot e altra bella compagnia. Ovviamente non ho il tempo di commentarlo. Sarebbe da scriverci un libro come quando Freud analizz\u00f2 la psicosi del presidente della corte d&#8217;appello Daniel Paul Schreber. Mi [&hellip;]<\/p>\n","protected":false},"author":1,"featured_media":12155,"comment_status":"open","ping_status":"closed","sticky":false,"template":"","format":"standard","meta":{"footnotes":""},"categories":[6,5],"tags":[4852,2573,4703,627,2217,2072,753,62],"class_list":["post-12154","post","type-post","status-publish","format-standard","has-post-thumbnail","hentry","category-esteri","category-politica","tag-7-ottobre","tag-carestia","tag-due-stati","tag-gaza","tag-genocidio","tag-hamas","tag-netanyahu","tag-onu"],"yoast_head":"<!-- This site is optimized with the Yoast SEO plugin v27.4 - https:\/\/yoast.com\/product\/yoast-seo-wordpress\/ -->\n<title>DISCORSO DI NETANYAHU ALL&#039;ASSEMBLEA ONU. TRADOTTO. UN DISCORSO CHE RESTERA&#039; NEI LIBRI DI STORIA\u2026A FIANCO DEI PEGGIORI. - NonSoloMusicaMagazine<\/title>\n<meta name=\"robots\" content=\"index, follow, max-snippet:-1, max-image-preview:large, max-video-preview:-1\" \/>\n<link rel=\"canonical\" href=\"https:\/\/www.nonsolomusicamagazine.it\/?p=12154\" \/>\n<meta property=\"og:locale\" content=\"it_IT\" \/>\n<meta property=\"og:type\" content=\"article\" \/>\n<meta property=\"og:title\" content=\"DISCORSO DI NETANYAHU ALL&#039;ASSEMBLEA ONU. TRADOTTO. UN DISCORSO CHE RESTERA&#039; NEI LIBRI DI STORIA\u2026A FIANCO DEI PEGGIORI. - NonSoloMusicaMagazine\" \/>\n<meta property=\"og:description\" content=\"Lavinia Marchetti Partiamo dal presupposto che \u00e8 un delirio e che ho sentito discorsi molto pi\u00f9 equilibrati di Hitler, di Mussolini, di Pol Pot e altra bella compagnia. Ovviamente non ho il tempo di commentarlo. Sarebbe da scriverci un libro come quando Freud analizz\u00f2 la psicosi del presidente della corte d&#8217;appello Daniel Paul Schreber. Mi [&hellip;]\" \/>\n<meta property=\"og:url\" content=\"https:\/\/www.nonsolomusicamagazine.it\/?p=12154\" \/>\n<meta property=\"og:site_name\" content=\"NonSoloMusicaMagazine\" \/>\n<meta property=\"article:published_time\" content=\"2025-09-27T06:51:53+00:00\" \/>\n<meta property=\"article:modified_time\" content=\"2025-09-27T06:51:54+00:00\" \/>\n<meta property=\"og:image\" content=\"https:\/\/www.nonsolomusicamagazine.it\/wp-content\/uploads\/2025\/09\/1000084658.jpg\" \/>\n\t<meta property=\"og:image:width\" content=\"414\" \/>\n\t<meta property=\"og:image:height\" content=\"261\" \/>\n\t<meta property=\"og:image:type\" content=\"image\/jpeg\" \/>\n<meta name=\"author\" content=\"nonsolomusica\" \/>\n<meta name=\"twitter:card\" content=\"summary_large_image\" \/>\n<meta name=\"twitter:label1\" content=\"Scritto da\" \/>\n\t<meta name=\"twitter:data1\" content=\"nonsolomusica\" \/>\n\t<meta name=\"twitter:label2\" content=\"Tempo di lettura stimato\" \/>\n\t<meta name=\"twitter:data2\" content=\"7 minuti\" \/>\n<script type=\"application\/ld+json\" class=\"yoast-schema-graph\">{\"@context\":\"https:\\\/\\\/schema.org\",\"@graph\":[{\"@type\":\"Article\",\"@id\":\"https:\\\/\\\/www.nonsolomusicamagazine.it\\\/?p=12154#article\",\"isPartOf\":{\"@id\":\"https:\\\/\\\/www.nonsolomusicamagazine.it\\\/?p=12154\"},\"author\":{\"name\":\"nonsolomusica\",\"@id\":\"https:\\\/\\\/www.nonsolomusicamagazine.it\\\/#\\\/schema\\\/person\\\/a3349ad02300d046472d46cf6d31ae46\"},\"headline\":\"DISCORSO DI NETANYAHU ALL&#8217;ASSEMBLEA ONU. TRADOTTO. UN DISCORSO CHE RESTERA&#8217; NEI LIBRI DI STORIA\u2026A FIANCO DEI PEGGIORI.\",\"datePublished\":\"2025-09-27T06:51:53+00:00\",\"dateModified\":\"2025-09-27T06:51:54+00:00\",\"mainEntityOfPage\":{\"@id\":\"https:\\\/\\\/www.nonsolomusicamagazine.it\\\/?p=12154\"},\"wordCount\":1202,\"commentCount\":0,\"image\":{\"@id\":\"https:\\\/\\\/www.nonsolomusicamagazine.it\\\/?p=12154#primaryimage\"},\"thumbnailUrl\":\"https:\\\/\\\/www.nonsolomusicamagazine.it\\\/wp-content\\\/uploads\\\/2025\\\/09\\\/1000084658.jpg\",\"keywords\":[\"7 ottobre\",\"Carestia\",\"Due stati\",\"Gaza\",\"Genocidio\",\"Hamas\",\"Netanyahu\",\"Onu\"],\"articleSection\":[\"Esteri\",\"Politica\"],\"inLanguage\":\"it-IT\",\"potentialAction\":[{\"@type\":\"CommentAction\",\"name\":\"Comment\",\"target\":[\"https:\\\/\\\/www.nonsolomusicamagazine.it\\\/?p=12154#respond\"]}]},{\"@type\":\"WebPage\",\"@id\":\"https:\\\/\\\/www.nonsolomusicamagazine.it\\\/?p=12154\",\"url\":\"https:\\\/\\\/www.nonsolomusicamagazine.it\\\/?p=12154\",\"name\":\"DISCORSO DI NETANYAHU ALL'ASSEMBLEA ONU. TRADOTTO. UN DISCORSO CHE RESTERA' NEI LIBRI DI STORIA\u2026A FIANCO DEI PEGGIORI. - NonSoloMusicaMagazine\",\"isPartOf\":{\"@id\":\"https:\\\/\\\/www.nonsolomusicamagazine.it\\\/#website\"},\"primaryImageOfPage\":{\"@id\":\"https:\\\/\\\/www.nonsolomusicamagazine.it\\\/?p=12154#primaryimage\"},\"image\":{\"@id\":\"https:\\\/\\\/www.nonsolomusicamagazine.it\\\/?p=12154#primaryimage\"},\"thumbnailUrl\":\"https:\\\/\\\/www.nonsolomusicamagazine.it\\\/wp-content\\\/uploads\\\/2025\\\/09\\\/1000084658.jpg\",\"datePublished\":\"2025-09-27T06:51:53+00:00\",\"dateModified\":\"2025-09-27T06:51:54+00:00\",\"author\":{\"@id\":\"https:\\\/\\\/www.nonsolomusicamagazine.it\\\/#\\\/schema\\\/person\\\/a3349ad02300d046472d46cf6d31ae46\"},\"breadcrumb\":{\"@id\":\"https:\\\/\\\/www.nonsolomusicamagazine.it\\\/?p=12154#breadcrumb\"},\"inLanguage\":\"it-IT\",\"potentialAction\":[{\"@type\":\"ReadAction\",\"target\":[\"https:\\\/\\\/www.nonsolomusicamagazine.it\\\/?p=12154\"]}]},{\"@type\":\"ImageObject\",\"inLanguage\":\"it-IT\",\"@id\":\"https:\\\/\\\/www.nonsolomusicamagazine.it\\\/?p=12154#primaryimage\",\"url\":\"https:\\\/\\\/www.nonsolomusicamagazine.it\\\/wp-content\\\/uploads\\\/2025\\\/09\\\/1000084658.jpg\",\"contentUrl\":\"https:\\\/\\\/www.nonsolomusicamagazine.it\\\/wp-content\\\/uploads\\\/2025\\\/09\\\/1000084658.jpg\",\"width\":414,\"height\":261},{\"@type\":\"BreadcrumbList\",\"@id\":\"https:\\\/\\\/www.nonsolomusicamagazine.it\\\/?p=12154#breadcrumb\",\"itemListElement\":[{\"@type\":\"ListItem\",\"position\":1,\"name\":\"Home\",\"item\":\"https:\\\/\\\/www.nonsolomusicamagazine.it\\\/\"},{\"@type\":\"ListItem\",\"position\":2,\"name\":\"DISCORSO DI NETANYAHU ALL&#8217;ASSEMBLEA ONU. TRADOTTO. UN DISCORSO CHE RESTERA&#8217; NEI LIBRI DI STORIA\u2026A FIANCO DEI PEGGIORI.\"}]},{\"@type\":\"WebSite\",\"@id\":\"https:\\\/\\\/www.nonsolomusicamagazine.it\\\/#website\",\"url\":\"https:\\\/\\\/www.nonsolomusicamagazine.it\\\/\",\"name\":\"Nonsolomusicamagazine\",\"description\":\"Dir. responsabile Manuel M Buccarella\",\"potentialAction\":[{\"@type\":\"SearchAction\",\"target\":{\"@type\":\"EntryPoint\",\"urlTemplate\":\"https:\\\/\\\/www.nonsolomusicamagazine.it\\\/?s={search_term_string}\"},\"query-input\":{\"@type\":\"PropertyValueSpecification\",\"valueRequired\":true,\"valueName\":\"search_term_string\"}}],\"inLanguage\":\"it-IT\"},{\"@type\":\"Person\",\"@id\":\"https:\\\/\\\/www.nonsolomusicamagazine.it\\\/#\\\/schema\\\/person\\\/a3349ad02300d046472d46cf6d31ae46\",\"name\":\"nonsolomusica\",\"image\":{\"@type\":\"ImageObject\",\"inLanguage\":\"it-IT\",\"@id\":\"https:\\\/\\\/www.nonsolomusicamagazine.it\\\/wp-content\\\/litespeed\\\/avatar\\\/3a675484bc84db6aba78d43bfc8b7197.jpg?ver=1776880798\",\"url\":\"https:\\\/\\\/www.nonsolomusicamagazine.it\\\/wp-content\\\/litespeed\\\/avatar\\\/3a675484bc84db6aba78d43bfc8b7197.jpg?ver=1776880798\",\"contentUrl\":\"https:\\\/\\\/www.nonsolomusicamagazine.it\\\/wp-content\\\/litespeed\\\/avatar\\\/3a675484bc84db6aba78d43bfc8b7197.jpg?ver=1776880798\",\"caption\":\"nonsolomusica\"},\"sameAs\":[\"https:\\\/\\\/www.nonsolomusicamagazine.it\"],\"url\":\"https:\\\/\\\/www.nonsolomusicamagazine.it\\\/?author=1\"}]}<\/script>\n<!-- \/ Yoast SEO plugin. -->","yoast_head_json":{"title":"DISCORSO DI NETANYAHU ALL'ASSEMBLEA ONU. TRADOTTO. UN DISCORSO CHE RESTERA' NEI LIBRI DI STORIA\u2026A FIANCO DEI PEGGIORI. - NonSoloMusicaMagazine","robots":{"index":"index","follow":"follow","max-snippet":"max-snippet:-1","max-image-preview":"max-image-preview:large","max-video-preview":"max-video-preview:-1"},"canonical":"https:\/\/www.nonsolomusicamagazine.it\/?p=12154","og_locale":"it_IT","og_type":"article","og_title":"DISCORSO DI NETANYAHU ALL'ASSEMBLEA ONU. TRADOTTO. UN DISCORSO CHE RESTERA' NEI LIBRI DI STORIA\u2026A FIANCO DEI PEGGIORI. - NonSoloMusicaMagazine","og_description":"Lavinia Marchetti Partiamo dal presupposto che \u00e8 un delirio e che ho sentito discorsi molto pi\u00f9 equilibrati di Hitler, di Mussolini, di Pol Pot e altra bella compagnia. Ovviamente non ho il tempo di commentarlo. Sarebbe da scriverci un libro come quando Freud analizz\u00f2 la psicosi del presidente della corte d&#8217;appello Daniel Paul Schreber. Mi [&hellip;]","og_url":"https:\/\/www.nonsolomusicamagazine.it\/?p=12154","og_site_name":"NonSoloMusicaMagazine","article_published_time":"2025-09-27T06:51:53+00:00","article_modified_time":"2025-09-27T06:51:54+00:00","og_image":[{"width":414,"height":261,"url":"https:\/\/www.nonsolomusicamagazine.it\/wp-content\/uploads\/2025\/09\/1000084658.jpg","type":"image\/jpeg"}],"author":"nonsolomusica","twitter_card":"summary_large_image","twitter_misc":{"Scritto da":"nonsolomusica","Tempo di lettura stimato":"7 minuti"},"schema":{"@context":"https:\/\/schema.org","@graph":[{"@type":"Article","@id":"https:\/\/www.nonsolomusicamagazine.it\/?p=12154#article","isPartOf":{"@id":"https:\/\/www.nonsolomusicamagazine.it\/?p=12154"},"author":{"name":"nonsolomusica","@id":"https:\/\/www.nonsolomusicamagazine.it\/#\/schema\/person\/a3349ad02300d046472d46cf6d31ae46"},"headline":"DISCORSO DI NETANYAHU ALL&#8217;ASSEMBLEA ONU. TRADOTTO. UN DISCORSO CHE RESTERA&#8217; NEI LIBRI DI STORIA\u2026A FIANCO DEI PEGGIORI.","datePublished":"2025-09-27T06:51:53+00:00","dateModified":"2025-09-27T06:51:54+00:00","mainEntityOfPage":{"@id":"https:\/\/www.nonsolomusicamagazine.it\/?p=12154"},"wordCount":1202,"commentCount":0,"image":{"@id":"https:\/\/www.nonsolomusicamagazine.it\/?p=12154#primaryimage"},"thumbnailUrl":"https:\/\/www.nonsolomusicamagazine.it\/wp-content\/uploads\/2025\/09\/1000084658.jpg","keywords":["7 ottobre","Carestia","Due stati","Gaza","Genocidio","Hamas","Netanyahu","Onu"],"articleSection":["Esteri","Politica"],"inLanguage":"it-IT","potentialAction":[{"@type":"CommentAction","name":"Comment","target":["https:\/\/www.nonsolomusicamagazine.it\/?p=12154#respond"]}]},{"@type":"WebPage","@id":"https:\/\/www.nonsolomusicamagazine.it\/?p=12154","url":"https:\/\/www.nonsolomusicamagazine.it\/?p=12154","name":"DISCORSO DI NETANYAHU ALL'ASSEMBLEA ONU. TRADOTTO. UN DISCORSO CHE RESTERA' NEI LIBRI DI STORIA\u2026A FIANCO DEI PEGGIORI. - NonSoloMusicaMagazine","isPartOf":{"@id":"https:\/\/www.nonsolomusicamagazine.it\/#website"},"primaryImageOfPage":{"@id":"https:\/\/www.nonsolomusicamagazine.it\/?p=12154#primaryimage"},"image":{"@id":"https:\/\/www.nonsolomusicamagazine.it\/?p=12154#primaryimage"},"thumbnailUrl":"https:\/\/www.nonsolomusicamagazine.it\/wp-content\/uploads\/2025\/09\/1000084658.jpg","datePublished":"2025-09-27T06:51:53+00:00","dateModified":"2025-09-27T06:51:54+00:00","author":{"@id":"https:\/\/www.nonsolomusicamagazine.it\/#\/schema\/person\/a3349ad02300d046472d46cf6d31ae46"},"breadcrumb":{"@id":"https:\/\/www.nonsolomusicamagazine.it\/?p=12154#breadcrumb"},"inLanguage":"it-IT","potentialAction":[{"@type":"ReadAction","target":["https:\/\/www.nonsolomusicamagazine.it\/?p=12154"]}]},{"@type":"ImageObject","inLanguage":"it-IT","@id":"https:\/\/www.nonsolomusicamagazine.it\/?p=12154#primaryimage","url":"https:\/\/www.nonsolomusicamagazine.it\/wp-content\/uploads\/2025\/09\/1000084658.jpg","contentUrl":"https:\/\/www.nonsolomusicamagazine.it\/wp-content\/uploads\/2025\/09\/1000084658.jpg","width":414,"height":261},{"@type":"BreadcrumbList","@id":"https:\/\/www.nonsolomusicamagazine.it\/?p=12154#breadcrumb","itemListElement":[{"@type":"ListItem","position":1,"name":"Home","item":"https:\/\/www.nonsolomusicamagazine.it\/"},{"@type":"ListItem","position":2,"name":"DISCORSO DI NETANYAHU ALL&#8217;ASSEMBLEA ONU. TRADOTTO. UN DISCORSO CHE RESTERA&#8217; NEI LIBRI DI STORIA\u2026A FIANCO DEI PEGGIORI."}]},{"@type":"WebSite","@id":"https:\/\/www.nonsolomusicamagazine.it\/#website","url":"https:\/\/www.nonsolomusicamagazine.it\/","name":"Nonsolomusicamagazine","description":"Dir. responsabile Manuel M Buccarella","potentialAction":[{"@type":"SearchAction","target":{"@type":"EntryPoint","urlTemplate":"https:\/\/www.nonsolomusicamagazine.it\/?s={search_term_string}"},"query-input":{"@type":"PropertyValueSpecification","valueRequired":true,"valueName":"search_term_string"}}],"inLanguage":"it-IT"},{"@type":"Person","@id":"https:\/\/www.nonsolomusicamagazine.it\/#\/schema\/person\/a3349ad02300d046472d46cf6d31ae46","name":"nonsolomusica","image":{"@type":"ImageObject","inLanguage":"it-IT","@id":"https:\/\/www.nonsolomusicamagazine.it\/wp-content\/litespeed\/avatar\/3a675484bc84db6aba78d43bfc8b7197.jpg?ver=1776880798","url":"https:\/\/www.nonsolomusicamagazine.it\/wp-content\/litespeed\/avatar\/3a675484bc84db6aba78d43bfc8b7197.jpg?ver=1776880798","contentUrl":"https:\/\/www.nonsolomusicamagazine.it\/wp-content\/litespeed\/avatar\/3a675484bc84db6aba78d43bfc8b7197.jpg?ver=1776880798","caption":"nonsolomusica"},"sameAs":["https:\/\/www.nonsolomusicamagazine.it"],"url":"https:\/\/www.nonsolomusicamagazine.it\/?author=1"}]}},"amp_enabled":true,"_links":{"self":[{"href":"https:\/\/www.nonsolomusicamagazine.it\/index.php?rest_route=\/wp\/v2\/posts\/12154","targetHints":{"allow":["GET"]}}],"collection":[{"href":"https:\/\/www.nonsolomusicamagazine.it\/index.php?rest_route=\/wp\/v2\/posts"}],"about":[{"href":"https:\/\/www.nonsolomusicamagazine.it\/index.php?rest_route=\/wp\/v2\/types\/post"}],"author":[{"embeddable":true,"href":"https:\/\/www.nonsolomusicamagazine.it\/index.php?rest_route=\/wp\/v2\/users\/1"}],"replies":[{"embeddable":true,"href":"https:\/\/www.nonsolomusicamagazine.it\/index.php?rest_route=%2Fwp%2Fv2%2Fcomments&post=12154"}],"version-history":[{"count":0,"href":"https:\/\/www.nonsolomusicamagazine.it\/index.php?rest_route=\/wp\/v2\/posts\/12154\/revisions"}],"wp:featuredmedia":[{"embeddable":true,"href":"https:\/\/www.nonsolomusicamagazine.it\/index.php?rest_route=\/wp\/v2\/media\/12155"}],"wp:attachment":[{"href":"https:\/\/www.nonsolomusicamagazine.it\/index.php?rest_route=%2Fwp%2Fv2%2Fmedia&parent=12154"}],"wp:term":[{"taxonomy":"category","embeddable":true,"href":"https:\/\/www.nonsolomusicamagazine.it\/index.php?rest_route=%2Fwp%2Fv2%2Fcategories&post=12154"},{"taxonomy":"post_tag","embeddable":true,"href":"https:\/\/www.nonsolomusicamagazine.it\/index.php?rest_route=%2Fwp%2Fv2%2Ftags&post=12154"}],"curies":[{"name":"wp","href":"https:\/\/api.w.org\/{rel}","templated":true}]}}