{"id":12209,"date":"2025-09-30T21:01:17","date_gmt":"2025-09-30T19:01:17","guid":{"rendered":"https:\/\/www.nonsolomusicamagazine.it\/?p=12209"},"modified":"2025-09-30T21:01:18","modified_gmt":"2025-09-30T19:01:18","slug":"petro-trump-merita-la-prigione-se-continua-a-sostenere-il-genocidio-israeliano-a-gaza-da-lantidiplomatico","status":"publish","type":"post","link":"https:\/\/www.nonsolomusicamagazine.it\/?p=12209","title":{"rendered":"Petro: Trump &#8220;merita la prigione&#8221; se continua a sostenere il genocidio israeliano a Gaza (da l&#8217;AntiDiplomatico)"},"content":{"rendered":"\n<p>AntiDiplomatico ha pubblicato oggi un articolo interessante circa la posizione del presidente della Colombia Gustavo Petro,  che ha attaccato il presidente statunitense Donald Trump per la sua posizione di incrollabile sostegno all&#8217;alleato israeliano nel genocidio di Gaza ed ora, nella &#8220;soluzione di pace per Gaza&#8221;, che per altro non riconosce espressamente uno Stato per i palestinesi e prevede un &#8220;protettorato&#8221; su Gaza, che taglia praticamente fuori gazawi e palestinesi.<\/p>\n\n\n\n<p>Il presidente colombiano Gustavo Petro avverte che Donald Trump &#8220;merita di andare in prigione&#8221; se continua a sostenere il &#8220;genocidio&#8221; di Israele a Gaza. <a href=\"https:\/\/www.nonsolomusicamagazine.it\/?p=11255\">Petro aveva gi\u00e0 di recente attaccato la Nato per l&#8217;appoggio ad Israele nel genocidio a Gaza<\/a><\/p>\n\n\n\n<p>Luned\u00ec, durante una riunione del governo trasmessa in diretta streaming, Petro ha dichiarato che &#8220;se il signor Trump continua a essere complice di un genocidio, come \u00e8 stato fino ad oggi, non merita altro che la prigione. E il suo esercito non dovrebbe obbedirgli&#8221;.Venerd\u00ec il Dipartimento di Stato americano ha annunciato la revoca del visto a Petro per aver esortato i soldati statunitensi &#8220;a disobbedire agli ordini e incitare alla violenza&#8221; durante una manifestazione pro-palestinese a New York, dopo aver partecipato a varie attivit\u00e0 dell&#8217;Assemblea generale delle Nazioni Unite (UNGA) nel corso della settimana.A questo proposito, il presidente ha messo in dubbio l&#8217;impatto diplomatico della misura e ha avvertito che limitare l&#8217;accesso dei funzionari alle Nazioni Unite viola gli accordi internazionali e limita la partecipazione della Colombia ai forum multilaterali.&#8221;Questo \u00e8 un atto stupido da parte del governo degli Stati Uniti. Viola il diritto internazionale e non ha il diritto di revocare i visti a chiunque debba parlare alle Nazioni Unite o su questioni in discussione alle Nazioni Unite. Questo \u00e8 il diritto internazionale&#8221;, ha ricordato Petro. Secondo il Presidente colombiano, &#8220;gli Stati Uniti in realt\u00e0 non riconoscono il diritto internazionale&#8221;, poich\u00e9 non sono riusciti ad arrestare il primo ministro israeliano Benjamin Netanyahu quando si \u00e8 recato a New York per pronunciare il suo discorso all&#8217;Assemblea generale delle Nazioni Unite, nonostante avessero un mandato di arresto della Corte penale internazionale (CPI).&#8221;Lo Statuto di Roma descrive cosa sono i crimini contro l&#8217;umanit\u00e0 o crimini di guerra (&#8230;). Qualsiasi persona, di qualsiasi nazionalit\u00e0, processata in quei tribunali pu\u00f2 essere arrestata da qualsiasi Paese che vi transiti. Netanyahu pu\u00f2 quindi essere arrestato negli Stati Uniti&#8221;, ha sottolineato.<\/p>\n\n\n\n<p>Per leggere il resto dei contenuti l&#8217;articolo \u00e8 qui <\/p>\n\n\n\n<p>https:\/\/www.lantidiplomatico.it\/dettnews-petro_trump_merita_la_prigione_se_continua_a_sostenere_il_genocidio_israeliano_a_gaza\/45289_62824\/<\/p>\n\n\n\n<figure class=\"wp-block-image size-full\"><img decoding=\"async\" width=\"737\" height=\"1024\" src=\"https:\/\/www.nonsolomusicamagazine.it\/wp-content\/uploads\/2025\/09\/1000085476.jpg\" alt=\"\" class=\"wp-image-12210\" srcset=\"https:\/\/www.nonsolomusicamagazine.it\/wp-content\/uploads\/2025\/09\/1000085476.jpg 737w, https:\/\/www.nonsolomusicamagazine.it\/wp-content\/uploads\/2025\/09\/1000085476-216x300.jpg 216w\" sizes=\"(max-width: 737px) 100vw, 737px\" \/><\/figure>\n\n\n\n<p><\/p>\n","protected":false},"excerpt":{"rendered":"<p>AntiDiplomatico ha pubblicato oggi un articolo interessante circa la posizione del presidente della Colombia Gustavo Petro, che ha attaccato il presidente statunitense Donald Trump per la sua posizione di incrollabile sostegno all&#8217;alleato israeliano nel genocidio di Gaza ed ora, nella &#8220;soluzione di pace per Gaza&#8221;, che per altro non riconosce espressamente uno Stato per i [&hellip;]<\/p>\n","protected":false},"author":1,"featured_media":12210,"comment_status":"open","ping_status":"closed","sticky":false,"template":"","format":"standard","meta":{"footnotes":""},"categories":[6,5],"tags":[4472,3539,1047,4691,4517,14,753,38],"class_list":["post-12209","post","type-post","status-publish","format-standard","has-post-thumbnail","hentry","category-esteri","category-politica","tag-antidiplomatico","tag-arresto","tag-colombia","tag-donald-trump","tag-gustavo-petro","tag-nato","tag-netanyahu","tag-usa"],"yoast_head":"<!-- This site is optimized with the Yoast SEO plugin v27.4 - https:\/\/yoast.com\/product\/yoast-seo-wordpress\/ -->\n<title>Petro: Trump &quot;merita la prigione&quot; se continua a sostenere il genocidio israeliano a Gaza (da l&#039;AntiDiplomatico) - NonSoloMusicaMagazine<\/title>\n<meta name=\"robots\" content=\"index, follow, max-snippet:-1, max-image-preview:large, max-video-preview:-1\" \/>\n<link rel=\"canonical\" href=\"https:\/\/www.nonsolomusicamagazine.it\/?p=12209\" \/>\n<meta property=\"og:locale\" content=\"it_IT\" \/>\n<meta property=\"og:type\" content=\"article\" \/>\n<meta property=\"og:title\" content=\"Petro: Trump &quot;merita la prigione&quot; se continua a sostenere il genocidio israeliano a Gaza (da l&#039;AntiDiplomatico) - NonSoloMusicaMagazine\" \/>\n<meta property=\"og:description\" content=\"AntiDiplomatico ha pubblicato oggi un articolo interessante circa la posizione del presidente della Colombia Gustavo Petro, che ha attaccato il presidente statunitense Donald Trump per la sua posizione di incrollabile sostegno all&#8217;alleato israeliano nel genocidio di Gaza ed ora, nella &#8220;soluzione di pace per Gaza&#8221;, che per altro non riconosce espressamente uno Stato per i [&hellip;]\" \/>\n<meta property=\"og:url\" content=\"https:\/\/www.nonsolomusicamagazine.it\/?p=12209\" \/>\n<meta property=\"og:site_name\" content=\"NonSoloMusicaMagazine\" \/>\n<meta property=\"article:published_time\" content=\"2025-09-30T19:01:17+00:00\" \/>\n<meta property=\"article:modified_time\" content=\"2025-09-30T19:01:18+00:00\" \/>\n<meta property=\"og:image\" content=\"https:\/\/www.nonsolomusicamagazine.it\/wp-content\/uploads\/2025\/09\/1000085476.jpg\" \/>\n\t<meta property=\"og:image:width\" content=\"737\" \/>\n\t<meta property=\"og:image:height\" content=\"1024\" \/>\n\t<meta property=\"og:image:type\" content=\"image\/jpeg\" \/>\n<meta name=\"author\" content=\"nonsolomusica\" \/>\n<meta name=\"twitter:card\" content=\"summary_large_image\" \/>\n<meta name=\"twitter:label1\" content=\"Scritto da\" \/>\n\t<meta name=\"twitter:data1\" content=\"nonsolomusica\" \/>\n\t<meta name=\"twitter:label2\" content=\"Tempo di lettura stimato\" \/>\n\t<meta name=\"twitter:data2\" content=\"3 minuti\" \/>\n<script type=\"application\/ld+json\" class=\"yoast-schema-graph\">{\"@context\":\"https:\\\/\\\/schema.org\",\"@graph\":[{\"@type\":\"Article\",\"@id\":\"https:\\\/\\\/www.nonsolomusicamagazine.it\\\/?p=12209#article\",\"isPartOf\":{\"@id\":\"https:\\\/\\\/www.nonsolomusicamagazine.it\\\/?p=12209\"},\"author\":{\"name\":\"nonsolomusica\",\"@id\":\"https:\\\/\\\/www.nonsolomusicamagazine.it\\\/#\\\/schema\\\/person\\\/a3349ad02300d046472d46cf6d31ae46\"},\"headline\":\"Petro: Trump &#8220;merita la prigione&#8221; se continua a sostenere il genocidio israeliano a Gaza (da l&#8217;AntiDiplomatico)\",\"datePublished\":\"2025-09-30T19:01:17+00:00\",\"dateModified\":\"2025-09-30T19:01:18+00:00\",\"mainEntityOfPage\":{\"@id\":\"https:\\\/\\\/www.nonsolomusicamagazine.it\\\/?p=12209\"},\"wordCount\":433,\"commentCount\":0,\"image\":{\"@id\":\"https:\\\/\\\/www.nonsolomusicamagazine.it\\\/?p=12209#primaryimage\"},\"thumbnailUrl\":\"https:\\\/\\\/www.nonsolomusicamagazine.it\\\/wp-content\\\/uploads\\\/2025\\\/09\\\/1000085476.jpg\",\"keywords\":[\"AntiDiplomatico\",\"Arresto\",\"Colombia\",\"Donald Trump\",\"Gustavo Petro\",\"Nato\",\"Netanyahu\",\"Usa\"],\"articleSection\":[\"Esteri\",\"Politica\"],\"inLanguage\":\"it-IT\",\"potentialAction\":[{\"@type\":\"CommentAction\",\"name\":\"Comment\",\"target\":[\"https:\\\/\\\/www.nonsolomusicamagazine.it\\\/?p=12209#respond\"]}]},{\"@type\":\"WebPage\",\"@id\":\"https:\\\/\\\/www.nonsolomusicamagazine.it\\\/?p=12209\",\"url\":\"https:\\\/\\\/www.nonsolomusicamagazine.it\\\/?p=12209\",\"name\":\"Petro: Trump \\\"merita la prigione\\\" se continua a sostenere il genocidio israeliano a Gaza (da l'AntiDiplomatico) - NonSoloMusicaMagazine\",\"isPartOf\":{\"@id\":\"https:\\\/\\\/www.nonsolomusicamagazine.it\\\/#website\"},\"primaryImageOfPage\":{\"@id\":\"https:\\\/\\\/www.nonsolomusicamagazine.it\\\/?p=12209#primaryimage\"},\"image\":{\"@id\":\"https:\\\/\\\/www.nonsolomusicamagazine.it\\\/?p=12209#primaryimage\"},\"thumbnailUrl\":\"https:\\\/\\\/www.nonsolomusicamagazine.it\\\/wp-content\\\/uploads\\\/2025\\\/09\\\/1000085476.jpg\",\"datePublished\":\"2025-09-30T19:01:17+00:00\",\"dateModified\":\"2025-09-30T19:01:18+00:00\",\"author\":{\"@id\":\"https:\\\/\\\/www.nonsolomusicamagazine.it\\\/#\\\/schema\\\/person\\\/a3349ad02300d046472d46cf6d31ae46\"},\"breadcrumb\":{\"@id\":\"https:\\\/\\\/www.nonsolomusicamagazine.it\\\/?p=12209#breadcrumb\"},\"inLanguage\":\"it-IT\",\"potentialAction\":[{\"@type\":\"ReadAction\",\"target\":[\"https:\\\/\\\/www.nonsolomusicamagazine.it\\\/?p=12209\"]}]},{\"@type\":\"ImageObject\",\"inLanguage\":\"it-IT\",\"@id\":\"https:\\\/\\\/www.nonsolomusicamagazine.it\\\/?p=12209#primaryimage\",\"url\":\"https:\\\/\\\/www.nonsolomusicamagazine.it\\\/wp-content\\\/uploads\\\/2025\\\/09\\\/1000085476.jpg\",\"contentUrl\":\"https:\\\/\\\/www.nonsolomusicamagazine.it\\\/wp-content\\\/uploads\\\/2025\\\/09\\\/1000085476.jpg\",\"width\":737,\"height\":1024},{\"@type\":\"BreadcrumbList\",\"@id\":\"https:\\\/\\\/www.nonsolomusicamagazine.it\\\/?p=12209#breadcrumb\",\"itemListElement\":[{\"@type\":\"ListItem\",\"position\":1,\"name\":\"Home\",\"item\":\"https:\\\/\\\/www.nonsolomusicamagazine.it\\\/\"},{\"@type\":\"ListItem\",\"position\":2,\"name\":\"Petro: Trump &#8220;merita la prigione&#8221; se continua a sostenere il genocidio israeliano a Gaza (da l&#8217;AntiDiplomatico)\"}]},{\"@type\":\"WebSite\",\"@id\":\"https:\\\/\\\/www.nonsolomusicamagazine.it\\\/#website\",\"url\":\"https:\\\/\\\/www.nonsolomusicamagazine.it\\\/\",\"name\":\"Nonsolomusicamagazine\",\"description\":\"Dir. responsabile Manuel M Buccarella\",\"potentialAction\":[{\"@type\":\"SearchAction\",\"target\":{\"@type\":\"EntryPoint\",\"urlTemplate\":\"https:\\\/\\\/www.nonsolomusicamagazine.it\\\/?s={search_term_string}\"},\"query-input\":{\"@type\":\"PropertyValueSpecification\",\"valueRequired\":true,\"valueName\":\"search_term_string\"}}],\"inLanguage\":\"it-IT\"},{\"@type\":\"Person\",\"@id\":\"https:\\\/\\\/www.nonsolomusicamagazine.it\\\/#\\\/schema\\\/person\\\/a3349ad02300d046472d46cf6d31ae46\",\"name\":\"nonsolomusica\",\"image\":{\"@type\":\"ImageObject\",\"inLanguage\":\"it-IT\",\"@id\":\"https:\\\/\\\/www.nonsolomusicamagazine.it\\\/wp-content\\\/litespeed\\\/avatar\\\/3a675484bc84db6aba78d43bfc8b7197.jpg?ver=1776880798\",\"url\":\"https:\\\/\\\/www.nonsolomusicamagazine.it\\\/wp-content\\\/litespeed\\\/avatar\\\/3a675484bc84db6aba78d43bfc8b7197.jpg?ver=1776880798\",\"contentUrl\":\"https:\\\/\\\/www.nonsolomusicamagazine.it\\\/wp-content\\\/litespeed\\\/avatar\\\/3a675484bc84db6aba78d43bfc8b7197.jpg?ver=1776880798\",\"caption\":\"nonsolomusica\"},\"sameAs\":[\"https:\\\/\\\/www.nonsolomusicamagazine.it\"],\"url\":\"https:\\\/\\\/www.nonsolomusicamagazine.it\\\/?author=1\"}]}<\/script>\n<!-- \/ Yoast SEO plugin. -->","yoast_head_json":{"title":"Petro: Trump \"merita la prigione\" se continua a sostenere il genocidio israeliano a Gaza (da l'AntiDiplomatico) - NonSoloMusicaMagazine","robots":{"index":"index","follow":"follow","max-snippet":"max-snippet:-1","max-image-preview":"max-image-preview:large","max-video-preview":"max-video-preview:-1"},"canonical":"https:\/\/www.nonsolomusicamagazine.it\/?p=12209","og_locale":"it_IT","og_type":"article","og_title":"Petro: Trump \"merita la prigione\" se continua a sostenere il genocidio israeliano a Gaza (da l'AntiDiplomatico) - NonSoloMusicaMagazine","og_description":"AntiDiplomatico ha pubblicato oggi un articolo interessante circa la posizione del presidente della Colombia Gustavo Petro, che ha attaccato il presidente statunitense Donald Trump per la sua posizione di incrollabile sostegno all&#8217;alleato israeliano nel genocidio di Gaza ed ora, nella &#8220;soluzione di pace per Gaza&#8221;, che per altro non riconosce espressamente uno Stato per i [&hellip;]","og_url":"https:\/\/www.nonsolomusicamagazine.it\/?p=12209","og_site_name":"NonSoloMusicaMagazine","article_published_time":"2025-09-30T19:01:17+00:00","article_modified_time":"2025-09-30T19:01:18+00:00","og_image":[{"width":737,"height":1024,"url":"https:\/\/www.nonsolomusicamagazine.it\/wp-content\/uploads\/2025\/09\/1000085476.jpg","type":"image\/jpeg"}],"author":"nonsolomusica","twitter_card":"summary_large_image","twitter_misc":{"Scritto da":"nonsolomusica","Tempo di lettura stimato":"3 minuti"},"schema":{"@context":"https:\/\/schema.org","@graph":[{"@type":"Article","@id":"https:\/\/www.nonsolomusicamagazine.it\/?p=12209#article","isPartOf":{"@id":"https:\/\/www.nonsolomusicamagazine.it\/?p=12209"},"author":{"name":"nonsolomusica","@id":"https:\/\/www.nonsolomusicamagazine.it\/#\/schema\/person\/a3349ad02300d046472d46cf6d31ae46"},"headline":"Petro: Trump &#8220;merita la prigione&#8221; se continua a sostenere il genocidio israeliano a Gaza (da l&#8217;AntiDiplomatico)","datePublished":"2025-09-30T19:01:17+00:00","dateModified":"2025-09-30T19:01:18+00:00","mainEntityOfPage":{"@id":"https:\/\/www.nonsolomusicamagazine.it\/?p=12209"},"wordCount":433,"commentCount":0,"image":{"@id":"https:\/\/www.nonsolomusicamagazine.it\/?p=12209#primaryimage"},"thumbnailUrl":"https:\/\/www.nonsolomusicamagazine.it\/wp-content\/uploads\/2025\/09\/1000085476.jpg","keywords":["AntiDiplomatico","Arresto","Colombia","Donald Trump","Gustavo Petro","Nato","Netanyahu","Usa"],"articleSection":["Esteri","Politica"],"inLanguage":"it-IT","potentialAction":[{"@type":"CommentAction","name":"Comment","target":["https:\/\/www.nonsolomusicamagazine.it\/?p=12209#respond"]}]},{"@type":"WebPage","@id":"https:\/\/www.nonsolomusicamagazine.it\/?p=12209","url":"https:\/\/www.nonsolomusicamagazine.it\/?p=12209","name":"Petro: Trump \"merita la prigione\" se continua a sostenere il genocidio israeliano a Gaza (da l'AntiDiplomatico) - NonSoloMusicaMagazine","isPartOf":{"@id":"https:\/\/www.nonsolomusicamagazine.it\/#website"},"primaryImageOfPage":{"@id":"https:\/\/www.nonsolomusicamagazine.it\/?p=12209#primaryimage"},"image":{"@id":"https:\/\/www.nonsolomusicamagazine.it\/?p=12209#primaryimage"},"thumbnailUrl":"https:\/\/www.nonsolomusicamagazine.it\/wp-content\/uploads\/2025\/09\/1000085476.jpg","datePublished":"2025-09-30T19:01:17+00:00","dateModified":"2025-09-30T19:01:18+00:00","author":{"@id":"https:\/\/www.nonsolomusicamagazine.it\/#\/schema\/person\/a3349ad02300d046472d46cf6d31ae46"},"breadcrumb":{"@id":"https:\/\/www.nonsolomusicamagazine.it\/?p=12209#breadcrumb"},"inLanguage":"it-IT","potentialAction":[{"@type":"ReadAction","target":["https:\/\/www.nonsolomusicamagazine.it\/?p=12209"]}]},{"@type":"ImageObject","inLanguage":"it-IT","@id":"https:\/\/www.nonsolomusicamagazine.it\/?p=12209#primaryimage","url":"https:\/\/www.nonsolomusicamagazine.it\/wp-content\/uploads\/2025\/09\/1000085476.jpg","contentUrl":"https:\/\/www.nonsolomusicamagazine.it\/wp-content\/uploads\/2025\/09\/1000085476.jpg","width":737,"height":1024},{"@type":"BreadcrumbList","@id":"https:\/\/www.nonsolomusicamagazine.it\/?p=12209#breadcrumb","itemListElement":[{"@type":"ListItem","position":1,"name":"Home","item":"https:\/\/www.nonsolomusicamagazine.it\/"},{"@type":"ListItem","position":2,"name":"Petro: Trump &#8220;merita la prigione&#8221; se continua a sostenere il genocidio israeliano a Gaza (da l&#8217;AntiDiplomatico)"}]},{"@type":"WebSite","@id":"https:\/\/www.nonsolomusicamagazine.it\/#website","url":"https:\/\/www.nonsolomusicamagazine.it\/","name":"Nonsolomusicamagazine","description":"Dir. responsabile Manuel M Buccarella","potentialAction":[{"@type":"SearchAction","target":{"@type":"EntryPoint","urlTemplate":"https:\/\/www.nonsolomusicamagazine.it\/?s={search_term_string}"},"query-input":{"@type":"PropertyValueSpecification","valueRequired":true,"valueName":"search_term_string"}}],"inLanguage":"it-IT"},{"@type":"Person","@id":"https:\/\/www.nonsolomusicamagazine.it\/#\/schema\/person\/a3349ad02300d046472d46cf6d31ae46","name":"nonsolomusica","image":{"@type":"ImageObject","inLanguage":"it-IT","@id":"https:\/\/www.nonsolomusicamagazine.it\/wp-content\/litespeed\/avatar\/3a675484bc84db6aba78d43bfc8b7197.jpg?ver=1776880798","url":"https:\/\/www.nonsolomusicamagazine.it\/wp-content\/litespeed\/avatar\/3a675484bc84db6aba78d43bfc8b7197.jpg?ver=1776880798","contentUrl":"https:\/\/www.nonsolomusicamagazine.it\/wp-content\/litespeed\/avatar\/3a675484bc84db6aba78d43bfc8b7197.jpg?ver=1776880798","caption":"nonsolomusica"},"sameAs":["https:\/\/www.nonsolomusicamagazine.it"],"url":"https:\/\/www.nonsolomusicamagazine.it\/?author=1"}]}},"amp_enabled":true,"_links":{"self":[{"href":"https:\/\/www.nonsolomusicamagazine.it\/index.php?rest_route=\/wp\/v2\/posts\/12209","targetHints":{"allow":["GET"]}}],"collection":[{"href":"https:\/\/www.nonsolomusicamagazine.it\/index.php?rest_route=\/wp\/v2\/posts"}],"about":[{"href":"https:\/\/www.nonsolomusicamagazine.it\/index.php?rest_route=\/wp\/v2\/types\/post"}],"author":[{"embeddable":true,"href":"https:\/\/www.nonsolomusicamagazine.it\/index.php?rest_route=\/wp\/v2\/users\/1"}],"replies":[{"embeddable":true,"href":"https:\/\/www.nonsolomusicamagazine.it\/index.php?rest_route=%2Fwp%2Fv2%2Fcomments&post=12209"}],"version-history":[{"count":0,"href":"https:\/\/www.nonsolomusicamagazine.it\/index.php?rest_route=\/wp\/v2\/posts\/12209\/revisions"}],"wp:featuredmedia":[{"embeddable":true,"href":"https:\/\/www.nonsolomusicamagazine.it\/index.php?rest_route=\/wp\/v2\/media\/12210"}],"wp:attachment":[{"href":"https:\/\/www.nonsolomusicamagazine.it\/index.php?rest_route=%2Fwp%2Fv2%2Fmedia&parent=12209"}],"wp:term":[{"taxonomy":"category","embeddable":true,"href":"https:\/\/www.nonsolomusicamagazine.it\/index.php?rest_route=%2Fwp%2Fv2%2Fcategories&post=12209"},{"taxonomy":"post_tag","embeddable":true,"href":"https:\/\/www.nonsolomusicamagazine.it\/index.php?rest_route=%2Fwp%2Fv2%2Ftags&post=12209"}],"curies":[{"name":"wp","href":"https:\/\/api.w.org\/{rel}","templated":true}]}}