{"id":12254,"date":"2025-10-02T19:11:23","date_gmt":"2025-10-02T17:11:23","guid":{"rendered":"https:\/\/www.nonsolomusicamagazine.it\/?p=12254"},"modified":"2025-10-02T19:11:24","modified_gmt":"2025-10-02T17:11:24","slug":"meloni-il-weekend-e-lo-sciopero","status":"publish","type":"post","link":"https:\/\/www.nonsolomusicamagazine.it\/?p=12254","title":{"rendered":"MELONI, IL WEEKEND E LO SCIOPERO"},"content":{"rendered":"\n<p class=\"has-text-align-center\"><strong>Alfredo Facchini<\/strong><\/p>\n\n\n\n<p>Giorgia Meloni, comiziante da 15 mila euro al mese per 14 mensilit\u00e0, si permette di pontificare sullo sciopero generale di domani con la battuta: \u00abWeekend lungo e rivoluzione non stanno insieme\u00bb.Una frase che rivela tutta la distanza siderale tra lei e chi lavora. Perch\u00e9 a questa nullit\u00e0 assoluta sfugge un dettaglio fondamentale: chi sciopera non fa vacanza. Non si regala un \u201cponte\u201d, non si prende un \u201cweekend lungo\u201d. Chi sciopera perde salario, perde giornate di paga. \u00c8 una scelta consapevole, pagata di tasca propria.Se un lavoratore volesse davvero solo allungarsi il fine settimana, basterebbe chiedere un giorno di ferie: le ferie sono retribuite, lo sciopero no.Siamo all\u2019ABC. Cos\u00ec si tenta di trasformare lo sciopero in una caricatura: non pi\u00f9 strumento di lotta e dignit\u00e0, ma capriccio da fannulloni. <\/p>\n\n\n\n<p>\u00c8 la stessa supercazzola di sempre: denigrare chi protesta, ridicolizzare chi alza la testa, mentre la casta incassa stipendi dorati e privilegi. Intanto la nullit\u00e0 si \u00e8 recentemente comprata una villa con piscina.Ormai solo i troll pi\u00f9 squallidi continuano a ripetere a macchinetta questa litania. Solo una che non ha mai lavorato davvero, solo una che non ha mai dovuto scioperare, pu\u00f2 brandire simili argomenti.Tra l\u2019altro, senza sapere che alcune categorie lavorano anche il sabato e la domenica. Che lo sciopero \u00e8 un diritto (art. 40 della Costituzione).A proposito di Costituzione, il garante addormentato non ha nulla da dire?<\/p>\n\n\n\n<figure class=\"wp-block-image size-large\"><img decoding=\"async\" width=\"492\" height=\"1024\" src=\"https:\/\/www.nonsolomusicamagazine.it\/wp-content\/uploads\/2025\/10\/1000086264-492x1024.jpg\" alt=\"\" class=\"wp-image-12255\" srcset=\"https:\/\/www.nonsolomusicamagazine.it\/wp-content\/uploads\/2025\/10\/1000086264-492x1024.jpg 492w, https:\/\/www.nonsolomusicamagazine.it\/wp-content\/uploads\/2025\/10\/1000086264-144x300.jpg 144w, https:\/\/www.nonsolomusicamagazine.it\/wp-content\/uploads\/2025\/10\/1000086264-768x1598.jpg 768w, https:\/\/www.nonsolomusicamagazine.it\/wp-content\/uploads\/2025\/10\/1000086264-738x1536.jpg 738w, https:\/\/www.nonsolomusicamagazine.it\/wp-content\/uploads\/2025\/10\/1000086264.jpg 984w\" sizes=\"(max-width: 492px) 100vw, 492px\" \/><\/figure>\n","protected":false},"excerpt":{"rendered":"<p>Alfredo Facchini Giorgia Meloni, comiziante da 15 mila euro al mese per 14 mensilit\u00e0, si permette di pontificare sullo sciopero generale di domani con la battuta: \u00abWeekend lungo e rivoluzione non stanno insieme\u00bb.Una frase che rivela tutta la distanza siderale tra lei e chi lavora. Perch\u00e9 a questa nullit\u00e0 assoluta sfugge un dettaglio fondamentale: chi [&hellip;]<\/p>\n","protected":false},"author":1,"featured_media":12255,"comment_status":"open","ping_status":"closed","sticky":false,"template":"","format":"standard","meta":{"footnotes":""},"categories":[5,20],"tags":[627,456,4673,2311],"class_list":["post-12254","post","type-post","status-publish","format-standard","has-post-thumbnail","hentry","category-politica","category-societa","tag-gaza","tag-giorgia-meloni","tag-global-sumud-flotilla","tag-sciopero-generale"],"yoast_head":"<!-- This site is optimized with the Yoast SEO plugin v27.5 - https:\/\/yoast.com\/product\/yoast-seo-wordpress\/ -->\n<title>MELONI, IL WEEKEND E LO SCIOPERO - NonSoloMusicaMagazine<\/title>\n<meta name=\"robots\" content=\"index, follow, max-snippet:-1, max-image-preview:large, max-video-preview:-1\" \/>\n<link rel=\"canonical\" href=\"https:\/\/www.nonsolomusicamagazine.it\/?p=12254\" \/>\n<meta property=\"og:locale\" content=\"it_IT\" \/>\n<meta property=\"og:type\" content=\"article\" \/>\n<meta property=\"og:title\" content=\"MELONI, IL WEEKEND E LO SCIOPERO - NonSoloMusicaMagazine\" \/>\n<meta property=\"og:description\" content=\"Alfredo Facchini Giorgia Meloni, comiziante da 15 mila euro al mese per 14 mensilit\u00e0, si permette di pontificare sullo sciopero generale di domani con la battuta: \u00abWeekend lungo e rivoluzione non stanno insieme\u00bb.Una frase che rivela tutta la distanza siderale tra lei e chi lavora. Perch\u00e9 a questa nullit\u00e0 assoluta sfugge un dettaglio fondamentale: chi [&hellip;]\" \/>\n<meta property=\"og:url\" content=\"https:\/\/www.nonsolomusicamagazine.it\/?p=12254\" \/>\n<meta property=\"og:site_name\" content=\"NonSoloMusicaMagazine\" \/>\n<meta property=\"article:published_time\" content=\"2025-10-02T17:11:23+00:00\" \/>\n<meta property=\"article:modified_time\" content=\"2025-10-02T17:11:24+00:00\" \/>\n<meta property=\"og:image\" content=\"https:\/\/www.nonsolomusicamagazine.it\/wp-content\/uploads\/2025\/10\/1000086264.jpg\" \/>\n\t<meta property=\"og:image:width\" content=\"984\" \/>\n\t<meta property=\"og:image:height\" content=\"2048\" \/>\n\t<meta property=\"og:image:type\" content=\"image\/jpeg\" \/>\n<meta name=\"author\" content=\"nonsolomusica\" \/>\n<meta name=\"twitter:card\" content=\"summary_large_image\" \/>\n<meta name=\"twitter:label1\" content=\"Scritto da\" \/>\n\t<meta name=\"twitter:data1\" content=\"nonsolomusica\" \/>\n\t<meta name=\"twitter:label2\" content=\"Tempo di lettura stimato\" \/>\n\t<meta name=\"twitter:data2\" content=\"2 minuti\" \/>\n<script type=\"application\/ld+json\" class=\"yoast-schema-graph\">{\"@context\":\"https:\\\/\\\/schema.org\",\"@graph\":[{\"@type\":\"Article\",\"@id\":\"https:\\\/\\\/www.nonsolomusicamagazine.it\\\/?p=12254#article\",\"isPartOf\":{\"@id\":\"https:\\\/\\\/www.nonsolomusicamagazine.it\\\/?p=12254\"},\"author\":{\"name\":\"nonsolomusica\",\"@id\":\"https:\\\/\\\/www.nonsolomusicamagazine.it\\\/#\\\/schema\\\/person\\\/a3349ad02300d046472d46cf6d31ae46\"},\"headline\":\"MELONI, IL WEEKEND E LO SCIOPERO\",\"datePublished\":\"2025-10-02T17:11:23+00:00\",\"dateModified\":\"2025-10-02T17:11:24+00:00\",\"mainEntityOfPage\":{\"@id\":\"https:\\\/\\\/www.nonsolomusicamagazine.it\\\/?p=12254\"},\"wordCount\":236,\"commentCount\":0,\"image\":{\"@id\":\"https:\\\/\\\/www.nonsolomusicamagazine.it\\\/?p=12254#primaryimage\"},\"thumbnailUrl\":\"https:\\\/\\\/www.nonsolomusicamagazine.it\\\/wp-content\\\/uploads\\\/2025\\\/10\\\/1000086264.jpg\",\"keywords\":[\"Gaza\",\"Giorgia Meloni\",\"Global Sumud Flotilla\",\"Sciopero generale\"],\"articleSection\":[\"Politica\",\"Societ\u00e0\"],\"inLanguage\":\"it-IT\",\"potentialAction\":[{\"@type\":\"CommentAction\",\"name\":\"Comment\",\"target\":[\"https:\\\/\\\/www.nonsolomusicamagazine.it\\\/?p=12254#respond\"]}]},{\"@type\":\"WebPage\",\"@id\":\"https:\\\/\\\/www.nonsolomusicamagazine.it\\\/?p=12254\",\"url\":\"https:\\\/\\\/www.nonsolomusicamagazine.it\\\/?p=12254\",\"name\":\"MELONI, IL WEEKEND E LO SCIOPERO - NonSoloMusicaMagazine\",\"isPartOf\":{\"@id\":\"https:\\\/\\\/www.nonsolomusicamagazine.it\\\/#website\"},\"primaryImageOfPage\":{\"@id\":\"https:\\\/\\\/www.nonsolomusicamagazine.it\\\/?p=12254#primaryimage\"},\"image\":{\"@id\":\"https:\\\/\\\/www.nonsolomusicamagazine.it\\\/?p=12254#primaryimage\"},\"thumbnailUrl\":\"https:\\\/\\\/www.nonsolomusicamagazine.it\\\/wp-content\\\/uploads\\\/2025\\\/10\\\/1000086264.jpg\",\"datePublished\":\"2025-10-02T17:11:23+00:00\",\"dateModified\":\"2025-10-02T17:11:24+00:00\",\"author\":{\"@id\":\"https:\\\/\\\/www.nonsolomusicamagazine.it\\\/#\\\/schema\\\/person\\\/a3349ad02300d046472d46cf6d31ae46\"},\"breadcrumb\":{\"@id\":\"https:\\\/\\\/www.nonsolomusicamagazine.it\\\/?p=12254#breadcrumb\"},\"inLanguage\":\"it-IT\",\"potentialAction\":[{\"@type\":\"ReadAction\",\"target\":[\"https:\\\/\\\/www.nonsolomusicamagazine.it\\\/?p=12254\"]}]},{\"@type\":\"ImageObject\",\"inLanguage\":\"it-IT\",\"@id\":\"https:\\\/\\\/www.nonsolomusicamagazine.it\\\/?p=12254#primaryimage\",\"url\":\"https:\\\/\\\/www.nonsolomusicamagazine.it\\\/wp-content\\\/uploads\\\/2025\\\/10\\\/1000086264.jpg\",\"contentUrl\":\"https:\\\/\\\/www.nonsolomusicamagazine.it\\\/wp-content\\\/uploads\\\/2025\\\/10\\\/1000086264.jpg\",\"width\":984,\"height\":2048},{\"@type\":\"BreadcrumbList\",\"@id\":\"https:\\\/\\\/www.nonsolomusicamagazine.it\\\/?p=12254#breadcrumb\",\"itemListElement\":[{\"@type\":\"ListItem\",\"position\":1,\"name\":\"Home\",\"item\":\"https:\\\/\\\/www.nonsolomusicamagazine.it\\\/\"},{\"@type\":\"ListItem\",\"position\":2,\"name\":\"MELONI, IL WEEKEND E LO SCIOPERO\"}]},{\"@type\":\"WebSite\",\"@id\":\"https:\\\/\\\/www.nonsolomusicamagazine.it\\\/#website\",\"url\":\"https:\\\/\\\/www.nonsolomusicamagazine.it\\\/\",\"name\":\"Nonsolomusicamagazine\",\"description\":\"Dir. responsabile Manuel M Buccarella\",\"potentialAction\":[{\"@type\":\"SearchAction\",\"target\":{\"@type\":\"EntryPoint\",\"urlTemplate\":\"https:\\\/\\\/www.nonsolomusicamagazine.it\\\/?s={search_term_string}\"},\"query-input\":{\"@type\":\"PropertyValueSpecification\",\"valueRequired\":true,\"valueName\":\"search_term_string\"}}],\"inLanguage\":\"it-IT\"},{\"@type\":\"Person\",\"@id\":\"https:\\\/\\\/www.nonsolomusicamagazine.it\\\/#\\\/schema\\\/person\\\/a3349ad02300d046472d46cf6d31ae46\",\"name\":\"nonsolomusica\",\"image\":{\"@type\":\"ImageObject\",\"inLanguage\":\"it-IT\",\"@id\":\"https:\\\/\\\/www.nonsolomusicamagazine.it\\\/wp-content\\\/litespeed\\\/avatar\\\/3a675484bc84db6aba78d43bfc8b7197.jpg?ver=1777485663\",\"url\":\"https:\\\/\\\/www.nonsolomusicamagazine.it\\\/wp-content\\\/litespeed\\\/avatar\\\/3a675484bc84db6aba78d43bfc8b7197.jpg?ver=1777485663\",\"contentUrl\":\"https:\\\/\\\/www.nonsolomusicamagazine.it\\\/wp-content\\\/litespeed\\\/avatar\\\/3a675484bc84db6aba78d43bfc8b7197.jpg?ver=1777485663\",\"caption\":\"nonsolomusica\"},\"sameAs\":[\"https:\\\/\\\/www.nonsolomusicamagazine.it\"],\"url\":\"https:\\\/\\\/www.nonsolomusicamagazine.it\\\/?author=1\"}]}<\/script>\n<!-- \/ Yoast SEO plugin. -->","yoast_head_json":{"title":"MELONI, IL WEEKEND E LO SCIOPERO - NonSoloMusicaMagazine","robots":{"index":"index","follow":"follow","max-snippet":"max-snippet:-1","max-image-preview":"max-image-preview:large","max-video-preview":"max-video-preview:-1"},"canonical":"https:\/\/www.nonsolomusicamagazine.it\/?p=12254","og_locale":"it_IT","og_type":"article","og_title":"MELONI, IL WEEKEND E LO SCIOPERO - NonSoloMusicaMagazine","og_description":"Alfredo Facchini Giorgia Meloni, comiziante da 15 mila euro al mese per 14 mensilit\u00e0, si permette di pontificare sullo sciopero generale di domani con la battuta: \u00abWeekend lungo e rivoluzione non stanno insieme\u00bb.Una frase che rivela tutta la distanza siderale tra lei e chi lavora. Perch\u00e9 a questa nullit\u00e0 assoluta sfugge un dettaglio fondamentale: chi [&hellip;]","og_url":"https:\/\/www.nonsolomusicamagazine.it\/?p=12254","og_site_name":"NonSoloMusicaMagazine","article_published_time":"2025-10-02T17:11:23+00:00","article_modified_time":"2025-10-02T17:11:24+00:00","og_image":[{"width":984,"height":2048,"url":"https:\/\/www.nonsolomusicamagazine.it\/wp-content\/uploads\/2025\/10\/1000086264.jpg","type":"image\/jpeg"}],"author":"nonsolomusica","twitter_card":"summary_large_image","twitter_misc":{"Scritto da":"nonsolomusica","Tempo di lettura stimato":"2 minuti"},"schema":{"@context":"https:\/\/schema.org","@graph":[{"@type":"Article","@id":"https:\/\/www.nonsolomusicamagazine.it\/?p=12254#article","isPartOf":{"@id":"https:\/\/www.nonsolomusicamagazine.it\/?p=12254"},"author":{"name":"nonsolomusica","@id":"https:\/\/www.nonsolomusicamagazine.it\/#\/schema\/person\/a3349ad02300d046472d46cf6d31ae46"},"headline":"MELONI, IL WEEKEND E LO SCIOPERO","datePublished":"2025-10-02T17:11:23+00:00","dateModified":"2025-10-02T17:11:24+00:00","mainEntityOfPage":{"@id":"https:\/\/www.nonsolomusicamagazine.it\/?p=12254"},"wordCount":236,"commentCount":0,"image":{"@id":"https:\/\/www.nonsolomusicamagazine.it\/?p=12254#primaryimage"},"thumbnailUrl":"https:\/\/www.nonsolomusicamagazine.it\/wp-content\/uploads\/2025\/10\/1000086264.jpg","keywords":["Gaza","Giorgia Meloni","Global Sumud Flotilla","Sciopero generale"],"articleSection":["Politica","Societ\u00e0"],"inLanguage":"it-IT","potentialAction":[{"@type":"CommentAction","name":"Comment","target":["https:\/\/www.nonsolomusicamagazine.it\/?p=12254#respond"]}]},{"@type":"WebPage","@id":"https:\/\/www.nonsolomusicamagazine.it\/?p=12254","url":"https:\/\/www.nonsolomusicamagazine.it\/?p=12254","name":"MELONI, IL WEEKEND E LO SCIOPERO - NonSoloMusicaMagazine","isPartOf":{"@id":"https:\/\/www.nonsolomusicamagazine.it\/#website"},"primaryImageOfPage":{"@id":"https:\/\/www.nonsolomusicamagazine.it\/?p=12254#primaryimage"},"image":{"@id":"https:\/\/www.nonsolomusicamagazine.it\/?p=12254#primaryimage"},"thumbnailUrl":"https:\/\/www.nonsolomusicamagazine.it\/wp-content\/uploads\/2025\/10\/1000086264.jpg","datePublished":"2025-10-02T17:11:23+00:00","dateModified":"2025-10-02T17:11:24+00:00","author":{"@id":"https:\/\/www.nonsolomusicamagazine.it\/#\/schema\/person\/a3349ad02300d046472d46cf6d31ae46"},"breadcrumb":{"@id":"https:\/\/www.nonsolomusicamagazine.it\/?p=12254#breadcrumb"},"inLanguage":"it-IT","potentialAction":[{"@type":"ReadAction","target":["https:\/\/www.nonsolomusicamagazine.it\/?p=12254"]}]},{"@type":"ImageObject","inLanguage":"it-IT","@id":"https:\/\/www.nonsolomusicamagazine.it\/?p=12254#primaryimage","url":"https:\/\/www.nonsolomusicamagazine.it\/wp-content\/uploads\/2025\/10\/1000086264.jpg","contentUrl":"https:\/\/www.nonsolomusicamagazine.it\/wp-content\/uploads\/2025\/10\/1000086264.jpg","width":984,"height":2048},{"@type":"BreadcrumbList","@id":"https:\/\/www.nonsolomusicamagazine.it\/?p=12254#breadcrumb","itemListElement":[{"@type":"ListItem","position":1,"name":"Home","item":"https:\/\/www.nonsolomusicamagazine.it\/"},{"@type":"ListItem","position":2,"name":"MELONI, IL WEEKEND E LO SCIOPERO"}]},{"@type":"WebSite","@id":"https:\/\/www.nonsolomusicamagazine.it\/#website","url":"https:\/\/www.nonsolomusicamagazine.it\/","name":"Nonsolomusicamagazine","description":"Dir. responsabile Manuel M Buccarella","potentialAction":[{"@type":"SearchAction","target":{"@type":"EntryPoint","urlTemplate":"https:\/\/www.nonsolomusicamagazine.it\/?s={search_term_string}"},"query-input":{"@type":"PropertyValueSpecification","valueRequired":true,"valueName":"search_term_string"}}],"inLanguage":"it-IT"},{"@type":"Person","@id":"https:\/\/www.nonsolomusicamagazine.it\/#\/schema\/person\/a3349ad02300d046472d46cf6d31ae46","name":"nonsolomusica","image":{"@type":"ImageObject","inLanguage":"it-IT","@id":"https:\/\/www.nonsolomusicamagazine.it\/wp-content\/litespeed\/avatar\/3a675484bc84db6aba78d43bfc8b7197.jpg?ver=1777485663","url":"https:\/\/www.nonsolomusicamagazine.it\/wp-content\/litespeed\/avatar\/3a675484bc84db6aba78d43bfc8b7197.jpg?ver=1777485663","contentUrl":"https:\/\/www.nonsolomusicamagazine.it\/wp-content\/litespeed\/avatar\/3a675484bc84db6aba78d43bfc8b7197.jpg?ver=1777485663","caption":"nonsolomusica"},"sameAs":["https:\/\/www.nonsolomusicamagazine.it"],"url":"https:\/\/www.nonsolomusicamagazine.it\/?author=1"}]}},"amp_enabled":true,"_links":{"self":[{"href":"https:\/\/www.nonsolomusicamagazine.it\/index.php?rest_route=\/wp\/v2\/posts\/12254","targetHints":{"allow":["GET"]}}],"collection":[{"href":"https:\/\/www.nonsolomusicamagazine.it\/index.php?rest_route=\/wp\/v2\/posts"}],"about":[{"href":"https:\/\/www.nonsolomusicamagazine.it\/index.php?rest_route=\/wp\/v2\/types\/post"}],"author":[{"embeddable":true,"href":"https:\/\/www.nonsolomusicamagazine.it\/index.php?rest_route=\/wp\/v2\/users\/1"}],"replies":[{"embeddable":true,"href":"https:\/\/www.nonsolomusicamagazine.it\/index.php?rest_route=%2Fwp%2Fv2%2Fcomments&post=12254"}],"version-history":[{"count":0,"href":"https:\/\/www.nonsolomusicamagazine.it\/index.php?rest_route=\/wp\/v2\/posts\/12254\/revisions"}],"wp:featuredmedia":[{"embeddable":true,"href":"https:\/\/www.nonsolomusicamagazine.it\/index.php?rest_route=\/wp\/v2\/media\/12255"}],"wp:attachment":[{"href":"https:\/\/www.nonsolomusicamagazine.it\/index.php?rest_route=%2Fwp%2Fv2%2Fmedia&parent=12254"}],"wp:term":[{"taxonomy":"category","embeddable":true,"href":"https:\/\/www.nonsolomusicamagazine.it\/index.php?rest_route=%2Fwp%2Fv2%2Fcategories&post=12254"},{"taxonomy":"post_tag","embeddable":true,"href":"https:\/\/www.nonsolomusicamagazine.it\/index.php?rest_route=%2Fwp%2Fv2%2Ftags&post=12254"}],"curies":[{"name":"wp","href":"https:\/\/api.w.org\/{rel}","templated":true}]}}