{"id":12274,"date":"2025-10-03T17:12:22","date_gmt":"2025-10-03T15:12:22","guid":{"rendered":"https:\/\/www.nonsolomusicamagazine.it\/?p=12274"},"modified":"2025-10-03T17:21:24","modified_gmt":"2025-10-03T15:21:24","slug":"colori-di-vita-e-arte-mostra-pittorica-di-caterina-romanosabato-11-ottobre-al-conservatorio-santanna-di-lecce","status":"publish","type":"post","link":"https:\/\/www.nonsolomusicamagazine.it\/?p=12274","title":{"rendered":"Colori di vita e arte. Mostra pittorica di Caterina Romano sabato 11 ottobre al Conservatorio Sant\u2019Anna di Lecce"},"content":{"rendered":"\n<p class=\"has-text-align-center\"><strong>Massimo Barbano<\/strong><\/p>\n\n\n\n<p>Colori di vita e arte. Caterina Romano. Una mostra di pittura dell\u2019artista salentina in sinergia con l\u2019omonimo libro curato dal critico d\u2019arte milanese Marco Eugenio Di Giandomenico. <\/p>\n\n\n\n<p>L\u2019evento si terr\u00e0 sabato 11 ottobre prossimo alle 17.30 nel Conservatorio Sant\u2019Anna di Lecce (ingresso da via Giuseppe Libertini 10). La mostra, patrocinata dal Comune di Lecce e promossa da Betting on Italy e da Estro Digitale rester\u00e0 aperta fino al 19 ottobre e conterr\u00e0 30 opere pittoriche di Caterina Romano. Il libro, pubblicato da Ethicando e scritto da Marco Eugenio Di Giandomenico si immerge nella storia di vita e nelle opere dell\u2019artista salentina, indagandone la lenta e sofferta emersione espressiva del talento creativo in linea con le sue vicende esistenziali. <\/p>\n\n\n\n<p>Una vita ordinaria, fatta di gioie, delusioni e distaccamenti affettivi, diventa lo scenario di un percorso interiore straordinario dell\u2019artista, in cui il fuoco dell\u2019estro non pu\u00f2 che divampare contro mille paure e incertezze, contro ogni condizionamento esterno. La storia di Caterina \u00e8 la storia di molte persone, soprattutto donne, la cui creativit\u00e0 artistica rimane negata e inespressa. La societ\u00e0 contemporanea, votata al recepimento del consenso ad ogni costo (like\/don\u2019t like), dimentica dei valori primordiali e tiepida ai contenuti culturali, \u00e8 assordata dai rumori delle nuove tecnologie, ancora incapaci di diventare strumento per la migliore espressione della natura umana. <\/p>\n\n\n\n<p>L\u2019opera editoriale, oltre al racconto di una fantastica ricostruzione dell\u2019incontro tra il critico e l\u2019artista, analizza gli aspetti critici e ermeneutici delle opere della Romano e contiene una rassegna esaustiva delle sue opere.<\/p>\n\n\n\n<p>Caterina Romano, dopo la maturit\u00e0 scientifica, ha frequentato il corso di scienze statistiche presso l\u2019Universit\u00e0 di Bari. Dal 2003 al 2010 frequenta la Scuola Serale di Disegno e Plastica &#8220;E. Maccagnani&#8221;, diretta da Cecilia Polito, acquisendo le tecniche del disegno e della composizione pittorica. Si cimenta nella produzione di copie d\u2019autore immergendosi nella pittura di grandi artisti dell\u2019ottocento e del novecento, quali Camille Pissarro, Claude Monet, Pierre-Auguste Renoir, Paul C\u00e9zanne, Henri Matisse, Marc Chagall, solo per citarne alcuni. <\/p>\n\n\n\n<p>Nel primo decennio degli anni duemila si cimenta nella realizzazione pittorica di fotografie d\u2019autore (Olivier F\u00f6llmi, Patrick De Wilde e soprattutto Steve McCurry), le quali diventano via via solo immagini ispirative che danno origine a dipinti originali. Negli ultimi quindici anni la sua produzione declina nell\u2019astratto, con una progressiva attenzione alle problematiche della sostenibilit\u00e0 ambientale e sociale e con una copiosa realizzazione di opere d\u2019arte esposte in mostre personali prestigiose in location istituzionali del Salento e della Campania, tra cui, nel 2022, presso la Biblioteca Comunale e Palazzo Riocci, a Gallipoli; nel 2021, presso il Chiostro dei Carmelitani a Nard\u00f2; nel 2019, presso il Chiostro del Complesso Monumentale di Santa Maria la Nova a Napoli, e presso la Galleria Arca a Lecce. Nel 2022 la sua opera \u201cTrasudazione &#8211; Exude\u201d (tecnica mista su juta, 105&#215;125 cm, 2022) \u00e8 acquisita al patrimonio permanente del Museo Sigismondo Castromediano di Lecce. Nel 2023 le sue opere sono esposte nella Sala Vetri del Museo del Risorgimento di Milano nell\u2019ambito della manifestazione \u201cSustainable Art\u201d, a cura del critico d\u2019arte Marco Eugenio Di Giandomenico.<\/p>\n\n\n\n<figure class=\"wp-block-image size-full\"><img decoding=\"async\" width=\"539\" height=\"672\" src=\"https:\/\/www.nonsolomusicamagazine.it\/wp-content\/uploads\/2025\/10\/1000086719.jpg\" alt=\"\" class=\"wp-image-12275\" srcset=\"https:\/\/www.nonsolomusicamagazine.it\/wp-content\/uploads\/2025\/10\/1000086719.jpg 539w, https:\/\/www.nonsolomusicamagazine.it\/wp-content\/uploads\/2025\/10\/1000086719-241x300.jpg 241w\" sizes=\"(max-width: 539px) 100vw, 539px\" \/><\/figure>\n\n\n\n<figure class=\"wp-block-gallery has-nested-images columns-default is-cropped wp-block-gallery-1 is-layout-flex wp-block-gallery-is-layout-flex\">\n<figure class=\"wp-block-image size-large\"><img decoding=\"async\" width=\"388\" height=\"548\" data-id=\"12281\" src=\"https:\/\/www.nonsolomusicamagazine.it\/wp-content\/uploads\/2025\/10\/1000086722-1.jpg\" alt=\"\" class=\"wp-image-12281\" srcset=\"https:\/\/www.nonsolomusicamagazine.it\/wp-content\/uploads\/2025\/10\/1000086722-1.jpg 388w, https:\/\/www.nonsolomusicamagazine.it\/wp-content\/uploads\/2025\/10\/1000086722-1-212x300.jpg 212w\" sizes=\"(max-width: 388px) 100vw, 388px\" \/><\/figure>\n<\/figure>\n","protected":false},"excerpt":{"rendered":"<p>Massimo Barbano Colori di vita e arte. Caterina Romano. Una mostra di pittura dell\u2019artista salentina in sinergia con l\u2019omonimo libro curato dal critico d\u2019arte milanese Marco Eugenio Di Giandomenico. L\u2019evento si terr\u00e0 sabato 11 ottobre prossimo alle 17.30 nel Conservatorio Sant\u2019Anna di Lecce (ingresso da via Giuseppe Libertini 10). La mostra, patrocinata dal Comune di [&hellip;]<\/p>\n","protected":false},"author":1,"featured_media":12275,"comment_status":"open","ping_status":"closed","sticky":false,"template":"","format":"standard","meta":{"footnotes":""},"categories":[1069],"tags":[2343,4911,4913,52,1292],"class_list":["post-12274","post","type-post","status-publish","format-standard","has-post-thumbnail","hentry","category-arte","tag-arte","tag-caterina-romano","tag-conservatorio-santanna","tag-lecce","tag-mostra"],"yoast_head":"<!-- This site is optimized with the Yoast SEO plugin v27.5 - https:\/\/yoast.com\/product\/yoast-seo-wordpress\/ -->\n<title>Colori di vita e arte. Mostra pittorica di Caterina Romano sabato 11 ottobre al Conservatorio Sant\u2019Anna di Lecce - NonSoloMusicaMagazine<\/title>\n<meta name=\"robots\" content=\"index, follow, max-snippet:-1, max-image-preview:large, max-video-preview:-1\" \/>\n<link rel=\"canonical\" href=\"https:\/\/www.nonsolomusicamagazine.it\/?p=12274\" \/>\n<meta property=\"og:locale\" content=\"it_IT\" \/>\n<meta property=\"og:type\" content=\"article\" \/>\n<meta property=\"og:title\" content=\"Colori di vita e arte. Mostra pittorica di Caterina Romano sabato 11 ottobre al Conservatorio Sant\u2019Anna di Lecce - NonSoloMusicaMagazine\" \/>\n<meta property=\"og:description\" content=\"Massimo Barbano Colori di vita e arte. Caterina Romano. Una mostra di pittura dell\u2019artista salentina in sinergia con l\u2019omonimo libro curato dal critico d\u2019arte milanese Marco Eugenio Di Giandomenico. L\u2019evento si terr\u00e0 sabato 11 ottobre prossimo alle 17.30 nel Conservatorio Sant\u2019Anna di Lecce (ingresso da via Giuseppe Libertini 10). La mostra, patrocinata dal Comune di [&hellip;]\" \/>\n<meta property=\"og:url\" content=\"https:\/\/www.nonsolomusicamagazine.it\/?p=12274\" \/>\n<meta property=\"og:site_name\" content=\"NonSoloMusicaMagazine\" \/>\n<meta property=\"article:published_time\" content=\"2025-10-03T15:12:22+00:00\" \/>\n<meta property=\"article:modified_time\" content=\"2025-10-03T15:21:24+00:00\" \/>\n<meta property=\"og:image\" content=\"https:\/\/www.nonsolomusicamagazine.it\/wp-content\/uploads\/2025\/10\/1000086719.jpg\" \/>\n\t<meta property=\"og:image:width\" content=\"539\" \/>\n\t<meta property=\"og:image:height\" content=\"672\" \/>\n\t<meta property=\"og:image:type\" content=\"image\/jpeg\" \/>\n<meta name=\"author\" content=\"nonsolomusica\" \/>\n<meta name=\"twitter:card\" content=\"summary_large_image\" \/>\n<meta name=\"twitter:label1\" content=\"Scritto da\" \/>\n\t<meta name=\"twitter:data1\" content=\"nonsolomusica\" \/>\n\t<meta name=\"twitter:label2\" content=\"Tempo di lettura stimato\" \/>\n\t<meta name=\"twitter:data2\" content=\"4 minuti\" \/>\n<script type=\"application\/ld+json\" class=\"yoast-schema-graph\">{\"@context\":\"https:\\\/\\\/schema.org\",\"@graph\":[{\"@type\":\"Article\",\"@id\":\"https:\\\/\\\/www.nonsolomusicamagazine.it\\\/?p=12274#article\",\"isPartOf\":{\"@id\":\"https:\\\/\\\/www.nonsolomusicamagazine.it\\\/?p=12274\"},\"author\":{\"name\":\"nonsolomusica\",\"@id\":\"https:\\\/\\\/www.nonsolomusicamagazine.it\\\/#\\\/schema\\\/person\\\/a3349ad02300d046472d46cf6d31ae46\"},\"headline\":\"Colori di vita e arte. Mostra pittorica di Caterina Romano sabato 11 ottobre al Conservatorio Sant\u2019Anna di Lecce\",\"datePublished\":\"2025-10-03T15:12:22+00:00\",\"dateModified\":\"2025-10-03T15:21:24+00:00\",\"mainEntityOfPage\":{\"@id\":\"https:\\\/\\\/www.nonsolomusicamagazine.it\\\/?p=12274\"},\"wordCount\":532,\"commentCount\":0,\"image\":{\"@id\":\"https:\\\/\\\/www.nonsolomusicamagazine.it\\\/?p=12274#primaryimage\"},\"thumbnailUrl\":\"https:\\\/\\\/www.nonsolomusicamagazine.it\\\/wp-content\\\/uploads\\\/2025\\\/10\\\/1000086719.jpg\",\"keywords\":[\"Arte\",\"Caterina Romano\",\"Conservatorio Sant'Anna\",\"Lecce\",\"mostra\"],\"articleSection\":[\"Arte\"],\"inLanguage\":\"it-IT\",\"potentialAction\":[{\"@type\":\"CommentAction\",\"name\":\"Comment\",\"target\":[\"https:\\\/\\\/www.nonsolomusicamagazine.it\\\/?p=12274#respond\"]}]},{\"@type\":\"WebPage\",\"@id\":\"https:\\\/\\\/www.nonsolomusicamagazine.it\\\/?p=12274\",\"url\":\"https:\\\/\\\/www.nonsolomusicamagazine.it\\\/?p=12274\",\"name\":\"Colori di vita e arte. Mostra pittorica di Caterina Romano sabato 11 ottobre al Conservatorio Sant\u2019Anna di Lecce - NonSoloMusicaMagazine\",\"isPartOf\":{\"@id\":\"https:\\\/\\\/www.nonsolomusicamagazine.it\\\/#website\"},\"primaryImageOfPage\":{\"@id\":\"https:\\\/\\\/www.nonsolomusicamagazine.it\\\/?p=12274#primaryimage\"},\"image\":{\"@id\":\"https:\\\/\\\/www.nonsolomusicamagazine.it\\\/?p=12274#primaryimage\"},\"thumbnailUrl\":\"https:\\\/\\\/www.nonsolomusicamagazine.it\\\/wp-content\\\/uploads\\\/2025\\\/10\\\/1000086719.jpg\",\"datePublished\":\"2025-10-03T15:12:22+00:00\",\"dateModified\":\"2025-10-03T15:21:24+00:00\",\"author\":{\"@id\":\"https:\\\/\\\/www.nonsolomusicamagazine.it\\\/#\\\/schema\\\/person\\\/a3349ad02300d046472d46cf6d31ae46\"},\"breadcrumb\":{\"@id\":\"https:\\\/\\\/www.nonsolomusicamagazine.it\\\/?p=12274#breadcrumb\"},\"inLanguage\":\"it-IT\",\"potentialAction\":[{\"@type\":\"ReadAction\",\"target\":[\"https:\\\/\\\/www.nonsolomusicamagazine.it\\\/?p=12274\"]}]},{\"@type\":\"ImageObject\",\"inLanguage\":\"it-IT\",\"@id\":\"https:\\\/\\\/www.nonsolomusicamagazine.it\\\/?p=12274#primaryimage\",\"url\":\"https:\\\/\\\/www.nonsolomusicamagazine.it\\\/wp-content\\\/uploads\\\/2025\\\/10\\\/1000086719.jpg\",\"contentUrl\":\"https:\\\/\\\/www.nonsolomusicamagazine.it\\\/wp-content\\\/uploads\\\/2025\\\/10\\\/1000086719.jpg\",\"width\":539,\"height\":672},{\"@type\":\"BreadcrumbList\",\"@id\":\"https:\\\/\\\/www.nonsolomusicamagazine.it\\\/?p=12274#breadcrumb\",\"itemListElement\":[{\"@type\":\"ListItem\",\"position\":1,\"name\":\"Home\",\"item\":\"https:\\\/\\\/www.nonsolomusicamagazine.it\\\/\"},{\"@type\":\"ListItem\",\"position\":2,\"name\":\"Colori di vita e arte. Mostra pittorica di Caterina Romano sabato 11 ottobre al Conservatorio Sant\u2019Anna di Lecce\"}]},{\"@type\":\"WebSite\",\"@id\":\"https:\\\/\\\/www.nonsolomusicamagazine.it\\\/#website\",\"url\":\"https:\\\/\\\/www.nonsolomusicamagazine.it\\\/\",\"name\":\"Nonsolomusicamagazine\",\"description\":\"Dir. responsabile Manuel M Buccarella\",\"potentialAction\":[{\"@type\":\"SearchAction\",\"target\":{\"@type\":\"EntryPoint\",\"urlTemplate\":\"https:\\\/\\\/www.nonsolomusicamagazine.it\\\/?s={search_term_string}\"},\"query-input\":{\"@type\":\"PropertyValueSpecification\",\"valueRequired\":true,\"valueName\":\"search_term_string\"}}],\"inLanguage\":\"it-IT\"},{\"@type\":\"Person\",\"@id\":\"https:\\\/\\\/www.nonsolomusicamagazine.it\\\/#\\\/schema\\\/person\\\/a3349ad02300d046472d46cf6d31ae46\",\"name\":\"nonsolomusica\",\"image\":{\"@type\":\"ImageObject\",\"inLanguage\":\"it-IT\",\"@id\":\"https:\\\/\\\/www.nonsolomusicamagazine.it\\\/wp-content\\\/litespeed\\\/avatar\\\/3a675484bc84db6aba78d43bfc8b7197.jpg?ver=1777485663\",\"url\":\"https:\\\/\\\/www.nonsolomusicamagazine.it\\\/wp-content\\\/litespeed\\\/avatar\\\/3a675484bc84db6aba78d43bfc8b7197.jpg?ver=1777485663\",\"contentUrl\":\"https:\\\/\\\/www.nonsolomusicamagazine.it\\\/wp-content\\\/litespeed\\\/avatar\\\/3a675484bc84db6aba78d43bfc8b7197.jpg?ver=1777485663\",\"caption\":\"nonsolomusica\"},\"sameAs\":[\"https:\\\/\\\/www.nonsolomusicamagazine.it\"],\"url\":\"https:\\\/\\\/www.nonsolomusicamagazine.it\\\/?author=1\"}]}<\/script>\n<!-- \/ Yoast SEO plugin. -->","yoast_head_json":{"title":"Colori di vita e arte. Mostra pittorica di Caterina Romano sabato 11 ottobre al Conservatorio Sant\u2019Anna di Lecce - NonSoloMusicaMagazine","robots":{"index":"index","follow":"follow","max-snippet":"max-snippet:-1","max-image-preview":"max-image-preview:large","max-video-preview":"max-video-preview:-1"},"canonical":"https:\/\/www.nonsolomusicamagazine.it\/?p=12274","og_locale":"it_IT","og_type":"article","og_title":"Colori di vita e arte. Mostra pittorica di Caterina Romano sabato 11 ottobre al Conservatorio Sant\u2019Anna di Lecce - NonSoloMusicaMagazine","og_description":"Massimo Barbano Colori di vita e arte. Caterina Romano. Una mostra di pittura dell\u2019artista salentina in sinergia con l\u2019omonimo libro curato dal critico d\u2019arte milanese Marco Eugenio Di Giandomenico. L\u2019evento si terr\u00e0 sabato 11 ottobre prossimo alle 17.30 nel Conservatorio Sant\u2019Anna di Lecce (ingresso da via Giuseppe Libertini 10). La mostra, patrocinata dal Comune di [&hellip;]","og_url":"https:\/\/www.nonsolomusicamagazine.it\/?p=12274","og_site_name":"NonSoloMusicaMagazine","article_published_time":"2025-10-03T15:12:22+00:00","article_modified_time":"2025-10-03T15:21:24+00:00","og_image":[{"width":539,"height":672,"url":"https:\/\/www.nonsolomusicamagazine.it\/wp-content\/uploads\/2025\/10\/1000086719.jpg","type":"image\/jpeg"}],"author":"nonsolomusica","twitter_card":"summary_large_image","twitter_misc":{"Scritto da":"nonsolomusica","Tempo di lettura stimato":"4 minuti"},"schema":{"@context":"https:\/\/schema.org","@graph":[{"@type":"Article","@id":"https:\/\/www.nonsolomusicamagazine.it\/?p=12274#article","isPartOf":{"@id":"https:\/\/www.nonsolomusicamagazine.it\/?p=12274"},"author":{"name":"nonsolomusica","@id":"https:\/\/www.nonsolomusicamagazine.it\/#\/schema\/person\/a3349ad02300d046472d46cf6d31ae46"},"headline":"Colori di vita e arte. Mostra pittorica di Caterina Romano sabato 11 ottobre al Conservatorio Sant\u2019Anna di Lecce","datePublished":"2025-10-03T15:12:22+00:00","dateModified":"2025-10-03T15:21:24+00:00","mainEntityOfPage":{"@id":"https:\/\/www.nonsolomusicamagazine.it\/?p=12274"},"wordCount":532,"commentCount":0,"image":{"@id":"https:\/\/www.nonsolomusicamagazine.it\/?p=12274#primaryimage"},"thumbnailUrl":"https:\/\/www.nonsolomusicamagazine.it\/wp-content\/uploads\/2025\/10\/1000086719.jpg","keywords":["Arte","Caterina Romano","Conservatorio Sant'Anna","Lecce","mostra"],"articleSection":["Arte"],"inLanguage":"it-IT","potentialAction":[{"@type":"CommentAction","name":"Comment","target":["https:\/\/www.nonsolomusicamagazine.it\/?p=12274#respond"]}]},{"@type":"WebPage","@id":"https:\/\/www.nonsolomusicamagazine.it\/?p=12274","url":"https:\/\/www.nonsolomusicamagazine.it\/?p=12274","name":"Colori di vita e arte. Mostra pittorica di Caterina Romano sabato 11 ottobre al Conservatorio Sant\u2019Anna di Lecce - NonSoloMusicaMagazine","isPartOf":{"@id":"https:\/\/www.nonsolomusicamagazine.it\/#website"},"primaryImageOfPage":{"@id":"https:\/\/www.nonsolomusicamagazine.it\/?p=12274#primaryimage"},"image":{"@id":"https:\/\/www.nonsolomusicamagazine.it\/?p=12274#primaryimage"},"thumbnailUrl":"https:\/\/www.nonsolomusicamagazine.it\/wp-content\/uploads\/2025\/10\/1000086719.jpg","datePublished":"2025-10-03T15:12:22+00:00","dateModified":"2025-10-03T15:21:24+00:00","author":{"@id":"https:\/\/www.nonsolomusicamagazine.it\/#\/schema\/person\/a3349ad02300d046472d46cf6d31ae46"},"breadcrumb":{"@id":"https:\/\/www.nonsolomusicamagazine.it\/?p=12274#breadcrumb"},"inLanguage":"it-IT","potentialAction":[{"@type":"ReadAction","target":["https:\/\/www.nonsolomusicamagazine.it\/?p=12274"]}]},{"@type":"ImageObject","inLanguage":"it-IT","@id":"https:\/\/www.nonsolomusicamagazine.it\/?p=12274#primaryimage","url":"https:\/\/www.nonsolomusicamagazine.it\/wp-content\/uploads\/2025\/10\/1000086719.jpg","contentUrl":"https:\/\/www.nonsolomusicamagazine.it\/wp-content\/uploads\/2025\/10\/1000086719.jpg","width":539,"height":672},{"@type":"BreadcrumbList","@id":"https:\/\/www.nonsolomusicamagazine.it\/?p=12274#breadcrumb","itemListElement":[{"@type":"ListItem","position":1,"name":"Home","item":"https:\/\/www.nonsolomusicamagazine.it\/"},{"@type":"ListItem","position":2,"name":"Colori di vita e arte. Mostra pittorica di Caterina Romano sabato 11 ottobre al Conservatorio Sant\u2019Anna di Lecce"}]},{"@type":"WebSite","@id":"https:\/\/www.nonsolomusicamagazine.it\/#website","url":"https:\/\/www.nonsolomusicamagazine.it\/","name":"Nonsolomusicamagazine","description":"Dir. responsabile Manuel M Buccarella","potentialAction":[{"@type":"SearchAction","target":{"@type":"EntryPoint","urlTemplate":"https:\/\/www.nonsolomusicamagazine.it\/?s={search_term_string}"},"query-input":{"@type":"PropertyValueSpecification","valueRequired":true,"valueName":"search_term_string"}}],"inLanguage":"it-IT"},{"@type":"Person","@id":"https:\/\/www.nonsolomusicamagazine.it\/#\/schema\/person\/a3349ad02300d046472d46cf6d31ae46","name":"nonsolomusica","image":{"@type":"ImageObject","inLanguage":"it-IT","@id":"https:\/\/www.nonsolomusicamagazine.it\/wp-content\/litespeed\/avatar\/3a675484bc84db6aba78d43bfc8b7197.jpg?ver=1777485663","url":"https:\/\/www.nonsolomusicamagazine.it\/wp-content\/litespeed\/avatar\/3a675484bc84db6aba78d43bfc8b7197.jpg?ver=1777485663","contentUrl":"https:\/\/www.nonsolomusicamagazine.it\/wp-content\/litespeed\/avatar\/3a675484bc84db6aba78d43bfc8b7197.jpg?ver=1777485663","caption":"nonsolomusica"},"sameAs":["https:\/\/www.nonsolomusicamagazine.it"],"url":"https:\/\/www.nonsolomusicamagazine.it\/?author=1"}]}},"amp_enabled":true,"_links":{"self":[{"href":"https:\/\/www.nonsolomusicamagazine.it\/index.php?rest_route=\/wp\/v2\/posts\/12274","targetHints":{"allow":["GET"]}}],"collection":[{"href":"https:\/\/www.nonsolomusicamagazine.it\/index.php?rest_route=\/wp\/v2\/posts"}],"about":[{"href":"https:\/\/www.nonsolomusicamagazine.it\/index.php?rest_route=\/wp\/v2\/types\/post"}],"author":[{"embeddable":true,"href":"https:\/\/www.nonsolomusicamagazine.it\/index.php?rest_route=\/wp\/v2\/users\/1"}],"replies":[{"embeddable":true,"href":"https:\/\/www.nonsolomusicamagazine.it\/index.php?rest_route=%2Fwp%2Fv2%2Fcomments&post=12274"}],"version-history":[{"count":0,"href":"https:\/\/www.nonsolomusicamagazine.it\/index.php?rest_route=\/wp\/v2\/posts\/12274\/revisions"}],"wp:featuredmedia":[{"embeddable":true,"href":"https:\/\/www.nonsolomusicamagazine.it\/index.php?rest_route=\/wp\/v2\/media\/12275"}],"wp:attachment":[{"href":"https:\/\/www.nonsolomusicamagazine.it\/index.php?rest_route=%2Fwp%2Fv2%2Fmedia&parent=12274"}],"wp:term":[{"taxonomy":"category","embeddable":true,"href":"https:\/\/www.nonsolomusicamagazine.it\/index.php?rest_route=%2Fwp%2Fv2%2Fcategories&post=12274"},{"taxonomy":"post_tag","embeddable":true,"href":"https:\/\/www.nonsolomusicamagazine.it\/index.php?rest_route=%2Fwp%2Fv2%2Ftags&post=12274"}],"curies":[{"name":"wp","href":"https:\/\/api.w.org\/{rel}","templated":true}]}}