{"id":12345,"date":"2025-10-07T10:19:34","date_gmt":"2025-10-07T08:19:34","guid":{"rendered":"https:\/\/www.nonsolomusicamagazine.it\/?p=12345"},"modified":"2025-10-07T17:38:08","modified_gmt":"2025-10-07T15:38:08","slug":"lettera-dallinferno-di-thiago-avila-attivista-global-sumud-flotilla","status":"publish","type":"post","link":"https:\/\/www.nonsolomusicamagazine.it\/?p=12345","title":{"rendered":"LETTERA DALL\u2019INFERNO DI THIAGO \u00c1VILA, ATTIVISTA GLOBAL SUMUD FLOTILLA"},"content":{"rendered":"\n<p class=\"has-text-align-center\"><strong>Alfredo Facchini<\/strong><\/p>\n\n\n\n<p>Ecco la lettera integrale di Thiago \u00c1vila, attivista brasiliano della Global Sumud Flotilla, sequestrato e detenuto nel carcere di Ktzi\u2019ot, nel deserto del Negev.<\/p>\n\n\n\n<p>E quello che racconta \u00e8 solo un\u2019ombra di ci\u00f2 che i prigionieri palestinesi subiscono ogni giorno.<\/p>\n\n\n\n<p>Una lettera da leggere, da passare di mano in mano.<\/p>\n\n\n\n<p>Grazie a Lavinia Marchetti per la cura e la traduzione <\/p>\n\n\n\n<p><em>Alle persone libere del mondo<\/em><\/p>\n\n\n\n<p>Oggi<em> \u00e8 luned\u00ec 6 ottobre 2025, e siamo nel carcere di Ktzi\u2019ot, in mezzo al deserto del Negev, nella Palestina occupata. Siamo qui da cinque giorni, da quando la Marina israeliana ha intercettato la nostra missione umanitaria di solidariet\u00e0 non violenta, che mirava a rompere l\u2019assedio illegale di Gaza e a creare un corridoio umanitario per porre fine alla carestia e fare pressione per fermare il genocidio.<\/em><\/p>\n\n\n\n<p><em>Da quando siamo stati intercettati illegalmente in acque internazionali, abbiamo subito molte violazioni. Molti di noi sono stati aggrediti fisicamente, minacciati dai cani, privati del sonno, mirati da laser e fucili veri, sottoposti a maltrattamenti psicologici di ogni genere: costretti per ore in posizioni strazianti, rinchiusi in autobus adattati a carceri sotto un caldo soffocante &#8211; una vera e propria camera di calore &#8211; e minacciati di continuo<\/em>.<\/p>\n\n\n\n<p><em>Poich\u00e9 sanno che sono l\u2019organizzatore della missione, non solo hanno fatto tutto questo, ma mi hanno anche sottoposto a lunghe ore di interrogatorio con gli agenti dell\u2019intelligence e con i soldati dell\u2019IOF stessa. Dopo aver difeso la Palestina, hanno continuato a minacciarmi: hanno minacciato la mia bambina, mi hanno sputato in faccia e mi hanno portato nel deserto per una \u201cpasseggiata\u201d, mentre minacciavano di uccidermi.<\/em><\/p>\n\n\n\n<p><em>Denuncio tutto questo non per lamentarmi, ma perch\u00e9 il mondo sappia che, se lo fanno agli operatori umanitari, immaginate cosa fanno ai palestinesi. Oggi ci sono oltre 10.000 palestinesi nelle segrete israeliane, 400 dei quali sono bambini.<\/em><\/p>\n\n\n\n<p>I <em>nostri partecipanti sono stati estremamente coraggiosi, fin dall\u2019inizio e fino al momento in cui sono stati trasferiti per l\u2019espulsione. Non abbiamo mai smesso di dire Palestina libera, e le violazioni non ci hanno mai abbattuti. Quando hanno rifiutato le medicine ai nostri partecipanti diabetici, ci siamo ribellati e abbiamo creato cos\u00ec tanto caos che hanno dovuto obbedire.<\/em><\/p>\n\n\n\n<p><em>Mi hanno spostato di cella pi\u00f9 di dieci volte, e ogni volta sono stato punito con regole pi\u00f9 rigide. Pi\u00f9 della met\u00e0 dei nostri compagni qui sta facendo lo sciopero della fame; io, Frank e Vincent abbiamo fatto anche lo sciopero della sete finch\u00e9 loro non sono tornati a casa. Ho dovuto interrompere quello della sete perch\u00e9 il mio corpo sveniva continuamente, crollava. Ho scelto di tornare a bere acqua per poter continuare a organizzare la nostra resistenza qui in prigione.<\/em><\/p>\n\n\n\n<p><em>Ci\u00f2 che riempie il cuore di tutti noi, e che rappresenta il momento pi\u00f9 luminoso della giornata, \u00e8 pensare alla sollevazione globale, a tutta la mobilitazione che sappiamo state portando avanti l\u00e0 fuori, per la Palestina.<\/em><\/p>\n\n\n\n<p><strong><em>VI SUPPLICO DI INSORGERE<\/em><\/strong>.<\/p>\n\n\n\n<p><em>Insorgete ora, ma non per noi. Fatelo in solidariet\u00e0 con un popolo che da otto decenni subisce genocidio e pulizia etnica, intrappolato in una struttura di apartheid coloniale governata non da una religione, ma da un\u2019ideologia razzista e suprematista chiamata sionismo.<\/em><\/p>\n\n\n\n<p><em>Cos\u00ec come altre generazioni hanno sconfitto l\u2019apartheid in Sudafrica, il nazismo, il fascismo e altre ideologie dell\u2019odio, il dovere storico della nostra generazione \u00e8 fermare il sionismo e l\u2019imperialismo. Finch\u00e9 non ci riusciremo, non potremo riposare.<\/em><\/p>\n\n\n\n<p><em>Siamo capaci di farlo. Possiamo vivere in un mondo in cui ogni popolo abbia garantiti i diritti fondamentali di vivere in pace, con pari dignit\u00e0 e con la massima dose di felicit\u00e0 possibile.<br>\u00c8 l\u2019onore pi\u00f9 grande della mia vita camminare con voi in questa lunga marcia verso un mondo libero dallo sfruttamento, da ogni forma di oppressione e dalla distruzione della Natura: una societ\u00e0 del benessere per tutte le creature viventi.<\/em><\/p>\n\n\n\n<p><em>Siamo insieme. Un grande abbraccio, e trasformiamo questo mondo.<\/em><\/p>\n\n\n\n<p><em><strong>Thiago \u00c1vila<\/strong><\/em><br>6 ottobre 2025<\/p>\n\n\n\n<figure class=\"wp-block-image size-large\"><img decoding=\"async\" width=\"1024\" height=\"710\" src=\"https:\/\/www.nonsolomusicamagazine.it\/wp-content\/uploads\/2025\/10\/1000087622-1024x710.jpg\" alt=\"\" class=\"wp-image-12346\" srcset=\"https:\/\/www.nonsolomusicamagazine.it\/wp-content\/uploads\/2025\/10\/1000087622-1024x710.jpg 1024w, https:\/\/www.nonsolomusicamagazine.it\/wp-content\/uploads\/2025\/10\/1000087622-300x208.jpg 300w, https:\/\/www.nonsolomusicamagazine.it\/wp-content\/uploads\/2025\/10\/1000087622-768x532.jpg 768w, https:\/\/www.nonsolomusicamagazine.it\/wp-content\/uploads\/2025\/10\/1000087622.jpg 1125w\" sizes=\"(max-width: 1024px) 100vw, 1024px\" \/><\/figure>\n","protected":false},"excerpt":{"rendered":"<p>Alfredo Facchini Ecco la lettera integrale di Thiago \u00c1vila, attivista brasiliano della Global Sumud Flotilla, sequestrato e detenuto nel carcere di Ktzi\u2019ot, nel deserto del Negev. E quello che racconta \u00e8 solo un\u2019ombra di ci\u00f2 che i prigionieri palestinesi subiscono ogni giorno. Una lettera da leggere, da passare di mano in mano. Grazie a Lavinia [&hellip;]<\/p>\n","protected":false},"author":1,"featured_media":12346,"comment_status":"open","ping_status":"closed","sticky":false,"template":"","format":"standard","meta":{"footnotes":""},"categories":[6,20],"tags":[627,216,4942],"class_list":["post-12345","post","type-post","status-publish","format-standard","has-post-thumbnail","hentry","category-esteri","category-societa","tag-gaza","tag-israele","tag-thiago-avila"],"yoast_head":"<!-- This site is optimized with the Yoast SEO plugin v27.4 - https:\/\/yoast.com\/product\/yoast-seo-wordpress\/ -->\n<title>LETTERA DALL\u2019INFERNO DI THIAGO \u00c1VILA, ATTIVISTA GLOBAL SUMUD FLOTILLA - NonSoloMusicaMagazine<\/title>\n<meta name=\"robots\" content=\"index, follow, max-snippet:-1, max-image-preview:large, max-video-preview:-1\" \/>\n<link rel=\"canonical\" href=\"https:\/\/www.nonsolomusicamagazine.it\/?p=12345\" \/>\n<meta property=\"og:locale\" content=\"it_IT\" \/>\n<meta property=\"og:type\" content=\"article\" \/>\n<meta property=\"og:title\" content=\"LETTERA DALL\u2019INFERNO DI THIAGO \u00c1VILA, ATTIVISTA GLOBAL SUMUD FLOTILLA - NonSoloMusicaMagazine\" \/>\n<meta property=\"og:description\" content=\"Alfredo Facchini Ecco la lettera integrale di Thiago \u00c1vila, attivista brasiliano della Global Sumud Flotilla, sequestrato e detenuto nel carcere di Ktzi\u2019ot, nel deserto del Negev. E quello che racconta \u00e8 solo un\u2019ombra di ci\u00f2 che i prigionieri palestinesi subiscono ogni giorno. Una lettera da leggere, da passare di mano in mano. Grazie a Lavinia [&hellip;]\" \/>\n<meta property=\"og:url\" content=\"https:\/\/www.nonsolomusicamagazine.it\/?p=12345\" \/>\n<meta property=\"og:site_name\" content=\"NonSoloMusicaMagazine\" \/>\n<meta property=\"article:published_time\" content=\"2025-10-07T08:19:34+00:00\" \/>\n<meta property=\"article:modified_time\" content=\"2025-10-07T15:38:08+00:00\" \/>\n<meta property=\"og:image\" content=\"https:\/\/www.nonsolomusicamagazine.it\/wp-content\/uploads\/2025\/10\/1000087622.jpg\" \/>\n\t<meta property=\"og:image:width\" content=\"1125\" \/>\n\t<meta property=\"og:image:height\" content=\"780\" \/>\n\t<meta property=\"og:image:type\" content=\"image\/jpeg\" \/>\n<meta name=\"author\" content=\"nonsolomusica\" \/>\n<meta name=\"twitter:card\" content=\"summary_large_image\" \/>\n<meta name=\"twitter:label1\" content=\"Scritto da\" \/>\n\t<meta name=\"twitter:data1\" content=\"nonsolomusica\" \/>\n\t<meta name=\"twitter:label2\" content=\"Tempo di lettura stimato\" \/>\n\t<meta name=\"twitter:data2\" content=\"1 minuto\" \/>\n<script type=\"application\/ld+json\" class=\"yoast-schema-graph\">{\"@context\":\"https:\\\/\\\/schema.org\",\"@graph\":[{\"@type\":\"Article\",\"@id\":\"https:\\\/\\\/www.nonsolomusicamagazine.it\\\/?p=12345#article\",\"isPartOf\":{\"@id\":\"https:\\\/\\\/www.nonsolomusicamagazine.it\\\/?p=12345\"},\"author\":{\"name\":\"nonsolomusica\",\"@id\":\"https:\\\/\\\/www.nonsolomusicamagazine.it\\\/#\\\/schema\\\/person\\\/a3349ad02300d046472d46cf6d31ae46\"},\"headline\":\"LETTERA DALL\u2019INFERNO DI THIAGO \u00c1VILA, ATTIVISTA GLOBAL SUMUD FLOTILLA\",\"datePublished\":\"2025-10-07T08:19:34+00:00\",\"dateModified\":\"2025-10-07T15:38:08+00:00\",\"mainEntityOfPage\":{\"@id\":\"https:\\\/\\\/www.nonsolomusicamagazine.it\\\/?p=12345\"},\"wordCount\":659,\"commentCount\":0,\"image\":{\"@id\":\"https:\\\/\\\/www.nonsolomusicamagazine.it\\\/?p=12345#primaryimage\"},\"thumbnailUrl\":\"https:\\\/\\\/www.nonsolomusicamagazine.it\\\/wp-content\\\/uploads\\\/2025\\\/10\\\/1000087622.jpg\",\"keywords\":[\"Gaza\",\"Israele\",\"Thiago \u00c0vila\"],\"articleSection\":[\"Esteri\",\"Societ\u00e0\"],\"inLanguage\":\"it-IT\",\"potentialAction\":[{\"@type\":\"CommentAction\",\"name\":\"Comment\",\"target\":[\"https:\\\/\\\/www.nonsolomusicamagazine.it\\\/?p=12345#respond\"]}]},{\"@type\":\"WebPage\",\"@id\":\"https:\\\/\\\/www.nonsolomusicamagazine.it\\\/?p=12345\",\"url\":\"https:\\\/\\\/www.nonsolomusicamagazine.it\\\/?p=12345\",\"name\":\"LETTERA DALL\u2019INFERNO DI THIAGO \u00c1VILA, ATTIVISTA GLOBAL SUMUD FLOTILLA - NonSoloMusicaMagazine\",\"isPartOf\":{\"@id\":\"https:\\\/\\\/www.nonsolomusicamagazine.it\\\/#website\"},\"primaryImageOfPage\":{\"@id\":\"https:\\\/\\\/www.nonsolomusicamagazine.it\\\/?p=12345#primaryimage\"},\"image\":{\"@id\":\"https:\\\/\\\/www.nonsolomusicamagazine.it\\\/?p=12345#primaryimage\"},\"thumbnailUrl\":\"https:\\\/\\\/www.nonsolomusicamagazine.it\\\/wp-content\\\/uploads\\\/2025\\\/10\\\/1000087622.jpg\",\"datePublished\":\"2025-10-07T08:19:34+00:00\",\"dateModified\":\"2025-10-07T15:38:08+00:00\",\"author\":{\"@id\":\"https:\\\/\\\/www.nonsolomusicamagazine.it\\\/#\\\/schema\\\/person\\\/a3349ad02300d046472d46cf6d31ae46\"},\"breadcrumb\":{\"@id\":\"https:\\\/\\\/www.nonsolomusicamagazine.it\\\/?p=12345#breadcrumb\"},\"inLanguage\":\"it-IT\",\"potentialAction\":[{\"@type\":\"ReadAction\",\"target\":[\"https:\\\/\\\/www.nonsolomusicamagazine.it\\\/?p=12345\"]}]},{\"@type\":\"ImageObject\",\"inLanguage\":\"it-IT\",\"@id\":\"https:\\\/\\\/www.nonsolomusicamagazine.it\\\/?p=12345#primaryimage\",\"url\":\"https:\\\/\\\/www.nonsolomusicamagazine.it\\\/wp-content\\\/uploads\\\/2025\\\/10\\\/1000087622.jpg\",\"contentUrl\":\"https:\\\/\\\/www.nonsolomusicamagazine.it\\\/wp-content\\\/uploads\\\/2025\\\/10\\\/1000087622.jpg\",\"width\":1125,\"height\":780},{\"@type\":\"BreadcrumbList\",\"@id\":\"https:\\\/\\\/www.nonsolomusicamagazine.it\\\/?p=12345#breadcrumb\",\"itemListElement\":[{\"@type\":\"ListItem\",\"position\":1,\"name\":\"Home\",\"item\":\"https:\\\/\\\/www.nonsolomusicamagazine.it\\\/\"},{\"@type\":\"ListItem\",\"position\":2,\"name\":\"LETTERA DALL\u2019INFERNO DI THIAGO \u00c1VILA, ATTIVISTA GLOBAL SUMUD FLOTILLA\"}]},{\"@type\":\"WebSite\",\"@id\":\"https:\\\/\\\/www.nonsolomusicamagazine.it\\\/#website\",\"url\":\"https:\\\/\\\/www.nonsolomusicamagazine.it\\\/\",\"name\":\"Nonsolomusicamagazine\",\"description\":\"Dir. responsabile Manuel M Buccarella\",\"potentialAction\":[{\"@type\":\"SearchAction\",\"target\":{\"@type\":\"EntryPoint\",\"urlTemplate\":\"https:\\\/\\\/www.nonsolomusicamagazine.it\\\/?s={search_term_string}\"},\"query-input\":{\"@type\":\"PropertyValueSpecification\",\"valueRequired\":true,\"valueName\":\"search_term_string\"}}],\"inLanguage\":\"it-IT\"},{\"@type\":\"Person\",\"@id\":\"https:\\\/\\\/www.nonsolomusicamagazine.it\\\/#\\\/schema\\\/person\\\/a3349ad02300d046472d46cf6d31ae46\",\"name\":\"nonsolomusica\",\"image\":{\"@type\":\"ImageObject\",\"inLanguage\":\"it-IT\",\"@id\":\"https:\\\/\\\/www.nonsolomusicamagazine.it\\\/wp-content\\\/litespeed\\\/avatar\\\/3a675484bc84db6aba78d43bfc8b7197.jpg?ver=1776880798\",\"url\":\"https:\\\/\\\/www.nonsolomusicamagazine.it\\\/wp-content\\\/litespeed\\\/avatar\\\/3a675484bc84db6aba78d43bfc8b7197.jpg?ver=1776880798\",\"contentUrl\":\"https:\\\/\\\/www.nonsolomusicamagazine.it\\\/wp-content\\\/litespeed\\\/avatar\\\/3a675484bc84db6aba78d43bfc8b7197.jpg?ver=1776880798\",\"caption\":\"nonsolomusica\"},\"sameAs\":[\"https:\\\/\\\/www.nonsolomusicamagazine.it\"],\"url\":\"https:\\\/\\\/www.nonsolomusicamagazine.it\\\/?author=1\"}]}<\/script>\n<!-- \/ Yoast SEO plugin. -->","yoast_head_json":{"title":"LETTERA DALL\u2019INFERNO DI THIAGO \u00c1VILA, ATTIVISTA GLOBAL SUMUD FLOTILLA - NonSoloMusicaMagazine","robots":{"index":"index","follow":"follow","max-snippet":"max-snippet:-1","max-image-preview":"max-image-preview:large","max-video-preview":"max-video-preview:-1"},"canonical":"https:\/\/www.nonsolomusicamagazine.it\/?p=12345","og_locale":"it_IT","og_type":"article","og_title":"LETTERA DALL\u2019INFERNO DI THIAGO \u00c1VILA, ATTIVISTA GLOBAL SUMUD FLOTILLA - NonSoloMusicaMagazine","og_description":"Alfredo Facchini Ecco la lettera integrale di Thiago \u00c1vila, attivista brasiliano della Global Sumud Flotilla, sequestrato e detenuto nel carcere di Ktzi\u2019ot, nel deserto del Negev. E quello che racconta \u00e8 solo un\u2019ombra di ci\u00f2 che i prigionieri palestinesi subiscono ogni giorno. Una lettera da leggere, da passare di mano in mano. Grazie a Lavinia [&hellip;]","og_url":"https:\/\/www.nonsolomusicamagazine.it\/?p=12345","og_site_name":"NonSoloMusicaMagazine","article_published_time":"2025-10-07T08:19:34+00:00","article_modified_time":"2025-10-07T15:38:08+00:00","og_image":[{"width":1125,"height":780,"url":"https:\/\/www.nonsolomusicamagazine.it\/wp-content\/uploads\/2025\/10\/1000087622.jpg","type":"image\/jpeg"}],"author":"nonsolomusica","twitter_card":"summary_large_image","twitter_misc":{"Scritto da":"nonsolomusica","Tempo di lettura stimato":"1 minuto"},"schema":{"@context":"https:\/\/schema.org","@graph":[{"@type":"Article","@id":"https:\/\/www.nonsolomusicamagazine.it\/?p=12345#article","isPartOf":{"@id":"https:\/\/www.nonsolomusicamagazine.it\/?p=12345"},"author":{"name":"nonsolomusica","@id":"https:\/\/www.nonsolomusicamagazine.it\/#\/schema\/person\/a3349ad02300d046472d46cf6d31ae46"},"headline":"LETTERA DALL\u2019INFERNO DI THIAGO \u00c1VILA, ATTIVISTA GLOBAL SUMUD FLOTILLA","datePublished":"2025-10-07T08:19:34+00:00","dateModified":"2025-10-07T15:38:08+00:00","mainEntityOfPage":{"@id":"https:\/\/www.nonsolomusicamagazine.it\/?p=12345"},"wordCount":659,"commentCount":0,"image":{"@id":"https:\/\/www.nonsolomusicamagazine.it\/?p=12345#primaryimage"},"thumbnailUrl":"https:\/\/www.nonsolomusicamagazine.it\/wp-content\/uploads\/2025\/10\/1000087622.jpg","keywords":["Gaza","Israele","Thiago \u00c0vila"],"articleSection":["Esteri","Societ\u00e0"],"inLanguage":"it-IT","potentialAction":[{"@type":"CommentAction","name":"Comment","target":["https:\/\/www.nonsolomusicamagazine.it\/?p=12345#respond"]}]},{"@type":"WebPage","@id":"https:\/\/www.nonsolomusicamagazine.it\/?p=12345","url":"https:\/\/www.nonsolomusicamagazine.it\/?p=12345","name":"LETTERA DALL\u2019INFERNO DI THIAGO \u00c1VILA, ATTIVISTA GLOBAL SUMUD FLOTILLA - NonSoloMusicaMagazine","isPartOf":{"@id":"https:\/\/www.nonsolomusicamagazine.it\/#website"},"primaryImageOfPage":{"@id":"https:\/\/www.nonsolomusicamagazine.it\/?p=12345#primaryimage"},"image":{"@id":"https:\/\/www.nonsolomusicamagazine.it\/?p=12345#primaryimage"},"thumbnailUrl":"https:\/\/www.nonsolomusicamagazine.it\/wp-content\/uploads\/2025\/10\/1000087622.jpg","datePublished":"2025-10-07T08:19:34+00:00","dateModified":"2025-10-07T15:38:08+00:00","author":{"@id":"https:\/\/www.nonsolomusicamagazine.it\/#\/schema\/person\/a3349ad02300d046472d46cf6d31ae46"},"breadcrumb":{"@id":"https:\/\/www.nonsolomusicamagazine.it\/?p=12345#breadcrumb"},"inLanguage":"it-IT","potentialAction":[{"@type":"ReadAction","target":["https:\/\/www.nonsolomusicamagazine.it\/?p=12345"]}]},{"@type":"ImageObject","inLanguage":"it-IT","@id":"https:\/\/www.nonsolomusicamagazine.it\/?p=12345#primaryimage","url":"https:\/\/www.nonsolomusicamagazine.it\/wp-content\/uploads\/2025\/10\/1000087622.jpg","contentUrl":"https:\/\/www.nonsolomusicamagazine.it\/wp-content\/uploads\/2025\/10\/1000087622.jpg","width":1125,"height":780},{"@type":"BreadcrumbList","@id":"https:\/\/www.nonsolomusicamagazine.it\/?p=12345#breadcrumb","itemListElement":[{"@type":"ListItem","position":1,"name":"Home","item":"https:\/\/www.nonsolomusicamagazine.it\/"},{"@type":"ListItem","position":2,"name":"LETTERA DALL\u2019INFERNO DI THIAGO \u00c1VILA, ATTIVISTA GLOBAL SUMUD FLOTILLA"}]},{"@type":"WebSite","@id":"https:\/\/www.nonsolomusicamagazine.it\/#website","url":"https:\/\/www.nonsolomusicamagazine.it\/","name":"Nonsolomusicamagazine","description":"Dir. responsabile Manuel M Buccarella","potentialAction":[{"@type":"SearchAction","target":{"@type":"EntryPoint","urlTemplate":"https:\/\/www.nonsolomusicamagazine.it\/?s={search_term_string}"},"query-input":{"@type":"PropertyValueSpecification","valueRequired":true,"valueName":"search_term_string"}}],"inLanguage":"it-IT"},{"@type":"Person","@id":"https:\/\/www.nonsolomusicamagazine.it\/#\/schema\/person\/a3349ad02300d046472d46cf6d31ae46","name":"nonsolomusica","image":{"@type":"ImageObject","inLanguage":"it-IT","@id":"https:\/\/www.nonsolomusicamagazine.it\/wp-content\/litespeed\/avatar\/3a675484bc84db6aba78d43bfc8b7197.jpg?ver=1776880798","url":"https:\/\/www.nonsolomusicamagazine.it\/wp-content\/litespeed\/avatar\/3a675484bc84db6aba78d43bfc8b7197.jpg?ver=1776880798","contentUrl":"https:\/\/www.nonsolomusicamagazine.it\/wp-content\/litespeed\/avatar\/3a675484bc84db6aba78d43bfc8b7197.jpg?ver=1776880798","caption":"nonsolomusica"},"sameAs":["https:\/\/www.nonsolomusicamagazine.it"],"url":"https:\/\/www.nonsolomusicamagazine.it\/?author=1"}]}},"amp_enabled":true,"_links":{"self":[{"href":"https:\/\/www.nonsolomusicamagazine.it\/index.php?rest_route=\/wp\/v2\/posts\/12345","targetHints":{"allow":["GET"]}}],"collection":[{"href":"https:\/\/www.nonsolomusicamagazine.it\/index.php?rest_route=\/wp\/v2\/posts"}],"about":[{"href":"https:\/\/www.nonsolomusicamagazine.it\/index.php?rest_route=\/wp\/v2\/types\/post"}],"author":[{"embeddable":true,"href":"https:\/\/www.nonsolomusicamagazine.it\/index.php?rest_route=\/wp\/v2\/users\/1"}],"replies":[{"embeddable":true,"href":"https:\/\/www.nonsolomusicamagazine.it\/index.php?rest_route=%2Fwp%2Fv2%2Fcomments&post=12345"}],"version-history":[{"count":0,"href":"https:\/\/www.nonsolomusicamagazine.it\/index.php?rest_route=\/wp\/v2\/posts\/12345\/revisions"}],"wp:featuredmedia":[{"embeddable":true,"href":"https:\/\/www.nonsolomusicamagazine.it\/index.php?rest_route=\/wp\/v2\/media\/12346"}],"wp:attachment":[{"href":"https:\/\/www.nonsolomusicamagazine.it\/index.php?rest_route=%2Fwp%2Fv2%2Fmedia&parent=12345"}],"wp:term":[{"taxonomy":"category","embeddable":true,"href":"https:\/\/www.nonsolomusicamagazine.it\/index.php?rest_route=%2Fwp%2Fv2%2Fcategories&post=12345"},{"taxonomy":"post_tag","embeddable":true,"href":"https:\/\/www.nonsolomusicamagazine.it\/index.php?rest_route=%2Fwp%2Fv2%2Ftags&post=12345"}],"curies":[{"name":"wp","href":"https:\/\/api.w.org\/{rel}","templated":true}]}}