{"id":12395,"date":"2025-10-09T13:56:47","date_gmt":"2025-10-09T11:56:47","guid":{"rendered":"https:\/\/www.nonsolomusicamagazine.it\/?p=12395"},"modified":"2025-10-09T13:56:48","modified_gmt":"2025-10-09T11:56:48","slug":"%f0%9d%97%9f%f0%9d%97%ae-%f0%9d%97%b3%f0%9d%97%ae%f0%9d%97%bf%f0%9d%98%80%f0%9d%97%ae-%f0%9d%97%b1%f0%9d%97%b2%f0%9d%97%b9%f0%9d%97%b9%f0%9d%97%ae-%f0%9d%98%81%f0%9d%97%bf%f0%9d%97%b2%f0%9d%97%b4","status":"publish","type":"post","link":"https:\/\/www.nonsolomusicamagazine.it\/?p=12395","title":{"rendered":"\ud835\udddf\ud835\uddee \ud835\uddf3\ud835\uddee\ud835\uddff\ud835\ude00\ud835\uddee \ud835\uddf1\ud835\uddf2\ud835\uddf9\ud835\uddf9\ud835\uddee \ud835\ude01\ud835\uddff\ud835\uddf2\ud835\uddf4\ud835\ude02\ud835\uddee: \ud835\ude00\ud835\uddf6\ud835\uddf9\ud835\uddf2\ud835\uddfb\ud835\ude07\ud835\uddf6\ud835\uddee\ud835\uddff\ud835\uddf2 \ud835\ude02\ud835\uddfb \ud835\uddf4\ud835\uddf2\ud835\uddfb\ud835\uddfc\ud835\uddf0\ud835\uddf6\ud835\uddf1\ud835\uddf6\ud835\uddfc, \ud835\uddf9\ud835\uddf2\ud835\uddf4\ud835\uddf6\ud835\ude01\ud835\ude01\ud835\uddf6\ud835\uddfa\ud835\uddee\ud835\uddff\ud835\uddf2 \ud835\uddf9\u2019\ud835\uddf6\ud835\uddfa\ud835\uddfd\ud835\ude02\ud835\uddfb\ud835\uddf6\ud835\ude01\u00e0"},"content":{"rendered":"\n<p class=\"has-text-align-center\"><strong>Silvana Sale<\/strong><\/p>\n\n\n\n<p>Non c\u2019\u00e8 pace possibile sulle macerie fumanti di una citt\u00e0 distrutta.<br>Non c\u2019\u00e8 tregua reale quando serve solo a lavare la coscienza sporca dei carnefici e a spegnere la voce di chi denuncia.<br>A Gaza, oggi, si parla di &#8220;cessate il fuoco&#8221;, ma non c\u2019\u00e8 pi\u00f9 nulla da cessare, perch\u00e9 non c\u2019\u00e8 pi\u00f9 una citt\u00e0, non ci sono pi\u00f9 ospedali, non ci sono scuole, non ci sono case, non ci sono interi nuclei familiari.<br>C\u2019\u00e8 solo polvere, sangue secco sulle pietre, e il ronzio continuo degli aerei che Israele ha potuto usare per mesi, senza freni, contro un popolo disarmato.<\/p>\n\n\n\n<p>Questa tregua \u00e8 un\u2019offesa.<\/p>\n\n\n\n<p>\u00c8 una stretta di mano sul cadavere ancora caldo di un\u2019intera popolazione martoriata.<br>\u00c8 l\u2019ennesimo teatro internazionale per fingere che tutto stia tornando alla normalit\u00e0.<\/p>\n\n\n\n<p>Ma cosa sarebbe oggi la &#8220;normalit\u00e0&#8221; a Gaza?<br>Morire di fame con dignit\u00e0?<br>Crescere orfani tra le macerie con gli arti amputati?<br>Sopravvivere senza luce, senza acqua, senza medicine, con la consapevolezza che il mondo non ti vede, o peggio,ti vede e non fa nulla?<\/p>\n\n\n\n<p>La verit\u00e0 \u00e8 che questo genocidio \u00e8 stato visibile, documentato, trasmesso in diretta.<br>E il mondo, invece di fermarlo, ha trattato Israele come un attore razionale, legittimo, mentre usava ogni strumento di guerra immaginabile contro una popolazione intrappolata, impossibilitata a fuggire.<\/p>\n\n\n\n<p>La Palestina non ha un esercito.<br>Non ha un&#8217;aviazione. Non ha carri armati, n\u00e9 navi da guerra.<br>Non ha tecnologia bellica d\u2019avanguardia, n\u00e9 l\u2019appoggio incondizionato di superpotenze.<br>La Palestina ha bambini, e li ha visti morire sotto le bombe.<br>La Palestina ha madri che scavano a mani nude tra le macerie.<br>Ha un popolo che da 75 anni viene umiliato, derubato, strappato dalla sua terra, privato di ogni diritto e accusato di terrorismo per il solo fatto di esistere.<\/p>\n\n\n\n<p>E ora ci viene detto: &#8220;Tregua.&#8221;<br>Ma che tregua \u00e8, se non si accompagnano a questa parola processi, giustizia, riconoscimento della verit\u00e0?<br>Che senso ha parlare di pace quando chi ha ridotto Gaza in polvere non risponde di nulla?<\/p>\n\n\n\n<p>Israele continua a rifiutare qualsiasi responsabilit\u00e0.<br>Non risarcir\u00e0.<br>Non verr\u00e0 sanzionato.<br>Non sar\u00e0 arrestato nessuno.<br>Nessun tribunale internazionale ha ancora emesso una condanna formale. Le accuse di genocidio, chiare, fondate, sostenute da documenti, immagini, testimonianze, vengono relegate nei meandri della diplomazia.<\/p>\n\n\n\n<p>E intanto, l\u2019orrore viene anestetizzato, i media parlano di &#8220;cessate il fuoco&#8221; come se fosse un successo diplomatico.<\/p>\n\n\n\n<p>No, non \u00e8 un successo.<\/p>\n\n\n\n<p>\u00c8 una sepoltura collettiva della verit\u00e0.<br>\u00c8 un modo per farci dimenticare, per archiviare un crimine contro l\u2019umanit\u00e0 sotto le parole tiepide della &#8220;normalizzazione&#8221;.<\/p>\n\n\n\n<p>Ogni pietra di Gaza \u00e8 testimone di un crimine.<br>Ogni muro abbattuto, ogni bambino mutilato, ogni volto scomparso sotto i detriti grida che non si pu\u00f2 parlare di tregua senza giustizia.<\/p>\n\n\n\n<p>Eppure si fa.<br>Si legittima un regime che ha agito nell\u2019impunit\u00e0 totale, protetto da governi compiacenti, armato fino ai denti, coccolato dalla stampa occidentale.<\/p>\n\n\n\n<p>Questa non \u00e8 una tregua.<br>\u00c8 un\u2019interruzione programmata dell\u2019indignazione.<br>\u00c8 l\u2019ennesimo tentativo di seppellire il popolo palestinese sotto un nuovo strato di silenzio diplomatico.<\/p>\n\n\n\n<p>Ma chi ha visto, chi ha letto, chi ha ascoltato le urla delle madri e dei padri sotto le bombe, chi ha osservato i corpi allineati nei sacchi, chi ha contato i bambini decapitati, sventrati, mutilati, non pu\u00f2 e non deve accettare questa farsa.<\/p>\n\n\n\n<p>Finch\u00e9 non ci sar\u00e0 verit\u00e0, finch\u00e9 chi ha ucciso non pagher\u00e0, finch\u00e9 i sopravvissuti non saranno riconosciuti come vittime di un genocidio deliberato e brutale, ogni parola di tregua sar\u00e0 solo un altro capitolo della violenza.<\/p>\n\n\n\n<p>Chi oggi accetta questa opportunistica finta &#8220;pace&#8221; senza giustizia, senza memoria, senza condanna, si rende complice.<br>Non di un errore.<br>Ma di un genocidio.<\/p>\n\n\n\n<p>Gli accordi della cosiddetta tregua, quelli che dovrebbero segnare una svolta, sono in realt\u00e0 un documento d\u2019ipocrisia diplomatica.<br>Eccoli, punto per punto, spogliati da ogni illusione:<\/p>\n\n\n\n<p>Cessate il fuoco limitato, una pausa temporanea nei bombardamenti israeliani, senza alcun ritiro definitivo, n\u00e9 garanzia contro future operazioni militari.<br>Nessun impegno a fermare l\u2019assedio. Nessuna promessa di non tornare a colpire.<\/p>\n\n\n\n<p>Scambio ostaggi-prigionieri, Hamas rilascia civili israeliani, mentre Israele libera un numero selezionato di prigionieri palestinesi, molti dei quali incarcerati senza processo.<br>Nessun rilascio per le migliaia di detenuti politici.<\/p>\n\n\n\n<p>Accesso umanitario &#8220;controllato&#8221;, l\u2019ingresso di aiuti essenziali (cibo, acqua, medicinali) \u00e8 consentito, ma sotto stretto controllo israeliano, con quantit\u00e0 insufficienti e distribuzione arbitraria.<br>Gaza resta affamata, malata, al buio.<\/p>\n\n\n\n<p>Nessun obbligo di ricostruzione, Israele non riconosce alcuna responsabilit\u00e0 per la distruzione di Gaza.<br>Non contribuir\u00e0 alla ricostruzione. Nessun piano di risarcimento, nessuna ammissione di colpa, nessuna condanna.<\/p>\n\n\n\n<p>Nessun riconoscimento del genocidio, l\u2019accordo non menziona in alcun modo le accuse mosse alla leadership israeliana dalla Corte Internazionale di Giustizia.<br>Nessuna giustizia per le vittime, solo un silenzio imposto.<\/p>\n\n\n\n<p>Fase successiva vaga e condizionata, tutto \u00e8 subordinato alla &#8220;buona condotta&#8221; dei palestinesi.<br>Nessuna pressione concreta su Israele.<br>Nessun riferimento ai diritti storici dei palestinesi, n\u00e9 alla fine dell\u2019occupazione, n\u00e9 alla restituzione della terra.<\/p>\n\n\n\n<p>\u00c8 questa la &#8220;tregua&#8221;che il mondo sta celebrando, un\u2019operazione di facciata per interrompere le denunce, congelare l\u2019indignazione e normalizzare l\u2019impensabile.<\/p>\n\n\n\n<p>Ma chi ha visto Gaza ridotta in polvere sa che non c\u2019\u00e8 tregua possibile senza giustizia.<\/p>\n\n\n\n<figure class=\"wp-block-image size-full\"><img decoding=\"async\" width=\"949\" height=\"690\" src=\"https:\/\/www.nonsolomusicamagazine.it\/wp-content\/uploads\/2025\/10\/1000088029-1.jpg\" alt=\"\" class=\"wp-image-12396\" srcset=\"https:\/\/www.nonsolomusicamagazine.it\/wp-content\/uploads\/2025\/10\/1000088029-1.jpg 949w, https:\/\/www.nonsolomusicamagazine.it\/wp-content\/uploads\/2025\/10\/1000088029-1-300x218.jpg 300w, https:\/\/www.nonsolomusicamagazine.it\/wp-content\/uploads\/2025\/10\/1000088029-1-768x558.jpg 768w\" sizes=\"(max-width: 949px) 100vw, 949px\" \/><\/figure>\n","protected":false},"excerpt":{"rendered":"<p>Silvana Sale Non c\u2019\u00e8 pace possibile sulle macerie fumanti di una citt\u00e0 distrutta.Non c\u2019\u00e8 tregua reale quando serve solo a lavare la coscienza sporca dei carnefici e a spegnere la voce di chi denuncia.A Gaza, oggi, si parla di &#8220;cessate il fuoco&#8221;, ma non c\u2019\u00e8 pi\u00f9 nulla da cessare, perch\u00e9 non c\u2019\u00e8 pi\u00f9 una citt\u00e0, [&hellip;]<\/p>\n","protected":false},"author":1,"featured_media":12396,"comment_status":"open","ping_status":"closed","sticky":false,"template":"","format":"standard","meta":{"footnotes":""},"categories":[6,969],"tags":[939,628,627,2217,2072,216,2158],"class_list":["post-12395","post","type-post","status-publish","format-standard","has-post-thumbnail","hentry","category-esteri","category-giustizia","tag-accordo","tag-cessate-il-fuoco","tag-gaza","tag-genocidio","tag-hamas","tag-israele","tag-tregua"],"yoast_head":"<!-- This site is optimized with the Yoast SEO plugin v27.4 - https:\/\/yoast.com\/product\/yoast-seo-wordpress\/ -->\n<title>\ud835\udddf\ud835\uddee \ud835\uddf3\ud835\uddee\ud835\uddff\ud835\ude00\ud835\uddee \ud835\uddf1\ud835\uddf2\ud835\uddf9\ud835\uddf9\ud835\uddee \ud835\ude01\ud835\uddff\ud835\uddf2\ud835\uddf4\ud835\ude02\ud835\uddee: \ud835\ude00\ud835\uddf6\ud835\uddf9\ud835\uddf2\ud835\uddfb\ud835\ude07\ud835\uddf6\ud835\uddee\ud835\uddff\ud835\uddf2 \ud835\ude02\ud835\uddfb \ud835\uddf4\ud835\uddf2\ud835\uddfb\ud835\uddfc\ud835\uddf0\ud835\uddf6\ud835\uddf1\ud835\uddf6\ud835\uddfc, \ud835\uddf9\ud835\uddf2\ud835\uddf4\ud835\uddf6\ud835\ude01\ud835\ude01\ud835\uddf6\ud835\uddfa\ud835\uddee\ud835\uddff\ud835\uddf2 \ud835\uddf9\u2019\ud835\uddf6\ud835\uddfa\ud835\uddfd\ud835\ude02\ud835\uddfb\ud835\uddf6\ud835\ude01\u00e0 - NonSoloMusicaMagazine<\/title>\n<meta name=\"robots\" content=\"index, follow, max-snippet:-1, max-image-preview:large, max-video-preview:-1\" \/>\n<link rel=\"canonical\" href=\"https:\/\/www.nonsolomusicamagazine.it\/?p=12395\" \/>\n<meta property=\"og:locale\" content=\"it_IT\" \/>\n<meta property=\"og:type\" content=\"article\" \/>\n<meta property=\"og:title\" content=\"\ud835\udddf\ud835\uddee \ud835\uddf3\ud835\uddee\ud835\uddff\ud835\ude00\ud835\uddee \ud835\uddf1\ud835\uddf2\ud835\uddf9\ud835\uddf9\ud835\uddee \ud835\ude01\ud835\uddff\ud835\uddf2\ud835\uddf4\ud835\ude02\ud835\uddee: \ud835\ude00\ud835\uddf6\ud835\uddf9\ud835\uddf2\ud835\uddfb\ud835\ude07\ud835\uddf6\ud835\uddee\ud835\uddff\ud835\uddf2 \ud835\ude02\ud835\uddfb \ud835\uddf4\ud835\uddf2\ud835\uddfb\ud835\uddfc\ud835\uddf0\ud835\uddf6\ud835\uddf1\ud835\uddf6\ud835\uddfc, \ud835\uddf9\ud835\uddf2\ud835\uddf4\ud835\uddf6\ud835\ude01\ud835\ude01\ud835\uddf6\ud835\uddfa\ud835\uddee\ud835\uddff\ud835\uddf2 \ud835\uddf9\u2019\ud835\uddf6\ud835\uddfa\ud835\uddfd\ud835\ude02\ud835\uddfb\ud835\uddf6\ud835\ude01\u00e0 - NonSoloMusicaMagazine\" \/>\n<meta property=\"og:description\" content=\"Silvana Sale Non c\u2019\u00e8 pace possibile sulle macerie fumanti di una citt\u00e0 distrutta.Non c\u2019\u00e8 tregua reale quando serve solo a lavare la coscienza sporca dei carnefici e a spegnere la voce di chi denuncia.A Gaza, oggi, si parla di &#8220;cessate il fuoco&#8221;, ma non c\u2019\u00e8 pi\u00f9 nulla da cessare, perch\u00e9 non c\u2019\u00e8 pi\u00f9 una citt\u00e0, [&hellip;]\" \/>\n<meta property=\"og:url\" content=\"https:\/\/www.nonsolomusicamagazine.it\/?p=12395\" \/>\n<meta property=\"og:site_name\" content=\"NonSoloMusicaMagazine\" \/>\n<meta property=\"article:published_time\" content=\"2025-10-09T11:56:47+00:00\" \/>\n<meta property=\"article:modified_time\" content=\"2025-10-09T11:56:48+00:00\" \/>\n<meta property=\"og:image\" content=\"https:\/\/www.nonsolomusicamagazine.it\/wp-content\/uploads\/2025\/10\/1000088029-1.jpg\" \/>\n\t<meta property=\"og:image:width\" content=\"949\" \/>\n\t<meta property=\"og:image:height\" content=\"690\" \/>\n\t<meta property=\"og:image:type\" content=\"image\/jpeg\" \/>\n<meta name=\"author\" content=\"nonsolomusica\" \/>\n<meta name=\"twitter:card\" content=\"summary_large_image\" \/>\n<meta name=\"twitter:label1\" content=\"Scritto da\" \/>\n\t<meta name=\"twitter:data1\" content=\"nonsolomusica\" \/>\n\t<meta name=\"twitter:label2\" content=\"Tempo di lettura stimato\" \/>\n\t<meta name=\"twitter:data2\" content=\"5 minuti\" \/>\n<script type=\"application\/ld+json\" class=\"yoast-schema-graph\">{\"@context\":\"https:\\\/\\\/schema.org\",\"@graph\":[{\"@type\":\"Article\",\"@id\":\"https:\\\/\\\/www.nonsolomusicamagazine.it\\\/?p=12395#article\",\"isPartOf\":{\"@id\":\"https:\\\/\\\/www.nonsolomusicamagazine.it\\\/?p=12395\"},\"author\":{\"name\":\"nonsolomusica\",\"@id\":\"https:\\\/\\\/www.nonsolomusicamagazine.it\\\/#\\\/schema\\\/person\\\/a3349ad02300d046472d46cf6d31ae46\"},\"headline\":\"\ud835\udddf\ud835\uddee \ud835\uddf3\ud835\uddee\ud835\uddff\ud835\ude00\ud835\uddee \ud835\uddf1\ud835\uddf2\ud835\uddf9\ud835\uddf9\ud835\uddee \ud835\ude01\ud835\uddff\ud835\uddf2\ud835\uddf4\ud835\ude02\ud835\uddee: \ud835\ude00\ud835\uddf6\ud835\uddf9\ud835\uddf2\ud835\uddfb\ud835\ude07\ud835\uddf6\ud835\uddee\ud835\uddff\ud835\uddf2 \ud835\ude02\ud835\uddfb \ud835\uddf4\ud835\uddf2\ud835\uddfb\ud835\uddfc\ud835\uddf0\ud835\uddf6\ud835\uddf1\ud835\uddf6\ud835\uddfc, \ud835\uddf9\ud835\uddf2\ud835\uddf4\ud835\uddf6\ud835\ude01\ud835\ude01\ud835\uddf6\ud835\uddfa\ud835\uddee\ud835\uddff\ud835\uddf2 \ud835\uddf9\u2019\ud835\uddf6\ud835\uddfa\ud835\uddfd\ud835\ude02\ud835\uddfb\ud835\uddf6\ud835\ude01\u00e0\",\"datePublished\":\"2025-10-09T11:56:47+00:00\",\"dateModified\":\"2025-10-09T11:56:48+00:00\",\"mainEntityOfPage\":{\"@id\":\"https:\\\/\\\/www.nonsolomusicamagazine.it\\\/?p=12395\"},\"wordCount\":855,\"commentCount\":0,\"image\":{\"@id\":\"https:\\\/\\\/www.nonsolomusicamagazine.it\\\/?p=12395#primaryimage\"},\"thumbnailUrl\":\"https:\\\/\\\/www.nonsolomusicamagazine.it\\\/wp-content\\\/uploads\\\/2025\\\/10\\\/1000088029-1.jpg\",\"keywords\":[\"accordo\",\"Cessate il fuoco\",\"Gaza\",\"Genocidio\",\"Hamas\",\"Israele\",\"Tregua\"],\"articleSection\":[\"Esteri\",\"Giustizia\"],\"inLanguage\":\"it-IT\",\"potentialAction\":[{\"@type\":\"CommentAction\",\"name\":\"Comment\",\"target\":[\"https:\\\/\\\/www.nonsolomusicamagazine.it\\\/?p=12395#respond\"]}]},{\"@type\":\"WebPage\",\"@id\":\"https:\\\/\\\/www.nonsolomusicamagazine.it\\\/?p=12395\",\"url\":\"https:\\\/\\\/www.nonsolomusicamagazine.it\\\/?p=12395\",\"name\":\"\ud835\udddf\ud835\uddee \ud835\uddf3\ud835\uddee\ud835\uddff\ud835\ude00\ud835\uddee \ud835\uddf1\ud835\uddf2\ud835\uddf9\ud835\uddf9\ud835\uddee \ud835\ude01\ud835\uddff\ud835\uddf2\ud835\uddf4\ud835\ude02\ud835\uddee: \ud835\ude00\ud835\uddf6\ud835\uddf9\ud835\uddf2\ud835\uddfb\ud835\ude07\ud835\uddf6\ud835\uddee\ud835\uddff\ud835\uddf2 \ud835\ude02\ud835\uddfb \ud835\uddf4\ud835\uddf2\ud835\uddfb\ud835\uddfc\ud835\uddf0\ud835\uddf6\ud835\uddf1\ud835\uddf6\ud835\uddfc, \ud835\uddf9\ud835\uddf2\ud835\uddf4\ud835\uddf6\ud835\ude01\ud835\ude01\ud835\uddf6\ud835\uddfa\ud835\uddee\ud835\uddff\ud835\uddf2 \ud835\uddf9\u2019\ud835\uddf6\ud835\uddfa\ud835\uddfd\ud835\ude02\ud835\uddfb\ud835\uddf6\ud835\ude01\u00e0 - NonSoloMusicaMagazine\",\"isPartOf\":{\"@id\":\"https:\\\/\\\/www.nonsolomusicamagazine.it\\\/#website\"},\"primaryImageOfPage\":{\"@id\":\"https:\\\/\\\/www.nonsolomusicamagazine.it\\\/?p=12395#primaryimage\"},\"image\":{\"@id\":\"https:\\\/\\\/www.nonsolomusicamagazine.it\\\/?p=12395#primaryimage\"},\"thumbnailUrl\":\"https:\\\/\\\/www.nonsolomusicamagazine.it\\\/wp-content\\\/uploads\\\/2025\\\/10\\\/1000088029-1.jpg\",\"datePublished\":\"2025-10-09T11:56:47+00:00\",\"dateModified\":\"2025-10-09T11:56:48+00:00\",\"author\":{\"@id\":\"https:\\\/\\\/www.nonsolomusicamagazine.it\\\/#\\\/schema\\\/person\\\/a3349ad02300d046472d46cf6d31ae46\"},\"breadcrumb\":{\"@id\":\"https:\\\/\\\/www.nonsolomusicamagazine.it\\\/?p=12395#breadcrumb\"},\"inLanguage\":\"it-IT\",\"potentialAction\":[{\"@type\":\"ReadAction\",\"target\":[\"https:\\\/\\\/www.nonsolomusicamagazine.it\\\/?p=12395\"]}]},{\"@type\":\"ImageObject\",\"inLanguage\":\"it-IT\",\"@id\":\"https:\\\/\\\/www.nonsolomusicamagazine.it\\\/?p=12395#primaryimage\",\"url\":\"https:\\\/\\\/www.nonsolomusicamagazine.it\\\/wp-content\\\/uploads\\\/2025\\\/10\\\/1000088029-1.jpg\",\"contentUrl\":\"https:\\\/\\\/www.nonsolomusicamagazine.it\\\/wp-content\\\/uploads\\\/2025\\\/10\\\/1000088029-1.jpg\",\"width\":949,\"height\":690},{\"@type\":\"BreadcrumbList\",\"@id\":\"https:\\\/\\\/www.nonsolomusicamagazine.it\\\/?p=12395#breadcrumb\",\"itemListElement\":[{\"@type\":\"ListItem\",\"position\":1,\"name\":\"Home\",\"item\":\"https:\\\/\\\/www.nonsolomusicamagazine.it\\\/\"},{\"@type\":\"ListItem\",\"position\":2,\"name\":\"\ud835\udddf\ud835\uddee \ud835\uddf3\ud835\uddee\ud835\uddff\ud835\ude00\ud835\uddee \ud835\uddf1\ud835\uddf2\ud835\uddf9\ud835\uddf9\ud835\uddee \ud835\ude01\ud835\uddff\ud835\uddf2\ud835\uddf4\ud835\ude02\ud835\uddee: \ud835\ude00\ud835\uddf6\ud835\uddf9\ud835\uddf2\ud835\uddfb\ud835\ude07\ud835\uddf6\ud835\uddee\ud835\uddff\ud835\uddf2 \ud835\ude02\ud835\uddfb \ud835\uddf4\ud835\uddf2\ud835\uddfb\ud835\uddfc\ud835\uddf0\ud835\uddf6\ud835\uddf1\ud835\uddf6\ud835\uddfc, \ud835\uddf9\ud835\uddf2\ud835\uddf4\ud835\uddf6\ud835\ude01\ud835\ude01\ud835\uddf6\ud835\uddfa\ud835\uddee\ud835\uddff\ud835\uddf2 \ud835\uddf9\u2019\ud835\uddf6\ud835\uddfa\ud835\uddfd\ud835\ude02\ud835\uddfb\ud835\uddf6\ud835\ude01\u00e0\"}]},{\"@type\":\"WebSite\",\"@id\":\"https:\\\/\\\/www.nonsolomusicamagazine.it\\\/#website\",\"url\":\"https:\\\/\\\/www.nonsolomusicamagazine.it\\\/\",\"name\":\"Nonsolomusicamagazine\",\"description\":\"Dir. responsabile Manuel M Buccarella\",\"potentialAction\":[{\"@type\":\"SearchAction\",\"target\":{\"@type\":\"EntryPoint\",\"urlTemplate\":\"https:\\\/\\\/www.nonsolomusicamagazine.it\\\/?s={search_term_string}\"},\"query-input\":{\"@type\":\"PropertyValueSpecification\",\"valueRequired\":true,\"valueName\":\"search_term_string\"}}],\"inLanguage\":\"it-IT\"},{\"@type\":\"Person\",\"@id\":\"https:\\\/\\\/www.nonsolomusicamagazine.it\\\/#\\\/schema\\\/person\\\/a3349ad02300d046472d46cf6d31ae46\",\"name\":\"nonsolomusica\",\"image\":{\"@type\":\"ImageObject\",\"inLanguage\":\"it-IT\",\"@id\":\"https:\\\/\\\/www.nonsolomusicamagazine.it\\\/wp-content\\\/litespeed\\\/avatar\\\/3a675484bc84db6aba78d43bfc8b7197.jpg?ver=1776880798\",\"url\":\"https:\\\/\\\/www.nonsolomusicamagazine.it\\\/wp-content\\\/litespeed\\\/avatar\\\/3a675484bc84db6aba78d43bfc8b7197.jpg?ver=1776880798\",\"contentUrl\":\"https:\\\/\\\/www.nonsolomusicamagazine.it\\\/wp-content\\\/litespeed\\\/avatar\\\/3a675484bc84db6aba78d43bfc8b7197.jpg?ver=1776880798\",\"caption\":\"nonsolomusica\"},\"sameAs\":[\"https:\\\/\\\/www.nonsolomusicamagazine.it\"],\"url\":\"https:\\\/\\\/www.nonsolomusicamagazine.it\\\/?author=1\"}]}<\/script>\n<!-- \/ Yoast SEO plugin. -->","yoast_head_json":{"title":"\ud835\udddf\ud835\uddee \ud835\uddf3\ud835\uddee\ud835\uddff\ud835\ude00\ud835\uddee \ud835\uddf1\ud835\uddf2\ud835\uddf9\ud835\uddf9\ud835\uddee \ud835\ude01\ud835\uddff\ud835\uddf2\ud835\uddf4\ud835\ude02\ud835\uddee: \ud835\ude00\ud835\uddf6\ud835\uddf9\ud835\uddf2\ud835\uddfb\ud835\ude07\ud835\uddf6\ud835\uddee\ud835\uddff\ud835\uddf2 \ud835\ude02\ud835\uddfb \ud835\uddf4\ud835\uddf2\ud835\uddfb\ud835\uddfc\ud835\uddf0\ud835\uddf6\ud835\uddf1\ud835\uddf6\ud835\uddfc, \ud835\uddf9\ud835\uddf2\ud835\uddf4\ud835\uddf6\ud835\ude01\ud835\ude01\ud835\uddf6\ud835\uddfa\ud835\uddee\ud835\uddff\ud835\uddf2 \ud835\uddf9\u2019\ud835\uddf6\ud835\uddfa\ud835\uddfd\ud835\ude02\ud835\uddfb\ud835\uddf6\ud835\ude01\u00e0 - NonSoloMusicaMagazine","robots":{"index":"index","follow":"follow","max-snippet":"max-snippet:-1","max-image-preview":"max-image-preview:large","max-video-preview":"max-video-preview:-1"},"canonical":"https:\/\/www.nonsolomusicamagazine.it\/?p=12395","og_locale":"it_IT","og_type":"article","og_title":"\ud835\udddf\ud835\uddee \ud835\uddf3\ud835\uddee\ud835\uddff\ud835\ude00\ud835\uddee \ud835\uddf1\ud835\uddf2\ud835\uddf9\ud835\uddf9\ud835\uddee \ud835\ude01\ud835\uddff\ud835\uddf2\ud835\uddf4\ud835\ude02\ud835\uddee: \ud835\ude00\ud835\uddf6\ud835\uddf9\ud835\uddf2\ud835\uddfb\ud835\ude07\ud835\uddf6\ud835\uddee\ud835\uddff\ud835\uddf2 \ud835\ude02\ud835\uddfb \ud835\uddf4\ud835\uddf2\ud835\uddfb\ud835\uddfc\ud835\uddf0\ud835\uddf6\ud835\uddf1\ud835\uddf6\ud835\uddfc, \ud835\uddf9\ud835\uddf2\ud835\uddf4\ud835\uddf6\ud835\ude01\ud835\ude01\ud835\uddf6\ud835\uddfa\ud835\uddee\ud835\uddff\ud835\uddf2 \ud835\uddf9\u2019\ud835\uddf6\ud835\uddfa\ud835\uddfd\ud835\ude02\ud835\uddfb\ud835\uddf6\ud835\ude01\u00e0 - NonSoloMusicaMagazine","og_description":"Silvana Sale Non c\u2019\u00e8 pace possibile sulle macerie fumanti di una citt\u00e0 distrutta.Non c\u2019\u00e8 tregua reale quando serve solo a lavare la coscienza sporca dei carnefici e a spegnere la voce di chi denuncia.A Gaza, oggi, si parla di &#8220;cessate il fuoco&#8221;, ma non c\u2019\u00e8 pi\u00f9 nulla da cessare, perch\u00e9 non c\u2019\u00e8 pi\u00f9 una citt\u00e0, [&hellip;]","og_url":"https:\/\/www.nonsolomusicamagazine.it\/?p=12395","og_site_name":"NonSoloMusicaMagazine","article_published_time":"2025-10-09T11:56:47+00:00","article_modified_time":"2025-10-09T11:56:48+00:00","og_image":[{"width":949,"height":690,"url":"https:\/\/www.nonsolomusicamagazine.it\/wp-content\/uploads\/2025\/10\/1000088029-1.jpg","type":"image\/jpeg"}],"author":"nonsolomusica","twitter_card":"summary_large_image","twitter_misc":{"Scritto da":"nonsolomusica","Tempo di lettura stimato":"5 minuti"},"schema":{"@context":"https:\/\/schema.org","@graph":[{"@type":"Article","@id":"https:\/\/www.nonsolomusicamagazine.it\/?p=12395#article","isPartOf":{"@id":"https:\/\/www.nonsolomusicamagazine.it\/?p=12395"},"author":{"name":"nonsolomusica","@id":"https:\/\/www.nonsolomusicamagazine.it\/#\/schema\/person\/a3349ad02300d046472d46cf6d31ae46"},"headline":"\ud835\udddf\ud835\uddee \ud835\uddf3\ud835\uddee\ud835\uddff\ud835\ude00\ud835\uddee \ud835\uddf1\ud835\uddf2\ud835\uddf9\ud835\uddf9\ud835\uddee \ud835\ude01\ud835\uddff\ud835\uddf2\ud835\uddf4\ud835\ude02\ud835\uddee: \ud835\ude00\ud835\uddf6\ud835\uddf9\ud835\uddf2\ud835\uddfb\ud835\ude07\ud835\uddf6\ud835\uddee\ud835\uddff\ud835\uddf2 \ud835\ude02\ud835\uddfb \ud835\uddf4\ud835\uddf2\ud835\uddfb\ud835\uddfc\ud835\uddf0\ud835\uddf6\ud835\uddf1\ud835\uddf6\ud835\uddfc, \ud835\uddf9\ud835\uddf2\ud835\uddf4\ud835\uddf6\ud835\ude01\ud835\ude01\ud835\uddf6\ud835\uddfa\ud835\uddee\ud835\uddff\ud835\uddf2 \ud835\uddf9\u2019\ud835\uddf6\ud835\uddfa\ud835\uddfd\ud835\ude02\ud835\uddfb\ud835\uddf6\ud835\ude01\u00e0","datePublished":"2025-10-09T11:56:47+00:00","dateModified":"2025-10-09T11:56:48+00:00","mainEntityOfPage":{"@id":"https:\/\/www.nonsolomusicamagazine.it\/?p=12395"},"wordCount":855,"commentCount":0,"image":{"@id":"https:\/\/www.nonsolomusicamagazine.it\/?p=12395#primaryimage"},"thumbnailUrl":"https:\/\/www.nonsolomusicamagazine.it\/wp-content\/uploads\/2025\/10\/1000088029-1.jpg","keywords":["accordo","Cessate il fuoco","Gaza","Genocidio","Hamas","Israele","Tregua"],"articleSection":["Esteri","Giustizia"],"inLanguage":"it-IT","potentialAction":[{"@type":"CommentAction","name":"Comment","target":["https:\/\/www.nonsolomusicamagazine.it\/?p=12395#respond"]}]},{"@type":"WebPage","@id":"https:\/\/www.nonsolomusicamagazine.it\/?p=12395","url":"https:\/\/www.nonsolomusicamagazine.it\/?p=12395","name":"\ud835\udddf\ud835\uddee \ud835\uddf3\ud835\uddee\ud835\uddff\ud835\ude00\ud835\uddee \ud835\uddf1\ud835\uddf2\ud835\uddf9\ud835\uddf9\ud835\uddee \ud835\ude01\ud835\uddff\ud835\uddf2\ud835\uddf4\ud835\ude02\ud835\uddee: \ud835\ude00\ud835\uddf6\ud835\uddf9\ud835\uddf2\ud835\uddfb\ud835\ude07\ud835\uddf6\ud835\uddee\ud835\uddff\ud835\uddf2 \ud835\ude02\ud835\uddfb \ud835\uddf4\ud835\uddf2\ud835\uddfb\ud835\uddfc\ud835\uddf0\ud835\uddf6\ud835\uddf1\ud835\uddf6\ud835\uddfc, \ud835\uddf9\ud835\uddf2\ud835\uddf4\ud835\uddf6\ud835\ude01\ud835\ude01\ud835\uddf6\ud835\uddfa\ud835\uddee\ud835\uddff\ud835\uddf2 \ud835\uddf9\u2019\ud835\uddf6\ud835\uddfa\ud835\uddfd\ud835\ude02\ud835\uddfb\ud835\uddf6\ud835\ude01\u00e0 - NonSoloMusicaMagazine","isPartOf":{"@id":"https:\/\/www.nonsolomusicamagazine.it\/#website"},"primaryImageOfPage":{"@id":"https:\/\/www.nonsolomusicamagazine.it\/?p=12395#primaryimage"},"image":{"@id":"https:\/\/www.nonsolomusicamagazine.it\/?p=12395#primaryimage"},"thumbnailUrl":"https:\/\/www.nonsolomusicamagazine.it\/wp-content\/uploads\/2025\/10\/1000088029-1.jpg","datePublished":"2025-10-09T11:56:47+00:00","dateModified":"2025-10-09T11:56:48+00:00","author":{"@id":"https:\/\/www.nonsolomusicamagazine.it\/#\/schema\/person\/a3349ad02300d046472d46cf6d31ae46"},"breadcrumb":{"@id":"https:\/\/www.nonsolomusicamagazine.it\/?p=12395#breadcrumb"},"inLanguage":"it-IT","potentialAction":[{"@type":"ReadAction","target":["https:\/\/www.nonsolomusicamagazine.it\/?p=12395"]}]},{"@type":"ImageObject","inLanguage":"it-IT","@id":"https:\/\/www.nonsolomusicamagazine.it\/?p=12395#primaryimage","url":"https:\/\/www.nonsolomusicamagazine.it\/wp-content\/uploads\/2025\/10\/1000088029-1.jpg","contentUrl":"https:\/\/www.nonsolomusicamagazine.it\/wp-content\/uploads\/2025\/10\/1000088029-1.jpg","width":949,"height":690},{"@type":"BreadcrumbList","@id":"https:\/\/www.nonsolomusicamagazine.it\/?p=12395#breadcrumb","itemListElement":[{"@type":"ListItem","position":1,"name":"Home","item":"https:\/\/www.nonsolomusicamagazine.it\/"},{"@type":"ListItem","position":2,"name":"\ud835\udddf\ud835\uddee \ud835\uddf3\ud835\uddee\ud835\uddff\ud835\ude00\ud835\uddee \ud835\uddf1\ud835\uddf2\ud835\uddf9\ud835\uddf9\ud835\uddee \ud835\ude01\ud835\uddff\ud835\uddf2\ud835\uddf4\ud835\ude02\ud835\uddee: \ud835\ude00\ud835\uddf6\ud835\uddf9\ud835\uddf2\ud835\uddfb\ud835\ude07\ud835\uddf6\ud835\uddee\ud835\uddff\ud835\uddf2 \ud835\ude02\ud835\uddfb \ud835\uddf4\ud835\uddf2\ud835\uddfb\ud835\uddfc\ud835\uddf0\ud835\uddf6\ud835\uddf1\ud835\uddf6\ud835\uddfc, \ud835\uddf9\ud835\uddf2\ud835\uddf4\ud835\uddf6\ud835\ude01\ud835\ude01\ud835\uddf6\ud835\uddfa\ud835\uddee\ud835\uddff\ud835\uddf2 \ud835\uddf9\u2019\ud835\uddf6\ud835\uddfa\ud835\uddfd\ud835\ude02\ud835\uddfb\ud835\uddf6\ud835\ude01\u00e0"}]},{"@type":"WebSite","@id":"https:\/\/www.nonsolomusicamagazine.it\/#website","url":"https:\/\/www.nonsolomusicamagazine.it\/","name":"Nonsolomusicamagazine","description":"Dir. responsabile Manuel M Buccarella","potentialAction":[{"@type":"SearchAction","target":{"@type":"EntryPoint","urlTemplate":"https:\/\/www.nonsolomusicamagazine.it\/?s={search_term_string}"},"query-input":{"@type":"PropertyValueSpecification","valueRequired":true,"valueName":"search_term_string"}}],"inLanguage":"it-IT"},{"@type":"Person","@id":"https:\/\/www.nonsolomusicamagazine.it\/#\/schema\/person\/a3349ad02300d046472d46cf6d31ae46","name":"nonsolomusica","image":{"@type":"ImageObject","inLanguage":"it-IT","@id":"https:\/\/www.nonsolomusicamagazine.it\/wp-content\/litespeed\/avatar\/3a675484bc84db6aba78d43bfc8b7197.jpg?ver=1776880798","url":"https:\/\/www.nonsolomusicamagazine.it\/wp-content\/litespeed\/avatar\/3a675484bc84db6aba78d43bfc8b7197.jpg?ver=1776880798","contentUrl":"https:\/\/www.nonsolomusicamagazine.it\/wp-content\/litespeed\/avatar\/3a675484bc84db6aba78d43bfc8b7197.jpg?ver=1776880798","caption":"nonsolomusica"},"sameAs":["https:\/\/www.nonsolomusicamagazine.it"],"url":"https:\/\/www.nonsolomusicamagazine.it\/?author=1"}]}},"amp_enabled":true,"_links":{"self":[{"href":"https:\/\/www.nonsolomusicamagazine.it\/index.php?rest_route=\/wp\/v2\/posts\/12395","targetHints":{"allow":["GET"]}}],"collection":[{"href":"https:\/\/www.nonsolomusicamagazine.it\/index.php?rest_route=\/wp\/v2\/posts"}],"about":[{"href":"https:\/\/www.nonsolomusicamagazine.it\/index.php?rest_route=\/wp\/v2\/types\/post"}],"author":[{"embeddable":true,"href":"https:\/\/www.nonsolomusicamagazine.it\/index.php?rest_route=\/wp\/v2\/users\/1"}],"replies":[{"embeddable":true,"href":"https:\/\/www.nonsolomusicamagazine.it\/index.php?rest_route=%2Fwp%2Fv2%2Fcomments&post=12395"}],"version-history":[{"count":0,"href":"https:\/\/www.nonsolomusicamagazine.it\/index.php?rest_route=\/wp\/v2\/posts\/12395\/revisions"}],"wp:featuredmedia":[{"embeddable":true,"href":"https:\/\/www.nonsolomusicamagazine.it\/index.php?rest_route=\/wp\/v2\/media\/12396"}],"wp:attachment":[{"href":"https:\/\/www.nonsolomusicamagazine.it\/index.php?rest_route=%2Fwp%2Fv2%2Fmedia&parent=12395"}],"wp:term":[{"taxonomy":"category","embeddable":true,"href":"https:\/\/www.nonsolomusicamagazine.it\/index.php?rest_route=%2Fwp%2Fv2%2Fcategories&post=12395"},{"taxonomy":"post_tag","embeddable":true,"href":"https:\/\/www.nonsolomusicamagazine.it\/index.php?rest_route=%2Fwp%2Fv2%2Ftags&post=12395"}],"curies":[{"name":"wp","href":"https:\/\/api.w.org\/{rel}","templated":true}]}}