{"id":12398,"date":"2025-10-09T18:42:04","date_gmt":"2025-10-09T16:42:04","guid":{"rendered":"https:\/\/www.nonsolomusicamagazine.it\/?p=12398"},"modified":"2025-10-09T18:42:05","modified_gmt":"2025-10-09T16:42:05","slug":"riflessione-crepuscolare-su-mattarella-e-lanedonia-di-rappresentanza-a-corrente-alterna-sottotitolo-ad-avercene-di-presidenti-come-sergio","status":"publish","type":"post","link":"https:\/\/www.nonsolomusicamagazine.it\/?p=12398","title":{"rendered":"RIFLESSIONE CREPUSCOLARE SU MATTARELLA E L&#8217;ANEDONIA DI RAPPRESENTANZA A CORRENTE ALTERNA (Sottotitolo : Ad avercene di presidenti come Sergio)"},"content":{"rendered":"\n<p class=\"has-text-align-center\"> <strong>Lavinia Marchetti<\/strong><\/p>\n\n\n\n<p>Per la mia collocazione politica, il Presidente della Repubblica \u00e8 una figura priva di senso. Un simulacro istituzionale che non rappresenta nessuno, se non se stesso e quella cerchia ristretta di potere che si alimenta di distanza. Nessun contatto con chi dice di rappresentare, nessuna voce, nessuna mano tesa.<\/p>\n\n\n\n<p>Eppure, almeno sul piano internazionale, quel ruolo non \u00e8 soltanto ornamentale. Il Capo dello Stato dovrebbe essere il garante supremo della dignit\u00e0 dei propri cittadini, colui che si espone quando uomini e donne del proprio Paese vengono detenuti, aggrediti, minacciati in contesti di guerra, o quando si verificano catastrofi che chiedono un segno di umanit\u00e0. Certo, c\u2019\u00e8 il ministro degli esteri, ma non si pu\u00f2 pretendere statura da chi \u00e8 stato scelto per servilismo o per folklore.<\/p>\n\n\n\n<p>Per questo il mio pensiero si rivolge al cosiddetto Presidente della Repubblica, senza alcuna deferenza. Come potrei provarne, verso chi non dimostra rispetto per i propri concittadini, per coloro che chiedono soltanto il rispetto delle pi\u00f9 elementari norme umanitarie? Sospetto anzi che, se dei cittadini italiani partissero domani su piccole imbarcazioni per portare aiuti all\u2019Ucraina, l\u00e0, magari partendo dalla Turchia fino al Mar d&#8217;Azov, il nostro \u201csupremo garante\u201d correrebbe a farsi fotografare sul primo carro armato disponibile, con elmetto e voce tonante, allora s\u00ec che tuonerebbe dallo scranno. Ma il doppiopesismo, in fondo, \u00e8 diventato cos\u00ec strutturale da risultare persino noioso farlo notare.<\/p>\n\n\n\n<p>Resta una domanda, semplice e terribile: COME DIAMINE \u00c8 POSSIBILE? Com\u2019\u00e8 possibile che un capo di Stato balbetti davanti all\u2019arresto dei propri concittadini che portano medicine e viveri a civili affamati? Com\u2019\u00e8 possibile tacere mentre giornalisti italiani rischiano la vita per raccontare ci\u00f2 che accade nei luoghi dove il diritto \u00e8 sospeso e la piet\u00e0 \u00e8 un reato? Com\u2019\u00e8 possibile ridursi a un\u2019anedonia di Stato, a un mutismo intermittente, che parla solo quando la convenienza lo consente? Non \u00e8 una domanda retorica, mi chiedo quando sia diventato &#8220;accettabile&#8221; questo silenzio.<\/p>\n\n\n\n<figure class=\"wp-block-image size-large\"><img decoding=\"async\" width=\"1024\" height=\"683\" src=\"https:\/\/www.nonsolomusicamagazine.it\/wp-content\/uploads\/2025\/10\/1000088183-1024x683.jpg\" alt=\"\" class=\"wp-image-12399\" srcset=\"https:\/\/www.nonsolomusicamagazine.it\/wp-content\/uploads\/2025\/10\/1000088183-1024x683.jpg 1024w, https:\/\/www.nonsolomusicamagazine.it\/wp-content\/uploads\/2025\/10\/1000088183-300x200.jpg 300w, https:\/\/www.nonsolomusicamagazine.it\/wp-content\/uploads\/2025\/10\/1000088183-768x512.jpg 768w, https:\/\/www.nonsolomusicamagazine.it\/wp-content\/uploads\/2025\/10\/1000088183-1320x880.jpg 1320w, https:\/\/www.nonsolomusicamagazine.it\/wp-content\/uploads\/2025\/10\/1000088183.jpg 1536w\" sizes=\"(max-width: 1024px) 100vw, 1024px\" \/><\/figure>\n","protected":false},"excerpt":{"rendered":"<p>Lavinia Marchetti Per la mia collocazione politica, il Presidente della Repubblica \u00e8 una figura priva di senso. Un simulacro istituzionale che non rappresenta nessuno, se non se stesso e quella cerchia ristretta di potere che si alimenta di distanza. Nessun contatto con chi dice di rappresentare, nessuna voce, nessuna mano tesa. Eppure, almeno sul piano [&hellip;]<\/p>\n","protected":false},"author":1,"featured_media":12399,"comment_status":"open","ping_status":"closed","sticky":false,"template":"","format":"standard","meta":{"footnotes":""},"categories":[5,20],"tags":[4962,2663,4961],"class_list":["post-12398","post","type-post","status-publish","format-standard","has-post-thumbnail","hentry","category-politica","category-societa","tag-anedonia","tag-presidente-della-repubblica","tag-sergio-mattarella"],"yoast_head":"<!-- This site is optimized with the Yoast SEO plugin v27.4 - https:\/\/yoast.com\/product\/yoast-seo-wordpress\/ -->\n<title>RIFLESSIONE CREPUSCOLARE SU MATTARELLA E L&#039;ANEDONIA DI RAPPRESENTANZA A CORRENTE ALTERNA (Sottotitolo : Ad avercene di presidenti come Sergio) - NonSoloMusicaMagazine<\/title>\n<meta name=\"robots\" content=\"index, follow, max-snippet:-1, max-image-preview:large, max-video-preview:-1\" \/>\n<link rel=\"canonical\" href=\"https:\/\/www.nonsolomusicamagazine.it\/?p=12398\" \/>\n<meta property=\"og:locale\" content=\"it_IT\" \/>\n<meta property=\"og:type\" content=\"article\" \/>\n<meta property=\"og:title\" content=\"RIFLESSIONE CREPUSCOLARE SU MATTARELLA E L&#039;ANEDONIA DI RAPPRESENTANZA A CORRENTE ALTERNA (Sottotitolo : Ad avercene di presidenti come Sergio) - NonSoloMusicaMagazine\" \/>\n<meta property=\"og:description\" content=\"Lavinia Marchetti Per la mia collocazione politica, il Presidente della Repubblica \u00e8 una figura priva di senso. Un simulacro istituzionale che non rappresenta nessuno, se non se stesso e quella cerchia ristretta di potere che si alimenta di distanza. Nessun contatto con chi dice di rappresentare, nessuna voce, nessuna mano tesa. Eppure, almeno sul piano [&hellip;]\" \/>\n<meta property=\"og:url\" content=\"https:\/\/www.nonsolomusicamagazine.it\/?p=12398\" \/>\n<meta property=\"og:site_name\" content=\"NonSoloMusicaMagazine\" \/>\n<meta property=\"article:published_time\" content=\"2025-10-09T16:42:04+00:00\" \/>\n<meta property=\"article:modified_time\" content=\"2025-10-09T16:42:05+00:00\" \/>\n<meta property=\"og:image\" content=\"https:\/\/www.nonsolomusicamagazine.it\/wp-content\/uploads\/2025\/10\/1000088183.jpg\" \/>\n\t<meta property=\"og:image:width\" content=\"1536\" \/>\n\t<meta property=\"og:image:height\" content=\"1024\" \/>\n\t<meta property=\"og:image:type\" content=\"image\/jpeg\" \/>\n<meta name=\"author\" content=\"nonsolomusica\" \/>\n<meta name=\"twitter:card\" content=\"summary_large_image\" \/>\n<meta name=\"twitter:label1\" content=\"Scritto da\" \/>\n\t<meta name=\"twitter:data1\" content=\"nonsolomusica\" \/>\n\t<meta name=\"twitter:label2\" content=\"Tempo di lettura stimato\" \/>\n\t<meta name=\"twitter:data2\" content=\"3 minuti\" \/>\n<script type=\"application\/ld+json\" class=\"yoast-schema-graph\">{\"@context\":\"https:\\\/\\\/schema.org\",\"@graph\":[{\"@type\":\"Article\",\"@id\":\"https:\\\/\\\/www.nonsolomusicamagazine.it\\\/?p=12398#article\",\"isPartOf\":{\"@id\":\"https:\\\/\\\/www.nonsolomusicamagazine.it\\\/?p=12398\"},\"author\":{\"name\":\"nonsolomusica\",\"@id\":\"https:\\\/\\\/www.nonsolomusicamagazine.it\\\/#\\\/schema\\\/person\\\/a3349ad02300d046472d46cf6d31ae46\"},\"headline\":\"RIFLESSIONE CREPUSCOLARE SU MATTARELLA E L&#8217;ANEDONIA DI RAPPRESENTANZA A CORRENTE ALTERNA (Sottotitolo : Ad avercene di presidenti come Sergio)\",\"datePublished\":\"2025-10-09T16:42:04+00:00\",\"dateModified\":\"2025-10-09T16:42:05+00:00\",\"mainEntityOfPage\":{\"@id\":\"https:\\\/\\\/www.nonsolomusicamagazine.it\\\/?p=12398\"},\"wordCount\":336,\"commentCount\":0,\"image\":{\"@id\":\"https:\\\/\\\/www.nonsolomusicamagazine.it\\\/?p=12398#primaryimage\"},\"thumbnailUrl\":\"https:\\\/\\\/www.nonsolomusicamagazine.it\\\/wp-content\\\/uploads\\\/2025\\\/10\\\/1000088183.jpg\",\"keywords\":[\"Anedonia\",\"Presidente della Repubblica\",\"Sergio Mattarella\"],\"articleSection\":[\"Politica\",\"Societ\u00e0\"],\"inLanguage\":\"it-IT\",\"potentialAction\":[{\"@type\":\"CommentAction\",\"name\":\"Comment\",\"target\":[\"https:\\\/\\\/www.nonsolomusicamagazine.it\\\/?p=12398#respond\"]}]},{\"@type\":\"WebPage\",\"@id\":\"https:\\\/\\\/www.nonsolomusicamagazine.it\\\/?p=12398\",\"url\":\"https:\\\/\\\/www.nonsolomusicamagazine.it\\\/?p=12398\",\"name\":\"RIFLESSIONE CREPUSCOLARE SU MATTARELLA E L'ANEDONIA DI RAPPRESENTANZA A CORRENTE ALTERNA (Sottotitolo : Ad avercene di presidenti come Sergio) - NonSoloMusicaMagazine\",\"isPartOf\":{\"@id\":\"https:\\\/\\\/www.nonsolomusicamagazine.it\\\/#website\"},\"primaryImageOfPage\":{\"@id\":\"https:\\\/\\\/www.nonsolomusicamagazine.it\\\/?p=12398#primaryimage\"},\"image\":{\"@id\":\"https:\\\/\\\/www.nonsolomusicamagazine.it\\\/?p=12398#primaryimage\"},\"thumbnailUrl\":\"https:\\\/\\\/www.nonsolomusicamagazine.it\\\/wp-content\\\/uploads\\\/2025\\\/10\\\/1000088183.jpg\",\"datePublished\":\"2025-10-09T16:42:04+00:00\",\"dateModified\":\"2025-10-09T16:42:05+00:00\",\"author\":{\"@id\":\"https:\\\/\\\/www.nonsolomusicamagazine.it\\\/#\\\/schema\\\/person\\\/a3349ad02300d046472d46cf6d31ae46\"},\"breadcrumb\":{\"@id\":\"https:\\\/\\\/www.nonsolomusicamagazine.it\\\/?p=12398#breadcrumb\"},\"inLanguage\":\"it-IT\",\"potentialAction\":[{\"@type\":\"ReadAction\",\"target\":[\"https:\\\/\\\/www.nonsolomusicamagazine.it\\\/?p=12398\"]}]},{\"@type\":\"ImageObject\",\"inLanguage\":\"it-IT\",\"@id\":\"https:\\\/\\\/www.nonsolomusicamagazine.it\\\/?p=12398#primaryimage\",\"url\":\"https:\\\/\\\/www.nonsolomusicamagazine.it\\\/wp-content\\\/uploads\\\/2025\\\/10\\\/1000088183.jpg\",\"contentUrl\":\"https:\\\/\\\/www.nonsolomusicamagazine.it\\\/wp-content\\\/uploads\\\/2025\\\/10\\\/1000088183.jpg\",\"width\":1536,\"height\":1024},{\"@type\":\"BreadcrumbList\",\"@id\":\"https:\\\/\\\/www.nonsolomusicamagazine.it\\\/?p=12398#breadcrumb\",\"itemListElement\":[{\"@type\":\"ListItem\",\"position\":1,\"name\":\"Home\",\"item\":\"https:\\\/\\\/www.nonsolomusicamagazine.it\\\/\"},{\"@type\":\"ListItem\",\"position\":2,\"name\":\"RIFLESSIONE CREPUSCOLARE SU MATTARELLA E L&#8217;ANEDONIA DI RAPPRESENTANZA A CORRENTE ALTERNA (Sottotitolo : Ad avercene di presidenti come Sergio)\"}]},{\"@type\":\"WebSite\",\"@id\":\"https:\\\/\\\/www.nonsolomusicamagazine.it\\\/#website\",\"url\":\"https:\\\/\\\/www.nonsolomusicamagazine.it\\\/\",\"name\":\"Nonsolomusicamagazine\",\"description\":\"Dir. responsabile Manuel M Buccarella\",\"potentialAction\":[{\"@type\":\"SearchAction\",\"target\":{\"@type\":\"EntryPoint\",\"urlTemplate\":\"https:\\\/\\\/www.nonsolomusicamagazine.it\\\/?s={search_term_string}\"},\"query-input\":{\"@type\":\"PropertyValueSpecification\",\"valueRequired\":true,\"valueName\":\"search_term_string\"}}],\"inLanguage\":\"it-IT\"},{\"@type\":\"Person\",\"@id\":\"https:\\\/\\\/www.nonsolomusicamagazine.it\\\/#\\\/schema\\\/person\\\/a3349ad02300d046472d46cf6d31ae46\",\"name\":\"nonsolomusica\",\"image\":{\"@type\":\"ImageObject\",\"inLanguage\":\"it-IT\",\"@id\":\"https:\\\/\\\/www.nonsolomusicamagazine.it\\\/wp-content\\\/litespeed\\\/avatar\\\/3a675484bc84db6aba78d43bfc8b7197.jpg?ver=1776880798\",\"url\":\"https:\\\/\\\/www.nonsolomusicamagazine.it\\\/wp-content\\\/litespeed\\\/avatar\\\/3a675484bc84db6aba78d43bfc8b7197.jpg?ver=1776880798\",\"contentUrl\":\"https:\\\/\\\/www.nonsolomusicamagazine.it\\\/wp-content\\\/litespeed\\\/avatar\\\/3a675484bc84db6aba78d43bfc8b7197.jpg?ver=1776880798\",\"caption\":\"nonsolomusica\"},\"sameAs\":[\"https:\\\/\\\/www.nonsolomusicamagazine.it\"],\"url\":\"https:\\\/\\\/www.nonsolomusicamagazine.it\\\/?author=1\"}]}<\/script>\n<!-- \/ Yoast SEO plugin. -->","yoast_head_json":{"title":"RIFLESSIONE CREPUSCOLARE SU MATTARELLA E L'ANEDONIA DI RAPPRESENTANZA A CORRENTE ALTERNA (Sottotitolo : Ad avercene di presidenti come Sergio) - NonSoloMusicaMagazine","robots":{"index":"index","follow":"follow","max-snippet":"max-snippet:-1","max-image-preview":"max-image-preview:large","max-video-preview":"max-video-preview:-1"},"canonical":"https:\/\/www.nonsolomusicamagazine.it\/?p=12398","og_locale":"it_IT","og_type":"article","og_title":"RIFLESSIONE CREPUSCOLARE SU MATTARELLA E L'ANEDONIA DI RAPPRESENTANZA A CORRENTE ALTERNA (Sottotitolo : Ad avercene di presidenti come Sergio) - NonSoloMusicaMagazine","og_description":"Lavinia Marchetti Per la mia collocazione politica, il Presidente della Repubblica \u00e8 una figura priva di senso. Un simulacro istituzionale che non rappresenta nessuno, se non se stesso e quella cerchia ristretta di potere che si alimenta di distanza. Nessun contatto con chi dice di rappresentare, nessuna voce, nessuna mano tesa. Eppure, almeno sul piano [&hellip;]","og_url":"https:\/\/www.nonsolomusicamagazine.it\/?p=12398","og_site_name":"NonSoloMusicaMagazine","article_published_time":"2025-10-09T16:42:04+00:00","article_modified_time":"2025-10-09T16:42:05+00:00","og_image":[{"width":1536,"height":1024,"url":"https:\/\/www.nonsolomusicamagazine.it\/wp-content\/uploads\/2025\/10\/1000088183.jpg","type":"image\/jpeg"}],"author":"nonsolomusica","twitter_card":"summary_large_image","twitter_misc":{"Scritto da":"nonsolomusica","Tempo di lettura stimato":"3 minuti"},"schema":{"@context":"https:\/\/schema.org","@graph":[{"@type":"Article","@id":"https:\/\/www.nonsolomusicamagazine.it\/?p=12398#article","isPartOf":{"@id":"https:\/\/www.nonsolomusicamagazine.it\/?p=12398"},"author":{"name":"nonsolomusica","@id":"https:\/\/www.nonsolomusicamagazine.it\/#\/schema\/person\/a3349ad02300d046472d46cf6d31ae46"},"headline":"RIFLESSIONE CREPUSCOLARE SU MATTARELLA E L&#8217;ANEDONIA DI RAPPRESENTANZA A CORRENTE ALTERNA (Sottotitolo : Ad avercene di presidenti come Sergio)","datePublished":"2025-10-09T16:42:04+00:00","dateModified":"2025-10-09T16:42:05+00:00","mainEntityOfPage":{"@id":"https:\/\/www.nonsolomusicamagazine.it\/?p=12398"},"wordCount":336,"commentCount":0,"image":{"@id":"https:\/\/www.nonsolomusicamagazine.it\/?p=12398#primaryimage"},"thumbnailUrl":"https:\/\/www.nonsolomusicamagazine.it\/wp-content\/uploads\/2025\/10\/1000088183.jpg","keywords":["Anedonia","Presidente della Repubblica","Sergio Mattarella"],"articleSection":["Politica","Societ\u00e0"],"inLanguage":"it-IT","potentialAction":[{"@type":"CommentAction","name":"Comment","target":["https:\/\/www.nonsolomusicamagazine.it\/?p=12398#respond"]}]},{"@type":"WebPage","@id":"https:\/\/www.nonsolomusicamagazine.it\/?p=12398","url":"https:\/\/www.nonsolomusicamagazine.it\/?p=12398","name":"RIFLESSIONE CREPUSCOLARE SU MATTARELLA E L'ANEDONIA DI RAPPRESENTANZA A CORRENTE ALTERNA (Sottotitolo : Ad avercene di presidenti come Sergio) - NonSoloMusicaMagazine","isPartOf":{"@id":"https:\/\/www.nonsolomusicamagazine.it\/#website"},"primaryImageOfPage":{"@id":"https:\/\/www.nonsolomusicamagazine.it\/?p=12398#primaryimage"},"image":{"@id":"https:\/\/www.nonsolomusicamagazine.it\/?p=12398#primaryimage"},"thumbnailUrl":"https:\/\/www.nonsolomusicamagazine.it\/wp-content\/uploads\/2025\/10\/1000088183.jpg","datePublished":"2025-10-09T16:42:04+00:00","dateModified":"2025-10-09T16:42:05+00:00","author":{"@id":"https:\/\/www.nonsolomusicamagazine.it\/#\/schema\/person\/a3349ad02300d046472d46cf6d31ae46"},"breadcrumb":{"@id":"https:\/\/www.nonsolomusicamagazine.it\/?p=12398#breadcrumb"},"inLanguage":"it-IT","potentialAction":[{"@type":"ReadAction","target":["https:\/\/www.nonsolomusicamagazine.it\/?p=12398"]}]},{"@type":"ImageObject","inLanguage":"it-IT","@id":"https:\/\/www.nonsolomusicamagazine.it\/?p=12398#primaryimage","url":"https:\/\/www.nonsolomusicamagazine.it\/wp-content\/uploads\/2025\/10\/1000088183.jpg","contentUrl":"https:\/\/www.nonsolomusicamagazine.it\/wp-content\/uploads\/2025\/10\/1000088183.jpg","width":1536,"height":1024},{"@type":"BreadcrumbList","@id":"https:\/\/www.nonsolomusicamagazine.it\/?p=12398#breadcrumb","itemListElement":[{"@type":"ListItem","position":1,"name":"Home","item":"https:\/\/www.nonsolomusicamagazine.it\/"},{"@type":"ListItem","position":2,"name":"RIFLESSIONE CREPUSCOLARE SU MATTARELLA E L&#8217;ANEDONIA DI RAPPRESENTANZA A CORRENTE ALTERNA (Sottotitolo : Ad avercene di presidenti come Sergio)"}]},{"@type":"WebSite","@id":"https:\/\/www.nonsolomusicamagazine.it\/#website","url":"https:\/\/www.nonsolomusicamagazine.it\/","name":"Nonsolomusicamagazine","description":"Dir. responsabile Manuel M Buccarella","potentialAction":[{"@type":"SearchAction","target":{"@type":"EntryPoint","urlTemplate":"https:\/\/www.nonsolomusicamagazine.it\/?s={search_term_string}"},"query-input":{"@type":"PropertyValueSpecification","valueRequired":true,"valueName":"search_term_string"}}],"inLanguage":"it-IT"},{"@type":"Person","@id":"https:\/\/www.nonsolomusicamagazine.it\/#\/schema\/person\/a3349ad02300d046472d46cf6d31ae46","name":"nonsolomusica","image":{"@type":"ImageObject","inLanguage":"it-IT","@id":"https:\/\/www.nonsolomusicamagazine.it\/wp-content\/litespeed\/avatar\/3a675484bc84db6aba78d43bfc8b7197.jpg?ver=1776880798","url":"https:\/\/www.nonsolomusicamagazine.it\/wp-content\/litespeed\/avatar\/3a675484bc84db6aba78d43bfc8b7197.jpg?ver=1776880798","contentUrl":"https:\/\/www.nonsolomusicamagazine.it\/wp-content\/litespeed\/avatar\/3a675484bc84db6aba78d43bfc8b7197.jpg?ver=1776880798","caption":"nonsolomusica"},"sameAs":["https:\/\/www.nonsolomusicamagazine.it"],"url":"https:\/\/www.nonsolomusicamagazine.it\/?author=1"}]}},"amp_enabled":true,"_links":{"self":[{"href":"https:\/\/www.nonsolomusicamagazine.it\/index.php?rest_route=\/wp\/v2\/posts\/12398","targetHints":{"allow":["GET"]}}],"collection":[{"href":"https:\/\/www.nonsolomusicamagazine.it\/index.php?rest_route=\/wp\/v2\/posts"}],"about":[{"href":"https:\/\/www.nonsolomusicamagazine.it\/index.php?rest_route=\/wp\/v2\/types\/post"}],"author":[{"embeddable":true,"href":"https:\/\/www.nonsolomusicamagazine.it\/index.php?rest_route=\/wp\/v2\/users\/1"}],"replies":[{"embeddable":true,"href":"https:\/\/www.nonsolomusicamagazine.it\/index.php?rest_route=%2Fwp%2Fv2%2Fcomments&post=12398"}],"version-history":[{"count":0,"href":"https:\/\/www.nonsolomusicamagazine.it\/index.php?rest_route=\/wp\/v2\/posts\/12398\/revisions"}],"wp:featuredmedia":[{"embeddable":true,"href":"https:\/\/www.nonsolomusicamagazine.it\/index.php?rest_route=\/wp\/v2\/media\/12399"}],"wp:attachment":[{"href":"https:\/\/www.nonsolomusicamagazine.it\/index.php?rest_route=%2Fwp%2Fv2%2Fmedia&parent=12398"}],"wp:term":[{"taxonomy":"category","embeddable":true,"href":"https:\/\/www.nonsolomusicamagazine.it\/index.php?rest_route=%2Fwp%2Fv2%2Fcategories&post=12398"},{"taxonomy":"post_tag","embeddable":true,"href":"https:\/\/www.nonsolomusicamagazine.it\/index.php?rest_route=%2Fwp%2Fv2%2Ftags&post=12398"}],"curies":[{"name":"wp","href":"https:\/\/api.w.org\/{rel}","templated":true}]}}