{"id":12588,"date":"2025-10-19T20:23:01","date_gmt":"2025-10-19T18:23:01","guid":{"rendered":"https:\/\/www.nonsolomusicamagazine.it\/?p=12588"},"modified":"2025-10-19T20:44:48","modified_gmt":"2025-10-19T18:44:48","slug":"marwan-barghouti-la-guida","status":"publish","type":"post","link":"https:\/\/www.nonsolomusicamagazine.it\/?p=12588","title":{"rendered":"MARWAN BARGHOUTI, LA GUIDA"},"content":{"rendered":"\n<p class=\"has-text-align-center\"><strong>Alfredo Facchini<\/strong><\/p>\n\n\n\n<p>Il corpo torturato, l\u2019anima intatta: ritratto di Marwan Barghouti.<\/p>\n\n\n\n<p>Lo hanno pestato. Otto contro uno. Marwan Barghouti, il prigioniero pi\u00f9 amato e pi\u00f9 temuto di Palestina, \u00e8 stato massacrato dalle guardie carcerarie israeliane il 14 settembre 2025. Durante un trasferimento punitivo tra le prigioni di Ofer, Ramla, Ohalay Kedar e Megiddo.Lo hanno colpito fino a farlo svenire. Quattro costole rotte, forse sei. Vestiti intrisi di sangue. Due giorni senza dormire per il dolore. Nessuna assistenza medica. Nessuna piet\u00e0.<\/p>\n\n\n\n<p>Il figlio Arab denuncia: \u00abOtto guardie lo hanno picchiato con ferocia. Vogliono ucciderlo in silenzio. Ma non ci riusciranno\u00bb.<\/p>\n\n\n\n<p>Un ex detenuto, Ayman al-Sharabati, racconta: \u00abEra ammanettato. La Nahshon, l\u2019unit\u00e0 pi\u00f9 violenta, gli \u00e8 saltata addosso come un branco\u00bb. Un altro testimone, Ayman Fouad Karammji, aggiunge: \u00abLo hanno lasciato a terra, senza acqua n\u00e9 cure. Quando \u00e8 tornato in cella, i vestiti erano pieni di sangue\u00bb.<\/p>\n\n\n\n<p>Da mesi Israele lo tortura, lo isola, lo sposta di carcere in carcere. Niente contatti. Niente visite. Nessuna voce dall\u2019esterno. Solo dolore.<\/p>\n\n\n\n<p>Agosto 2025. Itamar Ben-Gvir, ministro psicopatico dell\u2019estrema destra israeliana, entra nella sua cella con una troupe televisiva. Lo provoca, lo deride, lo umilia. Una scena coloniale. Ma l\u2019effetto \u00e8 l\u2019opposto: indignazione globale, solidariet\u00e0 crescente. Barghouti diventa ancora pi\u00f9 grande. Ancora pi\u00f9 pericoloso. <\/p>\n\n\n\n<p>Israele ha paura di Marwan Barghouti perch\u00e9 rappresenta ci\u00f2 che non pu\u00f2 : la legittimit\u00e0 della resistenza.<\/p>\n\n\n\n<p>6 giugno 1959. Kobar. Un villaggio di pietra, colline e ulivi. Qui nasce Marwan Barghouti. Il mondo intorno \u00e8 gi\u00e0 occupato. Soldati ai posti di blocco, terre confiscate, un popolo in ginocchio. A quindici anni ha gi\u00e0 scelto da che parte stare. Entra in Fatah. Non per gioco, ma per destino. Nel 1976 il primo arresto. Quattro anni di prigione. La cella diventa scuola. La resistenza, grammatica quotidiana.Quando esce, non arretra. Fonda la Shabiba, il movimento giovanile di Fatah. Studia storia e politica a Birzeit. Non separa mai i libri dalla militanza.<\/p>\n\n\n\n<p>1987. Prima Intifada. Pietre contro blindati, ragazzi contro esercito. Barghouti \u00e8 l\u00ec, a organizzare la rabbia.Gli israeliani lo vogliono fuori. Arresto. Espulsione in Giordania. Ma non lo silenziano: dall\u2019esilio continua a parlare, a dirigere, a chiamare il suo popolo.Gli Accordi di Oslo aprono spiragli. Torna in Cisgiordania. Diventa deputato nel Consiglio Legislativo Palestinese. Non risparmia critiche nemmeno ai suoi. <\/p>\n\n\n\n<p>Settembre 2000. Sharon sulla Spianata delle Moschee. La scintilla. Scoppia la Seconda Intifada. Barghouti \u00e8 il volto pubblico della rivolta, la voce che rifiuta la resa. Israele lo accusa di guidare il Tanzim, il braccio armato di Fatah.Aprile 2002. Ramallah \u00e8 sotto assedio. Lo catturano. Processo farsa, condanna scritta in anticipo: cinque ergastoli pi\u00f9 quarant\u2019anni. Non per quello che ha fatto, ma per quello che rappresenta. Dietro le sbarre non smette di lottare. Nel 2006 scrive il Documento dei Prigionieri: chiede unit\u00e0 tra Fatah e Hamas, un fronte comune per la libert\u00e0. <\/p>\n\n\n\n<p>Nel 2017 guida uno sciopero della fame di massa. Lo stomaco vuoto come arma. Le carceri tremano. Nei sondaggi \u00e8 il primo, il pi\u00f9 amato, pi\u00f9 di Abbas e Haniyeh.Gli occidentali lo chiamano \u201cil Mandela palestinese\u201d. La sua foto esce dai muri del carcere e diventa bandiera. <\/p>\n\n\n\n<p>Dopo il 7 ottobre, la repressione israeliana diventa ancora pi\u00f9 feroce. Barghouti finisce in isolamento. Torturato. Privato del sonno. Affamato. Ma non piegato.<\/p>\n\n\n\n<p>Marwan Barghouti \u00e8 la guida. Nonostante le catene, parla ancora.E quando sar\u00e0 il momento, sar\u00e0 la sua voce &#8211; roca, ferita &#8211; a riaprire la storia.<\/p>\n\n\n\n<figure class=\"wp-block-gallery has-nested-images columns-default is-cropped wp-block-gallery-1 is-layout-flex wp-block-gallery-is-layout-flex\">\n<figure class=\"wp-block-image size-large\"><img decoding=\"async\" width=\"638\" height=\"1024\" data-id=\"12589\" src=\"https:\/\/www.nonsolomusicamagazine.it\/wp-content\/uploads\/2025\/10\/1000089496-638x1024.jpg\" alt=\"\" class=\"wp-image-12589\" srcset=\"https:\/\/www.nonsolomusicamagazine.it\/wp-content\/uploads\/2025\/10\/1000089496-638x1024.jpg 638w, https:\/\/www.nonsolomusicamagazine.it\/wp-content\/uploads\/2025\/10\/1000089496-187x300.jpg 187w, https:\/\/www.nonsolomusicamagazine.it\/wp-content\/uploads\/2025\/10\/1000089496-768x1233.jpg 768w, https:\/\/www.nonsolomusicamagazine.it\/wp-content\/uploads\/2025\/10\/1000089496-957x1536.jpg 957w, https:\/\/www.nonsolomusicamagazine.it\/wp-content\/uploads\/2025\/10\/1000089496.jpg 1125w\" sizes=\"(max-width: 638px) 100vw, 638px\" \/><\/figure>\n<\/figure>\n","protected":false},"excerpt":{"rendered":"<p>Alfredo Facchini Il corpo torturato, l\u2019anima intatta: ritratto di Marwan Barghouti. Lo hanno pestato. Otto contro uno. Marwan Barghouti, il prigioniero pi\u00f9 amato e pi\u00f9 temuto di Palestina, \u00e8 stato massacrato dalle guardie carcerarie israeliane il 14 settembre 2025. Durante un trasferimento punitivo tra le prigioni di Ofer, Ramla, Ohalay Kedar e Megiddo.Lo hanno colpito [&hellip;]<\/p>\n","protected":false},"author":1,"featured_media":12589,"comment_status":"open","ping_status":"closed","sticky":false,"template":"","format":"standard","meta":{"footnotes":""},"categories":[6],"tags":[5054,1283,2072,216,217,3021],"class_list":["post-12588","post","type-post","status-publish","format-standard","has-post-thumbnail","hentry","category-esteri","tag-barghouti","tag-carcere","tag-hamas","tag-israele","tag-palestina","tag-torture"],"yoast_head":"<!-- This site is optimized with the Yoast SEO plugin v27.4 - https:\/\/yoast.com\/product\/yoast-seo-wordpress\/ -->\n<title>MARWAN BARGHOUTI, LA GUIDA - NonSoloMusicaMagazine<\/title>\n<meta name=\"description\" content=\"Marwan Barghouti\" \/>\n<meta name=\"robots\" content=\"index, follow, max-snippet:-1, max-image-preview:large, max-video-preview:-1\" \/>\n<link rel=\"canonical\" href=\"https:\/\/www.nonsolomusicamagazine.it\/?p=12588\" \/>\n<meta property=\"og:locale\" content=\"it_IT\" \/>\n<meta property=\"og:type\" content=\"article\" \/>\n<meta property=\"og:title\" content=\"MARWAN BARGHOUTI, LA GUIDA - NonSoloMusicaMagazine\" \/>\n<meta property=\"og:description\" content=\"Marwan Barghouti\" \/>\n<meta property=\"og:url\" content=\"https:\/\/www.nonsolomusicamagazine.it\/?p=12588\" \/>\n<meta property=\"og:site_name\" content=\"NonSoloMusicaMagazine\" \/>\n<meta property=\"article:published_time\" content=\"2025-10-19T18:23:01+00:00\" \/>\n<meta property=\"article:modified_time\" content=\"2025-10-19T18:44:48+00:00\" \/>\n<meta property=\"og:image\" content=\"https:\/\/www.nonsolomusicamagazine.it\/wp-content\/uploads\/2025\/10\/1000089496.jpg\" \/>\n\t<meta property=\"og:image:width\" content=\"1125\" \/>\n\t<meta property=\"og:image:height\" content=\"1806\" \/>\n\t<meta property=\"og:image:type\" content=\"image\/jpeg\" \/>\n<meta name=\"author\" content=\"nonsolomusica\" \/>\n<meta name=\"twitter:card\" content=\"summary_large_image\" \/>\n<meta name=\"twitter:label1\" content=\"Scritto da\" \/>\n\t<meta name=\"twitter:data1\" content=\"nonsolomusica\" \/>\n\t<meta name=\"twitter:label2\" content=\"Tempo di lettura stimato\" \/>\n\t<meta name=\"twitter:data2\" content=\"4 minuti\" \/>\n<script type=\"application\/ld+json\" class=\"yoast-schema-graph\">{\"@context\":\"https:\\\/\\\/schema.org\",\"@graph\":[{\"@type\":\"Article\",\"@id\":\"https:\\\/\\\/www.nonsolomusicamagazine.it\\\/?p=12588#article\",\"isPartOf\":{\"@id\":\"https:\\\/\\\/www.nonsolomusicamagazine.it\\\/?p=12588\"},\"author\":{\"name\":\"nonsolomusica\",\"@id\":\"https:\\\/\\\/www.nonsolomusicamagazine.it\\\/#\\\/schema\\\/person\\\/a3349ad02300d046472d46cf6d31ae46\"},\"headline\":\"MARWAN BARGHOUTI, LA GUIDA\",\"datePublished\":\"2025-10-19T18:23:01+00:00\",\"dateModified\":\"2025-10-19T18:44:48+00:00\",\"mainEntityOfPage\":{\"@id\":\"https:\\\/\\\/www.nonsolomusicamagazine.it\\\/?p=12588\"},\"wordCount\":562,\"commentCount\":0,\"image\":{\"@id\":\"https:\\\/\\\/www.nonsolomusicamagazine.it\\\/?p=12588#primaryimage\"},\"thumbnailUrl\":\"https:\\\/\\\/www.nonsolomusicamagazine.it\\\/wp-content\\\/uploads\\\/2025\\\/10\\\/1000089496.jpg\",\"keywords\":[\"Barghouti\",\"Carcere\",\"Hamas\",\"Israele\",\"Palestina\",\"Torture\"],\"articleSection\":[\"Esteri\"],\"inLanguage\":\"it-IT\",\"potentialAction\":[{\"@type\":\"CommentAction\",\"name\":\"Comment\",\"target\":[\"https:\\\/\\\/www.nonsolomusicamagazine.it\\\/?p=12588#respond\"]}]},{\"@type\":\"WebPage\",\"@id\":\"https:\\\/\\\/www.nonsolomusicamagazine.it\\\/?p=12588\",\"url\":\"https:\\\/\\\/www.nonsolomusicamagazine.it\\\/?p=12588\",\"name\":\"MARWAN BARGHOUTI, LA GUIDA - NonSoloMusicaMagazine\",\"isPartOf\":{\"@id\":\"https:\\\/\\\/www.nonsolomusicamagazine.it\\\/#website\"},\"primaryImageOfPage\":{\"@id\":\"https:\\\/\\\/www.nonsolomusicamagazine.it\\\/?p=12588#primaryimage\"},\"image\":{\"@id\":\"https:\\\/\\\/www.nonsolomusicamagazine.it\\\/?p=12588#primaryimage\"},\"thumbnailUrl\":\"https:\\\/\\\/www.nonsolomusicamagazine.it\\\/wp-content\\\/uploads\\\/2025\\\/10\\\/1000089496.jpg\",\"datePublished\":\"2025-10-19T18:23:01+00:00\",\"dateModified\":\"2025-10-19T18:44:48+00:00\",\"author\":{\"@id\":\"https:\\\/\\\/www.nonsolomusicamagazine.it\\\/#\\\/schema\\\/person\\\/a3349ad02300d046472d46cf6d31ae46\"},\"description\":\"Marwan Barghouti\",\"breadcrumb\":{\"@id\":\"https:\\\/\\\/www.nonsolomusicamagazine.it\\\/?p=12588#breadcrumb\"},\"inLanguage\":\"it-IT\",\"potentialAction\":[{\"@type\":\"ReadAction\",\"target\":[\"https:\\\/\\\/www.nonsolomusicamagazine.it\\\/?p=12588\"]}]},{\"@type\":\"ImageObject\",\"inLanguage\":\"it-IT\",\"@id\":\"https:\\\/\\\/www.nonsolomusicamagazine.it\\\/?p=12588#primaryimage\",\"url\":\"https:\\\/\\\/www.nonsolomusicamagazine.it\\\/wp-content\\\/uploads\\\/2025\\\/10\\\/1000089496.jpg\",\"contentUrl\":\"https:\\\/\\\/www.nonsolomusicamagazine.it\\\/wp-content\\\/uploads\\\/2025\\\/10\\\/1000089496.jpg\",\"width\":1125,\"height\":1806},{\"@type\":\"BreadcrumbList\",\"@id\":\"https:\\\/\\\/www.nonsolomusicamagazine.it\\\/?p=12588#breadcrumb\",\"itemListElement\":[{\"@type\":\"ListItem\",\"position\":1,\"name\":\"Home\",\"item\":\"https:\\\/\\\/www.nonsolomusicamagazine.it\\\/\"},{\"@type\":\"ListItem\",\"position\":2,\"name\":\"MARWAN BARGHOUTI, LA GUIDA\"}]},{\"@type\":\"WebSite\",\"@id\":\"https:\\\/\\\/www.nonsolomusicamagazine.it\\\/#website\",\"url\":\"https:\\\/\\\/www.nonsolomusicamagazine.it\\\/\",\"name\":\"Nonsolomusicamagazine\",\"description\":\"Dir. responsabile Manuel M Buccarella\",\"potentialAction\":[{\"@type\":\"SearchAction\",\"target\":{\"@type\":\"EntryPoint\",\"urlTemplate\":\"https:\\\/\\\/www.nonsolomusicamagazine.it\\\/?s={search_term_string}\"},\"query-input\":{\"@type\":\"PropertyValueSpecification\",\"valueRequired\":true,\"valueName\":\"search_term_string\"}}],\"inLanguage\":\"it-IT\"},{\"@type\":\"Person\",\"@id\":\"https:\\\/\\\/www.nonsolomusicamagazine.it\\\/#\\\/schema\\\/person\\\/a3349ad02300d046472d46cf6d31ae46\",\"name\":\"nonsolomusica\",\"image\":{\"@type\":\"ImageObject\",\"inLanguage\":\"it-IT\",\"@id\":\"https:\\\/\\\/www.nonsolomusicamagazine.it\\\/wp-content\\\/litespeed\\\/avatar\\\/3a675484bc84db6aba78d43bfc8b7197.jpg?ver=1776880798\",\"url\":\"https:\\\/\\\/www.nonsolomusicamagazine.it\\\/wp-content\\\/litespeed\\\/avatar\\\/3a675484bc84db6aba78d43bfc8b7197.jpg?ver=1776880798\",\"contentUrl\":\"https:\\\/\\\/www.nonsolomusicamagazine.it\\\/wp-content\\\/litespeed\\\/avatar\\\/3a675484bc84db6aba78d43bfc8b7197.jpg?ver=1776880798\",\"caption\":\"nonsolomusica\"},\"sameAs\":[\"https:\\\/\\\/www.nonsolomusicamagazine.it\"],\"url\":\"https:\\\/\\\/www.nonsolomusicamagazine.it\\\/?author=1\"}]}<\/script>\n<!-- \/ Yoast SEO plugin. -->","yoast_head_json":{"title":"MARWAN BARGHOUTI, LA GUIDA - NonSoloMusicaMagazine","description":"Marwan Barghouti","robots":{"index":"index","follow":"follow","max-snippet":"max-snippet:-1","max-image-preview":"max-image-preview:large","max-video-preview":"max-video-preview:-1"},"canonical":"https:\/\/www.nonsolomusicamagazine.it\/?p=12588","og_locale":"it_IT","og_type":"article","og_title":"MARWAN BARGHOUTI, LA GUIDA - NonSoloMusicaMagazine","og_description":"Marwan Barghouti","og_url":"https:\/\/www.nonsolomusicamagazine.it\/?p=12588","og_site_name":"NonSoloMusicaMagazine","article_published_time":"2025-10-19T18:23:01+00:00","article_modified_time":"2025-10-19T18:44:48+00:00","og_image":[{"width":1125,"height":1806,"url":"https:\/\/www.nonsolomusicamagazine.it\/wp-content\/uploads\/2025\/10\/1000089496.jpg","type":"image\/jpeg"}],"author":"nonsolomusica","twitter_card":"summary_large_image","twitter_misc":{"Scritto da":"nonsolomusica","Tempo di lettura stimato":"4 minuti"},"schema":{"@context":"https:\/\/schema.org","@graph":[{"@type":"Article","@id":"https:\/\/www.nonsolomusicamagazine.it\/?p=12588#article","isPartOf":{"@id":"https:\/\/www.nonsolomusicamagazine.it\/?p=12588"},"author":{"name":"nonsolomusica","@id":"https:\/\/www.nonsolomusicamagazine.it\/#\/schema\/person\/a3349ad02300d046472d46cf6d31ae46"},"headline":"MARWAN BARGHOUTI, LA GUIDA","datePublished":"2025-10-19T18:23:01+00:00","dateModified":"2025-10-19T18:44:48+00:00","mainEntityOfPage":{"@id":"https:\/\/www.nonsolomusicamagazine.it\/?p=12588"},"wordCount":562,"commentCount":0,"image":{"@id":"https:\/\/www.nonsolomusicamagazine.it\/?p=12588#primaryimage"},"thumbnailUrl":"https:\/\/www.nonsolomusicamagazine.it\/wp-content\/uploads\/2025\/10\/1000089496.jpg","keywords":["Barghouti","Carcere","Hamas","Israele","Palestina","Torture"],"articleSection":["Esteri"],"inLanguage":"it-IT","potentialAction":[{"@type":"CommentAction","name":"Comment","target":["https:\/\/www.nonsolomusicamagazine.it\/?p=12588#respond"]}]},{"@type":"WebPage","@id":"https:\/\/www.nonsolomusicamagazine.it\/?p=12588","url":"https:\/\/www.nonsolomusicamagazine.it\/?p=12588","name":"MARWAN BARGHOUTI, LA GUIDA - NonSoloMusicaMagazine","isPartOf":{"@id":"https:\/\/www.nonsolomusicamagazine.it\/#website"},"primaryImageOfPage":{"@id":"https:\/\/www.nonsolomusicamagazine.it\/?p=12588#primaryimage"},"image":{"@id":"https:\/\/www.nonsolomusicamagazine.it\/?p=12588#primaryimage"},"thumbnailUrl":"https:\/\/www.nonsolomusicamagazine.it\/wp-content\/uploads\/2025\/10\/1000089496.jpg","datePublished":"2025-10-19T18:23:01+00:00","dateModified":"2025-10-19T18:44:48+00:00","author":{"@id":"https:\/\/www.nonsolomusicamagazine.it\/#\/schema\/person\/a3349ad02300d046472d46cf6d31ae46"},"description":"Marwan Barghouti","breadcrumb":{"@id":"https:\/\/www.nonsolomusicamagazine.it\/?p=12588#breadcrumb"},"inLanguage":"it-IT","potentialAction":[{"@type":"ReadAction","target":["https:\/\/www.nonsolomusicamagazine.it\/?p=12588"]}]},{"@type":"ImageObject","inLanguage":"it-IT","@id":"https:\/\/www.nonsolomusicamagazine.it\/?p=12588#primaryimage","url":"https:\/\/www.nonsolomusicamagazine.it\/wp-content\/uploads\/2025\/10\/1000089496.jpg","contentUrl":"https:\/\/www.nonsolomusicamagazine.it\/wp-content\/uploads\/2025\/10\/1000089496.jpg","width":1125,"height":1806},{"@type":"BreadcrumbList","@id":"https:\/\/www.nonsolomusicamagazine.it\/?p=12588#breadcrumb","itemListElement":[{"@type":"ListItem","position":1,"name":"Home","item":"https:\/\/www.nonsolomusicamagazine.it\/"},{"@type":"ListItem","position":2,"name":"MARWAN BARGHOUTI, LA GUIDA"}]},{"@type":"WebSite","@id":"https:\/\/www.nonsolomusicamagazine.it\/#website","url":"https:\/\/www.nonsolomusicamagazine.it\/","name":"Nonsolomusicamagazine","description":"Dir. responsabile Manuel M Buccarella","potentialAction":[{"@type":"SearchAction","target":{"@type":"EntryPoint","urlTemplate":"https:\/\/www.nonsolomusicamagazine.it\/?s={search_term_string}"},"query-input":{"@type":"PropertyValueSpecification","valueRequired":true,"valueName":"search_term_string"}}],"inLanguage":"it-IT"},{"@type":"Person","@id":"https:\/\/www.nonsolomusicamagazine.it\/#\/schema\/person\/a3349ad02300d046472d46cf6d31ae46","name":"nonsolomusica","image":{"@type":"ImageObject","inLanguage":"it-IT","@id":"https:\/\/www.nonsolomusicamagazine.it\/wp-content\/litespeed\/avatar\/3a675484bc84db6aba78d43bfc8b7197.jpg?ver=1776880798","url":"https:\/\/www.nonsolomusicamagazine.it\/wp-content\/litespeed\/avatar\/3a675484bc84db6aba78d43bfc8b7197.jpg?ver=1776880798","contentUrl":"https:\/\/www.nonsolomusicamagazine.it\/wp-content\/litespeed\/avatar\/3a675484bc84db6aba78d43bfc8b7197.jpg?ver=1776880798","caption":"nonsolomusica"},"sameAs":["https:\/\/www.nonsolomusicamagazine.it"],"url":"https:\/\/www.nonsolomusicamagazine.it\/?author=1"}]}},"amp_enabled":true,"_links":{"self":[{"href":"https:\/\/www.nonsolomusicamagazine.it\/index.php?rest_route=\/wp\/v2\/posts\/12588","targetHints":{"allow":["GET"]}}],"collection":[{"href":"https:\/\/www.nonsolomusicamagazine.it\/index.php?rest_route=\/wp\/v2\/posts"}],"about":[{"href":"https:\/\/www.nonsolomusicamagazine.it\/index.php?rest_route=\/wp\/v2\/types\/post"}],"author":[{"embeddable":true,"href":"https:\/\/www.nonsolomusicamagazine.it\/index.php?rest_route=\/wp\/v2\/users\/1"}],"replies":[{"embeddable":true,"href":"https:\/\/www.nonsolomusicamagazine.it\/index.php?rest_route=%2Fwp%2Fv2%2Fcomments&post=12588"}],"version-history":[{"count":0,"href":"https:\/\/www.nonsolomusicamagazine.it\/index.php?rest_route=\/wp\/v2\/posts\/12588\/revisions"}],"wp:featuredmedia":[{"embeddable":true,"href":"https:\/\/www.nonsolomusicamagazine.it\/index.php?rest_route=\/wp\/v2\/media\/12589"}],"wp:attachment":[{"href":"https:\/\/www.nonsolomusicamagazine.it\/index.php?rest_route=%2Fwp%2Fv2%2Fmedia&parent=12588"}],"wp:term":[{"taxonomy":"category","embeddable":true,"href":"https:\/\/www.nonsolomusicamagazine.it\/index.php?rest_route=%2Fwp%2Fv2%2Fcategories&post=12588"},{"taxonomy":"post_tag","embeddable":true,"href":"https:\/\/www.nonsolomusicamagazine.it\/index.php?rest_route=%2Fwp%2Fv2%2Ftags&post=12588"}],"curies":[{"name":"wp","href":"https:\/\/api.w.org\/{rel}","templated":true}]}}