{"id":12714,"date":"2025-10-28T12:15:54","date_gmt":"2025-10-28T11:15:54","guid":{"rendered":"https:\/\/www.nonsolomusicamagazine.it\/?p=12714"},"modified":"2025-10-28T12:15:56","modified_gmt":"2025-10-28T11:15:56","slug":"leva-obbligatoria-in-croazia","status":"publish","type":"post","link":"https:\/\/www.nonsolomusicamagazine.it\/?p=12714","title":{"rendered":"Leva obbligatoria in Croazia"},"content":{"rendered":"\n<p>Leva obbligatoria in Croazia Fonte: @ruserbia \u2013 27.10.2025.&lt;https:\/\/t.me\/ruserbia\/31095><\/p>\n\n\n\n<p>Il parlamento croato ha modificato con la maggioranza dei voti le leggi sulla difesa e sul servizio nelle forze armate, permettendo di reintrodurre il servizio militare obbligatorio a partire dall&#8217;inizio del prossimo anno. <\/p>\n\n\n\n<p>Le modifiche alle leggi sono state approvate da 84 deputati, 30 si sono astenuti e 11 hanno votato contro. Tra i partiti parlamentari solo il partito verde di sinistra \u00abMo\u017eemo\u00bb si \u00e8 apertamente opposto all&#8217;introduzione della leva obbligatoria.<\/p>\n\n\n\n<p>Il servizio militare obbligatorio in Croazia era stato abolito nel 2008 e da allora il servizio si svolgeva solo su base volontaria, ma l&#8217;interesse era scarso, riferisce l&#8217;agenzia Beta. Secondo le modifiche, il servizio obbligatorio durer\u00e0 due mesi, ai coscritti sar\u00e0 corrisposto uno stipendio netto mensile di 1100 euro e il periodo di servizio sar\u00e0 conteggiato come anzianit\u00e0 lavorativa. L&#8217;addestramento militare diventer\u00e0 obbligatorio per i giovani nell&#8217;anno solare in cui compiono 19 anni, e la formazione si svolger\u00e0 nelle caserme di Knin, Slunj e Po\u017eega. Possono essere inviati all&#8217;addestramento militare anche soggetti oltre i 19 anni, fino all&#8217;et\u00e0 di 30 anni, poich\u00e9 il servizio pu\u00f2 essere rinviato in caso di studio o partecipazione di atleti ai campionati mondiali ed europei. Chi svolger\u00e0 il servizio militare di leva avr\u00e0 un vantaggio nell&#8217;impiego presso gli organi di governo statali e locali. Le donne sono esentate dalla leva obbligatoria, ma possono arruolarsi volontariamente.<\/p>\n\n\n\n<p>La legge prevede un servizio civile alternativo per coloro che dichiarano obiezioni morali o religiose al servizio militare. Questo si svolger\u00e0 nella Protezione Civile del Ministero dell&#8217;Interno o nelle unit\u00e0 locali del luogo di residenza. La formazione nella Protezione Civile durer\u00e0 tre mesi consecutivi, ogni giorno, mentre il servizio nelle unit\u00e0 locali (protezione antincendio, difesa civile, manutenzione o servizi stradali) durer\u00e0 quattro mesi, cinque giorni lavorativi a settimana per otto ore al giorno. Chi sceglier\u00e0 il servizio civile ricever\u00e0 una compensazione inferiore.<\/p>\n\n\n\n<p>Presentando le modifiche in parlamento questa settimana, il ministro della difesa Ivan Anu\u0161i\u0107 della Comunit\u00e0 Democratica Croata (HDZ) ha dichiarato che le spese annuali per l&#8217;addestramento militare saranno di circa 23,7 milioni di euro \u2014 per gli stipendi di circa 4000 militari, il loro equipaggiamento e il vitto. Anu\u0161i\u0107 ha espresso la speranza che ogni anno saranno chiamati cinque gruppi, di circa 800 persone ciascuno.<\/p>\n\n\n\n<p>(<em>Come pu\u00f2 facilmente evincersi anche dal caso della Croazia, crescono sempre di pi\u00f9 in Europa i Paesi che ripristinano la leva obbligatoria o intendono farlo. Venti di guerra si sollevano. Chiss\u00e0 cosa accadr\u00e0 in Italia ndr)<\/em><\/p>\n\n\n\n<figure class=\"wp-block-image size-large\"><img decoding=\"async\" width=\"1024\" height=\"576\" src=\"https:\/\/www.nonsolomusicamagazine.it\/wp-content\/uploads\/2025\/10\/1000090316-1024x576.webp\" alt=\"\" class=\"wp-image-12715\" srcset=\"https:\/\/www.nonsolomusicamagazine.it\/wp-content\/uploads\/2025\/10\/1000090316-1024x576.webp 1024w, https:\/\/www.nonsolomusicamagazine.it\/wp-content\/uploads\/2025\/10\/1000090316-300x169.webp 300w, https:\/\/www.nonsolomusicamagazine.it\/wp-content\/uploads\/2025\/10\/1000090316-768x432.webp 768w, https:\/\/www.nonsolomusicamagazine.it\/wp-content\/uploads\/2025\/10\/1000090316.webp 1280w\" sizes=\"(max-width: 1024px) 100vw, 1024px\" \/><\/figure>\n","protected":false},"excerpt":{"rendered":"<p>Leva obbligatoria in Croazia Fonte: @ruserbia \u2013 27.10.2025.&lt;https:\/\/t.me\/ruserbia\/31095> Il parlamento croato ha modificato con la maggioranza dei voti le leggi sulla difesa e sul servizio nelle forze armate, permettendo di reintrodurre il servizio militare obbligatorio a partire dall&#8217;inizio del prossimo anno. Le modifiche alle leggi sono state approvate da 84 deputati, 30 si sono astenuti [&hellip;]<\/p>\n","protected":false},"author":1,"featured_media":12715,"comment_status":"open","ping_status":"closed","sticky":false,"template":"","format":"standard","meta":{"footnotes":""},"categories":[6,5],"tags":[946,3715,5114,5115],"class_list":["post-12714","post","type-post","status-publish","format-standard","has-post-thumbnail","hentry","category-esteri","category-politica","tag-croazia","tag-legge","tag-leva","tag-obbligatoria"],"yoast_head":"<!-- This site is optimized with the Yoast SEO plugin v27.4 - https:\/\/yoast.com\/product\/yoast-seo-wordpress\/ -->\n<title>Leva obbligatoria in Croazia - NonSoloMusicaMagazine<\/title>\n<meta name=\"description\" content=\"Leva obbligatoria in Croazia\" \/>\n<meta name=\"robots\" content=\"index, follow, max-snippet:-1, max-image-preview:large, max-video-preview:-1\" \/>\n<link rel=\"canonical\" href=\"https:\/\/www.nonsolomusicamagazine.it\/?p=12714\" \/>\n<meta property=\"og:locale\" content=\"it_IT\" \/>\n<meta property=\"og:type\" content=\"article\" \/>\n<meta property=\"og:title\" content=\"Leva obbligatoria in Croazia - NonSoloMusicaMagazine\" \/>\n<meta property=\"og:description\" content=\"Leva obbligatoria in Croazia\" \/>\n<meta property=\"og:url\" content=\"https:\/\/www.nonsolomusicamagazine.it\/?p=12714\" \/>\n<meta property=\"og:site_name\" content=\"NonSoloMusicaMagazine\" \/>\n<meta property=\"article:published_time\" content=\"2025-10-28T11:15:54+00:00\" \/>\n<meta property=\"article:modified_time\" content=\"2025-10-28T11:15:56+00:00\" \/>\n<meta property=\"og:image\" content=\"https:\/\/www.nonsolomusicamagazine.it\/wp-content\/uploads\/2025\/10\/1000090316.webp\" \/>\n\t<meta property=\"og:image:width\" content=\"1280\" \/>\n\t<meta property=\"og:image:height\" content=\"720\" \/>\n\t<meta property=\"og:image:type\" content=\"image\/webp\" \/>\n<meta name=\"author\" content=\"nonsolomusica\" \/>\n<meta name=\"twitter:card\" content=\"summary_large_image\" \/>\n<meta name=\"twitter:label1\" content=\"Scritto da\" \/>\n\t<meta name=\"twitter:data1\" content=\"nonsolomusica\" \/>\n\t<meta name=\"twitter:label2\" content=\"Tempo di lettura stimato\" \/>\n\t<meta name=\"twitter:data2\" content=\"3 minuti\" \/>\n<script type=\"application\/ld+json\" class=\"yoast-schema-graph\">{\"@context\":\"https:\\\/\\\/schema.org\",\"@graph\":[{\"@type\":\"Article\",\"@id\":\"https:\\\/\\\/www.nonsolomusicamagazine.it\\\/?p=12714#article\",\"isPartOf\":{\"@id\":\"https:\\\/\\\/www.nonsolomusicamagazine.it\\\/?p=12714\"},\"author\":{\"name\":\"nonsolomusica\",\"@id\":\"https:\\\/\\\/www.nonsolomusicamagazine.it\\\/#\\\/schema\\\/person\\\/a3349ad02300d046472d46cf6d31ae46\"},\"headline\":\"Leva obbligatoria in Croazia\",\"datePublished\":\"2025-10-28T11:15:54+00:00\",\"dateModified\":\"2025-10-28T11:15:56+00:00\",\"mainEntityOfPage\":{\"@id\":\"https:\\\/\\\/www.nonsolomusicamagazine.it\\\/?p=12714\"},\"wordCount\":421,\"commentCount\":0,\"image\":{\"@id\":\"https:\\\/\\\/www.nonsolomusicamagazine.it\\\/?p=12714#primaryimage\"},\"thumbnailUrl\":\"https:\\\/\\\/www.nonsolomusicamagazine.it\\\/wp-content\\\/uploads\\\/2025\\\/10\\\/1000090316.webp\",\"keywords\":[\"Croazia\",\"Legge\",\"Leva\",\"Obbligatoria\"],\"articleSection\":[\"Esteri\",\"Politica\"],\"inLanguage\":\"it-IT\",\"potentialAction\":[{\"@type\":\"CommentAction\",\"name\":\"Comment\",\"target\":[\"https:\\\/\\\/www.nonsolomusicamagazine.it\\\/?p=12714#respond\"]}]},{\"@type\":\"WebPage\",\"@id\":\"https:\\\/\\\/www.nonsolomusicamagazine.it\\\/?p=12714\",\"url\":\"https:\\\/\\\/www.nonsolomusicamagazine.it\\\/?p=12714\",\"name\":\"Leva obbligatoria in Croazia - NonSoloMusicaMagazine\",\"isPartOf\":{\"@id\":\"https:\\\/\\\/www.nonsolomusicamagazine.it\\\/#website\"},\"primaryImageOfPage\":{\"@id\":\"https:\\\/\\\/www.nonsolomusicamagazine.it\\\/?p=12714#primaryimage\"},\"image\":{\"@id\":\"https:\\\/\\\/www.nonsolomusicamagazine.it\\\/?p=12714#primaryimage\"},\"thumbnailUrl\":\"https:\\\/\\\/www.nonsolomusicamagazine.it\\\/wp-content\\\/uploads\\\/2025\\\/10\\\/1000090316.webp\",\"datePublished\":\"2025-10-28T11:15:54+00:00\",\"dateModified\":\"2025-10-28T11:15:56+00:00\",\"author\":{\"@id\":\"https:\\\/\\\/www.nonsolomusicamagazine.it\\\/#\\\/schema\\\/person\\\/a3349ad02300d046472d46cf6d31ae46\"},\"description\":\"Leva obbligatoria in Croazia\",\"breadcrumb\":{\"@id\":\"https:\\\/\\\/www.nonsolomusicamagazine.it\\\/?p=12714#breadcrumb\"},\"inLanguage\":\"it-IT\",\"potentialAction\":[{\"@type\":\"ReadAction\",\"target\":[\"https:\\\/\\\/www.nonsolomusicamagazine.it\\\/?p=12714\"]}]},{\"@type\":\"ImageObject\",\"inLanguage\":\"it-IT\",\"@id\":\"https:\\\/\\\/www.nonsolomusicamagazine.it\\\/?p=12714#primaryimage\",\"url\":\"https:\\\/\\\/www.nonsolomusicamagazine.it\\\/wp-content\\\/uploads\\\/2025\\\/10\\\/1000090316.webp\",\"contentUrl\":\"https:\\\/\\\/www.nonsolomusicamagazine.it\\\/wp-content\\\/uploads\\\/2025\\\/10\\\/1000090316.webp\",\"width\":1280,\"height\":720},{\"@type\":\"BreadcrumbList\",\"@id\":\"https:\\\/\\\/www.nonsolomusicamagazine.it\\\/?p=12714#breadcrumb\",\"itemListElement\":[{\"@type\":\"ListItem\",\"position\":1,\"name\":\"Home\",\"item\":\"https:\\\/\\\/www.nonsolomusicamagazine.it\\\/\"},{\"@type\":\"ListItem\",\"position\":2,\"name\":\"Leva obbligatoria in Croazia\"}]},{\"@type\":\"WebSite\",\"@id\":\"https:\\\/\\\/www.nonsolomusicamagazine.it\\\/#website\",\"url\":\"https:\\\/\\\/www.nonsolomusicamagazine.it\\\/\",\"name\":\"Nonsolomusicamagazine\",\"description\":\"Dir. responsabile Manuel M Buccarella\",\"potentialAction\":[{\"@type\":\"SearchAction\",\"target\":{\"@type\":\"EntryPoint\",\"urlTemplate\":\"https:\\\/\\\/www.nonsolomusicamagazine.it\\\/?s={search_term_string}\"},\"query-input\":{\"@type\":\"PropertyValueSpecification\",\"valueRequired\":true,\"valueName\":\"search_term_string\"}}],\"inLanguage\":\"it-IT\"},{\"@type\":\"Person\",\"@id\":\"https:\\\/\\\/www.nonsolomusicamagazine.it\\\/#\\\/schema\\\/person\\\/a3349ad02300d046472d46cf6d31ae46\",\"name\":\"nonsolomusica\",\"image\":{\"@type\":\"ImageObject\",\"inLanguage\":\"it-IT\",\"@id\":\"https:\\\/\\\/www.nonsolomusicamagazine.it\\\/wp-content\\\/litespeed\\\/avatar\\\/3a675484bc84db6aba78d43bfc8b7197.jpg?ver=1776880798\",\"url\":\"https:\\\/\\\/www.nonsolomusicamagazine.it\\\/wp-content\\\/litespeed\\\/avatar\\\/3a675484bc84db6aba78d43bfc8b7197.jpg?ver=1776880798\",\"contentUrl\":\"https:\\\/\\\/www.nonsolomusicamagazine.it\\\/wp-content\\\/litespeed\\\/avatar\\\/3a675484bc84db6aba78d43bfc8b7197.jpg?ver=1776880798\",\"caption\":\"nonsolomusica\"},\"sameAs\":[\"https:\\\/\\\/www.nonsolomusicamagazine.it\"],\"url\":\"https:\\\/\\\/www.nonsolomusicamagazine.it\\\/?author=1\"}]}<\/script>\n<!-- \/ Yoast SEO plugin. -->","yoast_head_json":{"title":"Leva obbligatoria in Croazia - NonSoloMusicaMagazine","description":"Leva obbligatoria in Croazia","robots":{"index":"index","follow":"follow","max-snippet":"max-snippet:-1","max-image-preview":"max-image-preview:large","max-video-preview":"max-video-preview:-1"},"canonical":"https:\/\/www.nonsolomusicamagazine.it\/?p=12714","og_locale":"it_IT","og_type":"article","og_title":"Leva obbligatoria in Croazia - NonSoloMusicaMagazine","og_description":"Leva obbligatoria in Croazia","og_url":"https:\/\/www.nonsolomusicamagazine.it\/?p=12714","og_site_name":"NonSoloMusicaMagazine","article_published_time":"2025-10-28T11:15:54+00:00","article_modified_time":"2025-10-28T11:15:56+00:00","og_image":[{"width":1280,"height":720,"url":"https:\/\/www.nonsolomusicamagazine.it\/wp-content\/uploads\/2025\/10\/1000090316.webp","type":"image\/webp"}],"author":"nonsolomusica","twitter_card":"summary_large_image","twitter_misc":{"Scritto da":"nonsolomusica","Tempo di lettura stimato":"3 minuti"},"schema":{"@context":"https:\/\/schema.org","@graph":[{"@type":"Article","@id":"https:\/\/www.nonsolomusicamagazine.it\/?p=12714#article","isPartOf":{"@id":"https:\/\/www.nonsolomusicamagazine.it\/?p=12714"},"author":{"name":"nonsolomusica","@id":"https:\/\/www.nonsolomusicamagazine.it\/#\/schema\/person\/a3349ad02300d046472d46cf6d31ae46"},"headline":"Leva obbligatoria in Croazia","datePublished":"2025-10-28T11:15:54+00:00","dateModified":"2025-10-28T11:15:56+00:00","mainEntityOfPage":{"@id":"https:\/\/www.nonsolomusicamagazine.it\/?p=12714"},"wordCount":421,"commentCount":0,"image":{"@id":"https:\/\/www.nonsolomusicamagazine.it\/?p=12714#primaryimage"},"thumbnailUrl":"https:\/\/www.nonsolomusicamagazine.it\/wp-content\/uploads\/2025\/10\/1000090316.webp","keywords":["Croazia","Legge","Leva","Obbligatoria"],"articleSection":["Esteri","Politica"],"inLanguage":"it-IT","potentialAction":[{"@type":"CommentAction","name":"Comment","target":["https:\/\/www.nonsolomusicamagazine.it\/?p=12714#respond"]}]},{"@type":"WebPage","@id":"https:\/\/www.nonsolomusicamagazine.it\/?p=12714","url":"https:\/\/www.nonsolomusicamagazine.it\/?p=12714","name":"Leva obbligatoria in Croazia - NonSoloMusicaMagazine","isPartOf":{"@id":"https:\/\/www.nonsolomusicamagazine.it\/#website"},"primaryImageOfPage":{"@id":"https:\/\/www.nonsolomusicamagazine.it\/?p=12714#primaryimage"},"image":{"@id":"https:\/\/www.nonsolomusicamagazine.it\/?p=12714#primaryimage"},"thumbnailUrl":"https:\/\/www.nonsolomusicamagazine.it\/wp-content\/uploads\/2025\/10\/1000090316.webp","datePublished":"2025-10-28T11:15:54+00:00","dateModified":"2025-10-28T11:15:56+00:00","author":{"@id":"https:\/\/www.nonsolomusicamagazine.it\/#\/schema\/person\/a3349ad02300d046472d46cf6d31ae46"},"description":"Leva obbligatoria in Croazia","breadcrumb":{"@id":"https:\/\/www.nonsolomusicamagazine.it\/?p=12714#breadcrumb"},"inLanguage":"it-IT","potentialAction":[{"@type":"ReadAction","target":["https:\/\/www.nonsolomusicamagazine.it\/?p=12714"]}]},{"@type":"ImageObject","inLanguage":"it-IT","@id":"https:\/\/www.nonsolomusicamagazine.it\/?p=12714#primaryimage","url":"https:\/\/www.nonsolomusicamagazine.it\/wp-content\/uploads\/2025\/10\/1000090316.webp","contentUrl":"https:\/\/www.nonsolomusicamagazine.it\/wp-content\/uploads\/2025\/10\/1000090316.webp","width":1280,"height":720},{"@type":"BreadcrumbList","@id":"https:\/\/www.nonsolomusicamagazine.it\/?p=12714#breadcrumb","itemListElement":[{"@type":"ListItem","position":1,"name":"Home","item":"https:\/\/www.nonsolomusicamagazine.it\/"},{"@type":"ListItem","position":2,"name":"Leva obbligatoria in Croazia"}]},{"@type":"WebSite","@id":"https:\/\/www.nonsolomusicamagazine.it\/#website","url":"https:\/\/www.nonsolomusicamagazine.it\/","name":"Nonsolomusicamagazine","description":"Dir. responsabile Manuel M Buccarella","potentialAction":[{"@type":"SearchAction","target":{"@type":"EntryPoint","urlTemplate":"https:\/\/www.nonsolomusicamagazine.it\/?s={search_term_string}"},"query-input":{"@type":"PropertyValueSpecification","valueRequired":true,"valueName":"search_term_string"}}],"inLanguage":"it-IT"},{"@type":"Person","@id":"https:\/\/www.nonsolomusicamagazine.it\/#\/schema\/person\/a3349ad02300d046472d46cf6d31ae46","name":"nonsolomusica","image":{"@type":"ImageObject","inLanguage":"it-IT","@id":"https:\/\/www.nonsolomusicamagazine.it\/wp-content\/litespeed\/avatar\/3a675484bc84db6aba78d43bfc8b7197.jpg?ver=1776880798","url":"https:\/\/www.nonsolomusicamagazine.it\/wp-content\/litespeed\/avatar\/3a675484bc84db6aba78d43bfc8b7197.jpg?ver=1776880798","contentUrl":"https:\/\/www.nonsolomusicamagazine.it\/wp-content\/litespeed\/avatar\/3a675484bc84db6aba78d43bfc8b7197.jpg?ver=1776880798","caption":"nonsolomusica"},"sameAs":["https:\/\/www.nonsolomusicamagazine.it"],"url":"https:\/\/www.nonsolomusicamagazine.it\/?author=1"}]}},"amp_enabled":true,"_links":{"self":[{"href":"https:\/\/www.nonsolomusicamagazine.it\/index.php?rest_route=\/wp\/v2\/posts\/12714","targetHints":{"allow":["GET"]}}],"collection":[{"href":"https:\/\/www.nonsolomusicamagazine.it\/index.php?rest_route=\/wp\/v2\/posts"}],"about":[{"href":"https:\/\/www.nonsolomusicamagazine.it\/index.php?rest_route=\/wp\/v2\/types\/post"}],"author":[{"embeddable":true,"href":"https:\/\/www.nonsolomusicamagazine.it\/index.php?rest_route=\/wp\/v2\/users\/1"}],"replies":[{"embeddable":true,"href":"https:\/\/www.nonsolomusicamagazine.it\/index.php?rest_route=%2Fwp%2Fv2%2Fcomments&post=12714"}],"version-history":[{"count":0,"href":"https:\/\/www.nonsolomusicamagazine.it\/index.php?rest_route=\/wp\/v2\/posts\/12714\/revisions"}],"wp:featuredmedia":[{"embeddable":true,"href":"https:\/\/www.nonsolomusicamagazine.it\/index.php?rest_route=\/wp\/v2\/media\/12715"}],"wp:attachment":[{"href":"https:\/\/www.nonsolomusicamagazine.it\/index.php?rest_route=%2Fwp%2Fv2%2Fmedia&parent=12714"}],"wp:term":[{"taxonomy":"category","embeddable":true,"href":"https:\/\/www.nonsolomusicamagazine.it\/index.php?rest_route=%2Fwp%2Fv2%2Fcategories&post=12714"},{"taxonomy":"post_tag","embeddable":true,"href":"https:\/\/www.nonsolomusicamagazine.it\/index.php?rest_route=%2Fwp%2Fv2%2Ftags&post=12714"}],"curies":[{"name":"wp","href":"https:\/\/api.w.org\/{rel}","templated":true}]}}