{"id":12719,"date":"2025-10-28T15:14:22","date_gmt":"2025-10-28T14:14:22","guid":{"rendered":"https:\/\/www.nonsolomusicamagazine.it\/?p=12719"},"modified":"2025-10-28T15:14:34","modified_gmt":"2025-10-28T14:14:34","slug":"occhi-aperti","status":"publish","type":"post","link":"https:\/\/www.nonsolomusicamagazine.it\/?p=12719","title":{"rendered":"OCCHI APERTI"},"content":{"rendered":"\n<p class=\"has-text-align-center\"><strong>Alfredo Facchini<\/strong><\/p>\n\n\n\n<p>Roma, ottobre 2025. Nel cuore del Tufello, quartiere popolare di Roma, il liceo Bramante \u00e8 in stato di occupazione. Da giorni gli studenti tengono viva la scuola. Hanno occupato per la Palestina, per affermare che la solidariet\u00e0 non \u00e8 un reato, che la giustizia non ha confini. Ma nella notte tra il 23 e il 24 ottobre, quindici ceffi \u201criconducibili ad ambienti di estrema destra\u201d &#8211; cos\u00ec li definiscono gli studenti &#8211; fanno irruzione nella scuola. Entrano con la forza, gridando \u201cduce\u201d e \u201cspacchiamo tutto\u201d. Intonano cori neofascisti, lanciano bottiglie, disegnano svastiche sui muri del piano terra. Tentano di distruggere ci\u00f2 che li spaventa: una comunit\u00e0 di giovani che pensa, discute, si organizza.<\/p>\n\n\n\n<p>Gli studenti riescono a respingerli, li cacciano verso il giardino. Ma uno di loro, mentre prova a serrare una porta, viene aggredito.E non basta. Nella notte successiva, tra il 24 e il 25, tornano. Stavolta a volto coperto. Sassi, bottiglie, cassonetti usati come arieti, bastoni e calci contro la porta d\u2019ingresso. Tentano di forzare l\u2019accesso, di abbattere la barricata che protegge gli occupanti. Provano persino a colpirli attraverso il varco aperto. Solo verso le cinque del mattino, i fascisti si dileguano.<\/p>\n\n\n\n<p>A Genova, nella stessa notte, un gruppo armato di spranghe \u00e8 entrato nel liceo scientifico Da Vinci, occupato dagli studenti. Al grido di \u201cViva il duce\u201d ha devastato aule e laboratori, lasciando svastiche e vetri infranti.La realt\u00e0 delle occupazioni studentesche si trova oggi ad affrontare un nemico esterno. Da Roma a Genova, il filo nero \u00e8 lo stesso. <\/p>\n\n\n\n<p>\u00c8 forse presto per parlare di un disegno, ma non si tratta pi\u00f9 di episodi isolati.A Roma pu\u00f2 capitare di essere aggrediti solo per una felpa antifascista. \u00c8 successo ad Alessandro Sahebi, giornalista. Zona Brancaccio. Tre fascisti lo circondano, pretendono che si spogli del simbolo che porta addosso. \u201cMi hanno tirato prima un ceffone, poi un altro.\u201d<\/p>\n\n\n\n<p>Il 17 settembre, nei pressi di via Giovanni Lanza, una squadraccia fascista ha aggredito con caschi e coltelli alcuni compagni che tornavano da un corteo per la Palestina. Un ragazzo \u00e8 finito in ospedale con ferite alla testa.Il 5 ottobre, ancora a Roma, in zona Piazza Vittorio, una trentina di fascisti armati di bastoni e caschi ha fatto irruzione in un bar dove si erano fermati alcuni partecipanti alla manifestazione nazionale per Gaza. Hanno devastato il locale, intonato cori fascisti, picchiato chi indossava una kefiah o una bandiera palestinese.\u00c8 un filo nero che attraversa la citt\u00e0. Un rigurgito che nasce da un clima di legittimazione e impunit\u00e0, da una politica che strizza l\u2019occhio, da un discorso pubblico che mescola memoria, verit\u00e0 e revisionismo.<\/p>\n\n\n\n<p>Non a caso, mentre nelle citt\u00e0 gli studenti vengono aggrediti, il 26 ottobre a Predappio oltre mille fascisti hanno marciato verso la tomba di Mussolini. Braccia tese nel rito del \u201cpresente\u201d. A guidare il corteo, le pronipoti del dittatore. Tra i presenti, anche Forza Nuova.La tracotanza fascista non \u00e8 mai finita. Lo sappiamo. <\/p>\n\n\n\n<p>E allora s\u00ec, serve dirlo chiaro: occhi aperti. Perch\u00e9 non basta ricordare da che parte della storia si sta, bisogna starci, ogni giorno. Dentro le scuole, nelle strade e nelle piazze.<\/p>\n\n\n\n<p>Si chiama: antifascismo militante.<\/p>\n\n\n\n<figure class=\"wp-block-image size-large\"><img decoding=\"async\" width=\"693\" height=\"1024\" src=\"https:\/\/www.nonsolomusicamagazine.it\/wp-content\/uploads\/2025\/10\/1000090344-693x1024.jpg\" alt=\"\" class=\"wp-image-12721\" srcset=\"https:\/\/www.nonsolomusicamagazine.it\/wp-content\/uploads\/2025\/10\/1000090344-693x1024.jpg 693w, https:\/\/www.nonsolomusicamagazine.it\/wp-content\/uploads\/2025\/10\/1000090344-203x300.jpg 203w, https:\/\/www.nonsolomusicamagazine.it\/wp-content\/uploads\/2025\/10\/1000090344-768x1135.jpg 768w, https:\/\/www.nonsolomusicamagazine.it\/wp-content\/uploads\/2025\/10\/1000090344-1040x1536.jpg 1040w, https:\/\/www.nonsolomusicamagazine.it\/wp-content\/uploads\/2025\/10\/1000090344.jpg 1125w\" sizes=\"(max-width: 693px) 100vw, 693px\" \/><\/figure>\n","protected":false},"excerpt":{"rendered":"<p>Alfredo Facchini Roma, ottobre 2025. Nel cuore del Tufello, quartiere popolare di Roma, il liceo Bramante \u00e8 in stato di occupazione. Da giorni gli studenti tengono viva la scuola. Hanno occupato per la Palestina, per affermare che la solidariet\u00e0 non \u00e8 un reato, che la giustizia non ha confini. Ma nella notte tra il 23 [&hellip;]<\/p>\n","protected":false},"author":1,"featured_media":12721,"comment_status":"open","ping_status":"closed","sticky":false,"template":"","format":"standard","meta":{"footnotes":""},"categories":[991,5,20],"tags":[5116,5119,4671,5117,2615],"class_list":["post-12719","post","type-post","status-publish","format-standard","has-post-thumbnail","hentry","category-cronaca","category-politica","category-societa","tag-antifascisti","tag-assalti","tag-estrema-destra","tag-occupazioni","tag-scuole"],"yoast_head":"<!-- This site is optimized with the Yoast SEO plugin v27.5 - https:\/\/yoast.com\/product\/yoast-seo-wordpress\/ -->\n<title>OCCHI APERTI - NonSoloMusicaMagazine<\/title>\n<meta name=\"description\" content=\"Occhi aperti\" \/>\n<meta name=\"robots\" content=\"index, follow, max-snippet:-1, max-image-preview:large, max-video-preview:-1\" \/>\n<link rel=\"canonical\" href=\"https:\/\/www.nonsolomusicamagazine.it\/?p=12719\" \/>\n<meta property=\"og:locale\" content=\"it_IT\" \/>\n<meta property=\"og:type\" content=\"article\" \/>\n<meta property=\"og:title\" content=\"OCCHI APERTI - NonSoloMusicaMagazine\" \/>\n<meta property=\"og:description\" content=\"Occhi aperti\" \/>\n<meta property=\"og:url\" content=\"https:\/\/www.nonsolomusicamagazine.it\/?p=12719\" \/>\n<meta property=\"og:site_name\" content=\"NonSoloMusicaMagazine\" \/>\n<meta property=\"article:published_time\" content=\"2025-10-28T14:14:22+00:00\" \/>\n<meta property=\"article:modified_time\" content=\"2025-10-28T14:14:34+00:00\" \/>\n<meta property=\"og:image\" content=\"https:\/\/www.nonsolomusicamagazine.it\/wp-content\/uploads\/2025\/10\/1000090344.jpg\" \/>\n\t<meta property=\"og:image:width\" content=\"1125\" \/>\n\t<meta property=\"og:image:height\" content=\"1662\" \/>\n\t<meta property=\"og:image:type\" content=\"image\/jpeg\" \/>\n<meta name=\"author\" content=\"nonsolomusica\" \/>\n<meta name=\"twitter:card\" content=\"summary_large_image\" \/>\n<meta name=\"twitter:label1\" content=\"Scritto da\" \/>\n\t<meta name=\"twitter:data1\" content=\"nonsolomusica\" \/>\n\t<meta name=\"twitter:label2\" content=\"Tempo di lettura stimato\" \/>\n\t<meta name=\"twitter:data2\" content=\"4 minuti\" \/>\n<script type=\"application\/ld+json\" class=\"yoast-schema-graph\">{\"@context\":\"https:\\\/\\\/schema.org\",\"@graph\":[{\"@type\":\"Article\",\"@id\":\"https:\\\/\\\/www.nonsolomusicamagazine.it\\\/?p=12719#article\",\"isPartOf\":{\"@id\":\"https:\\\/\\\/www.nonsolomusicamagazine.it\\\/?p=12719\"},\"author\":{\"name\":\"nonsolomusica\",\"@id\":\"https:\\\/\\\/www.nonsolomusicamagazine.it\\\/#\\\/schema\\\/person\\\/a3349ad02300d046472d46cf6d31ae46\"},\"headline\":\"OCCHI APERTI\",\"datePublished\":\"2025-10-28T14:14:22+00:00\",\"dateModified\":\"2025-10-28T14:14:34+00:00\",\"mainEntityOfPage\":{\"@id\":\"https:\\\/\\\/www.nonsolomusicamagazine.it\\\/?p=12719\"},\"wordCount\":516,\"commentCount\":0,\"image\":{\"@id\":\"https:\\\/\\\/www.nonsolomusicamagazine.it\\\/?p=12719#primaryimage\"},\"thumbnailUrl\":\"https:\\\/\\\/www.nonsolomusicamagazine.it\\\/wp-content\\\/uploads\\\/2025\\\/10\\\/1000090344.jpg\",\"keywords\":[\"Antifascisti\",\"Assalti\",\"Estrema destra\",\"Occupazioni\",\"Scuole\"],\"articleSection\":[\"Cronaca\",\"Politica\",\"Societ\u00e0\"],\"inLanguage\":\"it-IT\",\"potentialAction\":[{\"@type\":\"CommentAction\",\"name\":\"Comment\",\"target\":[\"https:\\\/\\\/www.nonsolomusicamagazine.it\\\/?p=12719#respond\"]}]},{\"@type\":\"WebPage\",\"@id\":\"https:\\\/\\\/www.nonsolomusicamagazine.it\\\/?p=12719\",\"url\":\"https:\\\/\\\/www.nonsolomusicamagazine.it\\\/?p=12719\",\"name\":\"OCCHI APERTI - NonSoloMusicaMagazine\",\"isPartOf\":{\"@id\":\"https:\\\/\\\/www.nonsolomusicamagazine.it\\\/#website\"},\"primaryImageOfPage\":{\"@id\":\"https:\\\/\\\/www.nonsolomusicamagazine.it\\\/?p=12719#primaryimage\"},\"image\":{\"@id\":\"https:\\\/\\\/www.nonsolomusicamagazine.it\\\/?p=12719#primaryimage\"},\"thumbnailUrl\":\"https:\\\/\\\/www.nonsolomusicamagazine.it\\\/wp-content\\\/uploads\\\/2025\\\/10\\\/1000090344.jpg\",\"datePublished\":\"2025-10-28T14:14:22+00:00\",\"dateModified\":\"2025-10-28T14:14:34+00:00\",\"author\":{\"@id\":\"https:\\\/\\\/www.nonsolomusicamagazine.it\\\/#\\\/schema\\\/person\\\/a3349ad02300d046472d46cf6d31ae46\"},\"description\":\"Occhi aperti\",\"breadcrumb\":{\"@id\":\"https:\\\/\\\/www.nonsolomusicamagazine.it\\\/?p=12719#breadcrumb\"},\"inLanguage\":\"it-IT\",\"potentialAction\":[{\"@type\":\"ReadAction\",\"target\":[\"https:\\\/\\\/www.nonsolomusicamagazine.it\\\/?p=12719\"]}]},{\"@type\":\"ImageObject\",\"inLanguage\":\"it-IT\",\"@id\":\"https:\\\/\\\/www.nonsolomusicamagazine.it\\\/?p=12719#primaryimage\",\"url\":\"https:\\\/\\\/www.nonsolomusicamagazine.it\\\/wp-content\\\/uploads\\\/2025\\\/10\\\/1000090344.jpg\",\"contentUrl\":\"https:\\\/\\\/www.nonsolomusicamagazine.it\\\/wp-content\\\/uploads\\\/2025\\\/10\\\/1000090344.jpg\",\"width\":1125,\"height\":1662},{\"@type\":\"BreadcrumbList\",\"@id\":\"https:\\\/\\\/www.nonsolomusicamagazine.it\\\/?p=12719#breadcrumb\",\"itemListElement\":[{\"@type\":\"ListItem\",\"position\":1,\"name\":\"Home\",\"item\":\"https:\\\/\\\/www.nonsolomusicamagazine.it\\\/\"},{\"@type\":\"ListItem\",\"position\":2,\"name\":\"OCCHI APERTI\"}]},{\"@type\":\"WebSite\",\"@id\":\"https:\\\/\\\/www.nonsolomusicamagazine.it\\\/#website\",\"url\":\"https:\\\/\\\/www.nonsolomusicamagazine.it\\\/\",\"name\":\"Nonsolomusicamagazine\",\"description\":\"Dir. responsabile Manuel M Buccarella\",\"potentialAction\":[{\"@type\":\"SearchAction\",\"target\":{\"@type\":\"EntryPoint\",\"urlTemplate\":\"https:\\\/\\\/www.nonsolomusicamagazine.it\\\/?s={search_term_string}\"},\"query-input\":{\"@type\":\"PropertyValueSpecification\",\"valueRequired\":true,\"valueName\":\"search_term_string\"}}],\"inLanguage\":\"it-IT\"},{\"@type\":\"Person\",\"@id\":\"https:\\\/\\\/www.nonsolomusicamagazine.it\\\/#\\\/schema\\\/person\\\/a3349ad02300d046472d46cf6d31ae46\",\"name\":\"nonsolomusica\",\"image\":{\"@type\":\"ImageObject\",\"inLanguage\":\"it-IT\",\"@id\":\"https:\\\/\\\/www.nonsolomusicamagazine.it\\\/wp-content\\\/litespeed\\\/avatar\\\/3a675484bc84db6aba78d43bfc8b7197.jpg?ver=1776880798\",\"url\":\"https:\\\/\\\/www.nonsolomusicamagazine.it\\\/wp-content\\\/litespeed\\\/avatar\\\/3a675484bc84db6aba78d43bfc8b7197.jpg?ver=1776880798\",\"contentUrl\":\"https:\\\/\\\/www.nonsolomusicamagazine.it\\\/wp-content\\\/litespeed\\\/avatar\\\/3a675484bc84db6aba78d43bfc8b7197.jpg?ver=1776880798\",\"caption\":\"nonsolomusica\"},\"sameAs\":[\"https:\\\/\\\/www.nonsolomusicamagazine.it\"],\"url\":\"https:\\\/\\\/www.nonsolomusicamagazine.it\\\/?author=1\"}]}<\/script>\n<!-- \/ Yoast SEO plugin. -->","yoast_head_json":{"title":"OCCHI APERTI - NonSoloMusicaMagazine","description":"Occhi aperti","robots":{"index":"index","follow":"follow","max-snippet":"max-snippet:-1","max-image-preview":"max-image-preview:large","max-video-preview":"max-video-preview:-1"},"canonical":"https:\/\/www.nonsolomusicamagazine.it\/?p=12719","og_locale":"it_IT","og_type":"article","og_title":"OCCHI APERTI - NonSoloMusicaMagazine","og_description":"Occhi aperti","og_url":"https:\/\/www.nonsolomusicamagazine.it\/?p=12719","og_site_name":"NonSoloMusicaMagazine","article_published_time":"2025-10-28T14:14:22+00:00","article_modified_time":"2025-10-28T14:14:34+00:00","og_image":[{"width":1125,"height":1662,"url":"https:\/\/www.nonsolomusicamagazine.it\/wp-content\/uploads\/2025\/10\/1000090344.jpg","type":"image\/jpeg"}],"author":"nonsolomusica","twitter_card":"summary_large_image","twitter_misc":{"Scritto da":"nonsolomusica","Tempo di lettura stimato":"4 minuti"},"schema":{"@context":"https:\/\/schema.org","@graph":[{"@type":"Article","@id":"https:\/\/www.nonsolomusicamagazine.it\/?p=12719#article","isPartOf":{"@id":"https:\/\/www.nonsolomusicamagazine.it\/?p=12719"},"author":{"name":"nonsolomusica","@id":"https:\/\/www.nonsolomusicamagazine.it\/#\/schema\/person\/a3349ad02300d046472d46cf6d31ae46"},"headline":"OCCHI APERTI","datePublished":"2025-10-28T14:14:22+00:00","dateModified":"2025-10-28T14:14:34+00:00","mainEntityOfPage":{"@id":"https:\/\/www.nonsolomusicamagazine.it\/?p=12719"},"wordCount":516,"commentCount":0,"image":{"@id":"https:\/\/www.nonsolomusicamagazine.it\/?p=12719#primaryimage"},"thumbnailUrl":"https:\/\/www.nonsolomusicamagazine.it\/wp-content\/uploads\/2025\/10\/1000090344.jpg","keywords":["Antifascisti","Assalti","Estrema destra","Occupazioni","Scuole"],"articleSection":["Cronaca","Politica","Societ\u00e0"],"inLanguage":"it-IT","potentialAction":[{"@type":"CommentAction","name":"Comment","target":["https:\/\/www.nonsolomusicamagazine.it\/?p=12719#respond"]}]},{"@type":"WebPage","@id":"https:\/\/www.nonsolomusicamagazine.it\/?p=12719","url":"https:\/\/www.nonsolomusicamagazine.it\/?p=12719","name":"OCCHI APERTI - NonSoloMusicaMagazine","isPartOf":{"@id":"https:\/\/www.nonsolomusicamagazine.it\/#website"},"primaryImageOfPage":{"@id":"https:\/\/www.nonsolomusicamagazine.it\/?p=12719#primaryimage"},"image":{"@id":"https:\/\/www.nonsolomusicamagazine.it\/?p=12719#primaryimage"},"thumbnailUrl":"https:\/\/www.nonsolomusicamagazine.it\/wp-content\/uploads\/2025\/10\/1000090344.jpg","datePublished":"2025-10-28T14:14:22+00:00","dateModified":"2025-10-28T14:14:34+00:00","author":{"@id":"https:\/\/www.nonsolomusicamagazine.it\/#\/schema\/person\/a3349ad02300d046472d46cf6d31ae46"},"description":"Occhi aperti","breadcrumb":{"@id":"https:\/\/www.nonsolomusicamagazine.it\/?p=12719#breadcrumb"},"inLanguage":"it-IT","potentialAction":[{"@type":"ReadAction","target":["https:\/\/www.nonsolomusicamagazine.it\/?p=12719"]}]},{"@type":"ImageObject","inLanguage":"it-IT","@id":"https:\/\/www.nonsolomusicamagazine.it\/?p=12719#primaryimage","url":"https:\/\/www.nonsolomusicamagazine.it\/wp-content\/uploads\/2025\/10\/1000090344.jpg","contentUrl":"https:\/\/www.nonsolomusicamagazine.it\/wp-content\/uploads\/2025\/10\/1000090344.jpg","width":1125,"height":1662},{"@type":"BreadcrumbList","@id":"https:\/\/www.nonsolomusicamagazine.it\/?p=12719#breadcrumb","itemListElement":[{"@type":"ListItem","position":1,"name":"Home","item":"https:\/\/www.nonsolomusicamagazine.it\/"},{"@type":"ListItem","position":2,"name":"OCCHI APERTI"}]},{"@type":"WebSite","@id":"https:\/\/www.nonsolomusicamagazine.it\/#website","url":"https:\/\/www.nonsolomusicamagazine.it\/","name":"Nonsolomusicamagazine","description":"Dir. responsabile Manuel M Buccarella","potentialAction":[{"@type":"SearchAction","target":{"@type":"EntryPoint","urlTemplate":"https:\/\/www.nonsolomusicamagazine.it\/?s={search_term_string}"},"query-input":{"@type":"PropertyValueSpecification","valueRequired":true,"valueName":"search_term_string"}}],"inLanguage":"it-IT"},{"@type":"Person","@id":"https:\/\/www.nonsolomusicamagazine.it\/#\/schema\/person\/a3349ad02300d046472d46cf6d31ae46","name":"nonsolomusica","image":{"@type":"ImageObject","inLanguage":"it-IT","@id":"https:\/\/www.nonsolomusicamagazine.it\/wp-content\/litespeed\/avatar\/3a675484bc84db6aba78d43bfc8b7197.jpg?ver=1776880798","url":"https:\/\/www.nonsolomusicamagazine.it\/wp-content\/litespeed\/avatar\/3a675484bc84db6aba78d43bfc8b7197.jpg?ver=1776880798","contentUrl":"https:\/\/www.nonsolomusicamagazine.it\/wp-content\/litespeed\/avatar\/3a675484bc84db6aba78d43bfc8b7197.jpg?ver=1776880798","caption":"nonsolomusica"},"sameAs":["https:\/\/www.nonsolomusicamagazine.it"],"url":"https:\/\/www.nonsolomusicamagazine.it\/?author=1"}]}},"amp_enabled":true,"_links":{"self":[{"href":"https:\/\/www.nonsolomusicamagazine.it\/index.php?rest_route=\/wp\/v2\/posts\/12719","targetHints":{"allow":["GET"]}}],"collection":[{"href":"https:\/\/www.nonsolomusicamagazine.it\/index.php?rest_route=\/wp\/v2\/posts"}],"about":[{"href":"https:\/\/www.nonsolomusicamagazine.it\/index.php?rest_route=\/wp\/v2\/types\/post"}],"author":[{"embeddable":true,"href":"https:\/\/www.nonsolomusicamagazine.it\/index.php?rest_route=\/wp\/v2\/users\/1"}],"replies":[{"embeddable":true,"href":"https:\/\/www.nonsolomusicamagazine.it\/index.php?rest_route=%2Fwp%2Fv2%2Fcomments&post=12719"}],"version-history":[{"count":0,"href":"https:\/\/www.nonsolomusicamagazine.it\/index.php?rest_route=\/wp\/v2\/posts\/12719\/revisions"}],"wp:featuredmedia":[{"embeddable":true,"href":"https:\/\/www.nonsolomusicamagazine.it\/index.php?rest_route=\/wp\/v2\/media\/12721"}],"wp:attachment":[{"href":"https:\/\/www.nonsolomusicamagazine.it\/index.php?rest_route=%2Fwp%2Fv2%2Fmedia&parent=12719"}],"wp:term":[{"taxonomy":"category","embeddable":true,"href":"https:\/\/www.nonsolomusicamagazine.it\/index.php?rest_route=%2Fwp%2Fv2%2Fcategories&post=12719"},{"taxonomy":"post_tag","embeddable":true,"href":"https:\/\/www.nonsolomusicamagazine.it\/index.php?rest_route=%2Fwp%2Fv2%2Ftags&post=12719"}],"curies":[{"name":"wp","href":"https:\/\/api.w.org\/{rel}","templated":true}]}}