{"id":12737,"date":"2025-10-29T21:42:32","date_gmt":"2025-10-29T20:42:32","guid":{"rendered":"https:\/\/www.nonsolomusicamagazine.it\/?p=12737"},"modified":"2025-10-30T18:11:29","modified_gmt":"2025-10-30T17:11:29","slug":"%f0%9d%97%a2%f0%9d%98%83%f0%9d%97%b6%f0%9d%97%b1%f0%9d%97%b6%f0%9d%97%bc-%f0%9d%97%a0%f0%9d%97%ae%f0%9d%97%bf%f0%9d%97%bf%f0%9d%97%ae%f0%9d%98%80-%f0%9d%97%b2-%f0%9d%97%b9%f0%9d%97%ae-%f0%9d%97%af","status":"publish","type":"post","link":"https:\/\/www.nonsolomusicamagazine.it\/?p=12737","title":{"rendered":"\ud835\udde2\ud835\ude03\ud835\uddf6\ud835\uddf1\ud835\uddf6\ud835\uddfc \ud835\udde0\ud835\uddee\ud835\uddff\ud835\uddff\ud835\uddee\ud835\ude00 \ud835\uddf2 \ud835\uddf9\ud835\uddee \ud835\uddef\ud835\uddee\ud835\ude01\ud835\ude01\ud835\uddee\ud835\uddf4\ud835\uddf9\ud835\uddf6\ud835\uddee \ud835\uddfd\ud835\uddf2\ud835\uddff \ud835\uddf9\ud835\uddee \ud835\udde6\ud835\uddee\ud835\uddff\ud835\uddf1\ud835\uddf2\ud835\uddf4\ud835\uddfb\ud835\uddee \ud835\uddf0\ud835\uddfc\ud835\uddfb\ud835\ude01\ud835\uddff\ud835\uddfc \ud835\uddf9\ud835\uddee \ud835\ude00\ud835\uddfd\ud835\uddf2\ud835\uddf0\ud835\ude02\ud835\uddf9\ud835\uddee\ud835\ude07\ud835\uddf6\ud835\uddfc\ud835\uddfb\ud835\uddf2"},"content":{"rendered":"\n<p class=\"has-text-align-center\"><strong>Silvana Sale<\/strong><\/p>\n\n\n\n<p>Ovidio Marras nacque e visse in Sardegna, legato con ogni fibra della sua vita a un terreno che non era solo propriet\u00e0, ma memoria, storia e futuro. Con la sola quarta elementare, seppe coltivare una saggezza profonda sulla natura e sul suo territorio, e seppe difenderla con una determinazione rara. <\/p>\n\n\n\n<p>La sua filosofia, racchiusa in una frase semplice e potente, diceva: &#8220;i soldi volano, ma la terra resta&#8221;. Questa convinzione guid\u00f2 ogni sua scelta, ogni resistenza e ogni lotta.La terra che difese era propriet\u00e0 di famiglia da generazioni, appartenuta al padre del padre e al padre del padre, un patrimonio tramandato che rappresentava radici profonde e storia della sua famiglia. Ogni metro quadrato portava con s\u00e9 memorie, fatiche e speranze di chi lo aveva coltivato prima di lui.<\/p>\n\n\n\n<p>All\u2019inizio degli anni Duemila, il suo terreno a Teulada, vicino alla spiaggia di Tuerredda, divenne il centro di un progetto di grande speculazione. La societ\u00e0 SITAS S.r.l., formata da grandi gruppi italiani come il Gruppo Benetton, il Gruppo Caltagirone, Silvano Toti e Sansedoni S.p.A., aveva pianificato un resort di lusso, con ville, piscine, campi da golf e strutture ricettive per trasformare settecento ettari di costa incontaminata in un luogo esclusivo. Intorno a lui, molti vicini avevano venduto le proprie terre, attratti dalle offerte e dai guadagni immediati, ma Ovidio rifiut\u00f2, consapevole che quella terra non era soltanto sua, ma patrimonio della Sardegna.La sua battaglia fu ardua. Nonostante la sua scarsa istruzione, ma proprietario di enorme intelligenza e umanit\u00e0, Ovidio fu aiutato dai familiari in ogni passo della battaglia legale e amministrativa, affinch\u00e9 potesse affrontare tribunali, funzionari e carte burocratiche complesse. Affront\u00f2 persino membri della sua stessa comunit\u00e0, alcuni dei quali gli erano ostili, sedotti dal denaro. I cittadini che gli andarono contro non compresero subito l\u2019importanza della sua lotta e spesso lo criticavano o lo isolavano, ma lui non si lasci\u00f2 scoraggiare. <\/p>\n\n\n\n<p>La vicenda divenne un simbolo, un uomo solo, con pochi mezzi, contro una cordata di potere e interessi immensi.Tuttavia, la sua tenacia, sostenuta da associazioni ambientaliste come Italia Nostra, port\u00f2 alla vittoria. La giustizia blocc\u00f2 il progetto, dichiarando l\u2019illegittimit\u00e0 delle opere previste, mentre la SITAS fu dichiarata fallita dal Tribunale di Cagliari nel 2018, incapace di completare il resort. Il paesaggio intorno al suo terreno era stato gi\u00e0 deturpato dai primi lavori e dall\u2019occupazione abusiva del cantiere, ma l\u2019area fu in parte bonificata e oggi la sua terra resta salvata, mentre il resto fu abbandonato dagli speculatori.<\/p>\n\n\n\n<p>Prima della storia di Ovidio, altre societ\u00e0 avevano tentato progetti simili in Sardegna, riuscendo a costruire resort di lusso in localit\u00e0 come Villasimius, Porto Cervo e Costa Smeralda, realizzando quello che SITAS aveva pianificato per Teulada.<\/p>\n\n\n\n<p>Ovidio visse fino al 6 gennaio 2024, portando con s\u00e9 la saggezza della sua vita semplice e la forza della sua lotta. Il funerale fu sobrio ma partecipato, cittadini, amici e ammiratori vollero omaggiare chi aveva difeso la Sardegna senza compromessi. <\/p>\n\n\n\n<p>La sua storia \u00e8 un esempio di coerenza, determinazione e amore per il territorio, capace di fermare interessi economici giganteschi e lasciare un\u2019eredit\u00e0 pi\u00f9 preziosa di qualsiasi guadagno materiale.Il contesto della sua battaglia mostra un quadro pi\u00f9 ampio della Sardegna, prima di Ovidio, altre localit\u00e0 come Costa Smeralda, Porto Rotondo, Villasimius, Alghero e Stintino hanno visto realizzazioni di resort e ville di lusso, riuscite pienamente con investitori italiani e internazionali. La Costa Smeralda, in particolare, sviluppata a partire dagli anni \u201960 con il Principe Karim Aga Khan e al Consorzio Costa Smeralda, \u00e8 localit\u00e0 turistica esclusiva, con ville, hotel e infrastrutture di lusso.Altre localit\u00e0 come Villasimius e Porto Rotondo hanno seguito questo percorso, e la Sardegna \u00e8 diventava meta ambita di investimenti e turismo elitario.Ovidio Marras, invece, rappresent\u00f2 una scelta diversa. Non si oppose al turismo o al progresso in s\u00e9, ma alla cancellazione dell\u2019identit\u00e0 del territorio, alla deturpazione dei paesaggi, alla speculazione che ignora la memoria della terra e della sua gente.La sua battaglia dimostr\u00f2 che, anche quando tutti intorno a te vendono o cedono al denaro, \u00e8 possibile resistere e proteggere il patrimonio naturale e culturale. Dove altri hanno ceduto al denaro, lui piant\u00f2 radici di resistenza, difendendo un patrimonio collettivo. <\/p>\n\n\n\n<p>La sua terra, che oggi resta come simbolo, racconta la storia di un uomo che seppe trasformare la sua passione in azione e la sua tenacia in leggenda.Ovidio \u00e8 leggenda in Sardegna gi\u00e0 prima della sua morte, simbolo di resistenza e coerenza, e il suo esempio ispir\u00f2 molte persone a valorizzare e proteggere il territorio senza prostituirsi.<\/p>\n\n\n\n<p>La vicenda di Ovidio insegna che la forza di una persona guidata dai valori pu\u00f2 fermare anche gli interessi pi\u00f9 potenti. Ogni albero, ogni pietra, ogni filo d\u2019erba dei suoi campi \u00e8 memoria viva del rispetto per la terra, dell\u2019attaccamento alle radici e della responsabilit\u00e0 verso chi verr\u00e0 dopo. La battaglia di Marras \u00e8 un monito e un commovente  esempio, nella Sardegna moderna, dove il lusso e il denaro hanno spesso il sopravvento, c\u2019\u00e8 ancora spazio per la coerenza, l\u2019amore e il coraggio.Ovidio Marras non \u00e8 soltanto un nome da ricordare, \u00e8 simbolo custode di una terra antica e orgogliosa che, come lui diceva, \u00e8 bella proprio per le sue radici, i suoi paesaggi e i suoi profumi, di cui possano riempirsi gli occhi tutti, e non solo pochi privilegiati.<\/p>\n\n\n\n<figure class=\"wp-block-image size-large\"><img decoding=\"async\" width=\"1024\" height=\"505\" src=\"https:\/\/www.nonsolomusicamagazine.it\/wp-content\/uploads\/2025\/10\/1000090520-1024x505.jpg\" alt=\"\" class=\"wp-image-12738\" srcset=\"https:\/\/www.nonsolomusicamagazine.it\/wp-content\/uploads\/2025\/10\/1000090520-1024x505.jpg 1024w, https:\/\/www.nonsolomusicamagazine.it\/wp-content\/uploads\/2025\/10\/1000090520-300x148.jpg 300w, https:\/\/www.nonsolomusicamagazine.it\/wp-content\/uploads\/2025\/10\/1000090520-768x379.jpg 768w, https:\/\/www.nonsolomusicamagazine.it\/wp-content\/uploads\/2025\/10\/1000090520.jpg 1217w\" sizes=\"(max-width: 1024px) 100vw, 1024px\" \/><\/figure>\n","protected":false},"excerpt":{"rendered":"<p>Silvana Sale Ovidio Marras nacque e visse in Sardegna, legato con ogni fibra della sua vita a un terreno che non era solo propriet\u00e0, ma memoria, storia e futuro. Con la sola quarta elementare, seppe coltivare una saggezza profonda sulla natura e sul suo territorio, e seppe difenderla con una determinazione rara. La sua filosofia, [&hellip;]<\/p>\n","protected":false},"author":1,"featured_media":12738,"comment_status":"open","ping_status":"closed","sticky":false,"template":"","format":"standard","meta":{"footnotes":""},"categories":[283,113],"tags":[5129,3898,5126,1474,5128,5127],"class_list":["post-12737","post","type-post","status-publish","format-standard","has-post-thumbnail","hentry","category-ambiente","category-economia","tag-costa-smeralda","tag-lotta","tag-ovidio-marras","tag-sardegna","tag-speculazione-edilizia","tag-teulada"],"yoast_head":"<!-- This site is optimized with the Yoast SEO plugin v27.5 - https:\/\/yoast.com\/product\/yoast-seo-wordpress\/ -->\n<title>\ud835\udde2\ud835\ude03\ud835\uddf6\ud835\uddf1\ud835\uddf6\ud835\uddfc \ud835\udde0\ud835\uddee\ud835\uddff\ud835\uddff\ud835\uddee\ud835\ude00 \ud835\uddf2 \ud835\uddf9\ud835\uddee \ud835\uddef\ud835\uddee\ud835\ude01\ud835\ude01\ud835\uddee\ud835\uddf4\ud835\uddf9\ud835\uddf6\ud835\uddee \ud835\uddfd\ud835\uddf2\ud835\uddff \ud835\uddf9\ud835\uddee \ud835\udde6\ud835\uddee\ud835\uddff\ud835\uddf1\ud835\uddf2\ud835\uddf4\ud835\uddfb\ud835\uddee \ud835\uddf0\ud835\uddfc\ud835\uddfb\ud835\ude01\ud835\uddff\ud835\uddfc \ud835\uddf9\ud835\uddee \ud835\ude00\ud835\uddfd\ud835\uddf2\ud835\uddf0\ud835\ude02\ud835\uddf9\ud835\uddee\ud835\ude07\ud835\uddf6\ud835\uddfc\ud835\uddfb\ud835\uddf2 - NonSoloMusicaMagazine<\/title>\n<meta name=\"description\" content=\"\ud835\udde2\ud835\ude03\ud835\uddf6\ud835\uddf1\ud835\uddf6\ud835\uddfc \ud835\udde0\ud835\uddee\ud835\uddff\ud835\uddff\ud835\uddee\ud835\ude00 \ud835\uddf2 \ud835\uddf9\ud835\uddee \ud835\uddef\ud835\uddee\ud835\ude01\ud835\ude01\ud835\uddee\ud835\uddf4\ud835\uddf9\ud835\uddf6\ud835\uddee \ud835\uddfd\ud835\uddf2\ud835\uddff \ud835\uddf9\ud835\uddee \ud835\udde6\ud835\uddee\ud835\uddff\ud835\uddf1\ud835\uddf2\ud835\uddf4\ud835\uddfb\ud835\uddee \ud835\uddf0\ud835\uddfc\ud835\uddfb\ud835\ude01\ud835\uddff\ud835\uddfc \ud835\uddf9\ud835\uddee \ud835\ude00\ud835\uddfd\ud835\uddf2\ud835\uddf0\ud835\ude02\ud835\uddf9\ud835\uddee\ud835\ude07\ud835\uddf6\ud835\uddfc\ud835\uddfb\ud835\uddf2\" \/>\n<meta name=\"robots\" content=\"index, follow, max-snippet:-1, max-image-preview:large, max-video-preview:-1\" \/>\n<link rel=\"canonical\" href=\"https:\/\/www.nonsolomusicamagazine.it\/?p=12737\" \/>\n<meta property=\"og:locale\" content=\"it_IT\" \/>\n<meta property=\"og:type\" content=\"article\" \/>\n<meta property=\"og:title\" content=\"\ud835\udde2\ud835\ude03\ud835\uddf6\ud835\uddf1\ud835\uddf6\ud835\uddfc \ud835\udde0\ud835\uddee\ud835\uddff\ud835\uddff\ud835\uddee\ud835\ude00 \ud835\uddf2 \ud835\uddf9\ud835\uddee \ud835\uddef\ud835\uddee\ud835\ude01\ud835\ude01\ud835\uddee\ud835\uddf4\ud835\uddf9\ud835\uddf6\ud835\uddee \ud835\uddfd\ud835\uddf2\ud835\uddff \ud835\uddf9\ud835\uddee \ud835\udde6\ud835\uddee\ud835\uddff\ud835\uddf1\ud835\uddf2\ud835\uddf4\ud835\uddfb\ud835\uddee \ud835\uddf0\ud835\uddfc\ud835\uddfb\ud835\ude01\ud835\uddff\ud835\uddfc \ud835\uddf9\ud835\uddee \ud835\ude00\ud835\uddfd\ud835\uddf2\ud835\uddf0\ud835\ude02\ud835\uddf9\ud835\uddee\ud835\ude07\ud835\uddf6\ud835\uddfc\ud835\uddfb\ud835\uddf2 - NonSoloMusicaMagazine\" \/>\n<meta property=\"og:description\" content=\"\ud835\udde2\ud835\ude03\ud835\uddf6\ud835\uddf1\ud835\uddf6\ud835\uddfc \ud835\udde0\ud835\uddee\ud835\uddff\ud835\uddff\ud835\uddee\ud835\ude00 \ud835\uddf2 \ud835\uddf9\ud835\uddee \ud835\uddef\ud835\uddee\ud835\ude01\ud835\ude01\ud835\uddee\ud835\uddf4\ud835\uddf9\ud835\uddf6\ud835\uddee \ud835\uddfd\ud835\uddf2\ud835\uddff \ud835\uddf9\ud835\uddee \ud835\udde6\ud835\uddee\ud835\uddff\ud835\uddf1\ud835\uddf2\ud835\uddf4\ud835\uddfb\ud835\uddee \ud835\uddf0\ud835\uddfc\ud835\uddfb\ud835\ude01\ud835\uddff\ud835\uddfc \ud835\uddf9\ud835\uddee \ud835\ude00\ud835\uddfd\ud835\uddf2\ud835\uddf0\ud835\ude02\ud835\uddf9\ud835\uddee\ud835\ude07\ud835\uddf6\ud835\uddfc\ud835\uddfb\ud835\uddf2\" \/>\n<meta property=\"og:url\" content=\"https:\/\/www.nonsolomusicamagazine.it\/?p=12737\" \/>\n<meta property=\"og:site_name\" content=\"NonSoloMusicaMagazine\" \/>\n<meta property=\"article:published_time\" content=\"2025-10-29T20:42:32+00:00\" \/>\n<meta property=\"article:modified_time\" content=\"2025-10-30T17:11:29+00:00\" \/>\n<meta property=\"og:image\" content=\"https:\/\/www.nonsolomusicamagazine.it\/wp-content\/uploads\/2025\/10\/1000090520.jpg\" \/>\n\t<meta property=\"og:image:width\" content=\"1217\" \/>\n\t<meta property=\"og:image:height\" content=\"600\" \/>\n\t<meta property=\"og:image:type\" content=\"image\/jpeg\" \/>\n<meta name=\"author\" content=\"nonsolomusica\" \/>\n<meta name=\"twitter:card\" content=\"summary_large_image\" \/>\n<meta name=\"twitter:label1\" content=\"Scritto da\" \/>\n\t<meta name=\"twitter:data1\" content=\"nonsolomusica\" \/>\n<script type=\"application\/ld+json\" class=\"yoast-schema-graph\">{\"@context\":\"https:\\\/\\\/schema.org\",\"@graph\":[{\"@type\":\"Article\",\"@id\":\"https:\\\/\\\/www.nonsolomusicamagazine.it\\\/?p=12737#article\",\"isPartOf\":{\"@id\":\"https:\\\/\\\/www.nonsolomusicamagazine.it\\\/?p=12737\"},\"author\":{\"name\":\"nonsolomusica\",\"@id\":\"https:\\\/\\\/www.nonsolomusicamagazine.it\\\/#\\\/schema\\\/person\\\/a3349ad02300d046472d46cf6d31ae46\"},\"headline\":\"\ud835\udde2\ud835\ude03\ud835\uddf6\ud835\uddf1\ud835\uddf6\ud835\uddfc \ud835\udde0\ud835\uddee\ud835\uddff\ud835\uddff\ud835\uddee\ud835\ude00 \ud835\uddf2 \ud835\uddf9\ud835\uddee \ud835\uddef\ud835\uddee\ud835\ude01\ud835\ude01\ud835\uddee\ud835\uddf4\ud835\uddf9\ud835\uddf6\ud835\uddee \ud835\uddfd\ud835\uddf2\ud835\uddff \ud835\uddf9\ud835\uddee \ud835\udde6\ud835\uddee\ud835\uddff\ud835\uddf1\ud835\uddf2\ud835\uddf4\ud835\uddfb\ud835\uddee \ud835\uddf0\ud835\uddfc\ud835\uddfb\ud835\ude01\ud835\uddff\ud835\uddfc \ud835\uddf9\ud835\uddee \ud835\ude00\ud835\uddfd\ud835\uddf2\ud835\uddf0\ud835\ude02\ud835\uddf9\ud835\uddee\ud835\ude07\ud835\uddf6\ud835\uddfc\ud835\uddfb\ud835\uddf2\",\"datePublished\":\"2025-10-29T20:42:32+00:00\",\"dateModified\":\"2025-10-30T17:11:29+00:00\",\"mainEntityOfPage\":{\"@id\":\"https:\\\/\\\/www.nonsolomusicamagazine.it\\\/?p=12737\"},\"wordCount\":885,\"commentCount\":0,\"image\":{\"@id\":\"https:\\\/\\\/www.nonsolomusicamagazine.it\\\/?p=12737#primaryimage\"},\"thumbnailUrl\":\"https:\\\/\\\/www.nonsolomusicamagazine.it\\\/wp-content\\\/uploads\\\/2025\\\/10\\\/1000090520.jpg\",\"keywords\":[\"Costa Smeralda\",\"Lotta\",\"Ovidio Marras\",\"Sardegna\",\"Speculazione edilizia\",\"Teulada\"],\"articleSection\":[\"Ambiente\",\"Economia\"],\"inLanguage\":\"it-IT\",\"potentialAction\":[{\"@type\":\"CommentAction\",\"name\":\"Comment\",\"target\":[\"https:\\\/\\\/www.nonsolomusicamagazine.it\\\/?p=12737#respond\"]}]},{\"@type\":\"WebPage\",\"@id\":\"https:\\\/\\\/www.nonsolomusicamagazine.it\\\/?p=12737\",\"url\":\"https:\\\/\\\/www.nonsolomusicamagazine.it\\\/?p=12737\",\"name\":\"\ud835\udde2\ud835\ude03\ud835\uddf6\ud835\uddf1\ud835\uddf6\ud835\uddfc \ud835\udde0\ud835\uddee\ud835\uddff\ud835\uddff\ud835\uddee\ud835\ude00 \ud835\uddf2 \ud835\uddf9\ud835\uddee \ud835\uddef\ud835\uddee\ud835\ude01\ud835\ude01\ud835\uddee\ud835\uddf4\ud835\uddf9\ud835\uddf6\ud835\uddee \ud835\uddfd\ud835\uddf2\ud835\uddff \ud835\uddf9\ud835\uddee \ud835\udde6\ud835\uddee\ud835\uddff\ud835\uddf1\ud835\uddf2\ud835\uddf4\ud835\uddfb\ud835\uddee \ud835\uddf0\ud835\uddfc\ud835\uddfb\ud835\ude01\ud835\uddff\ud835\uddfc \ud835\uddf9\ud835\uddee \ud835\ude00\ud835\uddfd\ud835\uddf2\ud835\uddf0\ud835\ude02\ud835\uddf9\ud835\uddee\ud835\ude07\ud835\uddf6\ud835\uddfc\ud835\uddfb\ud835\uddf2 - NonSoloMusicaMagazine\",\"isPartOf\":{\"@id\":\"https:\\\/\\\/www.nonsolomusicamagazine.it\\\/#website\"},\"primaryImageOfPage\":{\"@id\":\"https:\\\/\\\/www.nonsolomusicamagazine.it\\\/?p=12737#primaryimage\"},\"image\":{\"@id\":\"https:\\\/\\\/www.nonsolomusicamagazine.it\\\/?p=12737#primaryimage\"},\"thumbnailUrl\":\"https:\\\/\\\/www.nonsolomusicamagazine.it\\\/wp-content\\\/uploads\\\/2025\\\/10\\\/1000090520.jpg\",\"datePublished\":\"2025-10-29T20:42:32+00:00\",\"dateModified\":\"2025-10-30T17:11:29+00:00\",\"author\":{\"@id\":\"https:\\\/\\\/www.nonsolomusicamagazine.it\\\/#\\\/schema\\\/person\\\/a3349ad02300d046472d46cf6d31ae46\"},\"description\":\"\ud835\udde2\ud835\ude03\ud835\uddf6\ud835\uddf1\ud835\uddf6\ud835\uddfc \ud835\udde0\ud835\uddee\ud835\uddff\ud835\uddff\ud835\uddee\ud835\ude00 \ud835\uddf2 \ud835\uddf9\ud835\uddee \ud835\uddef\ud835\uddee\ud835\ude01\ud835\ude01\ud835\uddee\ud835\uddf4\ud835\uddf9\ud835\uddf6\ud835\uddee \ud835\uddfd\ud835\uddf2\ud835\uddff \ud835\uddf9\ud835\uddee \ud835\udde6\ud835\uddee\ud835\uddff\ud835\uddf1\ud835\uddf2\ud835\uddf4\ud835\uddfb\ud835\uddee \ud835\uddf0\ud835\uddfc\ud835\uddfb\ud835\ude01\ud835\uddff\ud835\uddfc \ud835\uddf9\ud835\uddee \ud835\ude00\ud835\uddfd\ud835\uddf2\ud835\uddf0\ud835\ude02\ud835\uddf9\ud835\uddee\ud835\ude07\ud835\uddf6\ud835\uddfc\ud835\uddfb\ud835\uddf2\",\"breadcrumb\":{\"@id\":\"https:\\\/\\\/www.nonsolomusicamagazine.it\\\/?p=12737#breadcrumb\"},\"inLanguage\":\"it-IT\",\"potentialAction\":[{\"@type\":\"ReadAction\",\"target\":[\"https:\\\/\\\/www.nonsolomusicamagazine.it\\\/?p=12737\"]}]},{\"@type\":\"ImageObject\",\"inLanguage\":\"it-IT\",\"@id\":\"https:\\\/\\\/www.nonsolomusicamagazine.it\\\/?p=12737#primaryimage\",\"url\":\"https:\\\/\\\/www.nonsolomusicamagazine.it\\\/wp-content\\\/uploads\\\/2025\\\/10\\\/1000090520.jpg\",\"contentUrl\":\"https:\\\/\\\/www.nonsolomusicamagazine.it\\\/wp-content\\\/uploads\\\/2025\\\/10\\\/1000090520.jpg\",\"width\":1217,\"height\":600},{\"@type\":\"BreadcrumbList\",\"@id\":\"https:\\\/\\\/www.nonsolomusicamagazine.it\\\/?p=12737#breadcrumb\",\"itemListElement\":[{\"@type\":\"ListItem\",\"position\":1,\"name\":\"Home\",\"item\":\"https:\\\/\\\/www.nonsolomusicamagazine.it\\\/\"},{\"@type\":\"ListItem\",\"position\":2,\"name\":\"\ud835\udde2\ud835\ude03\ud835\uddf6\ud835\uddf1\ud835\uddf6\ud835\uddfc \ud835\udde0\ud835\uddee\ud835\uddff\ud835\uddff\ud835\uddee\ud835\ude00 \ud835\uddf2 \ud835\uddf9\ud835\uddee \ud835\uddef\ud835\uddee\ud835\ude01\ud835\ude01\ud835\uddee\ud835\uddf4\ud835\uddf9\ud835\uddf6\ud835\uddee \ud835\uddfd\ud835\uddf2\ud835\uddff \ud835\uddf9\ud835\uddee \ud835\udde6\ud835\uddee\ud835\uddff\ud835\uddf1\ud835\uddf2\ud835\uddf4\ud835\uddfb\ud835\uddee \ud835\uddf0\ud835\uddfc\ud835\uddfb\ud835\ude01\ud835\uddff\ud835\uddfc \ud835\uddf9\ud835\uddee \ud835\ude00\ud835\uddfd\ud835\uddf2\ud835\uddf0\ud835\ude02\ud835\uddf9\ud835\uddee\ud835\ude07\ud835\uddf6\ud835\uddfc\ud835\uddfb\ud835\uddf2\"}]},{\"@type\":\"WebSite\",\"@id\":\"https:\\\/\\\/www.nonsolomusicamagazine.it\\\/#website\",\"url\":\"https:\\\/\\\/www.nonsolomusicamagazine.it\\\/\",\"name\":\"Nonsolomusicamagazine\",\"description\":\"Dir. responsabile Manuel M Buccarella\",\"potentialAction\":[{\"@type\":\"SearchAction\",\"target\":{\"@type\":\"EntryPoint\",\"urlTemplate\":\"https:\\\/\\\/www.nonsolomusicamagazine.it\\\/?s={search_term_string}\"},\"query-input\":{\"@type\":\"PropertyValueSpecification\",\"valueRequired\":true,\"valueName\":\"search_term_string\"}}],\"inLanguage\":\"it-IT\"},{\"@type\":\"Person\",\"@id\":\"https:\\\/\\\/www.nonsolomusicamagazine.it\\\/#\\\/schema\\\/person\\\/a3349ad02300d046472d46cf6d31ae46\",\"name\":\"nonsolomusica\",\"image\":{\"@type\":\"ImageObject\",\"inLanguage\":\"it-IT\",\"@id\":\"https:\\\/\\\/www.nonsolomusicamagazine.it\\\/wp-content\\\/litespeed\\\/avatar\\\/3a675484bc84db6aba78d43bfc8b7197.jpg?ver=1777485663\",\"url\":\"https:\\\/\\\/www.nonsolomusicamagazine.it\\\/wp-content\\\/litespeed\\\/avatar\\\/3a675484bc84db6aba78d43bfc8b7197.jpg?ver=1777485663\",\"contentUrl\":\"https:\\\/\\\/www.nonsolomusicamagazine.it\\\/wp-content\\\/litespeed\\\/avatar\\\/3a675484bc84db6aba78d43bfc8b7197.jpg?ver=1777485663\",\"caption\":\"nonsolomusica\"},\"sameAs\":[\"https:\\\/\\\/www.nonsolomusicamagazine.it\"],\"url\":\"https:\\\/\\\/www.nonsolomusicamagazine.it\\\/?author=1\"}]}<\/script>\n<!-- \/ Yoast SEO plugin. -->","yoast_head_json":{"title":"\ud835\udde2\ud835\ude03\ud835\uddf6\ud835\uddf1\ud835\uddf6\ud835\uddfc \ud835\udde0\ud835\uddee\ud835\uddff\ud835\uddff\ud835\uddee\ud835\ude00 \ud835\uddf2 \ud835\uddf9\ud835\uddee \ud835\uddef\ud835\uddee\ud835\ude01\ud835\ude01\ud835\uddee\ud835\uddf4\ud835\uddf9\ud835\uddf6\ud835\uddee \ud835\uddfd\ud835\uddf2\ud835\uddff \ud835\uddf9\ud835\uddee \ud835\udde6\ud835\uddee\ud835\uddff\ud835\uddf1\ud835\uddf2\ud835\uddf4\ud835\uddfb\ud835\uddee \ud835\uddf0\ud835\uddfc\ud835\uddfb\ud835\ude01\ud835\uddff\ud835\uddfc \ud835\uddf9\ud835\uddee \ud835\ude00\ud835\uddfd\ud835\uddf2\ud835\uddf0\ud835\ude02\ud835\uddf9\ud835\uddee\ud835\ude07\ud835\uddf6\ud835\uddfc\ud835\uddfb\ud835\uddf2 - NonSoloMusicaMagazine","description":"\ud835\udde2\ud835\ude03\ud835\uddf6\ud835\uddf1\ud835\uddf6\ud835\uddfc \ud835\udde0\ud835\uddee\ud835\uddff\ud835\uddff\ud835\uddee\ud835\ude00 \ud835\uddf2 \ud835\uddf9\ud835\uddee \ud835\uddef\ud835\uddee\ud835\ude01\ud835\ude01\ud835\uddee\ud835\uddf4\ud835\uddf9\ud835\uddf6\ud835\uddee \ud835\uddfd\ud835\uddf2\ud835\uddff \ud835\uddf9\ud835\uddee \ud835\udde6\ud835\uddee\ud835\uddff\ud835\uddf1\ud835\uddf2\ud835\uddf4\ud835\uddfb\ud835\uddee \ud835\uddf0\ud835\uddfc\ud835\uddfb\ud835\ude01\ud835\uddff\ud835\uddfc \ud835\uddf9\ud835\uddee \ud835\ude00\ud835\uddfd\ud835\uddf2\ud835\uddf0\ud835\ude02\ud835\uddf9\ud835\uddee\ud835\ude07\ud835\uddf6\ud835\uddfc\ud835\uddfb\ud835\uddf2","robots":{"index":"index","follow":"follow","max-snippet":"max-snippet:-1","max-image-preview":"max-image-preview:large","max-video-preview":"max-video-preview:-1"},"canonical":"https:\/\/www.nonsolomusicamagazine.it\/?p=12737","og_locale":"it_IT","og_type":"article","og_title":"\ud835\udde2\ud835\ude03\ud835\uddf6\ud835\uddf1\ud835\uddf6\ud835\uddfc \ud835\udde0\ud835\uddee\ud835\uddff\ud835\uddff\ud835\uddee\ud835\ude00 \ud835\uddf2 \ud835\uddf9\ud835\uddee \ud835\uddef\ud835\uddee\ud835\ude01\ud835\ude01\ud835\uddee\ud835\uddf4\ud835\uddf9\ud835\uddf6\ud835\uddee \ud835\uddfd\ud835\uddf2\ud835\uddff \ud835\uddf9\ud835\uddee \ud835\udde6\ud835\uddee\ud835\uddff\ud835\uddf1\ud835\uddf2\ud835\uddf4\ud835\uddfb\ud835\uddee \ud835\uddf0\ud835\uddfc\ud835\uddfb\ud835\ude01\ud835\uddff\ud835\uddfc \ud835\uddf9\ud835\uddee \ud835\ude00\ud835\uddfd\ud835\uddf2\ud835\uddf0\ud835\ude02\ud835\uddf9\ud835\uddee\ud835\ude07\ud835\uddf6\ud835\uddfc\ud835\uddfb\ud835\uddf2 - NonSoloMusicaMagazine","og_description":"\ud835\udde2\ud835\ude03\ud835\uddf6\ud835\uddf1\ud835\uddf6\ud835\uddfc \ud835\udde0\ud835\uddee\ud835\uddff\ud835\uddff\ud835\uddee\ud835\ude00 \ud835\uddf2 \ud835\uddf9\ud835\uddee \ud835\uddef\ud835\uddee\ud835\ude01\ud835\ude01\ud835\uddee\ud835\uddf4\ud835\uddf9\ud835\uddf6\ud835\uddee \ud835\uddfd\ud835\uddf2\ud835\uddff \ud835\uddf9\ud835\uddee \ud835\udde6\ud835\uddee\ud835\uddff\ud835\uddf1\ud835\uddf2\ud835\uddf4\ud835\uddfb\ud835\uddee \ud835\uddf0\ud835\uddfc\ud835\uddfb\ud835\ude01\ud835\uddff\ud835\uddfc \ud835\uddf9\ud835\uddee \ud835\ude00\ud835\uddfd\ud835\uddf2\ud835\uddf0\ud835\ude02\ud835\uddf9\ud835\uddee\ud835\ude07\ud835\uddf6\ud835\uddfc\ud835\uddfb\ud835\uddf2","og_url":"https:\/\/www.nonsolomusicamagazine.it\/?p=12737","og_site_name":"NonSoloMusicaMagazine","article_published_time":"2025-10-29T20:42:32+00:00","article_modified_time":"2025-10-30T17:11:29+00:00","og_image":[{"width":1217,"height":600,"url":"https:\/\/www.nonsolomusicamagazine.it\/wp-content\/uploads\/2025\/10\/1000090520.jpg","type":"image\/jpeg"}],"author":"nonsolomusica","twitter_card":"summary_large_image","twitter_misc":{"Scritto da":"nonsolomusica"},"schema":{"@context":"https:\/\/schema.org","@graph":[{"@type":"Article","@id":"https:\/\/www.nonsolomusicamagazine.it\/?p=12737#article","isPartOf":{"@id":"https:\/\/www.nonsolomusicamagazine.it\/?p=12737"},"author":{"name":"nonsolomusica","@id":"https:\/\/www.nonsolomusicamagazine.it\/#\/schema\/person\/a3349ad02300d046472d46cf6d31ae46"},"headline":"\ud835\udde2\ud835\ude03\ud835\uddf6\ud835\uddf1\ud835\uddf6\ud835\uddfc \ud835\udde0\ud835\uddee\ud835\uddff\ud835\uddff\ud835\uddee\ud835\ude00 \ud835\uddf2 \ud835\uddf9\ud835\uddee \ud835\uddef\ud835\uddee\ud835\ude01\ud835\ude01\ud835\uddee\ud835\uddf4\ud835\uddf9\ud835\uddf6\ud835\uddee \ud835\uddfd\ud835\uddf2\ud835\uddff \ud835\uddf9\ud835\uddee \ud835\udde6\ud835\uddee\ud835\uddff\ud835\uddf1\ud835\uddf2\ud835\uddf4\ud835\uddfb\ud835\uddee \ud835\uddf0\ud835\uddfc\ud835\uddfb\ud835\ude01\ud835\uddff\ud835\uddfc \ud835\uddf9\ud835\uddee \ud835\ude00\ud835\uddfd\ud835\uddf2\ud835\uddf0\ud835\ude02\ud835\uddf9\ud835\uddee\ud835\ude07\ud835\uddf6\ud835\uddfc\ud835\uddfb\ud835\uddf2","datePublished":"2025-10-29T20:42:32+00:00","dateModified":"2025-10-30T17:11:29+00:00","mainEntityOfPage":{"@id":"https:\/\/www.nonsolomusicamagazine.it\/?p=12737"},"wordCount":885,"commentCount":0,"image":{"@id":"https:\/\/www.nonsolomusicamagazine.it\/?p=12737#primaryimage"},"thumbnailUrl":"https:\/\/www.nonsolomusicamagazine.it\/wp-content\/uploads\/2025\/10\/1000090520.jpg","keywords":["Costa Smeralda","Lotta","Ovidio Marras","Sardegna","Speculazione edilizia","Teulada"],"articleSection":["Ambiente","Economia"],"inLanguage":"it-IT","potentialAction":[{"@type":"CommentAction","name":"Comment","target":["https:\/\/www.nonsolomusicamagazine.it\/?p=12737#respond"]}]},{"@type":"WebPage","@id":"https:\/\/www.nonsolomusicamagazine.it\/?p=12737","url":"https:\/\/www.nonsolomusicamagazine.it\/?p=12737","name":"\ud835\udde2\ud835\ude03\ud835\uddf6\ud835\uddf1\ud835\uddf6\ud835\uddfc \ud835\udde0\ud835\uddee\ud835\uddff\ud835\uddff\ud835\uddee\ud835\ude00 \ud835\uddf2 \ud835\uddf9\ud835\uddee \ud835\uddef\ud835\uddee\ud835\ude01\ud835\ude01\ud835\uddee\ud835\uddf4\ud835\uddf9\ud835\uddf6\ud835\uddee \ud835\uddfd\ud835\uddf2\ud835\uddff \ud835\uddf9\ud835\uddee \ud835\udde6\ud835\uddee\ud835\uddff\ud835\uddf1\ud835\uddf2\ud835\uddf4\ud835\uddfb\ud835\uddee \ud835\uddf0\ud835\uddfc\ud835\uddfb\ud835\ude01\ud835\uddff\ud835\uddfc \ud835\uddf9\ud835\uddee \ud835\ude00\ud835\uddfd\ud835\uddf2\ud835\uddf0\ud835\ude02\ud835\uddf9\ud835\uddee\ud835\ude07\ud835\uddf6\ud835\uddfc\ud835\uddfb\ud835\uddf2 - NonSoloMusicaMagazine","isPartOf":{"@id":"https:\/\/www.nonsolomusicamagazine.it\/#website"},"primaryImageOfPage":{"@id":"https:\/\/www.nonsolomusicamagazine.it\/?p=12737#primaryimage"},"image":{"@id":"https:\/\/www.nonsolomusicamagazine.it\/?p=12737#primaryimage"},"thumbnailUrl":"https:\/\/www.nonsolomusicamagazine.it\/wp-content\/uploads\/2025\/10\/1000090520.jpg","datePublished":"2025-10-29T20:42:32+00:00","dateModified":"2025-10-30T17:11:29+00:00","author":{"@id":"https:\/\/www.nonsolomusicamagazine.it\/#\/schema\/person\/a3349ad02300d046472d46cf6d31ae46"},"description":"\ud835\udde2\ud835\ude03\ud835\uddf6\ud835\uddf1\ud835\uddf6\ud835\uddfc \ud835\udde0\ud835\uddee\ud835\uddff\ud835\uddff\ud835\uddee\ud835\ude00 \ud835\uddf2 \ud835\uddf9\ud835\uddee \ud835\uddef\ud835\uddee\ud835\ude01\ud835\ude01\ud835\uddee\ud835\uddf4\ud835\uddf9\ud835\uddf6\ud835\uddee \ud835\uddfd\ud835\uddf2\ud835\uddff \ud835\uddf9\ud835\uddee \ud835\udde6\ud835\uddee\ud835\uddff\ud835\uddf1\ud835\uddf2\ud835\uddf4\ud835\uddfb\ud835\uddee \ud835\uddf0\ud835\uddfc\ud835\uddfb\ud835\ude01\ud835\uddff\ud835\uddfc \ud835\uddf9\ud835\uddee \ud835\ude00\ud835\uddfd\ud835\uddf2\ud835\uddf0\ud835\ude02\ud835\uddf9\ud835\uddee\ud835\ude07\ud835\uddf6\ud835\uddfc\ud835\uddfb\ud835\uddf2","breadcrumb":{"@id":"https:\/\/www.nonsolomusicamagazine.it\/?p=12737#breadcrumb"},"inLanguage":"it-IT","potentialAction":[{"@type":"ReadAction","target":["https:\/\/www.nonsolomusicamagazine.it\/?p=12737"]}]},{"@type":"ImageObject","inLanguage":"it-IT","@id":"https:\/\/www.nonsolomusicamagazine.it\/?p=12737#primaryimage","url":"https:\/\/www.nonsolomusicamagazine.it\/wp-content\/uploads\/2025\/10\/1000090520.jpg","contentUrl":"https:\/\/www.nonsolomusicamagazine.it\/wp-content\/uploads\/2025\/10\/1000090520.jpg","width":1217,"height":600},{"@type":"BreadcrumbList","@id":"https:\/\/www.nonsolomusicamagazine.it\/?p=12737#breadcrumb","itemListElement":[{"@type":"ListItem","position":1,"name":"Home","item":"https:\/\/www.nonsolomusicamagazine.it\/"},{"@type":"ListItem","position":2,"name":"\ud835\udde2\ud835\ude03\ud835\uddf6\ud835\uddf1\ud835\uddf6\ud835\uddfc \ud835\udde0\ud835\uddee\ud835\uddff\ud835\uddff\ud835\uddee\ud835\ude00 \ud835\uddf2 \ud835\uddf9\ud835\uddee \ud835\uddef\ud835\uddee\ud835\ude01\ud835\ude01\ud835\uddee\ud835\uddf4\ud835\uddf9\ud835\uddf6\ud835\uddee \ud835\uddfd\ud835\uddf2\ud835\uddff \ud835\uddf9\ud835\uddee \ud835\udde6\ud835\uddee\ud835\uddff\ud835\uddf1\ud835\uddf2\ud835\uddf4\ud835\uddfb\ud835\uddee \ud835\uddf0\ud835\uddfc\ud835\uddfb\ud835\ude01\ud835\uddff\ud835\uddfc \ud835\uddf9\ud835\uddee \ud835\ude00\ud835\uddfd\ud835\uddf2\ud835\uddf0\ud835\ude02\ud835\uddf9\ud835\uddee\ud835\ude07\ud835\uddf6\ud835\uddfc\ud835\uddfb\ud835\uddf2"}]},{"@type":"WebSite","@id":"https:\/\/www.nonsolomusicamagazine.it\/#website","url":"https:\/\/www.nonsolomusicamagazine.it\/","name":"Nonsolomusicamagazine","description":"Dir. responsabile Manuel M Buccarella","potentialAction":[{"@type":"SearchAction","target":{"@type":"EntryPoint","urlTemplate":"https:\/\/www.nonsolomusicamagazine.it\/?s={search_term_string}"},"query-input":{"@type":"PropertyValueSpecification","valueRequired":true,"valueName":"search_term_string"}}],"inLanguage":"it-IT"},{"@type":"Person","@id":"https:\/\/www.nonsolomusicamagazine.it\/#\/schema\/person\/a3349ad02300d046472d46cf6d31ae46","name":"nonsolomusica","image":{"@type":"ImageObject","inLanguage":"it-IT","@id":"https:\/\/www.nonsolomusicamagazine.it\/wp-content\/litespeed\/avatar\/3a675484bc84db6aba78d43bfc8b7197.jpg?ver=1777485663","url":"https:\/\/www.nonsolomusicamagazine.it\/wp-content\/litespeed\/avatar\/3a675484bc84db6aba78d43bfc8b7197.jpg?ver=1777485663","contentUrl":"https:\/\/www.nonsolomusicamagazine.it\/wp-content\/litespeed\/avatar\/3a675484bc84db6aba78d43bfc8b7197.jpg?ver=1777485663","caption":"nonsolomusica"},"sameAs":["https:\/\/www.nonsolomusicamagazine.it"],"url":"https:\/\/www.nonsolomusicamagazine.it\/?author=1"}]}},"amp_enabled":true,"_links":{"self":[{"href":"https:\/\/www.nonsolomusicamagazine.it\/index.php?rest_route=\/wp\/v2\/posts\/12737","targetHints":{"allow":["GET"]}}],"collection":[{"href":"https:\/\/www.nonsolomusicamagazine.it\/index.php?rest_route=\/wp\/v2\/posts"}],"about":[{"href":"https:\/\/www.nonsolomusicamagazine.it\/index.php?rest_route=\/wp\/v2\/types\/post"}],"author":[{"embeddable":true,"href":"https:\/\/www.nonsolomusicamagazine.it\/index.php?rest_route=\/wp\/v2\/users\/1"}],"replies":[{"embeddable":true,"href":"https:\/\/www.nonsolomusicamagazine.it\/index.php?rest_route=%2Fwp%2Fv2%2Fcomments&post=12737"}],"version-history":[{"count":0,"href":"https:\/\/www.nonsolomusicamagazine.it\/index.php?rest_route=\/wp\/v2\/posts\/12737\/revisions"}],"wp:featuredmedia":[{"embeddable":true,"href":"https:\/\/www.nonsolomusicamagazine.it\/index.php?rest_route=\/wp\/v2\/media\/12738"}],"wp:attachment":[{"href":"https:\/\/www.nonsolomusicamagazine.it\/index.php?rest_route=%2Fwp%2Fv2%2Fmedia&parent=12737"}],"wp:term":[{"taxonomy":"category","embeddable":true,"href":"https:\/\/www.nonsolomusicamagazine.it\/index.php?rest_route=%2Fwp%2Fv2%2Fcategories&post=12737"},{"taxonomy":"post_tag","embeddable":true,"href":"https:\/\/www.nonsolomusicamagazine.it\/index.php?rest_route=%2Fwp%2Fv2%2Ftags&post=12737"}],"curies":[{"name":"wp","href":"https:\/\/api.w.org\/{rel}","templated":true}]}}