{"id":12821,"date":"2025-11-03T20:55:41","date_gmt":"2025-11-03T19:55:41","guid":{"rendered":"https:\/\/www.nonsolomusicamagazine.it\/?p=12821"},"modified":"2025-11-03T20:55:42","modified_gmt":"2025-11-03T19:55:42","slug":"68-anni-dalla-morte-di-giuseppe-di-vittorio-il-contadino-dauno-fondatore-della-cgil","status":"publish","type":"post","link":"https:\/\/www.nonsolomusicamagazine.it\/?p=12821","title":{"rendered":"68 anni dalla morte di Giuseppe Di Vittorio, il contadino dauno fondatore della Cgil"},"content":{"rendered":"\n<p>Il 3 novembre 1957 si spegneva a Lecco Giuseppe Di Vittorio,  una delle figure pi\u00f9 importanti del movimento sindacale e operaio italiano del Novecento.<\/p>\n\n\n\n<p>Nato a Cerignola nel 1892 in una famiglia di braccianti pugliesi, Di Vittorio incarn\u00f2 la lotta per i diritti dei lavoratori fin da giovanissimo. Inizi\u00f2 a lavorare nei campi a soli sette anni e divenne ben presto un leader sindacale, guidando gi\u00e0 nel 1911, a diciannove anni, il primo grande sciopero dei braccianti della sua zona.<\/p>\n\n\n\n<p>Antifascista convinto, durante il ventennio fu costretto all&#8217;esilio in Francia e combatt\u00e9 nella Guerra Civile Spagnola contro Franco. Nel dopoguerra fu tra i fondatori della CGIL (Confederazione Generale Italiana del Lavoro) nel 1944, diventandone segretario generale dal 1945 fino alla morte. Sotto la sua guida, la CGIL divenne il principale sindacato italiano, battendosi per i diritti dei lavoratori, i contratti collettivi e il miglioramento delle condizioni di lavoro nell&#8217;Italia della ricostruzione. <\/p>\n\n\n\n<p>La sua leadership si distinse per la capacit\u00e0 di coniugare fermezza nelle rivendicazioni e pragmatismo nelle trattative.<\/p>\n\n\n\n<p>Di Vittorio mor\u00ec stroncato da un infarto mentre partecipava a un convegno sindacale. Aveva 65 anni. I suoi funerali a Roma furono un evento di massa, con centinaia di migliaia di lavoratori che resero omaggio a colui che aveva dedicato l&#8217;intera vita alla loro causa.<\/p>\n\n\n\n<figure class=\"wp-block-image size-full\"><img decoding=\"async\" width=\"641\" height=\"478\" src=\"https:\/\/www.nonsolomusicamagazine.it\/wp-content\/uploads\/2025\/11\/1000091149.webp\" alt=\"\" class=\"wp-image-12822\" srcset=\"https:\/\/www.nonsolomusicamagazine.it\/wp-content\/uploads\/2025\/11\/1000091149.webp 641w, https:\/\/www.nonsolomusicamagazine.it\/wp-content\/uploads\/2025\/11\/1000091149-300x224.webp 300w\" sizes=\"(max-width: 641px) 100vw, 641px\" \/><\/figure>\n","protected":false},"excerpt":{"rendered":"<p>Il 3 novembre 1957 si spegneva a Lecco Giuseppe Di Vittorio, una delle figure pi\u00f9 importanti del movimento sindacale e operaio italiano del Novecento. Nato a Cerignola nel 1892 in una famiglia di braccianti pugliesi, Di Vittorio incarn\u00f2 la lotta per i diritti dei lavoratori fin da giovanissimo. Inizi\u00f2 a lavorare nei campi a soli [&hellip;]<\/p>\n","protected":false},"author":1,"featured_media":12822,"comment_status":"open","ping_status":"closed","sticky":false,"template":"","format":"standard","meta":{"footnotes":""},"categories":[1432,5,1321],"tags":[5178,208,5177,5176,746],"class_list":["post-12821","post","type-post","status-publish","format-standard","has-post-thumbnail","hentry","category-lavoro","category-politica","category-storia","tag-cerignola","tag-cgil","tag-di-vittorio","tag-giuseppe-di-vittorio","tag-morte"],"yoast_head":"<!-- This site is optimized with the Yoast SEO plugin v27.4 - https:\/\/yoast.com\/product\/yoast-seo-wordpress\/ -->\n<title>68 anni dalla morte di Giuseppe Di Vittorio, il contadino dauno fondatore della Cgil - NonSoloMusicaMagazine<\/title>\n<meta name=\"description\" content=\"Giuseppe Di Vittorio morte\" \/>\n<meta name=\"robots\" content=\"index, follow, max-snippet:-1, max-image-preview:large, max-video-preview:-1\" \/>\n<link rel=\"canonical\" href=\"https:\/\/www.nonsolomusicamagazine.it\/?p=12821\" \/>\n<meta property=\"og:locale\" content=\"it_IT\" \/>\n<meta property=\"og:type\" content=\"article\" \/>\n<meta property=\"og:title\" content=\"68 anni dalla morte di Giuseppe Di Vittorio, il contadino dauno fondatore della Cgil - NonSoloMusicaMagazine\" \/>\n<meta property=\"og:description\" content=\"Giuseppe Di Vittorio morte\" \/>\n<meta property=\"og:url\" content=\"https:\/\/www.nonsolomusicamagazine.it\/?p=12821\" \/>\n<meta property=\"og:site_name\" content=\"NonSoloMusicaMagazine\" \/>\n<meta property=\"article:published_time\" content=\"2025-11-03T19:55:41+00:00\" \/>\n<meta property=\"article:modified_time\" content=\"2025-11-03T19:55:42+00:00\" \/>\n<meta property=\"og:image\" content=\"https:\/\/www.nonsolomusicamagazine.it\/wp-content\/uploads\/2025\/11\/1000091149.webp\" \/>\n\t<meta property=\"og:image:width\" content=\"641\" \/>\n\t<meta property=\"og:image:height\" content=\"478\" \/>\n\t<meta property=\"og:image:type\" content=\"image\/webp\" \/>\n<meta name=\"author\" content=\"nonsolomusica\" \/>\n<meta name=\"twitter:card\" content=\"summary_large_image\" \/>\n<meta name=\"twitter:label1\" content=\"Scritto da\" \/>\n\t<meta name=\"twitter:data1\" content=\"nonsolomusica\" \/>\n\t<meta name=\"twitter:label2\" content=\"Tempo di lettura stimato\" \/>\n\t<meta name=\"twitter:data2\" content=\"2 minuti\" \/>\n<script type=\"application\/ld+json\" class=\"yoast-schema-graph\">{\"@context\":\"https:\\\/\\\/schema.org\",\"@graph\":[{\"@type\":\"Article\",\"@id\":\"https:\\\/\\\/www.nonsolomusicamagazine.it\\\/?p=12821#article\",\"isPartOf\":{\"@id\":\"https:\\\/\\\/www.nonsolomusicamagazine.it\\\/?p=12821\"},\"author\":{\"name\":\"nonsolomusica\",\"@id\":\"https:\\\/\\\/www.nonsolomusicamagazine.it\\\/#\\\/schema\\\/person\\\/a3349ad02300d046472d46cf6d31ae46\"},\"headline\":\"68 anni dalla morte di Giuseppe Di Vittorio, il contadino dauno fondatore della Cgil\",\"datePublished\":\"2025-11-03T19:55:41+00:00\",\"dateModified\":\"2025-11-03T19:55:42+00:00\",\"mainEntityOfPage\":{\"@id\":\"https:\\\/\\\/www.nonsolomusicamagazine.it\\\/?p=12821\"},\"wordCount\":222,\"commentCount\":0,\"image\":{\"@id\":\"https:\\\/\\\/www.nonsolomusicamagazine.it\\\/?p=12821#primaryimage\"},\"thumbnailUrl\":\"https:\\\/\\\/www.nonsolomusicamagazine.it\\\/wp-content\\\/uploads\\\/2025\\\/11\\\/1000091149.webp\",\"keywords\":[\"Cerignola\",\"Cgil\",\"Di Vittorio\",\"Giuseppe Di Vittorio\",\"Morte\"],\"articleSection\":[\"Lavoro\",\"Politica\",\"Storia\"],\"inLanguage\":\"it-IT\",\"potentialAction\":[{\"@type\":\"CommentAction\",\"name\":\"Comment\",\"target\":[\"https:\\\/\\\/www.nonsolomusicamagazine.it\\\/?p=12821#respond\"]}]},{\"@type\":\"WebPage\",\"@id\":\"https:\\\/\\\/www.nonsolomusicamagazine.it\\\/?p=12821\",\"url\":\"https:\\\/\\\/www.nonsolomusicamagazine.it\\\/?p=12821\",\"name\":\"68 anni dalla morte di Giuseppe Di Vittorio, il contadino dauno fondatore della Cgil - NonSoloMusicaMagazine\",\"isPartOf\":{\"@id\":\"https:\\\/\\\/www.nonsolomusicamagazine.it\\\/#website\"},\"primaryImageOfPage\":{\"@id\":\"https:\\\/\\\/www.nonsolomusicamagazine.it\\\/?p=12821#primaryimage\"},\"image\":{\"@id\":\"https:\\\/\\\/www.nonsolomusicamagazine.it\\\/?p=12821#primaryimage\"},\"thumbnailUrl\":\"https:\\\/\\\/www.nonsolomusicamagazine.it\\\/wp-content\\\/uploads\\\/2025\\\/11\\\/1000091149.webp\",\"datePublished\":\"2025-11-03T19:55:41+00:00\",\"dateModified\":\"2025-11-03T19:55:42+00:00\",\"author\":{\"@id\":\"https:\\\/\\\/www.nonsolomusicamagazine.it\\\/#\\\/schema\\\/person\\\/a3349ad02300d046472d46cf6d31ae46\"},\"description\":\"Giuseppe Di Vittorio morte\",\"breadcrumb\":{\"@id\":\"https:\\\/\\\/www.nonsolomusicamagazine.it\\\/?p=12821#breadcrumb\"},\"inLanguage\":\"it-IT\",\"potentialAction\":[{\"@type\":\"ReadAction\",\"target\":[\"https:\\\/\\\/www.nonsolomusicamagazine.it\\\/?p=12821\"]}]},{\"@type\":\"ImageObject\",\"inLanguage\":\"it-IT\",\"@id\":\"https:\\\/\\\/www.nonsolomusicamagazine.it\\\/?p=12821#primaryimage\",\"url\":\"https:\\\/\\\/www.nonsolomusicamagazine.it\\\/wp-content\\\/uploads\\\/2025\\\/11\\\/1000091149.webp\",\"contentUrl\":\"https:\\\/\\\/www.nonsolomusicamagazine.it\\\/wp-content\\\/uploads\\\/2025\\\/11\\\/1000091149.webp\",\"width\":641,\"height\":478},{\"@type\":\"BreadcrumbList\",\"@id\":\"https:\\\/\\\/www.nonsolomusicamagazine.it\\\/?p=12821#breadcrumb\",\"itemListElement\":[{\"@type\":\"ListItem\",\"position\":1,\"name\":\"Home\",\"item\":\"https:\\\/\\\/www.nonsolomusicamagazine.it\\\/\"},{\"@type\":\"ListItem\",\"position\":2,\"name\":\"68 anni dalla morte di Giuseppe Di Vittorio, il contadino dauno fondatore della Cgil\"}]},{\"@type\":\"WebSite\",\"@id\":\"https:\\\/\\\/www.nonsolomusicamagazine.it\\\/#website\",\"url\":\"https:\\\/\\\/www.nonsolomusicamagazine.it\\\/\",\"name\":\"Nonsolomusicamagazine\",\"description\":\"Dir. responsabile Manuel M Buccarella\",\"potentialAction\":[{\"@type\":\"SearchAction\",\"target\":{\"@type\":\"EntryPoint\",\"urlTemplate\":\"https:\\\/\\\/www.nonsolomusicamagazine.it\\\/?s={search_term_string}\"},\"query-input\":{\"@type\":\"PropertyValueSpecification\",\"valueRequired\":true,\"valueName\":\"search_term_string\"}}],\"inLanguage\":\"it-IT\"},{\"@type\":\"Person\",\"@id\":\"https:\\\/\\\/www.nonsolomusicamagazine.it\\\/#\\\/schema\\\/person\\\/a3349ad02300d046472d46cf6d31ae46\",\"name\":\"nonsolomusica\",\"image\":{\"@type\":\"ImageObject\",\"inLanguage\":\"it-IT\",\"@id\":\"https:\\\/\\\/www.nonsolomusicamagazine.it\\\/wp-content\\\/litespeed\\\/avatar\\\/3a675484bc84db6aba78d43bfc8b7197.jpg?ver=1776880798\",\"url\":\"https:\\\/\\\/www.nonsolomusicamagazine.it\\\/wp-content\\\/litespeed\\\/avatar\\\/3a675484bc84db6aba78d43bfc8b7197.jpg?ver=1776880798\",\"contentUrl\":\"https:\\\/\\\/www.nonsolomusicamagazine.it\\\/wp-content\\\/litespeed\\\/avatar\\\/3a675484bc84db6aba78d43bfc8b7197.jpg?ver=1776880798\",\"caption\":\"nonsolomusica\"},\"sameAs\":[\"https:\\\/\\\/www.nonsolomusicamagazine.it\"],\"url\":\"https:\\\/\\\/www.nonsolomusicamagazine.it\\\/?author=1\"}]}<\/script>\n<!-- \/ Yoast SEO plugin. -->","yoast_head_json":{"title":"68 anni dalla morte di Giuseppe Di Vittorio, il contadino dauno fondatore della Cgil - NonSoloMusicaMagazine","description":"Giuseppe Di Vittorio morte","robots":{"index":"index","follow":"follow","max-snippet":"max-snippet:-1","max-image-preview":"max-image-preview:large","max-video-preview":"max-video-preview:-1"},"canonical":"https:\/\/www.nonsolomusicamagazine.it\/?p=12821","og_locale":"it_IT","og_type":"article","og_title":"68 anni dalla morte di Giuseppe Di Vittorio, il contadino dauno fondatore della Cgil - NonSoloMusicaMagazine","og_description":"Giuseppe Di Vittorio morte","og_url":"https:\/\/www.nonsolomusicamagazine.it\/?p=12821","og_site_name":"NonSoloMusicaMagazine","article_published_time":"2025-11-03T19:55:41+00:00","article_modified_time":"2025-11-03T19:55:42+00:00","og_image":[{"width":641,"height":478,"url":"https:\/\/www.nonsolomusicamagazine.it\/wp-content\/uploads\/2025\/11\/1000091149.webp","type":"image\/webp"}],"author":"nonsolomusica","twitter_card":"summary_large_image","twitter_misc":{"Scritto da":"nonsolomusica","Tempo di lettura stimato":"2 minuti"},"schema":{"@context":"https:\/\/schema.org","@graph":[{"@type":"Article","@id":"https:\/\/www.nonsolomusicamagazine.it\/?p=12821#article","isPartOf":{"@id":"https:\/\/www.nonsolomusicamagazine.it\/?p=12821"},"author":{"name":"nonsolomusica","@id":"https:\/\/www.nonsolomusicamagazine.it\/#\/schema\/person\/a3349ad02300d046472d46cf6d31ae46"},"headline":"68 anni dalla morte di Giuseppe Di Vittorio, il contadino dauno fondatore della Cgil","datePublished":"2025-11-03T19:55:41+00:00","dateModified":"2025-11-03T19:55:42+00:00","mainEntityOfPage":{"@id":"https:\/\/www.nonsolomusicamagazine.it\/?p=12821"},"wordCount":222,"commentCount":0,"image":{"@id":"https:\/\/www.nonsolomusicamagazine.it\/?p=12821#primaryimage"},"thumbnailUrl":"https:\/\/www.nonsolomusicamagazine.it\/wp-content\/uploads\/2025\/11\/1000091149.webp","keywords":["Cerignola","Cgil","Di Vittorio","Giuseppe Di Vittorio","Morte"],"articleSection":["Lavoro","Politica","Storia"],"inLanguage":"it-IT","potentialAction":[{"@type":"CommentAction","name":"Comment","target":["https:\/\/www.nonsolomusicamagazine.it\/?p=12821#respond"]}]},{"@type":"WebPage","@id":"https:\/\/www.nonsolomusicamagazine.it\/?p=12821","url":"https:\/\/www.nonsolomusicamagazine.it\/?p=12821","name":"68 anni dalla morte di Giuseppe Di Vittorio, il contadino dauno fondatore della Cgil - NonSoloMusicaMagazine","isPartOf":{"@id":"https:\/\/www.nonsolomusicamagazine.it\/#website"},"primaryImageOfPage":{"@id":"https:\/\/www.nonsolomusicamagazine.it\/?p=12821#primaryimage"},"image":{"@id":"https:\/\/www.nonsolomusicamagazine.it\/?p=12821#primaryimage"},"thumbnailUrl":"https:\/\/www.nonsolomusicamagazine.it\/wp-content\/uploads\/2025\/11\/1000091149.webp","datePublished":"2025-11-03T19:55:41+00:00","dateModified":"2025-11-03T19:55:42+00:00","author":{"@id":"https:\/\/www.nonsolomusicamagazine.it\/#\/schema\/person\/a3349ad02300d046472d46cf6d31ae46"},"description":"Giuseppe Di Vittorio morte","breadcrumb":{"@id":"https:\/\/www.nonsolomusicamagazine.it\/?p=12821#breadcrumb"},"inLanguage":"it-IT","potentialAction":[{"@type":"ReadAction","target":["https:\/\/www.nonsolomusicamagazine.it\/?p=12821"]}]},{"@type":"ImageObject","inLanguage":"it-IT","@id":"https:\/\/www.nonsolomusicamagazine.it\/?p=12821#primaryimage","url":"https:\/\/www.nonsolomusicamagazine.it\/wp-content\/uploads\/2025\/11\/1000091149.webp","contentUrl":"https:\/\/www.nonsolomusicamagazine.it\/wp-content\/uploads\/2025\/11\/1000091149.webp","width":641,"height":478},{"@type":"BreadcrumbList","@id":"https:\/\/www.nonsolomusicamagazine.it\/?p=12821#breadcrumb","itemListElement":[{"@type":"ListItem","position":1,"name":"Home","item":"https:\/\/www.nonsolomusicamagazine.it\/"},{"@type":"ListItem","position":2,"name":"68 anni dalla morte di Giuseppe Di Vittorio, il contadino dauno fondatore della Cgil"}]},{"@type":"WebSite","@id":"https:\/\/www.nonsolomusicamagazine.it\/#website","url":"https:\/\/www.nonsolomusicamagazine.it\/","name":"Nonsolomusicamagazine","description":"Dir. responsabile Manuel M Buccarella","potentialAction":[{"@type":"SearchAction","target":{"@type":"EntryPoint","urlTemplate":"https:\/\/www.nonsolomusicamagazine.it\/?s={search_term_string}"},"query-input":{"@type":"PropertyValueSpecification","valueRequired":true,"valueName":"search_term_string"}}],"inLanguage":"it-IT"},{"@type":"Person","@id":"https:\/\/www.nonsolomusicamagazine.it\/#\/schema\/person\/a3349ad02300d046472d46cf6d31ae46","name":"nonsolomusica","image":{"@type":"ImageObject","inLanguage":"it-IT","@id":"https:\/\/www.nonsolomusicamagazine.it\/wp-content\/litespeed\/avatar\/3a675484bc84db6aba78d43bfc8b7197.jpg?ver=1776880798","url":"https:\/\/www.nonsolomusicamagazine.it\/wp-content\/litespeed\/avatar\/3a675484bc84db6aba78d43bfc8b7197.jpg?ver=1776880798","contentUrl":"https:\/\/www.nonsolomusicamagazine.it\/wp-content\/litespeed\/avatar\/3a675484bc84db6aba78d43bfc8b7197.jpg?ver=1776880798","caption":"nonsolomusica"},"sameAs":["https:\/\/www.nonsolomusicamagazine.it"],"url":"https:\/\/www.nonsolomusicamagazine.it\/?author=1"}]}},"amp_enabled":true,"_links":{"self":[{"href":"https:\/\/www.nonsolomusicamagazine.it\/index.php?rest_route=\/wp\/v2\/posts\/12821","targetHints":{"allow":["GET"]}}],"collection":[{"href":"https:\/\/www.nonsolomusicamagazine.it\/index.php?rest_route=\/wp\/v2\/posts"}],"about":[{"href":"https:\/\/www.nonsolomusicamagazine.it\/index.php?rest_route=\/wp\/v2\/types\/post"}],"author":[{"embeddable":true,"href":"https:\/\/www.nonsolomusicamagazine.it\/index.php?rest_route=\/wp\/v2\/users\/1"}],"replies":[{"embeddable":true,"href":"https:\/\/www.nonsolomusicamagazine.it\/index.php?rest_route=%2Fwp%2Fv2%2Fcomments&post=12821"}],"version-history":[{"count":0,"href":"https:\/\/www.nonsolomusicamagazine.it\/index.php?rest_route=\/wp\/v2\/posts\/12821\/revisions"}],"wp:featuredmedia":[{"embeddable":true,"href":"https:\/\/www.nonsolomusicamagazine.it\/index.php?rest_route=\/wp\/v2\/media\/12822"}],"wp:attachment":[{"href":"https:\/\/www.nonsolomusicamagazine.it\/index.php?rest_route=%2Fwp%2Fv2%2Fmedia&parent=12821"}],"wp:term":[{"taxonomy":"category","embeddable":true,"href":"https:\/\/www.nonsolomusicamagazine.it\/index.php?rest_route=%2Fwp%2Fv2%2Fcategories&post=12821"},{"taxonomy":"post_tag","embeddable":true,"href":"https:\/\/www.nonsolomusicamagazine.it\/index.php?rest_route=%2Fwp%2Fv2%2Ftags&post=12821"}],"curies":[{"name":"wp","href":"https:\/\/api.w.org\/{rel}","templated":true}]}}