{"id":12833,"date":"2025-11-04T10:02:06","date_gmt":"2025-11-04T09:02:06","guid":{"rendered":"https:\/\/www.nonsolomusicamagazine.it\/?p=12833"},"modified":"2025-11-04T10:02:06","modified_gmt":"2025-11-04T09:02:06","slug":"racconti-dalla-palestina","status":"publish","type":"post","link":"https:\/\/www.nonsolomusicamagazine.it\/?p=12833","title":{"rendered":"RACCONTI DALLA PALESTINA"},"content":{"rendered":"\n<p class=\"has-text-align-center\"> <strong>Lavinia Marchetti <\/strong><\/p>\n\n\n\n<p>Riporto un articolo<\/p>\n\n\n\n<p>&#8220;Abbiamo visto a Nablus, Ramallah, Betlemme, Gaza famiglie intere costrette a portare a mano viveri e vettovaglie perch\u00e9 i soldati israeliani non permettono di passare con vetture i check point che circondano queste citt\u00e0. E anche chi, tanti, abita in campagna e deve approvvigionarsi nei centri abitati. <\/p>\n\n\n\n<p>Il riutilizzo del mulo riporta i palestinese indietro nel tempo, i tanti check point sorvegliati militarmente rendono le citt\u00e0 enormi carceri.<\/p>\n\n\n\n<p>Abbiamo visto al check point di Hebron coloni armati indicare ai militari quello che dovevano fare e l\u00ec non \u00e8 stato possibile alla nostra delegazione entrare per incontrare il sindaco.Abbiamo visto a Nablus, in un centro di rieducazione al linguaggio per bambini con problemi psicologici, le presenze ridotte a met\u00e0; non possono pi\u00f9 passare i bus che trasportano i bambini (tra gli adulti la percentuale di disabili mentali raggiunge il 2%).Abbiamo visto a Nablus, a una manifestazione pacifica contro il blocco, carri armati sparare raffiche a tre metri dai manifestanti.Abbiamo visto a Gaza, alberi e case abbattuti e terreni confiscati per costruire un ponte e collegare due insediamenti, vecchi e bambini senza pi\u00f9 casa e terra, vivere o meglio sopravvivere nelle tende.Abbiamo sentito di dieci bambini nati al check point di Ramallah di cui quattro morti, con la morte di una madre perch\u00e9 anche le autoambulanze devono aspettare ore e ore per passare.Abbiamo sentito di un villaggio agricolo nella striscia di Gaza in cui i soldati israeliani hanno proibito di costruire pozzi e di accedere con automobili (i malati, e persino i morti, devono essere portati a piedi sino al check point).<\/p>\n\n\n\n<p>Abbiamo visto paesaggi deturpati per fare strade veloci e collegare gli insediamenti dei coloni, riservate solo ad essi, impedendo spesso ai contadini palestinesi di raggiungere i loro terreni.Abbiamo visto, in territori ed in vecchi villaggi palestinesi, colline spianate per costruire enormi insediamenti per decine di migliaia di coloni che forse arriveranno o usati come seconde case da abitanti di Tel Aviv.Abbiamo visto a Gaza come pu\u00f2 morire un villaggio: palazzi di civile abitazione distrutti dalle bombe, negozi abbandonati, un villaggio che arretra di fronte alle postazioni militari israeliane a difesa di insediamenti di coloni. Come pu\u00f2 morire o come pu\u00f2 impazzire nel terrorismo.<\/p>\n\n\n\n<p>Abbiamo visto ragazzi palestinesi di 18 anni davanti a soldati israeliani di 18 anni, umiliarsi ed elemosinare il diritto di andare a trovare i genitori o di studiare in un&#8217;altra citt\u00e0.Abbiamo sentito una ragazza dire: basta con i check point, non mi alzo, resto a dormire finch\u00e8 tutto non \u00e8 finito; ed un&#8217;altra, attraversando un check point con pacchi in mano: e parlano di pace.Abbiamo visto arrestare e rilasciare per ben due volte Mustaf\u00e0 Barguti, autorevole leader della societ\u00e0 civile palestinese al termine della conferenza stampa di chiusura, colpevole solo di essersi recato a Gerusalemme, la sua citt\u00e0, per partecipare alla conferenza stampa insieme a due eurodeputate e a rappresentati dei pacifisti europei.Abbiamo incontrato israeliani di origine italiana. Ci hanno chiesto di aiutarli a far riconoscere la Croce Rossa Israeliana ed a far trasferire il consolato nella parte ovest di Gerusalemme. Non si rendono conto di quanto stanno vivendo i palestinesi, ed attribuiscono tutte le responsabilit\u00e0 ad Arafat. Nessuna disponibilit\u00e0 a riconoscere diritti come la capitale palestinese a Gerusalemme est o il ritiro degli insediamenti.Abbiamo sentito anziane donne israeliane, cresciute negli anni in cui sognavano il socialismo dei Kibbuz, provare vergogna di essere israeliane, e giovani israeliani che lavorano con giovani palestinesi; insieme per opporsi a progetti di autostrade che deturpano l&#8217;ambiente, tolgono terreni e isolano comunit\u00e0 palestinesi; insieme per opporsi all&#8217;abbattimento di case palestinesi.<\/p>\n\n\n\n<p>Abbiamo visto bambini israeliani di 10-13 anni, colpiti nei loro affetti per amici coinvolti negli attentati terroristici; non sorridono, alla loro et\u00e0, gridano parole di odio ed innalzano cartelli che dicono: i palestinesi tutti in Giordania. Ma mentre fanno questo discutono animatamente con palestinesi dell&#8217;altra parte della strada.Ci siamo detti spesso insieme: questa situazione \u00e8 senza via di uscita. Ma in queste ultime immagini c&#8217;\u00e8 forse una speranza, un filo, forse l&#8217;ultimo. A esso vogliamo, dobbiamo aggrapparci. Vi chiediamo, per questo, di fare e far fare uno scatto al partito ed a tutte le forze del centro sinistra e della sinistra perch\u00e9 cresca la consapevolezza della tragica gravit\u00e0 della situazione e perch\u00e9 si trovi la forza quantomeno a livello europeo, dopo il veto Usa all&#8217;Onu, di inviare una forza internazionale di protezione.Le condizioni che abbiamo trovato di violazione dei diritti umani, di clima di odio e di violenza, l&#8217;accelerazione degli insediamenti, l&#8217;occupazione militare ci fanno ritenere difficile che nel breve periodo si possano creare condizioni per una pace duratura.Serve intanto bloccare la spirale della violenza e dell&#8217;odio, bonificare i giacimenti di odio, affermare subito il diritto nei propri territori di muoversi per vivere e lavorare (gli occupati palestinesi in territorio israeliano sono scesi da 130.000 a 40.000), ricostruire un clima di dialogo premessa indispensabile per costruire una pace, controllare che l&#8217;acqua sia distribuita a tutti (l&#8217;80% delle risorse idriche dei territori assegnati da Oslo ai palestinesi ed oggi zona A sono controllate dagli israeliani).<\/p>\n\n\n\n<p>Vi chiediamo con forza, perci\u00f2, di operare perch\u00e9 l&#8217;Europa decida di inviare una forza di protezione che possa operare per riaffermare i diritti violati e bloccare la violenza. Abbiamo sentito con forza avanzare la richiesta di un ruolo dell&#8217;Europa: \u00e8 una necessit\u00e0, \u00e8 una occasione da non perdere.E&#8217; nata il 28 dicembre una Coalizione per la Pace israelo-palestiniana (presentata con la partecipazione di Bassolino). Il documento indica:<\/p>\n\n\n\n<p>&#8211; Garanzia per israeliani e palestinesi di due stati indipendenti; due popoli due stati nei confini del 67;<\/p>\n\n\n\n<p>&#8211; Rimozione degli insediamenti in territorio palestinese;<\/p>\n\n\n\n<p>&#8211; Gerusalemme capitale dei due stati;Giusta ed equa soluzione per i rifugiati.Solo cos\u00ec sar\u00e0 possibile dare una soluzione al conflitto. <\/p>\n\n\n\n<p>Noi torniamo convinti che questo vada fatto e formeremo, insieme a tutti i partecipanti, &#8220;gruppi di testimonianza&#8221; disposti a partecipare a tutte le iniziative di partiti ed associazioni.Chiediamo per questo al nostro partito in primo luogo di impegnarsi decisamente a sostegno di questa campagna e, nell&#8217;immediato, per una forza di protezione internazionale. Chiediamo anche di inviare un gruppo volontario di nostri osservatori che possano promuovere un dialogo con-tra palestinesi ed israeliani.<\/p>\n\n\n\n<p>Aldo Carra, Silvana Pisa, Gianfranco Benzi, Riccardo Nencini, Massimiliano Morettini, Massimo Almagioni, Andrea Facchini, Franco Zavatti, Giuseppe Strazzullo, Laura Cappelli, Fabrizio Marchi, Sirio Conte, M. Grazia Tafuri, Paolo Tamiazzo, Mario Gaeta, Fausto Bertoncini, Gianni Rinaldini, Stefano Cimicchi&#8221;<\/p>\n\n\n\n<p>LETTERA SCRITTA A IL MANIFESTO in data 15 gennaio 2002. Questa lettera ha 24 anni. Era indirizzata a &#8220;A Piero Fassino, Giovanni Berlinguer, Marina Sereni e pc a tutta la segreteria Ds&#8221;. S\u00ec il Fassino di Sinistra per Israele. Vorrei riprendere man mano la cronaca quotidiana per far capire la marginalit\u00e0 del 7 ottobre 2023.<\/p>\n\n\n\n<p>[Foto Gaza City 2022]<\/p>\n\n\n\n<figure class=\"wp-block-image size-large\"><img decoding=\"async\" width=\"1024\" height=\"633\" src=\"https:\/\/www.nonsolomusicamagazine.it\/wp-content\/uploads\/2025\/11\/1000091207-1024x633.jpg\" alt=\"\" class=\"wp-image-12834\" srcset=\"https:\/\/www.nonsolomusicamagazine.it\/wp-content\/uploads\/2025\/11\/1000091207-1024x633.jpg 1024w, https:\/\/www.nonsolomusicamagazine.it\/wp-content\/uploads\/2025\/11\/1000091207-300x185.jpg 300w, https:\/\/www.nonsolomusicamagazine.it\/wp-content\/uploads\/2025\/11\/1000091207-768x475.jpg 768w, https:\/\/www.nonsolomusicamagazine.it\/wp-content\/uploads\/2025\/11\/1000091207-1320x816.jpg 1320w, https:\/\/www.nonsolomusicamagazine.it\/wp-content\/uploads\/2025\/11\/1000091207.jpg 1351w\" sizes=\"(max-width: 1024px) 100vw, 1024px\" \/><\/figure>\n","protected":false},"excerpt":{"rendered":"<p>Lavinia Marchetti Riporto un articolo &#8220;Abbiamo visto a Nablus, Ramallah, Betlemme, Gaza famiglie intere costrette a portare a mano viveri e vettovaglie perch\u00e9 i soldati israeliani non permettono di passare con vetture i check point che circondano queste citt\u00e0. E anche chi, tanti, abita in campagna e deve approvvigionarsi nei centri abitati. Il riutilizzo del [&hellip;]<\/p>\n","protected":false},"author":1,"featured_media":12834,"comment_status":"open","ping_status":"closed","sticky":false,"template":"","format":"standard","meta":{"footnotes":""},"categories":[6,5,1321],"tags":[5185,627,217,5188],"class_list":["post-12833","post","type-post","status-publish","format-standard","has-post-thumbnail","hentry","category-esteri","category-politica","category-storia","tag-ds","tag-gaza","tag-palestina","tag-sinistra-per-israele"],"yoast_head":"<!-- This site is optimized with the Yoast SEO plugin v27.4 - https:\/\/yoast.com\/product\/yoast-seo-wordpress\/ -->\n<title>RACCONTI DALLA PALESTINA - NonSoloMusicaMagazine<\/title>\n<meta name=\"robots\" content=\"index, follow, max-snippet:-1, max-image-preview:large, max-video-preview:-1\" \/>\n<link rel=\"canonical\" href=\"https:\/\/www.nonsolomusicamagazine.it\/?p=12833\" \/>\n<meta property=\"og:locale\" content=\"it_IT\" \/>\n<meta property=\"og:type\" content=\"article\" \/>\n<meta property=\"og:title\" content=\"RACCONTI DALLA PALESTINA - NonSoloMusicaMagazine\" \/>\n<meta property=\"og:description\" content=\"Lavinia Marchetti Riporto un articolo &#8220;Abbiamo visto a Nablus, Ramallah, Betlemme, Gaza famiglie intere costrette a portare a mano viveri e vettovaglie perch\u00e9 i soldati israeliani non permettono di passare con vetture i check point che circondano queste citt\u00e0. E anche chi, tanti, abita in campagna e deve approvvigionarsi nei centri abitati. Il riutilizzo del [&hellip;]\" \/>\n<meta property=\"og:url\" content=\"https:\/\/www.nonsolomusicamagazine.it\/?p=12833\" \/>\n<meta property=\"og:site_name\" content=\"NonSoloMusicaMagazine\" \/>\n<meta property=\"article:published_time\" content=\"2025-11-04T09:02:06+00:00\" \/>\n<meta property=\"og:image\" content=\"https:\/\/www.nonsolomusicamagazine.it\/wp-content\/uploads\/2025\/11\/1000091207.jpg\" \/>\n\t<meta property=\"og:image:width\" content=\"1351\" \/>\n\t<meta property=\"og:image:height\" content=\"835\" \/>\n\t<meta property=\"og:image:type\" content=\"image\/jpeg\" \/>\n<meta name=\"author\" content=\"nonsolomusica\" \/>\n<meta name=\"twitter:card\" content=\"summary_large_image\" \/>\n<meta name=\"twitter:label1\" content=\"Scritto da\" \/>\n\t<meta name=\"twitter:data1\" content=\"nonsolomusica\" \/>\n\t<meta name=\"twitter:label2\" content=\"Tempo di lettura stimato\" \/>\n\t<meta name=\"twitter:data2\" content=\"6 minuti\" \/>\n<script type=\"application\/ld+json\" class=\"yoast-schema-graph\">{\"@context\":\"https:\\\/\\\/schema.org\",\"@graph\":[{\"@type\":\"Article\",\"@id\":\"https:\\\/\\\/www.nonsolomusicamagazine.it\\\/?p=12833#article\",\"isPartOf\":{\"@id\":\"https:\\\/\\\/www.nonsolomusicamagazine.it\\\/?p=12833\"},\"author\":{\"name\":\"nonsolomusica\",\"@id\":\"https:\\\/\\\/www.nonsolomusicamagazine.it\\\/#\\\/schema\\\/person\\\/a3349ad02300d046472d46cf6d31ae46\"},\"headline\":\"RACCONTI DALLA PALESTINA\",\"datePublished\":\"2025-11-04T09:02:06+00:00\",\"mainEntityOfPage\":{\"@id\":\"https:\\\/\\\/www.nonsolomusicamagazine.it\\\/?p=12833\"},\"wordCount\":1133,\"commentCount\":0,\"image\":{\"@id\":\"https:\\\/\\\/www.nonsolomusicamagazine.it\\\/?p=12833#primaryimage\"},\"thumbnailUrl\":\"https:\\\/\\\/www.nonsolomusicamagazine.it\\\/wp-content\\\/uploads\\\/2025\\\/11\\\/1000091207.jpg\",\"keywords\":[\"Ds\",\"Gaza\",\"Palestina\",\"Sinistra per Israele\"],\"articleSection\":[\"Esteri\",\"Politica\",\"Storia\"],\"inLanguage\":\"it-IT\",\"potentialAction\":[{\"@type\":\"CommentAction\",\"name\":\"Comment\",\"target\":[\"https:\\\/\\\/www.nonsolomusicamagazine.it\\\/?p=12833#respond\"]}]},{\"@type\":\"WebPage\",\"@id\":\"https:\\\/\\\/www.nonsolomusicamagazine.it\\\/?p=12833\",\"url\":\"https:\\\/\\\/www.nonsolomusicamagazine.it\\\/?p=12833\",\"name\":\"RACCONTI DALLA PALESTINA - NonSoloMusicaMagazine\",\"isPartOf\":{\"@id\":\"https:\\\/\\\/www.nonsolomusicamagazine.it\\\/#website\"},\"primaryImageOfPage\":{\"@id\":\"https:\\\/\\\/www.nonsolomusicamagazine.it\\\/?p=12833#primaryimage\"},\"image\":{\"@id\":\"https:\\\/\\\/www.nonsolomusicamagazine.it\\\/?p=12833#primaryimage\"},\"thumbnailUrl\":\"https:\\\/\\\/www.nonsolomusicamagazine.it\\\/wp-content\\\/uploads\\\/2025\\\/11\\\/1000091207.jpg\",\"datePublished\":\"2025-11-04T09:02:06+00:00\",\"author\":{\"@id\":\"https:\\\/\\\/www.nonsolomusicamagazine.it\\\/#\\\/schema\\\/person\\\/a3349ad02300d046472d46cf6d31ae46\"},\"breadcrumb\":{\"@id\":\"https:\\\/\\\/www.nonsolomusicamagazine.it\\\/?p=12833#breadcrumb\"},\"inLanguage\":\"it-IT\",\"potentialAction\":[{\"@type\":\"ReadAction\",\"target\":[\"https:\\\/\\\/www.nonsolomusicamagazine.it\\\/?p=12833\"]}]},{\"@type\":\"ImageObject\",\"inLanguage\":\"it-IT\",\"@id\":\"https:\\\/\\\/www.nonsolomusicamagazine.it\\\/?p=12833#primaryimage\",\"url\":\"https:\\\/\\\/www.nonsolomusicamagazine.it\\\/wp-content\\\/uploads\\\/2025\\\/11\\\/1000091207.jpg\",\"contentUrl\":\"https:\\\/\\\/www.nonsolomusicamagazine.it\\\/wp-content\\\/uploads\\\/2025\\\/11\\\/1000091207.jpg\",\"width\":1351,\"height\":835},{\"@type\":\"BreadcrumbList\",\"@id\":\"https:\\\/\\\/www.nonsolomusicamagazine.it\\\/?p=12833#breadcrumb\",\"itemListElement\":[{\"@type\":\"ListItem\",\"position\":1,\"name\":\"Home\",\"item\":\"https:\\\/\\\/www.nonsolomusicamagazine.it\\\/\"},{\"@type\":\"ListItem\",\"position\":2,\"name\":\"RACCONTI DALLA PALESTINA\"}]},{\"@type\":\"WebSite\",\"@id\":\"https:\\\/\\\/www.nonsolomusicamagazine.it\\\/#website\",\"url\":\"https:\\\/\\\/www.nonsolomusicamagazine.it\\\/\",\"name\":\"Nonsolomusicamagazine\",\"description\":\"Dir. responsabile Manuel M Buccarella\",\"potentialAction\":[{\"@type\":\"SearchAction\",\"target\":{\"@type\":\"EntryPoint\",\"urlTemplate\":\"https:\\\/\\\/www.nonsolomusicamagazine.it\\\/?s={search_term_string}\"},\"query-input\":{\"@type\":\"PropertyValueSpecification\",\"valueRequired\":true,\"valueName\":\"search_term_string\"}}],\"inLanguage\":\"it-IT\"},{\"@type\":\"Person\",\"@id\":\"https:\\\/\\\/www.nonsolomusicamagazine.it\\\/#\\\/schema\\\/person\\\/a3349ad02300d046472d46cf6d31ae46\",\"name\":\"nonsolomusica\",\"image\":{\"@type\":\"ImageObject\",\"inLanguage\":\"it-IT\",\"@id\":\"https:\\\/\\\/www.nonsolomusicamagazine.it\\\/wp-content\\\/litespeed\\\/avatar\\\/3a675484bc84db6aba78d43bfc8b7197.jpg?ver=1776880798\",\"url\":\"https:\\\/\\\/www.nonsolomusicamagazine.it\\\/wp-content\\\/litespeed\\\/avatar\\\/3a675484bc84db6aba78d43bfc8b7197.jpg?ver=1776880798\",\"contentUrl\":\"https:\\\/\\\/www.nonsolomusicamagazine.it\\\/wp-content\\\/litespeed\\\/avatar\\\/3a675484bc84db6aba78d43bfc8b7197.jpg?ver=1776880798\",\"caption\":\"nonsolomusica\"},\"sameAs\":[\"https:\\\/\\\/www.nonsolomusicamagazine.it\"],\"url\":\"https:\\\/\\\/www.nonsolomusicamagazine.it\\\/?author=1\"}]}<\/script>\n<!-- \/ Yoast SEO plugin. -->","yoast_head_json":{"title":"RACCONTI DALLA PALESTINA - NonSoloMusicaMagazine","robots":{"index":"index","follow":"follow","max-snippet":"max-snippet:-1","max-image-preview":"max-image-preview:large","max-video-preview":"max-video-preview:-1"},"canonical":"https:\/\/www.nonsolomusicamagazine.it\/?p=12833","og_locale":"it_IT","og_type":"article","og_title":"RACCONTI DALLA PALESTINA - NonSoloMusicaMagazine","og_description":"Lavinia Marchetti Riporto un articolo &#8220;Abbiamo visto a Nablus, Ramallah, Betlemme, Gaza famiglie intere costrette a portare a mano viveri e vettovaglie perch\u00e9 i soldati israeliani non permettono di passare con vetture i check point che circondano queste citt\u00e0. E anche chi, tanti, abita in campagna e deve approvvigionarsi nei centri abitati. Il riutilizzo del [&hellip;]","og_url":"https:\/\/www.nonsolomusicamagazine.it\/?p=12833","og_site_name":"NonSoloMusicaMagazine","article_published_time":"2025-11-04T09:02:06+00:00","og_image":[{"width":1351,"height":835,"url":"https:\/\/www.nonsolomusicamagazine.it\/wp-content\/uploads\/2025\/11\/1000091207.jpg","type":"image\/jpeg"}],"author":"nonsolomusica","twitter_card":"summary_large_image","twitter_misc":{"Scritto da":"nonsolomusica","Tempo di lettura stimato":"6 minuti"},"schema":{"@context":"https:\/\/schema.org","@graph":[{"@type":"Article","@id":"https:\/\/www.nonsolomusicamagazine.it\/?p=12833#article","isPartOf":{"@id":"https:\/\/www.nonsolomusicamagazine.it\/?p=12833"},"author":{"name":"nonsolomusica","@id":"https:\/\/www.nonsolomusicamagazine.it\/#\/schema\/person\/a3349ad02300d046472d46cf6d31ae46"},"headline":"RACCONTI DALLA PALESTINA","datePublished":"2025-11-04T09:02:06+00:00","mainEntityOfPage":{"@id":"https:\/\/www.nonsolomusicamagazine.it\/?p=12833"},"wordCount":1133,"commentCount":0,"image":{"@id":"https:\/\/www.nonsolomusicamagazine.it\/?p=12833#primaryimage"},"thumbnailUrl":"https:\/\/www.nonsolomusicamagazine.it\/wp-content\/uploads\/2025\/11\/1000091207.jpg","keywords":["Ds","Gaza","Palestina","Sinistra per Israele"],"articleSection":["Esteri","Politica","Storia"],"inLanguage":"it-IT","potentialAction":[{"@type":"CommentAction","name":"Comment","target":["https:\/\/www.nonsolomusicamagazine.it\/?p=12833#respond"]}]},{"@type":"WebPage","@id":"https:\/\/www.nonsolomusicamagazine.it\/?p=12833","url":"https:\/\/www.nonsolomusicamagazine.it\/?p=12833","name":"RACCONTI DALLA PALESTINA - NonSoloMusicaMagazine","isPartOf":{"@id":"https:\/\/www.nonsolomusicamagazine.it\/#website"},"primaryImageOfPage":{"@id":"https:\/\/www.nonsolomusicamagazine.it\/?p=12833#primaryimage"},"image":{"@id":"https:\/\/www.nonsolomusicamagazine.it\/?p=12833#primaryimage"},"thumbnailUrl":"https:\/\/www.nonsolomusicamagazine.it\/wp-content\/uploads\/2025\/11\/1000091207.jpg","datePublished":"2025-11-04T09:02:06+00:00","author":{"@id":"https:\/\/www.nonsolomusicamagazine.it\/#\/schema\/person\/a3349ad02300d046472d46cf6d31ae46"},"breadcrumb":{"@id":"https:\/\/www.nonsolomusicamagazine.it\/?p=12833#breadcrumb"},"inLanguage":"it-IT","potentialAction":[{"@type":"ReadAction","target":["https:\/\/www.nonsolomusicamagazine.it\/?p=12833"]}]},{"@type":"ImageObject","inLanguage":"it-IT","@id":"https:\/\/www.nonsolomusicamagazine.it\/?p=12833#primaryimage","url":"https:\/\/www.nonsolomusicamagazine.it\/wp-content\/uploads\/2025\/11\/1000091207.jpg","contentUrl":"https:\/\/www.nonsolomusicamagazine.it\/wp-content\/uploads\/2025\/11\/1000091207.jpg","width":1351,"height":835},{"@type":"BreadcrumbList","@id":"https:\/\/www.nonsolomusicamagazine.it\/?p=12833#breadcrumb","itemListElement":[{"@type":"ListItem","position":1,"name":"Home","item":"https:\/\/www.nonsolomusicamagazine.it\/"},{"@type":"ListItem","position":2,"name":"RACCONTI DALLA PALESTINA"}]},{"@type":"WebSite","@id":"https:\/\/www.nonsolomusicamagazine.it\/#website","url":"https:\/\/www.nonsolomusicamagazine.it\/","name":"Nonsolomusicamagazine","description":"Dir. responsabile Manuel M Buccarella","potentialAction":[{"@type":"SearchAction","target":{"@type":"EntryPoint","urlTemplate":"https:\/\/www.nonsolomusicamagazine.it\/?s={search_term_string}"},"query-input":{"@type":"PropertyValueSpecification","valueRequired":true,"valueName":"search_term_string"}}],"inLanguage":"it-IT"},{"@type":"Person","@id":"https:\/\/www.nonsolomusicamagazine.it\/#\/schema\/person\/a3349ad02300d046472d46cf6d31ae46","name":"nonsolomusica","image":{"@type":"ImageObject","inLanguage":"it-IT","@id":"https:\/\/www.nonsolomusicamagazine.it\/wp-content\/litespeed\/avatar\/3a675484bc84db6aba78d43bfc8b7197.jpg?ver=1776880798","url":"https:\/\/www.nonsolomusicamagazine.it\/wp-content\/litespeed\/avatar\/3a675484bc84db6aba78d43bfc8b7197.jpg?ver=1776880798","contentUrl":"https:\/\/www.nonsolomusicamagazine.it\/wp-content\/litespeed\/avatar\/3a675484bc84db6aba78d43bfc8b7197.jpg?ver=1776880798","caption":"nonsolomusica"},"sameAs":["https:\/\/www.nonsolomusicamagazine.it"],"url":"https:\/\/www.nonsolomusicamagazine.it\/?author=1"}]}},"amp_enabled":true,"_links":{"self":[{"href":"https:\/\/www.nonsolomusicamagazine.it\/index.php?rest_route=\/wp\/v2\/posts\/12833","targetHints":{"allow":["GET"]}}],"collection":[{"href":"https:\/\/www.nonsolomusicamagazine.it\/index.php?rest_route=\/wp\/v2\/posts"}],"about":[{"href":"https:\/\/www.nonsolomusicamagazine.it\/index.php?rest_route=\/wp\/v2\/types\/post"}],"author":[{"embeddable":true,"href":"https:\/\/www.nonsolomusicamagazine.it\/index.php?rest_route=\/wp\/v2\/users\/1"}],"replies":[{"embeddable":true,"href":"https:\/\/www.nonsolomusicamagazine.it\/index.php?rest_route=%2Fwp%2Fv2%2Fcomments&post=12833"}],"version-history":[{"count":0,"href":"https:\/\/www.nonsolomusicamagazine.it\/index.php?rest_route=\/wp\/v2\/posts\/12833\/revisions"}],"wp:featuredmedia":[{"embeddable":true,"href":"https:\/\/www.nonsolomusicamagazine.it\/index.php?rest_route=\/wp\/v2\/media\/12834"}],"wp:attachment":[{"href":"https:\/\/www.nonsolomusicamagazine.it\/index.php?rest_route=%2Fwp%2Fv2%2Fmedia&parent=12833"}],"wp:term":[{"taxonomy":"category","embeddable":true,"href":"https:\/\/www.nonsolomusicamagazine.it\/index.php?rest_route=%2Fwp%2Fv2%2Fcategories&post=12833"},{"taxonomy":"post_tag","embeddable":true,"href":"https:\/\/www.nonsolomusicamagazine.it\/index.php?rest_route=%2Fwp%2Fv2%2Ftags&post=12833"}],"curies":[{"name":"wp","href":"https:\/\/api.w.org\/{rel}","templated":true}]}}