{"id":12911,"date":"2025-11-07T20:35:58","date_gmt":"2025-11-07T19:35:58","guid":{"rendered":"https:\/\/www.nonsolomusicamagazine.it\/?p=12911"},"modified":"2025-11-07T20:42:21","modified_gmt":"2025-11-07T19:42:21","slug":"sulla-nato-incombe-una-sconfitta-strategica-intervista-esclusiva-al-gen-marco-bertolini-de-lantidiplomatico","status":"publish","type":"post","link":"https:\/\/www.nonsolomusicamagazine.it\/?p=12911","title":{"rendered":"\u201cSulla NATO incombe una sconfitta strategica\u201d. Intervista esclusiva al gen. Marco Bertolini de l&#8217;AntiDiplomatico"},"content":{"rendered":"\n<p><strong>Generale, la NATO, fondata con i presupposti di un&#8217;alleanza difensiva, sembra essere stata radicalmente trasformata dalla guerra in Ucraina. Si pu\u00f2 affermare, secondo lei, che la NATO stia cercando una nuova vita scommettendo sulla guerra permanente?<\/strong> <\/p>\n\n\n\n<p>La trasformazione \u00e8 antecedente a quest\u2019ultima guerra. Gi\u00e0 con la fine della Guerra Fredda un\u2019alleanza difensiva contro un nemico che di fatto si era arreso non aveva pi\u00f9 senso. La Germania in quel momento venne abbandonata da buona parte dei contingenti internazionali che la occupavano, non solo nella sua partizione orientale e comunista, ma anche in quella occidentale. Rimase soltanto una forte presenza statunitense a conferma dell\u2019interesse di Washington di mantenere la presa sul Vecchio Continente. L\u2019Alleanza Atlantica da parte sua parve darsi un\u2019altra funzione, passando dalla difesa comune all\u2019esportazione del modello occidentale e americano, con le cosiddette operazioni di pace, prima tra tutte quella nei Balcani, nei quali sorse un nuovo \u201cmuretto di Berlino\u201d in Bosnia tra Federazione croato-musulmana appoggiata dalla Nato e Republika Srpska appoggiata da Belgrado. Successivamente, un altro muretto venne eretto per dividere Kosovo e Serbia, approfittando dell\u2019impotenza russa a proteggere gli interessi del proprio alleato di riferimento nei Balcani.Ma \u00e8 certamente ora, con la guerra in Ucraina, che la Nato dimostra pi\u00f9 chiaramente quella che \u00e8 la sua funzione di strumento di pressione nei confronti di quel continente euroasiatico che per Mackinder era l\u2019Heartland, la porzione di mondo da contenere e controllare per avere il dominio globale. Certamente, quello che possiamo osservare \u00e8 che nel caso specifico, la fine della guerra rappresenterebbe una sconfitta per la Nato e per tutto quello che \u00e8 l\u2019Occidente collettivo, per quanto \u00e8 stato investito in una guerra che doveva provocare una \u201csconfitta strategica\u201d per Mosca. Sconfitta strategica che invece, sul campo, pare incombere ora sulla Nato stessa, anche se ci sono altre aree \u201cpredisposte\u201d per riproporre lo stesso scontro con Mosca, a partire dal Baltico, al Caucaso e ai Balcani stessi dove le frizioni per interposto Stato con Mosca sono pronte a scattare. Insomma, non sappiamo come e quando finir\u00e0 la guerra in Ucraina, anche se la disparit\u00e0 di forze sul campo lascia poche illusioni a Londra, Washington e Bruxelles; ma quello che \u00e8 certo \u00e8 che non finir\u00e0 con essa lo scontro al quale siamo assistendo.<\/p>\n\n\n\n<p><strong>Prima di Donald Trump nessun presidente degli Stati Uniti aveva messo in dubbio pubblicamente l&#8217;esistenza della NATO. C&#8217;\u00e8 un nesso, a suo avviso, tra certe dichiarazioni ed i conflitti di Donald Trump con lo stato profondo o con una parte dell&#8217;\u00e9lite finanziaria?<\/strong><\/p>\n\n\n\n<p>E\u2019 molto difficile interpretare il pensiero di Trump, sfrondandolo di tutte le contraddizioni, accelerazioni e successive inversioni di marcia che ci sta mostrando. Credo che sostanzialmente lui percepisca l\u2019inimicizia irriducibile dello Stato Profondo statunitense che resiste ad ogni suo tentativo di imprimere una diversa direzione alla politica USA, soprattutto con riferimento alla funzione di poliziotto mondiale di cui si era rivestita in passato e che lui disdegna. Quello che traspare certamente \u00e8 un disinteresse, anzi quasi un disprezzo, per la Nato e per l\u2019Unione Europea, evidenziato in particolare col suo recente cambiamento apparente di posizione sulle possibilit\u00e0 di vittoria dell\u2019Ucraina. Tende, invece, a considerare queste due realt\u00e0 pi\u00f9 come \u201cclienti\u201d ai quali affibbiare i suoi costosissimi prodotti, a partire dal GNL e per arrivare alle armi, visto che ci tengono cos\u00ec tanto a mantenere in vita una guerra in Ucraina che non \u00e8 nei suoi interessi prioritari. Il che non significa che non sia anch\u2019esso interessato ad avere una Russia indebolita, con la quale per\u00f2 avere rapporti da una posizione di forza in un mondo che riconosce essere destinato a diventare multipolare. In questo contesto, pare degno di nota il suo recente post col quale affermava che \u201c<em>after getting to know and fully understand the Ukraine\/Russia Military and economic situation\u2026. Ukr with the support of EU (nota: with the support of EU) is in position to fight and win\u2026<\/em>\u2026\u201d concludendo per\u00f2 con un \u201c<em>I wish both countries well. We will continue to supply weapons to Nato for Nato to do what they want with them. Good luck to all!<\/em>\u201d. Un\u2019affermazione che sembra pi\u00f9 una sarcastica presa di distanza dall\u2019Alleanza (l\u2019uso del termine \u201c<em>they<\/em>\u201d \u00e8 emblematico) e un lavarsi le mani per quello che l\u2019Unione Europea vuol fare.<\/p>\n\n\n\n<p><strong>Sempre pi\u00f9 spesso la NATO assomiglia all&#8217;ufficio vendite dell&#8217;industria militare degli Stati Uniti: a questo proposito l&#8217;Unione Europea aveva offerto la propria disponibilit\u00e0 ad acquistare dei sistemi di difesa antiaerea ed i missili Tomahawk a beneficio dell&#8217;Ucraina. Ma Donald Trump ha scartato quest&#8217;ipotesi. Perch\u00e9?<\/strong><\/p>\n\n\n\n<p>Trump pu\u00f2 sembrare pazzo, ma non lo \u00e8 e sa benissimo che la cessione dei Tomahawh all\u2019Ucraina coinvolgerebbe gli USA nel conflitto in Ucraina molto pi\u00f9 direttamente di quanto non siano gi\u00e0 coinvolti ora, con quella che definisce la \u201cguerra di Biden\u201d. Questo coinvolgimento sarebbe conseguenza della necessit\u00e0 da parte degli ucraini di delegare l\u2019impiego di quei missili a personale militare americano, trattandosi di sistemi d\u2019arma per i quali la mano e l\u2019occhio statunitensi sono indispensabili. E questo Putin lo sa e l\u2019ha gi\u00e0 detto da tempo. Inoltre, il Tomahawk \u00e8 idoneo anche a portare testate nucleari, e ogni suo lancio potrebbe essere interpretato come minaccia strategica, innescando una reazione devastante, anche se in realt\u00e0 fosse con una testa di guerra convenzionale. Per ora, quindi, Trump pare restio a fare questo ulteriore passo verso una spiralizzazione che sarebbe difficile da fermare, scontrandosi per\u00f2 con il terrore della Commissione Europea e di alcuni paesi dell\u2019Unione di rimanere col cerino in mano in caso di una fine delle ostilit\u00e0 che li relighino al ruolo degli sconfitti. Per questo, non \u00e8 ancora detta l\u2019ultima parola e non si pu\u00f2 escludere un altro ribaltamento di fronte, con una decisione di Trump a favore di una cessione di tali sistemi che potrebbe aprire la scena a prospettive ancora pi\u00f9 drammatiche. Insomma, speriamo che il Titanic non colpisca l\u2019iceberg che biancheggia sempre meno debolmente poche miglia a prua nella notte.<\/p>\n\n\n\n<p><strong>Il ministro della Difesa tedesco Boris Pistorius ha chiesto al Bundestag provvedimenti per reintrodurre in Germania il servizio militare obbligatorio. Come valuta queste dichiarazioni? Quali conseguenze pu\u00f2 avere per l&#8217;Europa una decisione di questo tipo? <\/strong><\/p>\n\n\n\n<p>Il servizio militare obbligatorio, la cosiddetta leva, era stato sospeso (non abolito) anche in Italia all\u2019inizio del millennio. Il provvedimento traeva spunto dal convincimento errato che il progresso scientifico e tecnico, nonch\u00e9, l\u2019espandersi della democrazia, relegasse le Forze Armate per lo pi\u00f9 a Operazioni di Pace e comunque a bassa intensit\u00e0. Per far fronte a queste esigenze, quindi, si riteneva che un Esercito di professionisti in grado di interfacciarsi efficacemente con le tecnologie correnti fosse sufficiente, non rendendo pi\u00f9 necessario il riferimento ai classici principi dell\u2019Arte della Guerra del passato e che, per fortuna, vengono ancora insegnati in tutte le Accademie. E tra questi principi, quello della Massa continua a sussistere a piena dignit\u00e0 a fianco a quelli del Fuoco, della Manovra, della Riserva e della Protezione. In particolare, la guerra in Ucraina ha dimostrato, con la sua virulenza e con la sua continua necessit\u00e0 di \u201ccarne da cannone\u201d da mobilitare per ripianare perdite sempre pi\u00f9 ingenti sulla liea del fronte, l\u2019ingenuit\u00e0 dell\u2019ideologia progressista secondo la quale, per dirla con Francis Fukuyama, la Storia \u00e8 finita, assieme a quella antica festa crudele della guerra, grazie all\u2019espandersi globale delle democrazie occidentali. Naturalmente, i singoli Paesi stanno facendo i conti con questa vecchia-nuova realt\u00e0, cercando di tornare sui passi di una progressiva smilitarizzazione che li lascerebbe privi degli strumenti principali per l\u2019affermazione della propria sovranit\u00e0: Forze Armate credibili, appunto. Per questo, soprattutto da sinistra si registra una sorprendente attenzione per le tematiche militari anche a costo di sfociare in un bellicismo ridicolo e irritante che contraddice decenni di retorica pacifista, nello sforzo disperato di deviare a livello europeo un potenziamento militare che per costruzione avrebbe nelle singole Patrie il proprio esclusivo riferimento. Da qui, i continui appelli per una \u201cdifesa comune\u201d, un \u201cesercito europeo\u201d che prevenga un rafforzamento delle sovranit\u00e0 nazionali, percepite sia da sinistra, che dal centro, nonch\u00e9 anche da larghi settori della destra come un male da evitare.<\/p>\n\n\n\n<p><strong>La militarizzazione dell&#8217;economia sembra possibile solo con dei consistenti tagli alla spesa sociale. Crede che gli italiani siano disposti ad accettare certi sacrifici per aumentare le spese militari e per armare l&#8217;esercito ucraino?<\/strong><\/p>\n\n\n\n<p>Credo che ci siano eventi, come le guerre, ma anche i terremoti e le alluvioni, che prescindono dalla disponibilit\u00e0 popolare ad accettarle. Ne abbiamo l\u2019esempio con quello che sta accadendo in Europa nonostante che le opinioni pubbliche siano quasi unanimemente contrarie alla continuazione della guerra. E questo vale anche per i tagli alla spesa sociale che l\u2019impresa bellica, o anche solo \u2013 speriamo \u2013 la sua evocazione, pu\u00f2 imporre. Di fronte alla domanda \u201cvolete burro o cannoni?\u201d la scelta della piazza pu\u00f2 essere spesso per i secondi, mentre nelle case si opta sempre per il primo, soprattutto in caso di guerre non finalizzate all\u2019affermazione degli interessi vitali e diretti nazionali come nel caso in questione. Figuriamoci se poi si trattasse di spese a favore di un Esercito straniero come nel caso di quello ucraino. Ma il nostro paese, come gran parte degli altri, sta soffrendo di un deficit di sovranit\u00e0 veramente invalidante, iniziato con l\u2019adozione di una moneta che non possiamo \u201cgestire\u201d secondo le nostre necessit\u00e0, che rende particolarmente corta la catena alla quale siamo legati. La stranissima unanimit\u00e0 con la quale tutte le leadership europee si sono schierate dall\u2019inizio contro una fine negoziata della guerra la cui continuazione impattava visibilmente contro i nostri stessi interessi, \u00e8 indicativa a questo riguardo.<\/p>\n\n\n\n<p><strong><em>L&#8217;amministrazione Trump si era detta pronta a tenere a Budapest un vertice con quella del Cremlino, malgrado le ormai frequenti dichiarazioni di Macron, Starmer e Merz sul pericolo di un&#8217;invasione russa. Perch\u00e9 secondo lei gli Stati Uniti non sembrano credere a questa minaccia?<\/em><\/strong><\/p>\n\n\n\n<p>Che la Russia non abbia l\u2019interesse n\u00e9 la possibilit\u00e0 di minacciare l\u2019Europa lo si deve a ragioni demografiche, economiche e politiche. Da un punto di vista demografico, un paese di 146 milioni di abitanti e con territorio enorme e che va dall\u2019Europa al Pacifico non ha certamente la possibilit\u00e0 di cercarsi rogne al di fuori della sua area. Pu\u00f2 certamente distruggerci con il suo armamento nucleare ma non avrebbe il personale per controllare il nostro territorio n\u00e9 per avere la meglio di popolazioni molto pi\u00f9 numerose. Inoltre, la Russia \u00e8 anche un paese europeo e risentirebbe direttamente sul proprio territorio delle conseguenze della rovina del nostro, la cui ricchezza rappresenta invece una risorsa sulla quale investire. Venendo all\u2019aspetto economico, questo vale anche per un alleato della Russia, la Cina, che proprio su un\u2019Europa florida ha investito con la sua Via della Seta per trarre profitti. Da un\u2019Europa in rovina e distrutta non potrebbe trarre nulla.Infine, da un punto di vista politico, la Russia ha bisogno di un rapporto con l\u2019occidente europeo per non essere velocemente fagocitata dall\u2019oriente a trazione cinese che schiaccerebbe la natura europea della sua classe dirigente.<\/p>\n\n\n\n<figure class=\"wp-block-image size-full\"><img decoding=\"async\" width=\"350\" height=\"200\" src=\"https:\/\/www.nonsolomusicamagazine.it\/wp-content\/uploads\/2025\/11\/1000091664.jpg\" alt=\"\" class=\"wp-image-12912\" srcset=\"https:\/\/www.nonsolomusicamagazine.it\/wp-content\/uploads\/2025\/11\/1000091664.jpg 350w, https:\/\/www.nonsolomusicamagazine.it\/wp-content\/uploads\/2025\/11\/1000091664-300x171.jpg 300w\" sizes=\"(max-width: 350px) 100vw, 350px\" \/><\/figure>\n\n\n\n<p><\/p>\n","protected":false},"excerpt":{"rendered":"<p>Generale, la NATO, fondata con i presupposti di un&#8217;alleanza difensiva, sembra essere stata radicalmente trasformata dalla guerra in Ucraina. Si pu\u00f2 affermare, secondo lei, che la NATO stia cercando una nuova vita scommettendo sulla guerra permanente? La trasformazione \u00e8 antecedente a quest\u2019ultima guerra. Gi\u00e0 con la fine della Guerra Fredda un\u2019alleanza difensiva contro un nemico [&hellip;]<\/p>\n","protected":false},"author":1,"featured_media":0,"comment_status":"open","ping_status":"closed","sticky":false,"template":"","format":"standard","meta":{"footnotes":""},"categories":[113,5],"tags":[221,2262,5221,14,3885,12,98,13,793,38],"class_list":["post-12911","post","type-post","status-publish","format-standard","hentry","category-economia","category-politica","tag-guerra","tag-guerra-fredda","tag-marco-bertolini","tag-nato","tag-rearm-europe","tag-russia","tag-trump","tag-ucraina","tag-unione-europea","tag-usa"],"yoast_head":"<!-- This site is optimized with the Yoast SEO plugin v27.4 - https:\/\/yoast.com\/product\/yoast-seo-wordpress\/ -->\n<title>\u201cSulla NATO incombe una sconfitta strategica\u201d. Intervista esclusiva al gen. Marco Bertolini de l&#039;AntiDiplomatico - NonSoloMusicaMagazine<\/title>\n<meta name=\"description\" content=\"Nato\" \/>\n<meta name=\"robots\" content=\"index, follow, max-snippet:-1, max-image-preview:large, max-video-preview:-1\" \/>\n<link rel=\"canonical\" href=\"https:\/\/www.nonsolomusicamagazine.it\/?p=12911\" \/>\n<meta property=\"og:locale\" content=\"it_IT\" \/>\n<meta property=\"og:type\" content=\"article\" \/>\n<meta property=\"og:title\" content=\"\u201cSulla NATO incombe una sconfitta strategica\u201d. Intervista esclusiva al gen. Marco Bertolini de l&#039;AntiDiplomatico - NonSoloMusicaMagazine\" \/>\n<meta property=\"og:description\" content=\"Nato\" \/>\n<meta property=\"og:url\" content=\"https:\/\/www.nonsolomusicamagazine.it\/?p=12911\" \/>\n<meta property=\"og:site_name\" content=\"NonSoloMusicaMagazine\" \/>\n<meta property=\"article:published_time\" content=\"2025-11-07T19:35:58+00:00\" \/>\n<meta property=\"article:modified_time\" content=\"2025-11-07T19:42:21+00:00\" \/>\n<meta property=\"og:image\" content=\"https:\/\/www.nonsolomusicamagazine.it\/wp-content\/uploads\/2025\/11\/1000091664.jpg\" \/>\n\t<meta property=\"og:image:width\" content=\"350\" \/>\n\t<meta property=\"og:image:height\" content=\"200\" \/>\n\t<meta property=\"og:image:type\" content=\"image\/jpeg\" \/>\n<meta name=\"author\" content=\"nonsolomusica\" \/>\n<meta name=\"twitter:card\" content=\"summary_large_image\" \/>\n<meta name=\"twitter:label1\" content=\"Scritto da\" \/>\n\t<meta name=\"twitter:data1\" content=\"nonsolomusica\" \/>\n\t<meta name=\"twitter:label2\" content=\"Tempo di lettura stimato\" \/>\n\t<meta name=\"twitter:data2\" content=\"10 minuti\" \/>\n<script type=\"application\/ld+json\" class=\"yoast-schema-graph\">{\"@context\":\"https:\\\/\\\/schema.org\",\"@graph\":[{\"@type\":\"Article\",\"@id\":\"https:\\\/\\\/www.nonsolomusicamagazine.it\\\/?p=12911#article\",\"isPartOf\":{\"@id\":\"https:\\\/\\\/www.nonsolomusicamagazine.it\\\/?p=12911\"},\"author\":{\"name\":\"nonsolomusica\",\"@id\":\"https:\\\/\\\/www.nonsolomusicamagazine.it\\\/#\\\/schema\\\/person\\\/a3349ad02300d046472d46cf6d31ae46\"},\"headline\":\"\u201cSulla NATO incombe una sconfitta strategica\u201d. Intervista esclusiva al gen. Marco Bertolini de l&#8217;AntiDiplomatico\",\"datePublished\":\"2025-11-07T19:35:58+00:00\",\"dateModified\":\"2025-11-07T19:42:21+00:00\",\"mainEntityOfPage\":{\"@id\":\"https:\\\/\\\/www.nonsolomusicamagazine.it\\\/?p=12911\"},\"wordCount\":1866,\"commentCount\":0,\"image\":{\"@id\":\"https:\\\/\\\/www.nonsolomusicamagazine.it\\\/?p=12911#primaryimage\"},\"thumbnailUrl\":\"https:\\\/\\\/www.nonsolomusicamagazine.it\\\/wp-content\\\/uploads\\\/2025\\\/11\\\/1000091664.jpg\",\"keywords\":[\"Guerra\",\"Guerra fredda\",\"Marco Bertolini\",\"Nato\",\"ReArm Europe\",\"Russia\",\"Trump\",\"Ucraina\",\"Unione europea\",\"Usa\"],\"articleSection\":[\"Economia\",\"Politica\"],\"inLanguage\":\"it-IT\",\"potentialAction\":[{\"@type\":\"CommentAction\",\"name\":\"Comment\",\"target\":[\"https:\\\/\\\/www.nonsolomusicamagazine.it\\\/?p=12911#respond\"]}]},{\"@type\":\"WebPage\",\"@id\":\"https:\\\/\\\/www.nonsolomusicamagazine.it\\\/?p=12911\",\"url\":\"https:\\\/\\\/www.nonsolomusicamagazine.it\\\/?p=12911\",\"name\":\"\u201cSulla NATO incombe una sconfitta strategica\u201d. Intervista esclusiva al gen. Marco Bertolini de l'AntiDiplomatico - NonSoloMusicaMagazine\",\"isPartOf\":{\"@id\":\"https:\\\/\\\/www.nonsolomusicamagazine.it\\\/#website\"},\"primaryImageOfPage\":{\"@id\":\"https:\\\/\\\/www.nonsolomusicamagazine.it\\\/?p=12911#primaryimage\"},\"image\":{\"@id\":\"https:\\\/\\\/www.nonsolomusicamagazine.it\\\/?p=12911#primaryimage\"},\"thumbnailUrl\":\"https:\\\/\\\/www.nonsolomusicamagazine.it\\\/wp-content\\\/uploads\\\/2025\\\/11\\\/1000091664.jpg\",\"datePublished\":\"2025-11-07T19:35:58+00:00\",\"dateModified\":\"2025-11-07T19:42:21+00:00\",\"author\":{\"@id\":\"https:\\\/\\\/www.nonsolomusicamagazine.it\\\/#\\\/schema\\\/person\\\/a3349ad02300d046472d46cf6d31ae46\"},\"description\":\"Nato\",\"breadcrumb\":{\"@id\":\"https:\\\/\\\/www.nonsolomusicamagazine.it\\\/?p=12911#breadcrumb\"},\"inLanguage\":\"it-IT\",\"potentialAction\":[{\"@type\":\"ReadAction\",\"target\":[\"https:\\\/\\\/www.nonsolomusicamagazine.it\\\/?p=12911\"]}]},{\"@type\":\"ImageObject\",\"inLanguage\":\"it-IT\",\"@id\":\"https:\\\/\\\/www.nonsolomusicamagazine.it\\\/?p=12911#primaryimage\",\"url\":\"https:\\\/\\\/www.nonsolomusicamagazine.it\\\/wp-content\\\/uploads\\\/2025\\\/11\\\/1000091664.jpg\",\"contentUrl\":\"https:\\\/\\\/www.nonsolomusicamagazine.it\\\/wp-content\\\/uploads\\\/2025\\\/11\\\/1000091664.jpg\",\"width\":350,\"height\":200},{\"@type\":\"BreadcrumbList\",\"@id\":\"https:\\\/\\\/www.nonsolomusicamagazine.it\\\/?p=12911#breadcrumb\",\"itemListElement\":[{\"@type\":\"ListItem\",\"position\":1,\"name\":\"Home\",\"item\":\"https:\\\/\\\/www.nonsolomusicamagazine.it\\\/\"},{\"@type\":\"ListItem\",\"position\":2,\"name\":\"\u201cSulla NATO incombe una sconfitta strategica\u201d. Intervista esclusiva al gen. Marco Bertolini de l&#8217;AntiDiplomatico\"}]},{\"@type\":\"WebSite\",\"@id\":\"https:\\\/\\\/www.nonsolomusicamagazine.it\\\/#website\",\"url\":\"https:\\\/\\\/www.nonsolomusicamagazine.it\\\/\",\"name\":\"Nonsolomusicamagazine\",\"description\":\"Dir. responsabile Manuel M Buccarella\",\"potentialAction\":[{\"@type\":\"SearchAction\",\"target\":{\"@type\":\"EntryPoint\",\"urlTemplate\":\"https:\\\/\\\/www.nonsolomusicamagazine.it\\\/?s={search_term_string}\"},\"query-input\":{\"@type\":\"PropertyValueSpecification\",\"valueRequired\":true,\"valueName\":\"search_term_string\"}}],\"inLanguage\":\"it-IT\"},{\"@type\":\"Person\",\"@id\":\"https:\\\/\\\/www.nonsolomusicamagazine.it\\\/#\\\/schema\\\/person\\\/a3349ad02300d046472d46cf6d31ae46\",\"name\":\"nonsolomusica\",\"image\":{\"@type\":\"ImageObject\",\"inLanguage\":\"it-IT\",\"@id\":\"https:\\\/\\\/www.nonsolomusicamagazine.it\\\/wp-content\\\/litespeed\\\/avatar\\\/3a675484bc84db6aba78d43bfc8b7197.jpg?ver=1776880798\",\"url\":\"https:\\\/\\\/www.nonsolomusicamagazine.it\\\/wp-content\\\/litespeed\\\/avatar\\\/3a675484bc84db6aba78d43bfc8b7197.jpg?ver=1776880798\",\"contentUrl\":\"https:\\\/\\\/www.nonsolomusicamagazine.it\\\/wp-content\\\/litespeed\\\/avatar\\\/3a675484bc84db6aba78d43bfc8b7197.jpg?ver=1776880798\",\"caption\":\"nonsolomusica\"},\"sameAs\":[\"https:\\\/\\\/www.nonsolomusicamagazine.it\"],\"url\":\"https:\\\/\\\/www.nonsolomusicamagazine.it\\\/?author=1\"}]}<\/script>\n<!-- \/ Yoast SEO plugin. -->","yoast_head_json":{"title":"\u201cSulla NATO incombe una sconfitta strategica\u201d. Intervista esclusiva al gen. Marco Bertolini de l'AntiDiplomatico - NonSoloMusicaMagazine","description":"Nato","robots":{"index":"index","follow":"follow","max-snippet":"max-snippet:-1","max-image-preview":"max-image-preview:large","max-video-preview":"max-video-preview:-1"},"canonical":"https:\/\/www.nonsolomusicamagazine.it\/?p=12911","og_locale":"it_IT","og_type":"article","og_title":"\u201cSulla NATO incombe una sconfitta strategica\u201d. Intervista esclusiva al gen. Marco Bertolini de l'AntiDiplomatico - NonSoloMusicaMagazine","og_description":"Nato","og_url":"https:\/\/www.nonsolomusicamagazine.it\/?p=12911","og_site_name":"NonSoloMusicaMagazine","article_published_time":"2025-11-07T19:35:58+00:00","article_modified_time":"2025-11-07T19:42:21+00:00","og_image":[{"width":350,"height":200,"url":"https:\/\/www.nonsolomusicamagazine.it\/wp-content\/uploads\/2025\/11\/1000091664.jpg","type":"image\/jpeg"}],"author":"nonsolomusica","twitter_card":"summary_large_image","twitter_misc":{"Scritto da":"nonsolomusica","Tempo di lettura stimato":"10 minuti"},"schema":{"@context":"https:\/\/schema.org","@graph":[{"@type":"Article","@id":"https:\/\/www.nonsolomusicamagazine.it\/?p=12911#article","isPartOf":{"@id":"https:\/\/www.nonsolomusicamagazine.it\/?p=12911"},"author":{"name":"nonsolomusica","@id":"https:\/\/www.nonsolomusicamagazine.it\/#\/schema\/person\/a3349ad02300d046472d46cf6d31ae46"},"headline":"\u201cSulla NATO incombe una sconfitta strategica\u201d. Intervista esclusiva al gen. Marco Bertolini de l&#8217;AntiDiplomatico","datePublished":"2025-11-07T19:35:58+00:00","dateModified":"2025-11-07T19:42:21+00:00","mainEntityOfPage":{"@id":"https:\/\/www.nonsolomusicamagazine.it\/?p=12911"},"wordCount":1866,"commentCount":0,"image":{"@id":"https:\/\/www.nonsolomusicamagazine.it\/?p=12911#primaryimage"},"thumbnailUrl":"https:\/\/www.nonsolomusicamagazine.it\/wp-content\/uploads\/2025\/11\/1000091664.jpg","keywords":["Guerra","Guerra fredda","Marco Bertolini","Nato","ReArm Europe","Russia","Trump","Ucraina","Unione europea","Usa"],"articleSection":["Economia","Politica"],"inLanguage":"it-IT","potentialAction":[{"@type":"CommentAction","name":"Comment","target":["https:\/\/www.nonsolomusicamagazine.it\/?p=12911#respond"]}]},{"@type":"WebPage","@id":"https:\/\/www.nonsolomusicamagazine.it\/?p=12911","url":"https:\/\/www.nonsolomusicamagazine.it\/?p=12911","name":"\u201cSulla NATO incombe una sconfitta strategica\u201d. Intervista esclusiva al gen. Marco Bertolini de l'AntiDiplomatico - NonSoloMusicaMagazine","isPartOf":{"@id":"https:\/\/www.nonsolomusicamagazine.it\/#website"},"primaryImageOfPage":{"@id":"https:\/\/www.nonsolomusicamagazine.it\/?p=12911#primaryimage"},"image":{"@id":"https:\/\/www.nonsolomusicamagazine.it\/?p=12911#primaryimage"},"thumbnailUrl":"https:\/\/www.nonsolomusicamagazine.it\/wp-content\/uploads\/2025\/11\/1000091664.jpg","datePublished":"2025-11-07T19:35:58+00:00","dateModified":"2025-11-07T19:42:21+00:00","author":{"@id":"https:\/\/www.nonsolomusicamagazine.it\/#\/schema\/person\/a3349ad02300d046472d46cf6d31ae46"},"description":"Nato","breadcrumb":{"@id":"https:\/\/www.nonsolomusicamagazine.it\/?p=12911#breadcrumb"},"inLanguage":"it-IT","potentialAction":[{"@type":"ReadAction","target":["https:\/\/www.nonsolomusicamagazine.it\/?p=12911"]}]},{"@type":"ImageObject","inLanguage":"it-IT","@id":"https:\/\/www.nonsolomusicamagazine.it\/?p=12911#primaryimage","url":"https:\/\/www.nonsolomusicamagazine.it\/wp-content\/uploads\/2025\/11\/1000091664.jpg","contentUrl":"https:\/\/www.nonsolomusicamagazine.it\/wp-content\/uploads\/2025\/11\/1000091664.jpg","width":350,"height":200},{"@type":"BreadcrumbList","@id":"https:\/\/www.nonsolomusicamagazine.it\/?p=12911#breadcrumb","itemListElement":[{"@type":"ListItem","position":1,"name":"Home","item":"https:\/\/www.nonsolomusicamagazine.it\/"},{"@type":"ListItem","position":2,"name":"\u201cSulla NATO incombe una sconfitta strategica\u201d. Intervista esclusiva al gen. Marco Bertolini de l&#8217;AntiDiplomatico"}]},{"@type":"WebSite","@id":"https:\/\/www.nonsolomusicamagazine.it\/#website","url":"https:\/\/www.nonsolomusicamagazine.it\/","name":"Nonsolomusicamagazine","description":"Dir. responsabile Manuel M Buccarella","potentialAction":[{"@type":"SearchAction","target":{"@type":"EntryPoint","urlTemplate":"https:\/\/www.nonsolomusicamagazine.it\/?s={search_term_string}"},"query-input":{"@type":"PropertyValueSpecification","valueRequired":true,"valueName":"search_term_string"}}],"inLanguage":"it-IT"},{"@type":"Person","@id":"https:\/\/www.nonsolomusicamagazine.it\/#\/schema\/person\/a3349ad02300d046472d46cf6d31ae46","name":"nonsolomusica","image":{"@type":"ImageObject","inLanguage":"it-IT","@id":"https:\/\/www.nonsolomusicamagazine.it\/wp-content\/litespeed\/avatar\/3a675484bc84db6aba78d43bfc8b7197.jpg?ver=1776880798","url":"https:\/\/www.nonsolomusicamagazine.it\/wp-content\/litespeed\/avatar\/3a675484bc84db6aba78d43bfc8b7197.jpg?ver=1776880798","contentUrl":"https:\/\/www.nonsolomusicamagazine.it\/wp-content\/litespeed\/avatar\/3a675484bc84db6aba78d43bfc8b7197.jpg?ver=1776880798","caption":"nonsolomusica"},"sameAs":["https:\/\/www.nonsolomusicamagazine.it"],"url":"https:\/\/www.nonsolomusicamagazine.it\/?author=1"}]}},"amp_enabled":true,"_links":{"self":[{"href":"https:\/\/www.nonsolomusicamagazine.it\/index.php?rest_route=\/wp\/v2\/posts\/12911","targetHints":{"allow":["GET"]}}],"collection":[{"href":"https:\/\/www.nonsolomusicamagazine.it\/index.php?rest_route=\/wp\/v2\/posts"}],"about":[{"href":"https:\/\/www.nonsolomusicamagazine.it\/index.php?rest_route=\/wp\/v2\/types\/post"}],"author":[{"embeddable":true,"href":"https:\/\/www.nonsolomusicamagazine.it\/index.php?rest_route=\/wp\/v2\/users\/1"}],"replies":[{"embeddable":true,"href":"https:\/\/www.nonsolomusicamagazine.it\/index.php?rest_route=%2Fwp%2Fv2%2Fcomments&post=12911"}],"version-history":[{"count":0,"href":"https:\/\/www.nonsolomusicamagazine.it\/index.php?rest_route=\/wp\/v2\/posts\/12911\/revisions"}],"wp:attachment":[{"href":"https:\/\/www.nonsolomusicamagazine.it\/index.php?rest_route=%2Fwp%2Fv2%2Fmedia&parent=12911"}],"wp:term":[{"taxonomy":"category","embeddable":true,"href":"https:\/\/www.nonsolomusicamagazine.it\/index.php?rest_route=%2Fwp%2Fv2%2Fcategories&post=12911"},{"taxonomy":"post_tag","embeddable":true,"href":"https:\/\/www.nonsolomusicamagazine.it\/index.php?rest_route=%2Fwp%2Fv2%2Ftags&post=12911"}],"curies":[{"name":"wp","href":"https:\/\/api.w.org\/{rel}","templated":true}]}}