{"id":12973,"date":"2025-11-11T21:45:39","date_gmt":"2025-11-11T20:45:39","guid":{"rendered":"https:\/\/www.nonsolomusicamagazine.it\/?p=12973"},"modified":"2025-11-11T21:45:42","modified_gmt":"2025-11-11T20:45:42","slug":"safari-sarajevo-caccia-ai-turisti-della-guerra","status":"publish","type":"post","link":"https:\/\/www.nonsolomusicamagazine.it\/?p=12973","title":{"rendered":"SAFARI SARAJEVO. Caccia ai turisti della guerra"},"content":{"rendered":"\n<p class=\"has-text-align-center\"><strong>Alfredo Facchini<\/strong><\/p>\n\n\n\n<p>Milano. A tre decenni dall\u2019assedio pi\u00f9 feroce combattuto sul suolo europeo dalla fine del secondo conflitto mondiale, la procura di Milano, sotto la guida del pm Alessandro Gobbis, ha aperto un fascicolo che riporta l\u2019attenzione su una delle vicende pi\u00f9 torbide e rimosse della guerra in Bosnia. Sotto la lente della magistratura \u00e8 finito un manipolo di cittadini italiani. L\u2019accusa \u00e8 tra le pi\u00f9 gravi previste dal codice penale: omicidio volontario aggravato da crudelt\u00e0 e motivi abbietti. A carico di ignoti, per ora. Ma i primi nomi potrebbero non tardare.<\/p>\n\n\n\n<p>L\u2019indagine prende di mira i cosiddetti \u201cturisti della guerra\u201d: italiani che, negli anni \u201990, scelsero di attraversare i confini non per fuggire dai conflitti, ma per parteciparvi. Non militari regolari n\u00e9 mercenari professionisti, ma civili in cerca di adrenalina, ideologia o violenza, che si unirono alle milizie coinvolte nel conflitto bosniaco, contribuendo &#8211; secondo l\u2019impianto accusatorio &#8211; al massacro di oltre 11.000 civili durante l\u2019assedio di Sarajevo, tra il 1992 e il 1996.<\/p>\n\n\n\n<p>Il tema era gi\u00e0 esploso nel 2022 con la presentazione del docufilm Sarajevo Safari, diretto dal regista sloveno Miran Zupani\u010d e prodotto da Al Jazeera Balkans e Arsmedia. Il film denunciava la presenza di stranieri, facoltosi e spesso occidentali, che pagavano per \u201cpartecipare\u201d alla guerra: posizionati sulle colline intorno alla citt\u00e0 assediata, sparavano sui civili come fossero selvaggina.<\/p>\n\n\n\n<p>A farsi portavoce di quella denuncia fu anche l\u2019ex sindaca di Sarajevo, Benjamina Kari\u0107, che present\u00f2 un esposto contro ignoti con l\u2019obiettivo di identificare gli organizzatori e gli esecutori di questi veri e propri safari umani. Un atto che oggi, anni dopo, \u00e8 stato acquisito nel fascicolo della procura milanese, contribuendo ad avviare un\u2019indagine che potrebbe portare alla luce connivenze inquietanti e responsabilit\u00e0 rimaste impunite troppo a lungo.Un dettaglio emerso di recente rischia di estendere ulteriormente l\u2019ombra sull\u2019Italia. Secondo quanto riferito da East Journal nel luglio 2025, la citt\u00e0 di Magenta &#8211; nell\u2019Ovest Milanese &#8211; sarebbe stata uno snodo cruciale di questi viaggi della morte. Tra il 1992 e il 1994, un pullman sarebbe partito ogni mese in direzione Sarajevo, con raduno intermedio a Trieste. A bordo, secondo le fonti giornalistiche, non solo dei sociopatici, ma anche soggettu legati a circuiti neofascisti, attratti dalla prospettiva di unirsi ai cecchini che martoriavano la popolazione civile.<\/p>\n\n\n\n<p>Ora che la magistratura ha cominciato a scavare, le implicazioni si fanno pesanti. E non si tratta pi\u00f9 soltanto di singoli deviati. Se quelle tratte e quelle connivenze verranno confermate, sar\u00e0 inevitabile interrogarsi sul silenzio durato decenni e su quanto si \u00e8 preferito non vedere. <\/p>\n\n\n\n<p>Sarajevo aspetta giustizia!<\/p>\n\n\n\n<figure class=\"wp-block-image size-large\"><img decoding=\"async\" width=\"651\" height=\"1024\" src=\"https:\/\/www.nonsolomusicamagazine.it\/wp-content\/uploads\/2025\/11\/1000092087-651x1024.jpg\" alt=\"\" class=\"wp-image-12974\" srcset=\"https:\/\/www.nonsolomusicamagazine.it\/wp-content\/uploads\/2025\/11\/1000092087-651x1024.jpg 651w, https:\/\/www.nonsolomusicamagazine.it\/wp-content\/uploads\/2025\/11\/1000092087-191x300.jpg 191w, https:\/\/www.nonsolomusicamagazine.it\/wp-content\/uploads\/2025\/11\/1000092087-768x1208.jpg 768w, https:\/\/www.nonsolomusicamagazine.it\/wp-content\/uploads\/2025\/11\/1000092087-977x1536.jpg 977w, https:\/\/www.nonsolomusicamagazine.it\/wp-content\/uploads\/2025\/11\/1000092087.jpg 1125w\" sizes=\"(max-width: 651px) 100vw, 651px\" \/><\/figure>\n","protected":false},"excerpt":{"rendered":"<p>Alfredo Facchini Milano. A tre decenni dall\u2019assedio pi\u00f9 feroce combattuto sul suolo europeo dalla fine del secondo conflitto mondiale, la procura di Milano, sotto la guida del pm Alessandro Gobbis, ha aperto un fascicolo che riporta l\u2019attenzione su una delle vicende pi\u00f9 torbide e rimosse della guerra in Bosnia. Sotto la lente della magistratura \u00e8 [&hellip;]<\/p>\n","protected":false},"author":1,"featured_media":12974,"comment_status":"open","ping_status":"closed","sticky":false,"template":"","format":"standard","meta":{"footnotes":""},"categories":[6,1321],"tags":[1648,5132,5245,650,5246,435],"class_list":["post-12973","post","type-post","status-publish","format-standard","has-post-thumbnail","hentry","category-esteri","category-storia","tag-bosnia","tag-cecchini","tag-inchiesta","tag-jugoslavia","tag-procura-di-milano","tag-sarajevo"],"yoast_head":"<!-- This site is optimized with the Yoast SEO plugin v27.4 - https:\/\/yoast.com\/product\/yoast-seo-wordpress\/ -->\n<title>SAFARI SARAJEVO. Caccia ai turisti della guerra - NonSoloMusicaMagazine<\/title>\n<meta name=\"description\" content=\"SAFARI SARAJEVO. Caccia ai turisti della guerra\" \/>\n<meta name=\"robots\" content=\"index, follow, max-snippet:-1, max-image-preview:large, max-video-preview:-1\" \/>\n<link rel=\"canonical\" href=\"https:\/\/www.nonsolomusicamagazine.it\/?p=12973\" \/>\n<meta property=\"og:locale\" content=\"it_IT\" \/>\n<meta property=\"og:type\" content=\"article\" \/>\n<meta property=\"og:title\" content=\"SAFARI SARAJEVO. Caccia ai turisti della guerra - NonSoloMusicaMagazine\" \/>\n<meta property=\"og:description\" content=\"SAFARI SARAJEVO. Caccia ai turisti della guerra\" \/>\n<meta property=\"og:url\" content=\"https:\/\/www.nonsolomusicamagazine.it\/?p=12973\" \/>\n<meta property=\"og:site_name\" content=\"NonSoloMusicaMagazine\" \/>\n<meta property=\"article:published_time\" content=\"2025-11-11T20:45:39+00:00\" \/>\n<meta property=\"article:modified_time\" content=\"2025-11-11T20:45:42+00:00\" \/>\n<meta property=\"og:image\" content=\"https:\/\/www.nonsolomusicamagazine.it\/wp-content\/uploads\/2025\/11\/1000092087.jpg\" \/>\n\t<meta property=\"og:image:width\" content=\"1125\" \/>\n\t<meta property=\"og:image:height\" content=\"1769\" \/>\n\t<meta property=\"og:image:type\" content=\"image\/jpeg\" \/>\n<meta name=\"author\" content=\"nonsolomusica\" \/>\n<meta name=\"twitter:card\" content=\"summary_large_image\" \/>\n<meta name=\"twitter:label1\" content=\"Scritto da\" \/>\n\t<meta name=\"twitter:data1\" content=\"nonsolomusica\" \/>\n\t<meta name=\"twitter:label2\" content=\"Tempo di lettura stimato\" \/>\n\t<meta name=\"twitter:data2\" content=\"3 minuti\" \/>\n<script type=\"application\/ld+json\" class=\"yoast-schema-graph\">{\"@context\":\"https:\\\/\\\/schema.org\",\"@graph\":[{\"@type\":\"Article\",\"@id\":\"https:\\\/\\\/www.nonsolomusicamagazine.it\\\/?p=12973#article\",\"isPartOf\":{\"@id\":\"https:\\\/\\\/www.nonsolomusicamagazine.it\\\/?p=12973\"},\"author\":{\"name\":\"nonsolomusica\",\"@id\":\"https:\\\/\\\/www.nonsolomusicamagazine.it\\\/#\\\/schema\\\/person\\\/a3349ad02300d046472d46cf6d31ae46\"},\"headline\":\"SAFARI SARAJEVO. Caccia ai turisti della guerra\",\"datePublished\":\"2025-11-11T20:45:39+00:00\",\"dateModified\":\"2025-11-11T20:45:42+00:00\",\"mainEntityOfPage\":{\"@id\":\"https:\\\/\\\/www.nonsolomusicamagazine.it\\\/?p=12973\"},\"wordCount\":433,\"commentCount\":0,\"image\":{\"@id\":\"https:\\\/\\\/www.nonsolomusicamagazine.it\\\/?p=12973#primaryimage\"},\"thumbnailUrl\":\"https:\\\/\\\/www.nonsolomusicamagazine.it\\\/wp-content\\\/uploads\\\/2025\\\/11\\\/1000092087.jpg\",\"keywords\":[\"Bosnia\",\"Cecchini\",\"Inchiesta\",\"Jugoslavia\",\"Procura di Milano\",\"Sarajevo\"],\"articleSection\":[\"Esteri\",\"Storia\"],\"inLanguage\":\"it-IT\",\"potentialAction\":[{\"@type\":\"CommentAction\",\"name\":\"Comment\",\"target\":[\"https:\\\/\\\/www.nonsolomusicamagazine.it\\\/?p=12973#respond\"]}]},{\"@type\":\"WebPage\",\"@id\":\"https:\\\/\\\/www.nonsolomusicamagazine.it\\\/?p=12973\",\"url\":\"https:\\\/\\\/www.nonsolomusicamagazine.it\\\/?p=12973\",\"name\":\"SAFARI SARAJEVO. Caccia ai turisti della guerra - NonSoloMusicaMagazine\",\"isPartOf\":{\"@id\":\"https:\\\/\\\/www.nonsolomusicamagazine.it\\\/#website\"},\"primaryImageOfPage\":{\"@id\":\"https:\\\/\\\/www.nonsolomusicamagazine.it\\\/?p=12973#primaryimage\"},\"image\":{\"@id\":\"https:\\\/\\\/www.nonsolomusicamagazine.it\\\/?p=12973#primaryimage\"},\"thumbnailUrl\":\"https:\\\/\\\/www.nonsolomusicamagazine.it\\\/wp-content\\\/uploads\\\/2025\\\/11\\\/1000092087.jpg\",\"datePublished\":\"2025-11-11T20:45:39+00:00\",\"dateModified\":\"2025-11-11T20:45:42+00:00\",\"author\":{\"@id\":\"https:\\\/\\\/www.nonsolomusicamagazine.it\\\/#\\\/schema\\\/person\\\/a3349ad02300d046472d46cf6d31ae46\"},\"description\":\"SAFARI SARAJEVO. Caccia ai turisti della guerra\",\"breadcrumb\":{\"@id\":\"https:\\\/\\\/www.nonsolomusicamagazine.it\\\/?p=12973#breadcrumb\"},\"inLanguage\":\"it-IT\",\"potentialAction\":[{\"@type\":\"ReadAction\",\"target\":[\"https:\\\/\\\/www.nonsolomusicamagazine.it\\\/?p=12973\"]}]},{\"@type\":\"ImageObject\",\"inLanguage\":\"it-IT\",\"@id\":\"https:\\\/\\\/www.nonsolomusicamagazine.it\\\/?p=12973#primaryimage\",\"url\":\"https:\\\/\\\/www.nonsolomusicamagazine.it\\\/wp-content\\\/uploads\\\/2025\\\/11\\\/1000092087.jpg\",\"contentUrl\":\"https:\\\/\\\/www.nonsolomusicamagazine.it\\\/wp-content\\\/uploads\\\/2025\\\/11\\\/1000092087.jpg\",\"width\":1125,\"height\":1769},{\"@type\":\"BreadcrumbList\",\"@id\":\"https:\\\/\\\/www.nonsolomusicamagazine.it\\\/?p=12973#breadcrumb\",\"itemListElement\":[{\"@type\":\"ListItem\",\"position\":1,\"name\":\"Home\",\"item\":\"https:\\\/\\\/www.nonsolomusicamagazine.it\\\/\"},{\"@type\":\"ListItem\",\"position\":2,\"name\":\"SAFARI SARAJEVO. Caccia ai turisti della guerra\"}]},{\"@type\":\"WebSite\",\"@id\":\"https:\\\/\\\/www.nonsolomusicamagazine.it\\\/#website\",\"url\":\"https:\\\/\\\/www.nonsolomusicamagazine.it\\\/\",\"name\":\"Nonsolomusicamagazine\",\"description\":\"Dir. responsabile Manuel M Buccarella\",\"potentialAction\":[{\"@type\":\"SearchAction\",\"target\":{\"@type\":\"EntryPoint\",\"urlTemplate\":\"https:\\\/\\\/www.nonsolomusicamagazine.it\\\/?s={search_term_string}\"},\"query-input\":{\"@type\":\"PropertyValueSpecification\",\"valueRequired\":true,\"valueName\":\"search_term_string\"}}],\"inLanguage\":\"it-IT\"},{\"@type\":\"Person\",\"@id\":\"https:\\\/\\\/www.nonsolomusicamagazine.it\\\/#\\\/schema\\\/person\\\/a3349ad02300d046472d46cf6d31ae46\",\"name\":\"nonsolomusica\",\"image\":{\"@type\":\"ImageObject\",\"inLanguage\":\"it-IT\",\"@id\":\"https:\\\/\\\/www.nonsolomusicamagazine.it\\\/wp-content\\\/litespeed\\\/avatar\\\/3a675484bc84db6aba78d43bfc8b7197.jpg?ver=1776880798\",\"url\":\"https:\\\/\\\/www.nonsolomusicamagazine.it\\\/wp-content\\\/litespeed\\\/avatar\\\/3a675484bc84db6aba78d43bfc8b7197.jpg?ver=1776880798\",\"contentUrl\":\"https:\\\/\\\/www.nonsolomusicamagazine.it\\\/wp-content\\\/litespeed\\\/avatar\\\/3a675484bc84db6aba78d43bfc8b7197.jpg?ver=1776880798\",\"caption\":\"nonsolomusica\"},\"sameAs\":[\"https:\\\/\\\/www.nonsolomusicamagazine.it\"],\"url\":\"https:\\\/\\\/www.nonsolomusicamagazine.it\\\/?author=1\"}]}<\/script>\n<!-- \/ Yoast SEO plugin. -->","yoast_head_json":{"title":"SAFARI SARAJEVO. Caccia ai turisti della guerra - NonSoloMusicaMagazine","description":"SAFARI SARAJEVO. Caccia ai turisti della guerra","robots":{"index":"index","follow":"follow","max-snippet":"max-snippet:-1","max-image-preview":"max-image-preview:large","max-video-preview":"max-video-preview:-1"},"canonical":"https:\/\/www.nonsolomusicamagazine.it\/?p=12973","og_locale":"it_IT","og_type":"article","og_title":"SAFARI SARAJEVO. Caccia ai turisti della guerra - NonSoloMusicaMagazine","og_description":"SAFARI SARAJEVO. Caccia ai turisti della guerra","og_url":"https:\/\/www.nonsolomusicamagazine.it\/?p=12973","og_site_name":"NonSoloMusicaMagazine","article_published_time":"2025-11-11T20:45:39+00:00","article_modified_time":"2025-11-11T20:45:42+00:00","og_image":[{"width":1125,"height":1769,"url":"https:\/\/www.nonsolomusicamagazine.it\/wp-content\/uploads\/2025\/11\/1000092087.jpg","type":"image\/jpeg"}],"author":"nonsolomusica","twitter_card":"summary_large_image","twitter_misc":{"Scritto da":"nonsolomusica","Tempo di lettura stimato":"3 minuti"},"schema":{"@context":"https:\/\/schema.org","@graph":[{"@type":"Article","@id":"https:\/\/www.nonsolomusicamagazine.it\/?p=12973#article","isPartOf":{"@id":"https:\/\/www.nonsolomusicamagazine.it\/?p=12973"},"author":{"name":"nonsolomusica","@id":"https:\/\/www.nonsolomusicamagazine.it\/#\/schema\/person\/a3349ad02300d046472d46cf6d31ae46"},"headline":"SAFARI SARAJEVO. Caccia ai turisti della guerra","datePublished":"2025-11-11T20:45:39+00:00","dateModified":"2025-11-11T20:45:42+00:00","mainEntityOfPage":{"@id":"https:\/\/www.nonsolomusicamagazine.it\/?p=12973"},"wordCount":433,"commentCount":0,"image":{"@id":"https:\/\/www.nonsolomusicamagazine.it\/?p=12973#primaryimage"},"thumbnailUrl":"https:\/\/www.nonsolomusicamagazine.it\/wp-content\/uploads\/2025\/11\/1000092087.jpg","keywords":["Bosnia","Cecchini","Inchiesta","Jugoslavia","Procura di Milano","Sarajevo"],"articleSection":["Esteri","Storia"],"inLanguage":"it-IT","potentialAction":[{"@type":"CommentAction","name":"Comment","target":["https:\/\/www.nonsolomusicamagazine.it\/?p=12973#respond"]}]},{"@type":"WebPage","@id":"https:\/\/www.nonsolomusicamagazine.it\/?p=12973","url":"https:\/\/www.nonsolomusicamagazine.it\/?p=12973","name":"SAFARI SARAJEVO. Caccia ai turisti della guerra - NonSoloMusicaMagazine","isPartOf":{"@id":"https:\/\/www.nonsolomusicamagazine.it\/#website"},"primaryImageOfPage":{"@id":"https:\/\/www.nonsolomusicamagazine.it\/?p=12973#primaryimage"},"image":{"@id":"https:\/\/www.nonsolomusicamagazine.it\/?p=12973#primaryimage"},"thumbnailUrl":"https:\/\/www.nonsolomusicamagazine.it\/wp-content\/uploads\/2025\/11\/1000092087.jpg","datePublished":"2025-11-11T20:45:39+00:00","dateModified":"2025-11-11T20:45:42+00:00","author":{"@id":"https:\/\/www.nonsolomusicamagazine.it\/#\/schema\/person\/a3349ad02300d046472d46cf6d31ae46"},"description":"SAFARI SARAJEVO. Caccia ai turisti della guerra","breadcrumb":{"@id":"https:\/\/www.nonsolomusicamagazine.it\/?p=12973#breadcrumb"},"inLanguage":"it-IT","potentialAction":[{"@type":"ReadAction","target":["https:\/\/www.nonsolomusicamagazine.it\/?p=12973"]}]},{"@type":"ImageObject","inLanguage":"it-IT","@id":"https:\/\/www.nonsolomusicamagazine.it\/?p=12973#primaryimage","url":"https:\/\/www.nonsolomusicamagazine.it\/wp-content\/uploads\/2025\/11\/1000092087.jpg","contentUrl":"https:\/\/www.nonsolomusicamagazine.it\/wp-content\/uploads\/2025\/11\/1000092087.jpg","width":1125,"height":1769},{"@type":"BreadcrumbList","@id":"https:\/\/www.nonsolomusicamagazine.it\/?p=12973#breadcrumb","itemListElement":[{"@type":"ListItem","position":1,"name":"Home","item":"https:\/\/www.nonsolomusicamagazine.it\/"},{"@type":"ListItem","position":2,"name":"SAFARI SARAJEVO. Caccia ai turisti della guerra"}]},{"@type":"WebSite","@id":"https:\/\/www.nonsolomusicamagazine.it\/#website","url":"https:\/\/www.nonsolomusicamagazine.it\/","name":"Nonsolomusicamagazine","description":"Dir. responsabile Manuel M Buccarella","potentialAction":[{"@type":"SearchAction","target":{"@type":"EntryPoint","urlTemplate":"https:\/\/www.nonsolomusicamagazine.it\/?s={search_term_string}"},"query-input":{"@type":"PropertyValueSpecification","valueRequired":true,"valueName":"search_term_string"}}],"inLanguage":"it-IT"},{"@type":"Person","@id":"https:\/\/www.nonsolomusicamagazine.it\/#\/schema\/person\/a3349ad02300d046472d46cf6d31ae46","name":"nonsolomusica","image":{"@type":"ImageObject","inLanguage":"it-IT","@id":"https:\/\/www.nonsolomusicamagazine.it\/wp-content\/litespeed\/avatar\/3a675484bc84db6aba78d43bfc8b7197.jpg?ver=1776880798","url":"https:\/\/www.nonsolomusicamagazine.it\/wp-content\/litespeed\/avatar\/3a675484bc84db6aba78d43bfc8b7197.jpg?ver=1776880798","contentUrl":"https:\/\/www.nonsolomusicamagazine.it\/wp-content\/litespeed\/avatar\/3a675484bc84db6aba78d43bfc8b7197.jpg?ver=1776880798","caption":"nonsolomusica"},"sameAs":["https:\/\/www.nonsolomusicamagazine.it"],"url":"https:\/\/www.nonsolomusicamagazine.it\/?author=1"}]}},"amp_enabled":true,"_links":{"self":[{"href":"https:\/\/www.nonsolomusicamagazine.it\/index.php?rest_route=\/wp\/v2\/posts\/12973","targetHints":{"allow":["GET"]}}],"collection":[{"href":"https:\/\/www.nonsolomusicamagazine.it\/index.php?rest_route=\/wp\/v2\/posts"}],"about":[{"href":"https:\/\/www.nonsolomusicamagazine.it\/index.php?rest_route=\/wp\/v2\/types\/post"}],"author":[{"embeddable":true,"href":"https:\/\/www.nonsolomusicamagazine.it\/index.php?rest_route=\/wp\/v2\/users\/1"}],"replies":[{"embeddable":true,"href":"https:\/\/www.nonsolomusicamagazine.it\/index.php?rest_route=%2Fwp%2Fv2%2Fcomments&post=12973"}],"version-history":[{"count":0,"href":"https:\/\/www.nonsolomusicamagazine.it\/index.php?rest_route=\/wp\/v2\/posts\/12973\/revisions"}],"wp:featuredmedia":[{"embeddable":true,"href":"https:\/\/www.nonsolomusicamagazine.it\/index.php?rest_route=\/wp\/v2\/media\/12974"}],"wp:attachment":[{"href":"https:\/\/www.nonsolomusicamagazine.it\/index.php?rest_route=%2Fwp%2Fv2%2Fmedia&parent=12973"}],"wp:term":[{"taxonomy":"category","embeddable":true,"href":"https:\/\/www.nonsolomusicamagazine.it\/index.php?rest_route=%2Fwp%2Fv2%2Fcategories&post=12973"},{"taxonomy":"post_tag","embeddable":true,"href":"https:\/\/www.nonsolomusicamagazine.it\/index.php?rest_route=%2Fwp%2Fv2%2Ftags&post=12973"}],"curies":[{"name":"wp","href":"https:\/\/api.w.org\/{rel}","templated":true}]}}