{"id":12985,"date":"2025-11-12T20:10:45","date_gmt":"2025-11-12T19:10:45","guid":{"rendered":"https:\/\/www.nonsolomusicamagazine.it\/?p=12985"},"modified":"2025-11-12T20:10:46","modified_gmt":"2025-11-12T19:10:46","slug":"12-novembre-1989-la-svolta-della-bolognina-che-avvia-alla-fine-del-partito-comunista-italiano","status":"publish","type":"post","link":"https:\/\/www.nonsolomusicamagazine.it\/?p=12985","title":{"rendered":"12 novembre 1989: la &#8220;svolta&#8221; della Bolognina che avvia alla fine del Partito Comunista Italiano"},"content":{"rendered":"\n<p class=\"has-text-align-center\"><strong>Manuel M Buccarella<\/strong><\/p>\n\n\n\n<p>Il 12 novembre 1989 Achille Occhetto, segretario del Partito Comunista Italiano, si present\u00f2 a sorpresa a Bologna per partecipare alla commemorazione del 45\u00b0 anniversario della battaglia partigiana della Bolognina, nel quartiere Navile. Quella domenica mattina avrebbe segnato per sempre la storia della sinistra italiana.<\/p>\n\n\n\n<p>Solo tre giorni prima, il 9 novembre, era caduto il Muro di Berlino. Occhetto quella sera si trovava a Bruxelles e guardando in diretta televisiva gli eventi berlinesi con il leader laburista inglese Neil Kinnock, comment\u00f2: &#8220;Qui non crolla soltanto il comunismo, ma tutto il Novecento&#8221;. Il crollo del Muro rappresent\u00f2 per Occhetto il segnale definitivo che l&#8217;ordine di Jalta era ormai tramontato.<\/p>\n\n\n\n<p>Durante l&#8217;incontro con i partigiani, Occhetto pronunci\u00f2 un discorso di appena sette minuti, parlando della necessit\u00e0 di &#8220;andare avanti con lo stesso coraggio della Resistenza&#8221; e di &#8220;non continuare su vecchie strade ma inventarne di nuove per unificare le forze di progresso&#8221;. <\/p>\n\n\n\n<p>Quando un giornalista de l&#8217;Unit\u00e0, Walter Dondi, gli chiese insistentemente se il PCI avrebbe cambiato nome, Occhetto rispose: &#8220;Tutto \u00e8 possibile&#8221;. Quella frase diede il via a un processo che si concluse il 3 febbraio 1991 con lo scioglimento del Partito Comunista Italiano e la nascita del Partito Democratico della Sinistra. Il dibattito che ne segu\u00ec venne anche chiamato &#8220;dibattito sulla Cosa&#8221;, perch\u00e9 Occhetto afferm\u00f2 che &#8220;prima viene la cosa e poi il nome&#8221;. In tal modo Occhetto pensava di poter accogliere nella nuova creatura politica, sempre di sinistra, anche cattolici ed ambientalisti.<\/p>\n\n\n\n<p>Alla mozione del segretario \u2013 personaggio politicamente mediocre \u2013 appoggiata da D\u2019Alema, Fassino, Iotti, Reichlin, Mussi, Veltroni e Folena si opporr\u00e0 il cosiddetto \u201cFronte del No\u201d, capeggiato dal Armando Cossutta e sostenuto da Alessandro Natta, Aldo Tortorella, Pietro Ingrao, Sergio Garavini e Fausto Bertinotti.Nonostante le importanti opposizioni, il 3 febbraio 1991, con 807 voti favorevoli, 75 contrari e 49 astenuti, il Pci, fondato il 21 gennaio 1921, decreter\u00e0 il proprio scioglimento al termine di un percorso avviato nel Comitato centrale del 20 novembre 1989.Nasce cos\u00ec il Partito Democratico della Sinistra (PDS), avente quale simbolo una quercia con alle radici il simbolo del vecchio partito. Diversi esponenti del \u201cFronte del No\u201d andranno a costituire il Partito della Rifondazione Comunista.<div>Vide cos\u00ec la fine il pi\u00f9 grande partito comunista dell&#8217;Europa occidentale.<\/div><\/p>\n\n\n\n<figure class=\"wp-block-image size-large\"><img decoding=\"async\" width=\"1024\" height=\"766\" src=\"https:\/\/www.nonsolomusicamagazine.it\/wp-content\/uploads\/2025\/11\/1000092166-1024x766.jpg\" alt=\"\" class=\"wp-image-12986\" srcset=\"https:\/\/www.nonsolomusicamagazine.it\/wp-content\/uploads\/2025\/11\/1000092166-1024x766.jpg 1024w, https:\/\/www.nonsolomusicamagazine.it\/wp-content\/uploads\/2025\/11\/1000092166-300x224.jpg 300w, https:\/\/www.nonsolomusicamagazine.it\/wp-content\/uploads\/2025\/11\/1000092166-768x575.jpg 768w, https:\/\/www.nonsolomusicamagazine.it\/wp-content\/uploads\/2025\/11\/1000092166-1320x987.jpg 1320w, https:\/\/www.nonsolomusicamagazine.it\/wp-content\/uploads\/2025\/11\/1000092166.jpg 1437w\" sizes=\"(max-width: 1024px) 100vw, 1024px\" \/><\/figure>\n","protected":false},"excerpt":{"rendered":"<p>Manuel M Buccarella Il 12 novembre 1989 Achille Occhetto, segretario del Partito Comunista Italiano, si present\u00f2 a sorpresa a Bologna per partecipare alla commemorazione del 45\u00b0 anniversario della battaglia partigiana della Bolognina, nel quartiere Navile. Quella domenica mattina avrebbe segnato per sempre la storia della sinistra italiana. Solo tre giorni prima, il 9 novembre, era [&hellip;]<\/p>\n","protected":false},"author":1,"featured_media":12986,"comment_status":"open","ping_status":"closed","sticky":false,"template":"","format":"standard","meta":{"footnotes":""},"categories":[5,1321],"tags":[3772,515,514,282],"class_list":["post-12985","post","type-post","status-publish","format-standard","has-post-thumbnail","hentry","category-politica","category-storia","tag-occhetto","tag-partito-comunista-italiano","tag-pci","tag-scioglimento"],"yoast_head":"<!-- This site is optimized with the Yoast SEO plugin v27.4 - https:\/\/yoast.com\/product\/yoast-seo-wordpress\/ -->\n<title>12 novembre 1989: la &quot;svolta&quot; della Bolognina che avvia alla fine del Partito Comunista Italiano - NonSoloMusicaMagazine<\/title>\n<meta name=\"description\" content=\"Partito Comunista Italiano\" \/>\n<meta name=\"robots\" content=\"index, follow, max-snippet:-1, max-image-preview:large, max-video-preview:-1\" \/>\n<link rel=\"canonical\" href=\"https:\/\/www.nonsolomusicamagazine.it\/?p=12985\" \/>\n<meta property=\"og:locale\" content=\"it_IT\" \/>\n<meta property=\"og:type\" content=\"article\" \/>\n<meta property=\"og:title\" content=\"12 novembre 1989: la &quot;svolta&quot; della Bolognina che avvia alla fine del Partito Comunista Italiano - NonSoloMusicaMagazine\" \/>\n<meta property=\"og:description\" content=\"Partito Comunista Italiano\" \/>\n<meta property=\"og:url\" content=\"https:\/\/www.nonsolomusicamagazine.it\/?p=12985\" \/>\n<meta property=\"og:site_name\" content=\"NonSoloMusicaMagazine\" \/>\n<meta property=\"article:published_time\" content=\"2025-11-12T19:10:45+00:00\" \/>\n<meta property=\"article:modified_time\" content=\"2025-11-12T19:10:46+00:00\" \/>\n<meta property=\"og:image\" content=\"https:\/\/www.nonsolomusicamagazine.it\/wp-content\/uploads\/2025\/11\/1000092166.jpg\" \/>\n\t<meta property=\"og:image:width\" content=\"1437\" \/>\n\t<meta property=\"og:image:height\" content=\"1075\" \/>\n\t<meta property=\"og:image:type\" content=\"image\/jpeg\" \/>\n<meta name=\"author\" content=\"nonsolomusica\" \/>\n<meta name=\"twitter:card\" content=\"summary_large_image\" \/>\n<meta name=\"twitter:label1\" content=\"Scritto da\" \/>\n\t<meta name=\"twitter:data1\" content=\"nonsolomusica\" \/>\n\t<meta name=\"twitter:label2\" content=\"Tempo di lettura stimato\" \/>\n\t<meta name=\"twitter:data2\" content=\"3 minuti\" \/>\n<script type=\"application\/ld+json\" class=\"yoast-schema-graph\">{\"@context\":\"https:\\\/\\\/schema.org\",\"@graph\":[{\"@type\":\"Article\",\"@id\":\"https:\\\/\\\/www.nonsolomusicamagazine.it\\\/?p=12985#article\",\"isPartOf\":{\"@id\":\"https:\\\/\\\/www.nonsolomusicamagazine.it\\\/?p=12985\"},\"author\":{\"name\":\"nonsolomusica\",\"@id\":\"https:\\\/\\\/www.nonsolomusicamagazine.it\\\/#\\\/schema\\\/person\\\/a3349ad02300d046472d46cf6d31ae46\"},\"headline\":\"12 novembre 1989: la &#8220;svolta&#8221; della Bolognina che avvia alla fine del Partito Comunista Italiano\",\"datePublished\":\"2025-11-12T19:10:45+00:00\",\"dateModified\":\"2025-11-12T19:10:46+00:00\",\"mainEntityOfPage\":{\"@id\":\"https:\\\/\\\/www.nonsolomusicamagazine.it\\\/?p=12985\"},\"wordCount\":376,\"commentCount\":0,\"image\":{\"@id\":\"https:\\\/\\\/www.nonsolomusicamagazine.it\\\/?p=12985#primaryimage\"},\"thumbnailUrl\":\"https:\\\/\\\/www.nonsolomusicamagazine.it\\\/wp-content\\\/uploads\\\/2025\\\/11\\\/1000092166.jpg\",\"keywords\":[\"Occhetto\",\"Partito Comunista Italiano\",\"Pci\",\"Scioglimento\"],\"articleSection\":[\"Politica\",\"Storia\"],\"inLanguage\":\"it-IT\",\"potentialAction\":[{\"@type\":\"CommentAction\",\"name\":\"Comment\",\"target\":[\"https:\\\/\\\/www.nonsolomusicamagazine.it\\\/?p=12985#respond\"]}]},{\"@type\":\"WebPage\",\"@id\":\"https:\\\/\\\/www.nonsolomusicamagazine.it\\\/?p=12985\",\"url\":\"https:\\\/\\\/www.nonsolomusicamagazine.it\\\/?p=12985\",\"name\":\"12 novembre 1989: la \\\"svolta\\\" della Bolognina che avvia alla fine del Partito Comunista Italiano - NonSoloMusicaMagazine\",\"isPartOf\":{\"@id\":\"https:\\\/\\\/www.nonsolomusicamagazine.it\\\/#website\"},\"primaryImageOfPage\":{\"@id\":\"https:\\\/\\\/www.nonsolomusicamagazine.it\\\/?p=12985#primaryimage\"},\"image\":{\"@id\":\"https:\\\/\\\/www.nonsolomusicamagazine.it\\\/?p=12985#primaryimage\"},\"thumbnailUrl\":\"https:\\\/\\\/www.nonsolomusicamagazine.it\\\/wp-content\\\/uploads\\\/2025\\\/11\\\/1000092166.jpg\",\"datePublished\":\"2025-11-12T19:10:45+00:00\",\"dateModified\":\"2025-11-12T19:10:46+00:00\",\"author\":{\"@id\":\"https:\\\/\\\/www.nonsolomusicamagazine.it\\\/#\\\/schema\\\/person\\\/a3349ad02300d046472d46cf6d31ae46\"},\"description\":\"Partito Comunista Italiano\",\"breadcrumb\":{\"@id\":\"https:\\\/\\\/www.nonsolomusicamagazine.it\\\/?p=12985#breadcrumb\"},\"inLanguage\":\"it-IT\",\"potentialAction\":[{\"@type\":\"ReadAction\",\"target\":[\"https:\\\/\\\/www.nonsolomusicamagazine.it\\\/?p=12985\"]}]},{\"@type\":\"ImageObject\",\"inLanguage\":\"it-IT\",\"@id\":\"https:\\\/\\\/www.nonsolomusicamagazine.it\\\/?p=12985#primaryimage\",\"url\":\"https:\\\/\\\/www.nonsolomusicamagazine.it\\\/wp-content\\\/uploads\\\/2025\\\/11\\\/1000092166.jpg\",\"contentUrl\":\"https:\\\/\\\/www.nonsolomusicamagazine.it\\\/wp-content\\\/uploads\\\/2025\\\/11\\\/1000092166.jpg\",\"width\":1437,\"height\":1075},{\"@type\":\"BreadcrumbList\",\"@id\":\"https:\\\/\\\/www.nonsolomusicamagazine.it\\\/?p=12985#breadcrumb\",\"itemListElement\":[{\"@type\":\"ListItem\",\"position\":1,\"name\":\"Home\",\"item\":\"https:\\\/\\\/www.nonsolomusicamagazine.it\\\/\"},{\"@type\":\"ListItem\",\"position\":2,\"name\":\"12 novembre 1989: la &#8220;svolta&#8221; della Bolognina che avvia alla fine del Partito Comunista Italiano\"}]},{\"@type\":\"WebSite\",\"@id\":\"https:\\\/\\\/www.nonsolomusicamagazine.it\\\/#website\",\"url\":\"https:\\\/\\\/www.nonsolomusicamagazine.it\\\/\",\"name\":\"Nonsolomusicamagazine\",\"description\":\"Dir. responsabile Manuel M Buccarella\",\"potentialAction\":[{\"@type\":\"SearchAction\",\"target\":{\"@type\":\"EntryPoint\",\"urlTemplate\":\"https:\\\/\\\/www.nonsolomusicamagazine.it\\\/?s={search_term_string}\"},\"query-input\":{\"@type\":\"PropertyValueSpecification\",\"valueRequired\":true,\"valueName\":\"search_term_string\"}}],\"inLanguage\":\"it-IT\"},{\"@type\":\"Person\",\"@id\":\"https:\\\/\\\/www.nonsolomusicamagazine.it\\\/#\\\/schema\\\/person\\\/a3349ad02300d046472d46cf6d31ae46\",\"name\":\"nonsolomusica\",\"image\":{\"@type\":\"ImageObject\",\"inLanguage\":\"it-IT\",\"@id\":\"https:\\\/\\\/www.nonsolomusicamagazine.it\\\/wp-content\\\/litespeed\\\/avatar\\\/3a675484bc84db6aba78d43bfc8b7197.jpg?ver=1776880798\",\"url\":\"https:\\\/\\\/www.nonsolomusicamagazine.it\\\/wp-content\\\/litespeed\\\/avatar\\\/3a675484bc84db6aba78d43bfc8b7197.jpg?ver=1776880798\",\"contentUrl\":\"https:\\\/\\\/www.nonsolomusicamagazine.it\\\/wp-content\\\/litespeed\\\/avatar\\\/3a675484bc84db6aba78d43bfc8b7197.jpg?ver=1776880798\",\"caption\":\"nonsolomusica\"},\"sameAs\":[\"https:\\\/\\\/www.nonsolomusicamagazine.it\"],\"url\":\"https:\\\/\\\/www.nonsolomusicamagazine.it\\\/?author=1\"}]}<\/script>\n<!-- \/ Yoast SEO plugin. -->","yoast_head_json":{"title":"12 novembre 1989: la \"svolta\" della Bolognina che avvia alla fine del Partito Comunista Italiano - NonSoloMusicaMagazine","description":"Partito Comunista Italiano","robots":{"index":"index","follow":"follow","max-snippet":"max-snippet:-1","max-image-preview":"max-image-preview:large","max-video-preview":"max-video-preview:-1"},"canonical":"https:\/\/www.nonsolomusicamagazine.it\/?p=12985","og_locale":"it_IT","og_type":"article","og_title":"12 novembre 1989: la \"svolta\" della Bolognina che avvia alla fine del Partito Comunista Italiano - NonSoloMusicaMagazine","og_description":"Partito Comunista Italiano","og_url":"https:\/\/www.nonsolomusicamagazine.it\/?p=12985","og_site_name":"NonSoloMusicaMagazine","article_published_time":"2025-11-12T19:10:45+00:00","article_modified_time":"2025-11-12T19:10:46+00:00","og_image":[{"width":1437,"height":1075,"url":"https:\/\/www.nonsolomusicamagazine.it\/wp-content\/uploads\/2025\/11\/1000092166.jpg","type":"image\/jpeg"}],"author":"nonsolomusica","twitter_card":"summary_large_image","twitter_misc":{"Scritto da":"nonsolomusica","Tempo di lettura stimato":"3 minuti"},"schema":{"@context":"https:\/\/schema.org","@graph":[{"@type":"Article","@id":"https:\/\/www.nonsolomusicamagazine.it\/?p=12985#article","isPartOf":{"@id":"https:\/\/www.nonsolomusicamagazine.it\/?p=12985"},"author":{"name":"nonsolomusica","@id":"https:\/\/www.nonsolomusicamagazine.it\/#\/schema\/person\/a3349ad02300d046472d46cf6d31ae46"},"headline":"12 novembre 1989: la &#8220;svolta&#8221; della Bolognina che avvia alla fine del Partito Comunista Italiano","datePublished":"2025-11-12T19:10:45+00:00","dateModified":"2025-11-12T19:10:46+00:00","mainEntityOfPage":{"@id":"https:\/\/www.nonsolomusicamagazine.it\/?p=12985"},"wordCount":376,"commentCount":0,"image":{"@id":"https:\/\/www.nonsolomusicamagazine.it\/?p=12985#primaryimage"},"thumbnailUrl":"https:\/\/www.nonsolomusicamagazine.it\/wp-content\/uploads\/2025\/11\/1000092166.jpg","keywords":["Occhetto","Partito Comunista Italiano","Pci","Scioglimento"],"articleSection":["Politica","Storia"],"inLanguage":"it-IT","potentialAction":[{"@type":"CommentAction","name":"Comment","target":["https:\/\/www.nonsolomusicamagazine.it\/?p=12985#respond"]}]},{"@type":"WebPage","@id":"https:\/\/www.nonsolomusicamagazine.it\/?p=12985","url":"https:\/\/www.nonsolomusicamagazine.it\/?p=12985","name":"12 novembre 1989: la \"svolta\" della Bolognina che avvia alla fine del Partito Comunista Italiano - NonSoloMusicaMagazine","isPartOf":{"@id":"https:\/\/www.nonsolomusicamagazine.it\/#website"},"primaryImageOfPage":{"@id":"https:\/\/www.nonsolomusicamagazine.it\/?p=12985#primaryimage"},"image":{"@id":"https:\/\/www.nonsolomusicamagazine.it\/?p=12985#primaryimage"},"thumbnailUrl":"https:\/\/www.nonsolomusicamagazine.it\/wp-content\/uploads\/2025\/11\/1000092166.jpg","datePublished":"2025-11-12T19:10:45+00:00","dateModified":"2025-11-12T19:10:46+00:00","author":{"@id":"https:\/\/www.nonsolomusicamagazine.it\/#\/schema\/person\/a3349ad02300d046472d46cf6d31ae46"},"description":"Partito Comunista Italiano","breadcrumb":{"@id":"https:\/\/www.nonsolomusicamagazine.it\/?p=12985#breadcrumb"},"inLanguage":"it-IT","potentialAction":[{"@type":"ReadAction","target":["https:\/\/www.nonsolomusicamagazine.it\/?p=12985"]}]},{"@type":"ImageObject","inLanguage":"it-IT","@id":"https:\/\/www.nonsolomusicamagazine.it\/?p=12985#primaryimage","url":"https:\/\/www.nonsolomusicamagazine.it\/wp-content\/uploads\/2025\/11\/1000092166.jpg","contentUrl":"https:\/\/www.nonsolomusicamagazine.it\/wp-content\/uploads\/2025\/11\/1000092166.jpg","width":1437,"height":1075},{"@type":"BreadcrumbList","@id":"https:\/\/www.nonsolomusicamagazine.it\/?p=12985#breadcrumb","itemListElement":[{"@type":"ListItem","position":1,"name":"Home","item":"https:\/\/www.nonsolomusicamagazine.it\/"},{"@type":"ListItem","position":2,"name":"12 novembre 1989: la &#8220;svolta&#8221; della Bolognina che avvia alla fine del Partito Comunista Italiano"}]},{"@type":"WebSite","@id":"https:\/\/www.nonsolomusicamagazine.it\/#website","url":"https:\/\/www.nonsolomusicamagazine.it\/","name":"Nonsolomusicamagazine","description":"Dir. responsabile Manuel M Buccarella","potentialAction":[{"@type":"SearchAction","target":{"@type":"EntryPoint","urlTemplate":"https:\/\/www.nonsolomusicamagazine.it\/?s={search_term_string}"},"query-input":{"@type":"PropertyValueSpecification","valueRequired":true,"valueName":"search_term_string"}}],"inLanguage":"it-IT"},{"@type":"Person","@id":"https:\/\/www.nonsolomusicamagazine.it\/#\/schema\/person\/a3349ad02300d046472d46cf6d31ae46","name":"nonsolomusica","image":{"@type":"ImageObject","inLanguage":"it-IT","@id":"https:\/\/www.nonsolomusicamagazine.it\/wp-content\/litespeed\/avatar\/3a675484bc84db6aba78d43bfc8b7197.jpg?ver=1776880798","url":"https:\/\/www.nonsolomusicamagazine.it\/wp-content\/litespeed\/avatar\/3a675484bc84db6aba78d43bfc8b7197.jpg?ver=1776880798","contentUrl":"https:\/\/www.nonsolomusicamagazine.it\/wp-content\/litespeed\/avatar\/3a675484bc84db6aba78d43bfc8b7197.jpg?ver=1776880798","caption":"nonsolomusica"},"sameAs":["https:\/\/www.nonsolomusicamagazine.it"],"url":"https:\/\/www.nonsolomusicamagazine.it\/?author=1"}]}},"amp_enabled":true,"_links":{"self":[{"href":"https:\/\/www.nonsolomusicamagazine.it\/index.php?rest_route=\/wp\/v2\/posts\/12985","targetHints":{"allow":["GET"]}}],"collection":[{"href":"https:\/\/www.nonsolomusicamagazine.it\/index.php?rest_route=\/wp\/v2\/posts"}],"about":[{"href":"https:\/\/www.nonsolomusicamagazine.it\/index.php?rest_route=\/wp\/v2\/types\/post"}],"author":[{"embeddable":true,"href":"https:\/\/www.nonsolomusicamagazine.it\/index.php?rest_route=\/wp\/v2\/users\/1"}],"replies":[{"embeddable":true,"href":"https:\/\/www.nonsolomusicamagazine.it\/index.php?rest_route=%2Fwp%2Fv2%2Fcomments&post=12985"}],"version-history":[{"count":0,"href":"https:\/\/www.nonsolomusicamagazine.it\/index.php?rest_route=\/wp\/v2\/posts\/12985\/revisions"}],"wp:featuredmedia":[{"embeddable":true,"href":"https:\/\/www.nonsolomusicamagazine.it\/index.php?rest_route=\/wp\/v2\/media\/12986"}],"wp:attachment":[{"href":"https:\/\/www.nonsolomusicamagazine.it\/index.php?rest_route=%2Fwp%2Fv2%2Fmedia&parent=12985"}],"wp:term":[{"taxonomy":"category","embeddable":true,"href":"https:\/\/www.nonsolomusicamagazine.it\/index.php?rest_route=%2Fwp%2Fv2%2Fcategories&post=12985"},{"taxonomy":"post_tag","embeddable":true,"href":"https:\/\/www.nonsolomusicamagazine.it\/index.php?rest_route=%2Fwp%2Fv2%2Ftags&post=12985"}],"curies":[{"name":"wp","href":"https:\/\/api.w.org\/{rel}","templated":true}]}}