{"id":13154,"date":"2025-11-20T18:54:05","date_gmt":"2025-11-20T17:54:05","guid":{"rendered":"https:\/\/www.nonsolomusicamagazine.it\/?p=13154"},"modified":"2025-11-20T18:54:06","modified_gmt":"2025-11-20T17:54:06","slug":"a-scuola-di-nazismo","status":"publish","type":"post","link":"https:\/\/www.nonsolomusicamagazine.it\/?p=13154","title":{"rendered":"A SCUOLA DI NAZISMO"},"content":{"rendered":"\n<p class=\"has-text-align-center\"><strong>Alfredo Facchini<\/strong><\/p>\n\n\n\n<p>Judenrat. In tedesco \u201cconsiglio degli ebrei\u201d: indica i consigli ebraici imposti dal regime nazista nei ghetti durante l\u2019Olocausto. Un meccanismo calato dall\u2019alto, attivato nei ghetti di Varsavia, \u0141\u00f3d\u017a, Vilna, Bia\u0142ystok, Lublino, Cracovia, Kovno, Minsk, Czernowitz, Przemy\u015bl, Radom, Cz\u0119stochowa, Sosnowiec e Bedzin. Questi consigli (Judenr\u00e4te al plurale) agivano sotto il diretto controllo dei nazisti, che imponevano un\u2019obbedienza totale dentro mura alzate da altri. L\u2019occupante sceglieva chi lavorava, chi mangiava, chi spariva. Agli ebrei veniva chiesto di organizzare la propria pena. Una catena travestita da amministrazione. <\/p>\n\n\n\n<p>La creazione del Judenrat nel ghetto di Varsavia risale al 4 ottobre 1939: uno dei primi casi in cui le autorit\u00e0 tedesche imposero un organismo completamente controllato.Roma, l\u2019Impero romano, lo faceva duemila anni prima: cooptare le \u00e9lite locali e farle governare un territorio che in realt\u00e0 controllava lei.<\/p>\n\n\n\n<p>Ma perch\u00e9 tornare a parlare di quelle pagine nere?Perch\u00e9 quel metodo ritorna. Oggi la stessa logica riappare con altri nomi: ai dominati la facciata, al dominatore il comando.Il 17 novembre 2025 il Consiglio di Sicurezza ha approvato la Risoluzione 2803. \u00c8 il via libera al piano di Trump per Gaza, il \u201cComprehensive Plan to End the Gaza Conflict\u201d, e alla \u201cTrump Declaration for Enduring Peace and Prosperity\u201d. La cornice \u00e8 quella dell\u2019ONU, ma la regia resta la stessa.<\/p>\n\n\n\n<p>Nasce cos\u00ec il \u201cBoard of Peace\u201d: organismo con personalit\u00e0 giuridica internazionale, presieduto da Trump. Dovrebbe guidare la ricostruzione e la ripresa della Striscia. In teoria provvisorio, in pratica dotato di potere pieno. E soprattutto con un obiettivo riassunto in una sola parola sibillina: preparare Gaza a un \u201ceventuale\u201d trasferimento all\u2019Autorit\u00e0 Palestinese. \u201cEventuale\u201d: un intero abisso di incognite.La Risoluzione autorizza anche la \u201cInternational Stabilization Force\u201d, una forza militare internazionale incaricata di vigilare sul cessate il fuoco, sorvegliare la sicurezza, affiancare una polizia palestinese selezionata dall\u2019alto, gestire la demilitarizzazione del territorio. Il tutto sotto il controllo del \u201cBoard of Peace\u201d. Una struttura che rester\u00e0 in piedi fino al 31 dicembre 2027, salvo proroghe. Un altro margine che spalanca dubbi.<\/p>\n\n\n\n<p>Il finanziamento della ricostruzione dovr\u00e0 arrivare dagli Stati membri e dalle grandi istituzioni finanziarie globali. Il copione \u00e8 noto: mani che danno e mani che pretendono, fondi che arrivano con clausole, promesse che diventano vincoli.La Risoluzione passa con 13 voti favorevoli e 2 astensioni. Russia e Cina si tirano indietro senza bloccare nulla. Criticano la scarsa presenza palestinese nella governance, l\u2019opacit\u00e0 dei meccanismi, l\u2019assenza di un vero ruolo dell\u2019ONU, la vaghezza sul futuro della Striscia e dell\u2019idea dei due Stati. Denunciano, s\u00ec, ma poi lasciano che tutto avanzi. L\u2019ennesima resa camuffata da neutralit\u00e0.<\/p>\n\n\n\n<p>Il risultato \u00e8 chiaro: Gaza resta nelle mani di chi non la abita. Il mondo applaude un disegno che non spezza l\u2019assedio, lo rinnova. Ai palestinesi si chiede soltanto di assistere, ancora una volta, alla gestione esterna della loro vita.Settantasette anni di espulsioni, distruzioni, rapine di terra, punizioni collettive, morte. E oggi il destino di un popolo viene nuovamente scritto altrove, con il sigillo dell\u2019ONU. Gaza non viene liberata: viene amministrata. Ancora una volta.<\/p>\n\n\n\n<p>Judenrat: il parallelismo \u00e8 chiaro. Quando chi occupa pretende che siano gli oppressi a reggere la gabbia, l\u2019illusione sostituisce la libert\u00e0. E il mondo applaude un dispositivo che maschera l\u2019assedio e lo mantiene in vita.<\/p>\n","protected":false},"excerpt":{"rendered":"<p>Alfredo Facchini Judenrat. In tedesco \u201cconsiglio degli ebrei\u201d: indica i consigli ebraici imposti dal regime nazista nei ghetti durante l\u2019Olocausto. Un meccanismo calato dall\u2019alto, attivato nei ghetti di Varsavia, \u0141\u00f3d\u017a, Vilna, Bia\u0142ystok, Lublino, Cracovia, Kovno, Minsk, Czernowitz, Przemy\u015bl, Radom, Cz\u0119stochowa, Sosnowiec e Bedzin. Questi consigli (Judenr\u00e4te al plurale) agivano sotto il diretto controllo dei nazisti, [&hellip;]<\/p>\n","protected":false},"author":1,"featured_media":13155,"comment_status":"open","ping_status":"closed","sticky":false,"template":"","format":"standard","meta":{"footnotes":""},"categories":[6,5],"tags":[4878,5320,627,5318,4918,5319,98],"class_list":["post-13154","post","type-post","status-publish","format-standard","has-post-thumbnail","hentry","category-esteri","category-politica","tag-autorita-nazionale-palestinese","tag-controllo","tag-gaza","tag-judenrat","tag-piano-di-pace","tag-risoluzione-consiglio-di-sicurezza","tag-trump"],"yoast_head":"<!-- This site is optimized with the Yoast SEO plugin v27.4 - https:\/\/yoast.com\/product\/yoast-seo-wordpress\/ -->\n<title>A SCUOLA DI NAZISMO - NonSoloMusicaMagazine<\/title>\n<meta name=\"description\" content=\"Nazismo\" \/>\n<meta name=\"robots\" content=\"index, follow, max-snippet:-1, max-image-preview:large, max-video-preview:-1\" \/>\n<link rel=\"canonical\" href=\"https:\/\/www.nonsolomusicamagazine.it\/?p=13154\" \/>\n<meta property=\"og:locale\" content=\"it_IT\" \/>\n<meta property=\"og:type\" content=\"article\" \/>\n<meta property=\"og:title\" content=\"A SCUOLA DI NAZISMO - NonSoloMusicaMagazine\" \/>\n<meta property=\"og:description\" content=\"Nazismo\" \/>\n<meta property=\"og:url\" content=\"https:\/\/www.nonsolomusicamagazine.it\/?p=13154\" \/>\n<meta property=\"og:site_name\" content=\"NonSoloMusicaMagazine\" \/>\n<meta property=\"article:published_time\" content=\"2025-11-20T17:54:05+00:00\" \/>\n<meta property=\"article:modified_time\" content=\"2025-11-20T17:54:06+00:00\" \/>\n<meta property=\"og:image\" content=\"https:\/\/www.nonsolomusicamagazine.it\/wp-content\/uploads\/2025\/11\/FB_IMG_1763661040119.jpg\" \/>\n\t<meta property=\"og:image:width\" content=\"472\" \/>\n\t<meta property=\"og:image:height\" content=\"877\" \/>\n\t<meta property=\"og:image:type\" content=\"image\/jpeg\" \/>\n<meta name=\"author\" content=\"nonsolomusica\" \/>\n<meta name=\"twitter:card\" content=\"summary_large_image\" \/>\n<meta name=\"twitter:label1\" content=\"Scritto da\" \/>\n\t<meta name=\"twitter:data1\" content=\"nonsolomusica\" \/>\n\t<meta name=\"twitter:label2\" content=\"Tempo di lettura stimato\" \/>\n\t<meta name=\"twitter:data2\" content=\"4 minuti\" \/>\n<script type=\"application\/ld+json\" class=\"yoast-schema-graph\">{\"@context\":\"https:\\\/\\\/schema.org\",\"@graph\":[{\"@type\":\"Article\",\"@id\":\"https:\\\/\\\/www.nonsolomusicamagazine.it\\\/?p=13154#article\",\"isPartOf\":{\"@id\":\"https:\\\/\\\/www.nonsolomusicamagazine.it\\\/?p=13154\"},\"author\":{\"name\":\"nonsolomusica\",\"@id\":\"https:\\\/\\\/www.nonsolomusicamagazine.it\\\/#\\\/schema\\\/person\\\/a3349ad02300d046472d46cf6d31ae46\"},\"headline\":\"A SCUOLA DI NAZISMO\",\"datePublished\":\"2025-11-20T17:54:05+00:00\",\"dateModified\":\"2025-11-20T17:54:06+00:00\",\"mainEntityOfPage\":{\"@id\":\"https:\\\/\\\/www.nonsolomusicamagazine.it\\\/?p=13154\"},\"wordCount\":548,\"commentCount\":0,\"image\":{\"@id\":\"https:\\\/\\\/www.nonsolomusicamagazine.it\\\/?p=13154#primaryimage\"},\"thumbnailUrl\":\"https:\\\/\\\/www.nonsolomusicamagazine.it\\\/wp-content\\\/uploads\\\/2025\\\/11\\\/FB_IMG_1763661040119.jpg\",\"keywords\":[\"Autorit\u00e0 Nazionale Palestinese\",\"Controllo\",\"Gaza\",\"Judenrat\",\"Piano di pace\",\"Risoluzione Consiglio di Sicurezza\",\"Trump\"],\"articleSection\":[\"Esteri\",\"Politica\"],\"inLanguage\":\"it-IT\",\"potentialAction\":[{\"@type\":\"CommentAction\",\"name\":\"Comment\",\"target\":[\"https:\\\/\\\/www.nonsolomusicamagazine.it\\\/?p=13154#respond\"]}]},{\"@type\":\"WebPage\",\"@id\":\"https:\\\/\\\/www.nonsolomusicamagazine.it\\\/?p=13154\",\"url\":\"https:\\\/\\\/www.nonsolomusicamagazine.it\\\/?p=13154\",\"name\":\"A SCUOLA DI NAZISMO - NonSoloMusicaMagazine\",\"isPartOf\":{\"@id\":\"https:\\\/\\\/www.nonsolomusicamagazine.it\\\/#website\"},\"primaryImageOfPage\":{\"@id\":\"https:\\\/\\\/www.nonsolomusicamagazine.it\\\/?p=13154#primaryimage\"},\"image\":{\"@id\":\"https:\\\/\\\/www.nonsolomusicamagazine.it\\\/?p=13154#primaryimage\"},\"thumbnailUrl\":\"https:\\\/\\\/www.nonsolomusicamagazine.it\\\/wp-content\\\/uploads\\\/2025\\\/11\\\/FB_IMG_1763661040119.jpg\",\"datePublished\":\"2025-11-20T17:54:05+00:00\",\"dateModified\":\"2025-11-20T17:54:06+00:00\",\"author\":{\"@id\":\"https:\\\/\\\/www.nonsolomusicamagazine.it\\\/#\\\/schema\\\/person\\\/a3349ad02300d046472d46cf6d31ae46\"},\"description\":\"Nazismo\",\"breadcrumb\":{\"@id\":\"https:\\\/\\\/www.nonsolomusicamagazine.it\\\/?p=13154#breadcrumb\"},\"inLanguage\":\"it-IT\",\"potentialAction\":[{\"@type\":\"ReadAction\",\"target\":[\"https:\\\/\\\/www.nonsolomusicamagazine.it\\\/?p=13154\"]}]},{\"@type\":\"ImageObject\",\"inLanguage\":\"it-IT\",\"@id\":\"https:\\\/\\\/www.nonsolomusicamagazine.it\\\/?p=13154#primaryimage\",\"url\":\"https:\\\/\\\/www.nonsolomusicamagazine.it\\\/wp-content\\\/uploads\\\/2025\\\/11\\\/FB_IMG_1763661040119.jpg\",\"contentUrl\":\"https:\\\/\\\/www.nonsolomusicamagazine.it\\\/wp-content\\\/uploads\\\/2025\\\/11\\\/FB_IMG_1763661040119.jpg\",\"width\":472,\"height\":877},{\"@type\":\"BreadcrumbList\",\"@id\":\"https:\\\/\\\/www.nonsolomusicamagazine.it\\\/?p=13154#breadcrumb\",\"itemListElement\":[{\"@type\":\"ListItem\",\"position\":1,\"name\":\"Home\",\"item\":\"https:\\\/\\\/www.nonsolomusicamagazine.it\\\/\"},{\"@type\":\"ListItem\",\"position\":2,\"name\":\"A SCUOLA DI NAZISMO\"}]},{\"@type\":\"WebSite\",\"@id\":\"https:\\\/\\\/www.nonsolomusicamagazine.it\\\/#website\",\"url\":\"https:\\\/\\\/www.nonsolomusicamagazine.it\\\/\",\"name\":\"Nonsolomusicamagazine\",\"description\":\"Dir. responsabile Manuel M Buccarella\",\"potentialAction\":[{\"@type\":\"SearchAction\",\"target\":{\"@type\":\"EntryPoint\",\"urlTemplate\":\"https:\\\/\\\/www.nonsolomusicamagazine.it\\\/?s={search_term_string}\"},\"query-input\":{\"@type\":\"PropertyValueSpecification\",\"valueRequired\":true,\"valueName\":\"search_term_string\"}}],\"inLanguage\":\"it-IT\"},{\"@type\":\"Person\",\"@id\":\"https:\\\/\\\/www.nonsolomusicamagazine.it\\\/#\\\/schema\\\/person\\\/a3349ad02300d046472d46cf6d31ae46\",\"name\":\"nonsolomusica\",\"image\":{\"@type\":\"ImageObject\",\"inLanguage\":\"it-IT\",\"@id\":\"https:\\\/\\\/www.nonsolomusicamagazine.it\\\/wp-content\\\/litespeed\\\/avatar\\\/3a675484bc84db6aba78d43bfc8b7197.jpg?ver=1776880798\",\"url\":\"https:\\\/\\\/www.nonsolomusicamagazine.it\\\/wp-content\\\/litespeed\\\/avatar\\\/3a675484bc84db6aba78d43bfc8b7197.jpg?ver=1776880798\",\"contentUrl\":\"https:\\\/\\\/www.nonsolomusicamagazine.it\\\/wp-content\\\/litespeed\\\/avatar\\\/3a675484bc84db6aba78d43bfc8b7197.jpg?ver=1776880798\",\"caption\":\"nonsolomusica\"},\"sameAs\":[\"https:\\\/\\\/www.nonsolomusicamagazine.it\"],\"url\":\"https:\\\/\\\/www.nonsolomusicamagazine.it\\\/?author=1\"}]}<\/script>\n<!-- \/ Yoast SEO plugin. -->","yoast_head_json":{"title":"A SCUOLA DI NAZISMO - NonSoloMusicaMagazine","description":"Nazismo","robots":{"index":"index","follow":"follow","max-snippet":"max-snippet:-1","max-image-preview":"max-image-preview:large","max-video-preview":"max-video-preview:-1"},"canonical":"https:\/\/www.nonsolomusicamagazine.it\/?p=13154","og_locale":"it_IT","og_type":"article","og_title":"A SCUOLA DI NAZISMO - NonSoloMusicaMagazine","og_description":"Nazismo","og_url":"https:\/\/www.nonsolomusicamagazine.it\/?p=13154","og_site_name":"NonSoloMusicaMagazine","article_published_time":"2025-11-20T17:54:05+00:00","article_modified_time":"2025-11-20T17:54:06+00:00","og_image":[{"width":472,"height":877,"url":"https:\/\/www.nonsolomusicamagazine.it\/wp-content\/uploads\/2025\/11\/FB_IMG_1763661040119.jpg","type":"image\/jpeg"}],"author":"nonsolomusica","twitter_card":"summary_large_image","twitter_misc":{"Scritto da":"nonsolomusica","Tempo di lettura stimato":"4 minuti"},"schema":{"@context":"https:\/\/schema.org","@graph":[{"@type":"Article","@id":"https:\/\/www.nonsolomusicamagazine.it\/?p=13154#article","isPartOf":{"@id":"https:\/\/www.nonsolomusicamagazine.it\/?p=13154"},"author":{"name":"nonsolomusica","@id":"https:\/\/www.nonsolomusicamagazine.it\/#\/schema\/person\/a3349ad02300d046472d46cf6d31ae46"},"headline":"A SCUOLA DI NAZISMO","datePublished":"2025-11-20T17:54:05+00:00","dateModified":"2025-11-20T17:54:06+00:00","mainEntityOfPage":{"@id":"https:\/\/www.nonsolomusicamagazine.it\/?p=13154"},"wordCount":548,"commentCount":0,"image":{"@id":"https:\/\/www.nonsolomusicamagazine.it\/?p=13154#primaryimage"},"thumbnailUrl":"https:\/\/www.nonsolomusicamagazine.it\/wp-content\/uploads\/2025\/11\/FB_IMG_1763661040119.jpg","keywords":["Autorit\u00e0 Nazionale Palestinese","Controllo","Gaza","Judenrat","Piano di pace","Risoluzione Consiglio di Sicurezza","Trump"],"articleSection":["Esteri","Politica"],"inLanguage":"it-IT","potentialAction":[{"@type":"CommentAction","name":"Comment","target":["https:\/\/www.nonsolomusicamagazine.it\/?p=13154#respond"]}]},{"@type":"WebPage","@id":"https:\/\/www.nonsolomusicamagazine.it\/?p=13154","url":"https:\/\/www.nonsolomusicamagazine.it\/?p=13154","name":"A SCUOLA DI NAZISMO - NonSoloMusicaMagazine","isPartOf":{"@id":"https:\/\/www.nonsolomusicamagazine.it\/#website"},"primaryImageOfPage":{"@id":"https:\/\/www.nonsolomusicamagazine.it\/?p=13154#primaryimage"},"image":{"@id":"https:\/\/www.nonsolomusicamagazine.it\/?p=13154#primaryimage"},"thumbnailUrl":"https:\/\/www.nonsolomusicamagazine.it\/wp-content\/uploads\/2025\/11\/FB_IMG_1763661040119.jpg","datePublished":"2025-11-20T17:54:05+00:00","dateModified":"2025-11-20T17:54:06+00:00","author":{"@id":"https:\/\/www.nonsolomusicamagazine.it\/#\/schema\/person\/a3349ad02300d046472d46cf6d31ae46"},"description":"Nazismo","breadcrumb":{"@id":"https:\/\/www.nonsolomusicamagazine.it\/?p=13154#breadcrumb"},"inLanguage":"it-IT","potentialAction":[{"@type":"ReadAction","target":["https:\/\/www.nonsolomusicamagazine.it\/?p=13154"]}]},{"@type":"ImageObject","inLanguage":"it-IT","@id":"https:\/\/www.nonsolomusicamagazine.it\/?p=13154#primaryimage","url":"https:\/\/www.nonsolomusicamagazine.it\/wp-content\/uploads\/2025\/11\/FB_IMG_1763661040119.jpg","contentUrl":"https:\/\/www.nonsolomusicamagazine.it\/wp-content\/uploads\/2025\/11\/FB_IMG_1763661040119.jpg","width":472,"height":877},{"@type":"BreadcrumbList","@id":"https:\/\/www.nonsolomusicamagazine.it\/?p=13154#breadcrumb","itemListElement":[{"@type":"ListItem","position":1,"name":"Home","item":"https:\/\/www.nonsolomusicamagazine.it\/"},{"@type":"ListItem","position":2,"name":"A SCUOLA DI NAZISMO"}]},{"@type":"WebSite","@id":"https:\/\/www.nonsolomusicamagazine.it\/#website","url":"https:\/\/www.nonsolomusicamagazine.it\/","name":"Nonsolomusicamagazine","description":"Dir. responsabile Manuel M Buccarella","potentialAction":[{"@type":"SearchAction","target":{"@type":"EntryPoint","urlTemplate":"https:\/\/www.nonsolomusicamagazine.it\/?s={search_term_string}"},"query-input":{"@type":"PropertyValueSpecification","valueRequired":true,"valueName":"search_term_string"}}],"inLanguage":"it-IT"},{"@type":"Person","@id":"https:\/\/www.nonsolomusicamagazine.it\/#\/schema\/person\/a3349ad02300d046472d46cf6d31ae46","name":"nonsolomusica","image":{"@type":"ImageObject","inLanguage":"it-IT","@id":"https:\/\/www.nonsolomusicamagazine.it\/wp-content\/litespeed\/avatar\/3a675484bc84db6aba78d43bfc8b7197.jpg?ver=1776880798","url":"https:\/\/www.nonsolomusicamagazine.it\/wp-content\/litespeed\/avatar\/3a675484bc84db6aba78d43bfc8b7197.jpg?ver=1776880798","contentUrl":"https:\/\/www.nonsolomusicamagazine.it\/wp-content\/litespeed\/avatar\/3a675484bc84db6aba78d43bfc8b7197.jpg?ver=1776880798","caption":"nonsolomusica"},"sameAs":["https:\/\/www.nonsolomusicamagazine.it"],"url":"https:\/\/www.nonsolomusicamagazine.it\/?author=1"}]}},"amp_enabled":true,"_links":{"self":[{"href":"https:\/\/www.nonsolomusicamagazine.it\/index.php?rest_route=\/wp\/v2\/posts\/13154","targetHints":{"allow":["GET"]}}],"collection":[{"href":"https:\/\/www.nonsolomusicamagazine.it\/index.php?rest_route=\/wp\/v2\/posts"}],"about":[{"href":"https:\/\/www.nonsolomusicamagazine.it\/index.php?rest_route=\/wp\/v2\/types\/post"}],"author":[{"embeddable":true,"href":"https:\/\/www.nonsolomusicamagazine.it\/index.php?rest_route=\/wp\/v2\/users\/1"}],"replies":[{"embeddable":true,"href":"https:\/\/www.nonsolomusicamagazine.it\/index.php?rest_route=%2Fwp%2Fv2%2Fcomments&post=13154"}],"version-history":[{"count":0,"href":"https:\/\/www.nonsolomusicamagazine.it\/index.php?rest_route=\/wp\/v2\/posts\/13154\/revisions"}],"wp:featuredmedia":[{"embeddable":true,"href":"https:\/\/www.nonsolomusicamagazine.it\/index.php?rest_route=\/wp\/v2\/media\/13155"}],"wp:attachment":[{"href":"https:\/\/www.nonsolomusicamagazine.it\/index.php?rest_route=%2Fwp%2Fv2%2Fmedia&parent=13154"}],"wp:term":[{"taxonomy":"category","embeddable":true,"href":"https:\/\/www.nonsolomusicamagazine.it\/index.php?rest_route=%2Fwp%2Fv2%2Fcategories&post=13154"},{"taxonomy":"post_tag","embeddable":true,"href":"https:\/\/www.nonsolomusicamagazine.it\/index.php?rest_route=%2Fwp%2Fv2%2Ftags&post=13154"}],"curies":[{"name":"wp","href":"https:\/\/api.w.org\/{rel}","templated":true}]}}