{"id":13236,"date":"2025-11-25T18:56:06","date_gmt":"2025-11-25T17:56:06","guid":{"rendered":"https:\/\/www.nonsolomusicamagazine.it\/?p=13236"},"modified":"2025-11-25T18:56:07","modified_gmt":"2025-11-25T17:56:07","slug":"i-miei-primi-80-anni-a-cuore-aperto-si-racconta-in-un-libro-autobiografico-il-cardiochirurgo-salentino-massimo-villani","status":"publish","type":"post","link":"https:\/\/www.nonsolomusicamagazine.it\/?p=13236","title":{"rendered":"\u201cI miei primi 80 anni a cuore aperto\u201d. Si racconta in un libro autobiografico il cardiochirurgo salentino Massimo Villani"},"content":{"rendered":"\n<p class=\"has-text-align-center\"><strong>Massimo Barbano<\/strong><\/p>\n\n\n\n<p>\u201cI miei primi 80 anni a cuore aperto\u201d.Non poteva essere pi\u00f9 emblematico il titolo del libro autobiografico scritto dal dottor Massimo Villani, noto per essere stato il fondatore della divisione di Cardiochirurgia dell\u2019ospedale \u201cVito Fazzi\u201d di Lecce, da decenni punto di riferimento per i pazienti delle province di Lecce, Brindisi e Taranto. <\/p>\n\n\n\n<p>Il libro sar\u00e0 presentato nell\u2019&#8221;Open Space&#8221; del Comune di Lecce in Piazza S Oronzo luned\u00ec 15 dicembre alle 18:30 con i saluti del sindaco Adriana Poli Bortone che ne ha scritto anche la prefazione. <\/p>\n\n\n\n<p>Parteciperanno l&#8217;Editore Pietro Graus di Napoli ed il giornalista Vito Pinto di Salerno, che dialogher\u00e0 con l\u2019autore. Nel testo, il dottor Villani racconta tutta la sua storia professionale iniziata giovanissimo, dopo la laurea conseguita nella facolt\u00e0 di Medicina dell\u2019Universit\u00e0 Federico II di Napoli, nell\u2019ospedale di Bergamo con il professore Lucio Parenzan, gi\u00e0 collaboratore di Christian Barnard, il chirurgo autore del primo trapianto di cuore nel mondo. Qui Massimo Villani fu il pi\u00f9 giovane cardiochirurgo in Italia ad operare a cuore aperto. E proprio in quel reparto comp\u00ec il suo primo \u201cmiracolo\u201d effettuando per la prima volta al mondo un intervento innovativo di correzione di una \u201ctetralogia di Fallot con canale atrio-ventricolare completo\u201d con la tecnica del doppio patch, tecnica oggi universalmente utilizzata.<\/p>\n\n\n\n<p>Nei decenni a seguire Massimo Villani \u00e8 stato uno dei pochi cardiochirurghi italiani ad avere eseguito tutta la cardiochirurgia, dai bambini, agli adulti, ai trapianti di cuore, finanche su un bambino di poche settimane e di tre chili di peso operato con la tecnica della ipotermia profonda. Una lotta contro il tempo, perch\u00e9 aveva a disposizione solo 55\/60 minuti. Riusc\u00ec a terminare felicemente l\u2019operazione in 45 minuti. Dopo anni di esperienza a Torino, nel 1998 Massimo Villani fonda la divisione di Cardiochirurgia di Lecce dove si \u00e8 definitamente stabilito proseguendo la sua carriera. <\/p>\n\n\n\n<p>Un libro ricco di grandi contenuti scientifici, ma anche di storie di vita, non solo per la sua competenza, ma anche per la sua profonda umanit\u00e0. Un giorno, durante la sua attivit\u00e0 a Lecce ricevette un messaggio da un giovane medico cinese di Wuhan, il quale gli chiedeva di poter venire a Lecce per potersi specializzare in Cardiochirurgia da lui per imparare il metodo di operazione a cuore battente senza la circolazione extracorporea. Villani scopr\u00ec che questo giovane medico tirocinante cinese veniva pagato nel suo paese appena 200 dollari al mese. Quindi si prodig\u00f2 per farlo ospitare presso il convento dei Comboniani di Lecce. Il medico rest\u00f2 sei mesi a Lecce con lui. Al termine fu Massimo Villani a pagargli il biglietto aereo per tornare in Cina. Tornato al suo ospedale, il dottor Xiang oper\u00f2 prima il padre della sua caposala, poi il preside della facolt\u00e0 di Medicina. Un successo che gli valse l\u2019apertura di un reparto di Cardiochirurgia dove fu il dirigente.Ma il medico cinese non dimentic\u00f2 il bene fattogli dal suo maestro. E nel marzo 2020, quando scoppi\u00f2 la pandemia di Covid e le strutture sanitarie italiane, compresa quelle di Lecce lottavano contro la carenza di mascherine, il dottor Xiang, apprese le notizie di quello che stava accadendo in Italia, mand\u00f2 al suo maestro 3000 mascherine che Massimo Villani don\u00f2 per il personale sanitario dell\u2019ospedale leccese.<\/p>\n\n\n\n<figure class=\"wp-block-image size-large\"><img decoding=\"async\" width=\"472\" height=\"1024\" src=\"https:\/\/www.nonsolomusicamagazine.it\/wp-content\/uploads\/2025\/11\/1000093724-472x1024.jpg\" alt=\"\" class=\"wp-image-13237\" srcset=\"https:\/\/www.nonsolomusicamagazine.it\/wp-content\/uploads\/2025\/11\/1000093724-472x1024.jpg 472w, https:\/\/www.nonsolomusicamagazine.it\/wp-content\/uploads\/2025\/11\/1000093724-138x300.jpg 138w, https:\/\/www.nonsolomusicamagazine.it\/wp-content\/uploads\/2025\/11\/1000093724-708x1536.jpg 708w, https:\/\/www.nonsolomusicamagazine.it\/wp-content\/uploads\/2025\/11\/1000093724.jpg 738w\" sizes=\"(max-width: 472px) 100vw, 472px\" \/><\/figure>\n","protected":false},"excerpt":{"rendered":"<p>Massimo Barbano \u201cI miei primi 80 anni a cuore aperto\u201d.Non poteva essere pi\u00f9 emblematico il titolo del libro autobiografico scritto dal dottor Massimo Villani, noto per essere stato il fondatore della divisione di Cardiochirurgia dell\u2019ospedale \u201cVito Fazzi\u201d di Lecce, da decenni punto di riferimento per i pazienti delle province di Lecce, Brindisi e Taranto. Il [&hellip;]<\/p>\n","protected":false},"author":1,"featured_media":13237,"comment_status":"open","ping_status":"closed","sticky":false,"template":"","format":"standard","meta":{"footnotes":""},"categories":[106,107],"tags":[5344,5346,52,1428,5345,4955],"class_list":["post-13236","post","type-post","status-publish","format-standard","has-post-thumbnail","hentry","category-cultura","category-salute","tag-a-cuore-aperto","tag-cardiochirurgia","tag-lecce","tag-libro","tag-massimo-villani","tag-presentazione"],"yoast_head":"<!-- This site is optimized with the Yoast SEO plugin v27.4 - https:\/\/yoast.com\/product\/yoast-seo-wordpress\/ -->\n<title>\u201cI miei primi 80 anni a cuore aperto\u201d. Si racconta in un libro autobiografico il cardiochirurgo salentino Massimo Villani - NonSoloMusicaMagazine<\/title>\n<meta name=\"description\" content=\"I miei primi 80 anni a cuore aperto.Massimo Villani\" \/>\n<meta name=\"robots\" content=\"index, follow, max-snippet:-1, max-image-preview:large, max-video-preview:-1\" \/>\n<link rel=\"canonical\" href=\"https:\/\/www.nonsolomusicamagazine.it\/?p=13236\" \/>\n<meta property=\"og:locale\" content=\"it_IT\" \/>\n<meta property=\"og:type\" content=\"article\" \/>\n<meta property=\"og:title\" content=\"\u201cI miei primi 80 anni a cuore aperto\u201d. Si racconta in un libro autobiografico il cardiochirurgo salentino Massimo Villani - NonSoloMusicaMagazine\" \/>\n<meta property=\"og:description\" content=\"I miei primi 80 anni a cuore aperto.Massimo Villani\" \/>\n<meta property=\"og:url\" content=\"https:\/\/www.nonsolomusicamagazine.it\/?p=13236\" \/>\n<meta property=\"og:site_name\" content=\"NonSoloMusicaMagazine\" \/>\n<meta property=\"article:published_time\" content=\"2025-11-25T17:56:06+00:00\" \/>\n<meta property=\"article:modified_time\" content=\"2025-11-25T17:56:07+00:00\" \/>\n<meta property=\"og:image\" content=\"https:\/\/www.nonsolomusicamagazine.it\/wp-content\/uploads\/2025\/11\/1000093724.jpg\" \/>\n\t<meta property=\"og:image:width\" content=\"738\" \/>\n\t<meta property=\"og:image:height\" content=\"1600\" \/>\n\t<meta property=\"og:image:type\" content=\"image\/jpeg\" \/>\n<meta name=\"author\" content=\"nonsolomusica\" \/>\n<meta name=\"twitter:card\" content=\"summary_large_image\" \/>\n<meta name=\"twitter:label1\" content=\"Scritto da\" \/>\n\t<meta name=\"twitter:data1\" content=\"nonsolomusica\" \/>\n\t<meta name=\"twitter:label2\" content=\"Tempo di lettura stimato\" \/>\n\t<meta name=\"twitter:data2\" content=\"4 minuti\" \/>\n<script type=\"application\/ld+json\" class=\"yoast-schema-graph\">{\"@context\":\"https:\\\/\\\/schema.org\",\"@graph\":[{\"@type\":\"Article\",\"@id\":\"https:\\\/\\\/www.nonsolomusicamagazine.it\\\/?p=13236#article\",\"isPartOf\":{\"@id\":\"https:\\\/\\\/www.nonsolomusicamagazine.it\\\/?p=13236\"},\"author\":{\"name\":\"nonsolomusica\",\"@id\":\"https:\\\/\\\/www.nonsolomusicamagazine.it\\\/#\\\/schema\\\/person\\\/a3349ad02300d046472d46cf6d31ae46\"},\"headline\":\"\u201cI miei primi 80 anni a cuore aperto\u201d. Si racconta in un libro autobiografico il cardiochirurgo salentino Massimo Villani\",\"datePublished\":\"2025-11-25T17:56:06+00:00\",\"dateModified\":\"2025-11-25T17:56:07+00:00\",\"mainEntityOfPage\":{\"@id\":\"https:\\\/\\\/www.nonsolomusicamagazine.it\\\/?p=13236\"},\"wordCount\":549,\"commentCount\":0,\"image\":{\"@id\":\"https:\\\/\\\/www.nonsolomusicamagazine.it\\\/?p=13236#primaryimage\"},\"thumbnailUrl\":\"https:\\\/\\\/www.nonsolomusicamagazine.it\\\/wp-content\\\/uploads\\\/2025\\\/11\\\/1000093724.jpg\",\"keywords\":[\"A cuore aperto\",\"Cardiochirurgia\",\"Lecce\",\"Libro\",\"Massimo Villani\",\"Presentazione\"],\"articleSection\":[\"Cultura\",\"Salute\"],\"inLanguage\":\"it-IT\",\"potentialAction\":[{\"@type\":\"CommentAction\",\"name\":\"Comment\",\"target\":[\"https:\\\/\\\/www.nonsolomusicamagazine.it\\\/?p=13236#respond\"]}]},{\"@type\":\"WebPage\",\"@id\":\"https:\\\/\\\/www.nonsolomusicamagazine.it\\\/?p=13236\",\"url\":\"https:\\\/\\\/www.nonsolomusicamagazine.it\\\/?p=13236\",\"name\":\"\u201cI miei primi 80 anni a cuore aperto\u201d. Si racconta in un libro autobiografico il cardiochirurgo salentino Massimo Villani - NonSoloMusicaMagazine\",\"isPartOf\":{\"@id\":\"https:\\\/\\\/www.nonsolomusicamagazine.it\\\/#website\"},\"primaryImageOfPage\":{\"@id\":\"https:\\\/\\\/www.nonsolomusicamagazine.it\\\/?p=13236#primaryimage\"},\"image\":{\"@id\":\"https:\\\/\\\/www.nonsolomusicamagazine.it\\\/?p=13236#primaryimage\"},\"thumbnailUrl\":\"https:\\\/\\\/www.nonsolomusicamagazine.it\\\/wp-content\\\/uploads\\\/2025\\\/11\\\/1000093724.jpg\",\"datePublished\":\"2025-11-25T17:56:06+00:00\",\"dateModified\":\"2025-11-25T17:56:07+00:00\",\"author\":{\"@id\":\"https:\\\/\\\/www.nonsolomusicamagazine.it\\\/#\\\/schema\\\/person\\\/a3349ad02300d046472d46cf6d31ae46\"},\"description\":\"I miei primi 80 anni a cuore aperto.Massimo Villani\",\"breadcrumb\":{\"@id\":\"https:\\\/\\\/www.nonsolomusicamagazine.it\\\/?p=13236#breadcrumb\"},\"inLanguage\":\"it-IT\",\"potentialAction\":[{\"@type\":\"ReadAction\",\"target\":[\"https:\\\/\\\/www.nonsolomusicamagazine.it\\\/?p=13236\"]}]},{\"@type\":\"ImageObject\",\"inLanguage\":\"it-IT\",\"@id\":\"https:\\\/\\\/www.nonsolomusicamagazine.it\\\/?p=13236#primaryimage\",\"url\":\"https:\\\/\\\/www.nonsolomusicamagazine.it\\\/wp-content\\\/uploads\\\/2025\\\/11\\\/1000093724.jpg\",\"contentUrl\":\"https:\\\/\\\/www.nonsolomusicamagazine.it\\\/wp-content\\\/uploads\\\/2025\\\/11\\\/1000093724.jpg\",\"width\":738,\"height\":1600},{\"@type\":\"BreadcrumbList\",\"@id\":\"https:\\\/\\\/www.nonsolomusicamagazine.it\\\/?p=13236#breadcrumb\",\"itemListElement\":[{\"@type\":\"ListItem\",\"position\":1,\"name\":\"Home\",\"item\":\"https:\\\/\\\/www.nonsolomusicamagazine.it\\\/\"},{\"@type\":\"ListItem\",\"position\":2,\"name\":\"\u201cI miei primi 80 anni a cuore aperto\u201d. Si racconta in un libro autobiografico il cardiochirurgo salentino Massimo Villani\"}]},{\"@type\":\"WebSite\",\"@id\":\"https:\\\/\\\/www.nonsolomusicamagazine.it\\\/#website\",\"url\":\"https:\\\/\\\/www.nonsolomusicamagazine.it\\\/\",\"name\":\"Nonsolomusicamagazine\",\"description\":\"Dir. responsabile Manuel M Buccarella\",\"potentialAction\":[{\"@type\":\"SearchAction\",\"target\":{\"@type\":\"EntryPoint\",\"urlTemplate\":\"https:\\\/\\\/www.nonsolomusicamagazine.it\\\/?s={search_term_string}\"},\"query-input\":{\"@type\":\"PropertyValueSpecification\",\"valueRequired\":true,\"valueName\":\"search_term_string\"}}],\"inLanguage\":\"it-IT\"},{\"@type\":\"Person\",\"@id\":\"https:\\\/\\\/www.nonsolomusicamagazine.it\\\/#\\\/schema\\\/person\\\/a3349ad02300d046472d46cf6d31ae46\",\"name\":\"nonsolomusica\",\"image\":{\"@type\":\"ImageObject\",\"inLanguage\":\"it-IT\",\"@id\":\"https:\\\/\\\/www.nonsolomusicamagazine.it\\\/wp-content\\\/litespeed\\\/avatar\\\/3a675484bc84db6aba78d43bfc8b7197.jpg?ver=1776880798\",\"url\":\"https:\\\/\\\/www.nonsolomusicamagazine.it\\\/wp-content\\\/litespeed\\\/avatar\\\/3a675484bc84db6aba78d43bfc8b7197.jpg?ver=1776880798\",\"contentUrl\":\"https:\\\/\\\/www.nonsolomusicamagazine.it\\\/wp-content\\\/litespeed\\\/avatar\\\/3a675484bc84db6aba78d43bfc8b7197.jpg?ver=1776880798\",\"caption\":\"nonsolomusica\"},\"sameAs\":[\"https:\\\/\\\/www.nonsolomusicamagazine.it\"],\"url\":\"https:\\\/\\\/www.nonsolomusicamagazine.it\\\/?author=1\"}]}<\/script>\n<!-- \/ Yoast SEO plugin. -->","yoast_head_json":{"title":"\u201cI miei primi 80 anni a cuore aperto\u201d. Si racconta in un libro autobiografico il cardiochirurgo salentino Massimo Villani - NonSoloMusicaMagazine","description":"I miei primi 80 anni a cuore aperto.Massimo Villani","robots":{"index":"index","follow":"follow","max-snippet":"max-snippet:-1","max-image-preview":"max-image-preview:large","max-video-preview":"max-video-preview:-1"},"canonical":"https:\/\/www.nonsolomusicamagazine.it\/?p=13236","og_locale":"it_IT","og_type":"article","og_title":"\u201cI miei primi 80 anni a cuore aperto\u201d. Si racconta in un libro autobiografico il cardiochirurgo salentino Massimo Villani - NonSoloMusicaMagazine","og_description":"I miei primi 80 anni a cuore aperto.Massimo Villani","og_url":"https:\/\/www.nonsolomusicamagazine.it\/?p=13236","og_site_name":"NonSoloMusicaMagazine","article_published_time":"2025-11-25T17:56:06+00:00","article_modified_time":"2025-11-25T17:56:07+00:00","og_image":[{"width":738,"height":1600,"url":"https:\/\/www.nonsolomusicamagazine.it\/wp-content\/uploads\/2025\/11\/1000093724.jpg","type":"image\/jpeg"}],"author":"nonsolomusica","twitter_card":"summary_large_image","twitter_misc":{"Scritto da":"nonsolomusica","Tempo di lettura stimato":"4 minuti"},"schema":{"@context":"https:\/\/schema.org","@graph":[{"@type":"Article","@id":"https:\/\/www.nonsolomusicamagazine.it\/?p=13236#article","isPartOf":{"@id":"https:\/\/www.nonsolomusicamagazine.it\/?p=13236"},"author":{"name":"nonsolomusica","@id":"https:\/\/www.nonsolomusicamagazine.it\/#\/schema\/person\/a3349ad02300d046472d46cf6d31ae46"},"headline":"\u201cI miei primi 80 anni a cuore aperto\u201d. Si racconta in un libro autobiografico il cardiochirurgo salentino Massimo Villani","datePublished":"2025-11-25T17:56:06+00:00","dateModified":"2025-11-25T17:56:07+00:00","mainEntityOfPage":{"@id":"https:\/\/www.nonsolomusicamagazine.it\/?p=13236"},"wordCount":549,"commentCount":0,"image":{"@id":"https:\/\/www.nonsolomusicamagazine.it\/?p=13236#primaryimage"},"thumbnailUrl":"https:\/\/www.nonsolomusicamagazine.it\/wp-content\/uploads\/2025\/11\/1000093724.jpg","keywords":["A cuore aperto","Cardiochirurgia","Lecce","Libro","Massimo Villani","Presentazione"],"articleSection":["Cultura","Salute"],"inLanguage":"it-IT","potentialAction":[{"@type":"CommentAction","name":"Comment","target":["https:\/\/www.nonsolomusicamagazine.it\/?p=13236#respond"]}]},{"@type":"WebPage","@id":"https:\/\/www.nonsolomusicamagazine.it\/?p=13236","url":"https:\/\/www.nonsolomusicamagazine.it\/?p=13236","name":"\u201cI miei primi 80 anni a cuore aperto\u201d. Si racconta in un libro autobiografico il cardiochirurgo salentino Massimo Villani - NonSoloMusicaMagazine","isPartOf":{"@id":"https:\/\/www.nonsolomusicamagazine.it\/#website"},"primaryImageOfPage":{"@id":"https:\/\/www.nonsolomusicamagazine.it\/?p=13236#primaryimage"},"image":{"@id":"https:\/\/www.nonsolomusicamagazine.it\/?p=13236#primaryimage"},"thumbnailUrl":"https:\/\/www.nonsolomusicamagazine.it\/wp-content\/uploads\/2025\/11\/1000093724.jpg","datePublished":"2025-11-25T17:56:06+00:00","dateModified":"2025-11-25T17:56:07+00:00","author":{"@id":"https:\/\/www.nonsolomusicamagazine.it\/#\/schema\/person\/a3349ad02300d046472d46cf6d31ae46"},"description":"I miei primi 80 anni a cuore aperto.Massimo Villani","breadcrumb":{"@id":"https:\/\/www.nonsolomusicamagazine.it\/?p=13236#breadcrumb"},"inLanguage":"it-IT","potentialAction":[{"@type":"ReadAction","target":["https:\/\/www.nonsolomusicamagazine.it\/?p=13236"]}]},{"@type":"ImageObject","inLanguage":"it-IT","@id":"https:\/\/www.nonsolomusicamagazine.it\/?p=13236#primaryimage","url":"https:\/\/www.nonsolomusicamagazine.it\/wp-content\/uploads\/2025\/11\/1000093724.jpg","contentUrl":"https:\/\/www.nonsolomusicamagazine.it\/wp-content\/uploads\/2025\/11\/1000093724.jpg","width":738,"height":1600},{"@type":"BreadcrumbList","@id":"https:\/\/www.nonsolomusicamagazine.it\/?p=13236#breadcrumb","itemListElement":[{"@type":"ListItem","position":1,"name":"Home","item":"https:\/\/www.nonsolomusicamagazine.it\/"},{"@type":"ListItem","position":2,"name":"\u201cI miei primi 80 anni a cuore aperto\u201d. Si racconta in un libro autobiografico il cardiochirurgo salentino Massimo Villani"}]},{"@type":"WebSite","@id":"https:\/\/www.nonsolomusicamagazine.it\/#website","url":"https:\/\/www.nonsolomusicamagazine.it\/","name":"Nonsolomusicamagazine","description":"Dir. responsabile Manuel M Buccarella","potentialAction":[{"@type":"SearchAction","target":{"@type":"EntryPoint","urlTemplate":"https:\/\/www.nonsolomusicamagazine.it\/?s={search_term_string}"},"query-input":{"@type":"PropertyValueSpecification","valueRequired":true,"valueName":"search_term_string"}}],"inLanguage":"it-IT"},{"@type":"Person","@id":"https:\/\/www.nonsolomusicamagazine.it\/#\/schema\/person\/a3349ad02300d046472d46cf6d31ae46","name":"nonsolomusica","image":{"@type":"ImageObject","inLanguage":"it-IT","@id":"https:\/\/www.nonsolomusicamagazine.it\/wp-content\/litespeed\/avatar\/3a675484bc84db6aba78d43bfc8b7197.jpg?ver=1776880798","url":"https:\/\/www.nonsolomusicamagazine.it\/wp-content\/litespeed\/avatar\/3a675484bc84db6aba78d43bfc8b7197.jpg?ver=1776880798","contentUrl":"https:\/\/www.nonsolomusicamagazine.it\/wp-content\/litespeed\/avatar\/3a675484bc84db6aba78d43bfc8b7197.jpg?ver=1776880798","caption":"nonsolomusica"},"sameAs":["https:\/\/www.nonsolomusicamagazine.it"],"url":"https:\/\/www.nonsolomusicamagazine.it\/?author=1"}]}},"amp_enabled":true,"_links":{"self":[{"href":"https:\/\/www.nonsolomusicamagazine.it\/index.php?rest_route=\/wp\/v2\/posts\/13236","targetHints":{"allow":["GET"]}}],"collection":[{"href":"https:\/\/www.nonsolomusicamagazine.it\/index.php?rest_route=\/wp\/v2\/posts"}],"about":[{"href":"https:\/\/www.nonsolomusicamagazine.it\/index.php?rest_route=\/wp\/v2\/types\/post"}],"author":[{"embeddable":true,"href":"https:\/\/www.nonsolomusicamagazine.it\/index.php?rest_route=\/wp\/v2\/users\/1"}],"replies":[{"embeddable":true,"href":"https:\/\/www.nonsolomusicamagazine.it\/index.php?rest_route=%2Fwp%2Fv2%2Fcomments&post=13236"}],"version-history":[{"count":1,"href":"https:\/\/www.nonsolomusicamagazine.it\/index.php?rest_route=\/wp\/v2\/posts\/13236\/revisions"}],"predecessor-version":[{"id":13238,"href":"https:\/\/www.nonsolomusicamagazine.it\/index.php?rest_route=\/wp\/v2\/posts\/13236\/revisions\/13238"}],"wp:featuredmedia":[{"embeddable":true,"href":"https:\/\/www.nonsolomusicamagazine.it\/index.php?rest_route=\/wp\/v2\/media\/13237"}],"wp:attachment":[{"href":"https:\/\/www.nonsolomusicamagazine.it\/index.php?rest_route=%2Fwp%2Fv2%2Fmedia&parent=13236"}],"wp:term":[{"taxonomy":"category","embeddable":true,"href":"https:\/\/www.nonsolomusicamagazine.it\/index.php?rest_route=%2Fwp%2Fv2%2Fcategories&post=13236"},{"taxonomy":"post_tag","embeddable":true,"href":"https:\/\/www.nonsolomusicamagazine.it\/index.php?rest_route=%2Fwp%2Fv2%2Ftags&post=13236"}],"curies":[{"name":"wp","href":"https:\/\/api.w.org\/{rel}","templated":true}]}}