{"id":13244,"date":"2025-11-26T18:40:13","date_gmt":"2025-11-26T17:40:13","guid":{"rendered":"https:\/\/www.nonsolomusicamagazine.it\/?p=13244"},"modified":"2025-11-26T18:40:15","modified_gmt":"2025-11-26T17:40:15","slug":"la-sindaca-di-genova-silvia-salis-introduce-leducazione-sessuo-affettiva-in-alcune-scuole-materne-della-citta","status":"publish","type":"post","link":"https:\/\/www.nonsolomusicamagazine.it\/?p=13244","title":{"rendered":"La sindaca di Genova Silvia Salis introduce l&#8217;educazione sessuo-affettiva in alcune scuole materne della citt\u00e0."},"content":{"rendered":"\n<p class=\"has-text-align-center\"><em>ma.bu.<\/em><\/p>\n\n\n\n<p>La sindaca di Genova Silvia Salis, senza attendere una legge del Parlamento che difficilmente arriver\u00e0, ha deciso di introdurre l\u2019educazione sessuo-affettiva nelle scuole di Genova. E lo ha fatto a cominciare dalla scuola materna.<\/p>\n\n\n\n<p>Si tratta di un progetto piccolo ma straordinario, a costo zero, che coinvolger\u00e0 a partire da gennaio 300 bambini tra i 3 e 5 anni in quattro scuole dell\u2019infanzia, grazie alla collaborazione dei centri anti-violenza.<\/p>\n\n\n\n<p>\u201cC\u2019\u00e8 ancora chi sostiene che l\u2019educazione sessuo-affettiva a scuola non serva o che debba essere lasciata esclusivamente alle famiglie. Noi pensiamo invece che lo Stato abbia la responsabilit\u00e0 di educare e che il sindaco debba essere il primo a dare un segnale&#8221;, ha detto la sindaca accompagnando la presentazione del progetto.<\/p>\n\n\n\n<p>&#8220;Che differenza abissale &#8211; commenta il giornalista e scrittore genovese Lorenzo Tosa su Facebook &#8211; con quello che sentiamo ogni giorno da Giorgia Meloni, dai Nordio, dalle Roccella, dalle frasi irriferibili, medievali sulla violenza di genere, sui femminicidi.In un Paese che regredisce ogni giorno di pi\u00f9, Silvia Salis sta contribuendo a costruire le basi emotive e affettive degli uomini di domani, consapevoli del rapporto col proprio corpo e la propria sessualit\u00e0, con s\u00e9 stessi e con gli altri&#8221;.<\/p>\n\n\n\n<p>\u201cLa Verit\u00e0\u201d di Maurizio Belpietro tuona contro la sindaca di Genova e la sua sperimentazione dell\u2019educazione sessuo-affettiva nelle scuole materne.Grida alla fantomatica teoria del gender che, secondo la destra, \u201cgenera smarrimento\u201d nei nostri bambini (cit. Piciocchi).Viene persino scomodata una sentenza della Corte di Cassazione che stabilisce \u201cl\u2019importanza di un approccio graduale e concordato tenendo conto dell\u2019et\u00e0 e della maturit\u00e0 degli alunni\u201d.Ovvero, esattamente la base dell\u2019educazione sessuo-affettiva.<\/p>\n\n\n\n<p>Fratelli d\u2019Italia teme che la scuola si voglia \u201csostituire\u201d alla famiglia. &#8220;Ma nessuno si vuole sostituire &#8211; replica sempre Tosa &#8211; Si chiamano semplicemente professionisti, che qualcosina in pi\u00f9 in tema di sessualit\u00e0 e affettivit\u00e0 ne sanno rispetto ai genitori medi, com\u2019\u00e8 normale che sia&#8221;.<\/p>\n\n\n\n<figure class=\"wp-block-image size-large\"><img decoding=\"async\" width=\"833\" height=\"1024\" src=\"https:\/\/www.nonsolomusicamagazine.it\/wp-content\/uploads\/2025\/11\/1000093819-833x1024.jpg\" alt=\"\" class=\"wp-image-13248\" srcset=\"https:\/\/www.nonsolomusicamagazine.it\/wp-content\/uploads\/2025\/11\/1000093819-833x1024.jpg 833w, https:\/\/www.nonsolomusicamagazine.it\/wp-content\/uploads\/2025\/11\/1000093819-244x300.jpg 244w, https:\/\/www.nonsolomusicamagazine.it\/wp-content\/uploads\/2025\/11\/1000093819-768x944.jpg 768w, https:\/\/www.nonsolomusicamagazine.it\/wp-content\/uploads\/2025\/11\/1000093819.jpg 1069w\" sizes=\"(max-width: 833px) 100vw, 833px\" \/><\/figure>\n","protected":false},"excerpt":{"rendered":"<p>ma.bu. La sindaca di Genova Silvia Salis, senza attendere una legge del Parlamento che difficilmente arriver\u00e0, ha deciso di introdurre l\u2019educazione sessuo-affettiva nelle scuole di Genova. E lo ha fatto a cominciare dalla scuola materna. Si tratta di un progetto piccolo ma straordinario, a costo zero, che coinvolger\u00e0 a partire da gennaio 300 bambini tra [&hellip;]<\/p>\n","protected":false},"author":1,"featured_media":13248,"comment_status":"open","ping_status":"closed","sticky":false,"template":"","format":"standard","meta":{"footnotes":""},"categories":[106,5,20],"tags":[5355,5352,1000,5354,5353,4674],"class_list":["post-13244","post","type-post","status-publish","format-standard","has-post-thumbnail","hentry","category-cultura","category-politica","category-societa","tag-critiche","tag-educazione-sessuo-affettiva","tag-genova","tag-la-verita","tag-scuola-materna","tag-silvia-salis"],"yoast_head":"<!-- This site is optimized with the Yoast SEO plugin v27.4 - https:\/\/yoast.com\/product\/yoast-seo-wordpress\/ -->\n<title>La sindaca di Genova Silvia Salis introduce l&#039;educazione sessuo-affettiva in alcune scuole materne della citt\u00e0. - NonSoloMusicaMagazine<\/title>\n<meta name=\"description\" content=\"La sindaca di Genova Silvia Salis introduce l&#039;educazione sessuo-affettiva in alcune scuole materne della citt\u00e0.\" \/>\n<meta name=\"robots\" content=\"index, follow, max-snippet:-1, max-image-preview:large, max-video-preview:-1\" \/>\n<link rel=\"canonical\" href=\"https:\/\/www.nonsolomusicamagazine.it\/?p=13244\" \/>\n<meta property=\"og:locale\" content=\"it_IT\" \/>\n<meta property=\"og:type\" content=\"article\" \/>\n<meta property=\"og:title\" content=\"La sindaca di Genova Silvia Salis introduce l&#039;educazione sessuo-affettiva in alcune scuole materne della citt\u00e0. - NonSoloMusicaMagazine\" \/>\n<meta property=\"og:description\" content=\"La sindaca di Genova Silvia Salis introduce l&#039;educazione sessuo-affettiva in alcune scuole materne della citt\u00e0.\" \/>\n<meta property=\"og:url\" content=\"https:\/\/www.nonsolomusicamagazine.it\/?p=13244\" \/>\n<meta property=\"og:site_name\" content=\"NonSoloMusicaMagazine\" \/>\n<meta property=\"article:published_time\" content=\"2025-11-26T17:40:13+00:00\" \/>\n<meta property=\"article:modified_time\" content=\"2025-11-26T17:40:15+00:00\" \/>\n<meta property=\"og:image\" content=\"https:\/\/www.nonsolomusicamagazine.it\/wp-content\/uploads\/2025\/11\/1000093819.jpg\" \/>\n\t<meta property=\"og:image:width\" content=\"1069\" \/>\n\t<meta property=\"og:image:height\" content=\"1314\" \/>\n\t<meta property=\"og:image:type\" content=\"image\/jpeg\" \/>\n<meta name=\"author\" content=\"nonsolomusica\" \/>\n<meta name=\"twitter:card\" content=\"summary_large_image\" \/>\n<meta name=\"twitter:label1\" content=\"Scritto da\" \/>\n\t<meta name=\"twitter:data1\" content=\"nonsolomusica\" \/>\n\t<meta name=\"twitter:label2\" content=\"Tempo di lettura stimato\" \/>\n\t<meta name=\"twitter:data2\" content=\"3 minuti\" \/>\n<script type=\"application\/ld+json\" class=\"yoast-schema-graph\">{\"@context\":\"https:\\\/\\\/schema.org\",\"@graph\":[{\"@type\":\"Article\",\"@id\":\"https:\\\/\\\/www.nonsolomusicamagazine.it\\\/?p=13244#article\",\"isPartOf\":{\"@id\":\"https:\\\/\\\/www.nonsolomusicamagazine.it\\\/?p=13244\"},\"author\":{\"name\":\"nonsolomusica\",\"@id\":\"https:\\\/\\\/www.nonsolomusicamagazine.it\\\/#\\\/schema\\\/person\\\/a3349ad02300d046472d46cf6d31ae46\"},\"headline\":\"La sindaca di Genova Silvia Salis introduce l&#8217;educazione sessuo-affettiva in alcune scuole materne della citt\u00e0.\",\"datePublished\":\"2025-11-26T17:40:13+00:00\",\"dateModified\":\"2025-11-26T17:40:15+00:00\",\"mainEntityOfPage\":{\"@id\":\"https:\\\/\\\/www.nonsolomusicamagazine.it\\\/?p=13244\"},\"wordCount\":336,\"commentCount\":0,\"image\":{\"@id\":\"https:\\\/\\\/www.nonsolomusicamagazine.it\\\/?p=13244#primaryimage\"},\"thumbnailUrl\":\"https:\\\/\\\/www.nonsolomusicamagazine.it\\\/wp-content\\\/uploads\\\/2025\\\/11\\\/1000093819.jpg\",\"keywords\":[\"Critiche\",\"Educazione sessuo-affettiva\",\"Genova\",\"La Verit\u00e0\",\"Scuola materna\",\"Silvia Salis\"],\"articleSection\":[\"Cultura\",\"Politica\",\"Societ\u00e0\"],\"inLanguage\":\"it-IT\",\"potentialAction\":[{\"@type\":\"CommentAction\",\"name\":\"Comment\",\"target\":[\"https:\\\/\\\/www.nonsolomusicamagazine.it\\\/?p=13244#respond\"]}]},{\"@type\":\"WebPage\",\"@id\":\"https:\\\/\\\/www.nonsolomusicamagazine.it\\\/?p=13244\",\"url\":\"https:\\\/\\\/www.nonsolomusicamagazine.it\\\/?p=13244\",\"name\":\"La sindaca di Genova Silvia Salis introduce l'educazione sessuo-affettiva in alcune scuole materne della citt\u00e0. - NonSoloMusicaMagazine\",\"isPartOf\":{\"@id\":\"https:\\\/\\\/www.nonsolomusicamagazine.it\\\/#website\"},\"primaryImageOfPage\":{\"@id\":\"https:\\\/\\\/www.nonsolomusicamagazine.it\\\/?p=13244#primaryimage\"},\"image\":{\"@id\":\"https:\\\/\\\/www.nonsolomusicamagazine.it\\\/?p=13244#primaryimage\"},\"thumbnailUrl\":\"https:\\\/\\\/www.nonsolomusicamagazine.it\\\/wp-content\\\/uploads\\\/2025\\\/11\\\/1000093819.jpg\",\"datePublished\":\"2025-11-26T17:40:13+00:00\",\"dateModified\":\"2025-11-26T17:40:15+00:00\",\"author\":{\"@id\":\"https:\\\/\\\/www.nonsolomusicamagazine.it\\\/#\\\/schema\\\/person\\\/a3349ad02300d046472d46cf6d31ae46\"},\"description\":\"La sindaca di Genova Silvia Salis introduce l'educazione sessuo-affettiva in alcune scuole materne della citt\u00e0.\",\"breadcrumb\":{\"@id\":\"https:\\\/\\\/www.nonsolomusicamagazine.it\\\/?p=13244#breadcrumb\"},\"inLanguage\":\"it-IT\",\"potentialAction\":[{\"@type\":\"ReadAction\",\"target\":[\"https:\\\/\\\/www.nonsolomusicamagazine.it\\\/?p=13244\"]}]},{\"@type\":\"ImageObject\",\"inLanguage\":\"it-IT\",\"@id\":\"https:\\\/\\\/www.nonsolomusicamagazine.it\\\/?p=13244#primaryimage\",\"url\":\"https:\\\/\\\/www.nonsolomusicamagazine.it\\\/wp-content\\\/uploads\\\/2025\\\/11\\\/1000093819.jpg\",\"contentUrl\":\"https:\\\/\\\/www.nonsolomusicamagazine.it\\\/wp-content\\\/uploads\\\/2025\\\/11\\\/1000093819.jpg\",\"width\":1069,\"height\":1314},{\"@type\":\"BreadcrumbList\",\"@id\":\"https:\\\/\\\/www.nonsolomusicamagazine.it\\\/?p=13244#breadcrumb\",\"itemListElement\":[{\"@type\":\"ListItem\",\"position\":1,\"name\":\"Home\",\"item\":\"https:\\\/\\\/www.nonsolomusicamagazine.it\\\/\"},{\"@type\":\"ListItem\",\"position\":2,\"name\":\"La sindaca di Genova Silvia Salis introduce l&#8217;educazione sessuo-affettiva in alcune scuole materne della citt\u00e0.\"}]},{\"@type\":\"WebSite\",\"@id\":\"https:\\\/\\\/www.nonsolomusicamagazine.it\\\/#website\",\"url\":\"https:\\\/\\\/www.nonsolomusicamagazine.it\\\/\",\"name\":\"Nonsolomusicamagazine\",\"description\":\"Dir. responsabile Manuel M Buccarella\",\"potentialAction\":[{\"@type\":\"SearchAction\",\"target\":{\"@type\":\"EntryPoint\",\"urlTemplate\":\"https:\\\/\\\/www.nonsolomusicamagazine.it\\\/?s={search_term_string}\"},\"query-input\":{\"@type\":\"PropertyValueSpecification\",\"valueRequired\":true,\"valueName\":\"search_term_string\"}}],\"inLanguage\":\"it-IT\"},{\"@type\":\"Person\",\"@id\":\"https:\\\/\\\/www.nonsolomusicamagazine.it\\\/#\\\/schema\\\/person\\\/a3349ad02300d046472d46cf6d31ae46\",\"name\":\"nonsolomusica\",\"image\":{\"@type\":\"ImageObject\",\"inLanguage\":\"it-IT\",\"@id\":\"https:\\\/\\\/www.nonsolomusicamagazine.it\\\/wp-content\\\/litespeed\\\/avatar\\\/3a675484bc84db6aba78d43bfc8b7197.jpg?ver=1776880798\",\"url\":\"https:\\\/\\\/www.nonsolomusicamagazine.it\\\/wp-content\\\/litespeed\\\/avatar\\\/3a675484bc84db6aba78d43bfc8b7197.jpg?ver=1776880798\",\"contentUrl\":\"https:\\\/\\\/www.nonsolomusicamagazine.it\\\/wp-content\\\/litespeed\\\/avatar\\\/3a675484bc84db6aba78d43bfc8b7197.jpg?ver=1776880798\",\"caption\":\"nonsolomusica\"},\"sameAs\":[\"https:\\\/\\\/www.nonsolomusicamagazine.it\"],\"url\":\"https:\\\/\\\/www.nonsolomusicamagazine.it\\\/?author=1\"}]}<\/script>\n<!-- \/ Yoast SEO plugin. -->","yoast_head_json":{"title":"La sindaca di Genova Silvia Salis introduce l'educazione sessuo-affettiva in alcune scuole materne della citt\u00e0. - NonSoloMusicaMagazine","description":"La sindaca di Genova Silvia Salis introduce l'educazione sessuo-affettiva in alcune scuole materne della citt\u00e0.","robots":{"index":"index","follow":"follow","max-snippet":"max-snippet:-1","max-image-preview":"max-image-preview:large","max-video-preview":"max-video-preview:-1"},"canonical":"https:\/\/www.nonsolomusicamagazine.it\/?p=13244","og_locale":"it_IT","og_type":"article","og_title":"La sindaca di Genova Silvia Salis introduce l'educazione sessuo-affettiva in alcune scuole materne della citt\u00e0. - NonSoloMusicaMagazine","og_description":"La sindaca di Genova Silvia Salis introduce l'educazione sessuo-affettiva in alcune scuole materne della citt\u00e0.","og_url":"https:\/\/www.nonsolomusicamagazine.it\/?p=13244","og_site_name":"NonSoloMusicaMagazine","article_published_time":"2025-11-26T17:40:13+00:00","article_modified_time":"2025-11-26T17:40:15+00:00","og_image":[{"width":1069,"height":1314,"url":"https:\/\/www.nonsolomusicamagazine.it\/wp-content\/uploads\/2025\/11\/1000093819.jpg","type":"image\/jpeg"}],"author":"nonsolomusica","twitter_card":"summary_large_image","twitter_misc":{"Scritto da":"nonsolomusica","Tempo di lettura stimato":"3 minuti"},"schema":{"@context":"https:\/\/schema.org","@graph":[{"@type":"Article","@id":"https:\/\/www.nonsolomusicamagazine.it\/?p=13244#article","isPartOf":{"@id":"https:\/\/www.nonsolomusicamagazine.it\/?p=13244"},"author":{"name":"nonsolomusica","@id":"https:\/\/www.nonsolomusicamagazine.it\/#\/schema\/person\/a3349ad02300d046472d46cf6d31ae46"},"headline":"La sindaca di Genova Silvia Salis introduce l&#8217;educazione sessuo-affettiva in alcune scuole materne della citt\u00e0.","datePublished":"2025-11-26T17:40:13+00:00","dateModified":"2025-11-26T17:40:15+00:00","mainEntityOfPage":{"@id":"https:\/\/www.nonsolomusicamagazine.it\/?p=13244"},"wordCount":336,"commentCount":0,"image":{"@id":"https:\/\/www.nonsolomusicamagazine.it\/?p=13244#primaryimage"},"thumbnailUrl":"https:\/\/www.nonsolomusicamagazine.it\/wp-content\/uploads\/2025\/11\/1000093819.jpg","keywords":["Critiche","Educazione sessuo-affettiva","Genova","La Verit\u00e0","Scuola materna","Silvia Salis"],"articleSection":["Cultura","Politica","Societ\u00e0"],"inLanguage":"it-IT","potentialAction":[{"@type":"CommentAction","name":"Comment","target":["https:\/\/www.nonsolomusicamagazine.it\/?p=13244#respond"]}]},{"@type":"WebPage","@id":"https:\/\/www.nonsolomusicamagazine.it\/?p=13244","url":"https:\/\/www.nonsolomusicamagazine.it\/?p=13244","name":"La sindaca di Genova Silvia Salis introduce l'educazione sessuo-affettiva in alcune scuole materne della citt\u00e0. - NonSoloMusicaMagazine","isPartOf":{"@id":"https:\/\/www.nonsolomusicamagazine.it\/#website"},"primaryImageOfPage":{"@id":"https:\/\/www.nonsolomusicamagazine.it\/?p=13244#primaryimage"},"image":{"@id":"https:\/\/www.nonsolomusicamagazine.it\/?p=13244#primaryimage"},"thumbnailUrl":"https:\/\/www.nonsolomusicamagazine.it\/wp-content\/uploads\/2025\/11\/1000093819.jpg","datePublished":"2025-11-26T17:40:13+00:00","dateModified":"2025-11-26T17:40:15+00:00","author":{"@id":"https:\/\/www.nonsolomusicamagazine.it\/#\/schema\/person\/a3349ad02300d046472d46cf6d31ae46"},"description":"La sindaca di Genova Silvia Salis introduce l'educazione sessuo-affettiva in alcune scuole materne della citt\u00e0.","breadcrumb":{"@id":"https:\/\/www.nonsolomusicamagazine.it\/?p=13244#breadcrumb"},"inLanguage":"it-IT","potentialAction":[{"@type":"ReadAction","target":["https:\/\/www.nonsolomusicamagazine.it\/?p=13244"]}]},{"@type":"ImageObject","inLanguage":"it-IT","@id":"https:\/\/www.nonsolomusicamagazine.it\/?p=13244#primaryimage","url":"https:\/\/www.nonsolomusicamagazine.it\/wp-content\/uploads\/2025\/11\/1000093819.jpg","contentUrl":"https:\/\/www.nonsolomusicamagazine.it\/wp-content\/uploads\/2025\/11\/1000093819.jpg","width":1069,"height":1314},{"@type":"BreadcrumbList","@id":"https:\/\/www.nonsolomusicamagazine.it\/?p=13244#breadcrumb","itemListElement":[{"@type":"ListItem","position":1,"name":"Home","item":"https:\/\/www.nonsolomusicamagazine.it\/"},{"@type":"ListItem","position":2,"name":"La sindaca di Genova Silvia Salis introduce l&#8217;educazione sessuo-affettiva in alcune scuole materne della citt\u00e0."}]},{"@type":"WebSite","@id":"https:\/\/www.nonsolomusicamagazine.it\/#website","url":"https:\/\/www.nonsolomusicamagazine.it\/","name":"Nonsolomusicamagazine","description":"Dir. responsabile Manuel M Buccarella","potentialAction":[{"@type":"SearchAction","target":{"@type":"EntryPoint","urlTemplate":"https:\/\/www.nonsolomusicamagazine.it\/?s={search_term_string}"},"query-input":{"@type":"PropertyValueSpecification","valueRequired":true,"valueName":"search_term_string"}}],"inLanguage":"it-IT"},{"@type":"Person","@id":"https:\/\/www.nonsolomusicamagazine.it\/#\/schema\/person\/a3349ad02300d046472d46cf6d31ae46","name":"nonsolomusica","image":{"@type":"ImageObject","inLanguage":"it-IT","@id":"https:\/\/www.nonsolomusicamagazine.it\/wp-content\/litespeed\/avatar\/3a675484bc84db6aba78d43bfc8b7197.jpg?ver=1776880798","url":"https:\/\/www.nonsolomusicamagazine.it\/wp-content\/litespeed\/avatar\/3a675484bc84db6aba78d43bfc8b7197.jpg?ver=1776880798","contentUrl":"https:\/\/www.nonsolomusicamagazine.it\/wp-content\/litespeed\/avatar\/3a675484bc84db6aba78d43bfc8b7197.jpg?ver=1776880798","caption":"nonsolomusica"},"sameAs":["https:\/\/www.nonsolomusicamagazine.it"],"url":"https:\/\/www.nonsolomusicamagazine.it\/?author=1"}]}},"amp_enabled":true,"_links":{"self":[{"href":"https:\/\/www.nonsolomusicamagazine.it\/index.php?rest_route=\/wp\/v2\/posts\/13244","targetHints":{"allow":["GET"]}}],"collection":[{"href":"https:\/\/www.nonsolomusicamagazine.it\/index.php?rest_route=\/wp\/v2\/posts"}],"about":[{"href":"https:\/\/www.nonsolomusicamagazine.it\/index.php?rest_route=\/wp\/v2\/types\/post"}],"author":[{"embeddable":true,"href":"https:\/\/www.nonsolomusicamagazine.it\/index.php?rest_route=\/wp\/v2\/users\/1"}],"replies":[{"embeddable":true,"href":"https:\/\/www.nonsolomusicamagazine.it\/index.php?rest_route=%2Fwp%2Fv2%2Fcomments&post=13244"}],"version-history":[{"count":1,"href":"https:\/\/www.nonsolomusicamagazine.it\/index.php?rest_route=\/wp\/v2\/posts\/13244\/revisions"}],"predecessor-version":[{"id":13249,"href":"https:\/\/www.nonsolomusicamagazine.it\/index.php?rest_route=\/wp\/v2\/posts\/13244\/revisions\/13249"}],"wp:featuredmedia":[{"embeddable":true,"href":"https:\/\/www.nonsolomusicamagazine.it\/index.php?rest_route=\/wp\/v2\/media\/13248"}],"wp:attachment":[{"href":"https:\/\/www.nonsolomusicamagazine.it\/index.php?rest_route=%2Fwp%2Fv2%2Fmedia&parent=13244"}],"wp:term":[{"taxonomy":"category","embeddable":true,"href":"https:\/\/www.nonsolomusicamagazine.it\/index.php?rest_route=%2Fwp%2Fv2%2Fcategories&post=13244"},{"taxonomy":"post_tag","embeddable":true,"href":"https:\/\/www.nonsolomusicamagazine.it\/index.php?rest_route=%2Fwp%2Fv2%2Ftags&post=13244"}],"curies":[{"name":"wp","href":"https:\/\/api.w.org\/{rel}","templated":true}]}}