{"id":13245,"date":"2025-11-26T17:40:10","date_gmt":"2025-11-26T16:40:10","guid":{"rendered":"https:\/\/www.nonsolomusicamagazine.it\/?p=13245"},"modified":"2025-11-26T17:40:11","modified_gmt":"2025-11-26T16:40:11","slug":"elizauna-storia-macedone-la-storia-di-una-partigiana-jugoslava-trasferitasi-in-salento-stasera-a-breguzzo-trento","status":"publish","type":"post","link":"https:\/\/www.nonsolomusicamagazine.it\/?p=13245","title":{"rendered":"&#8220;Eliza,Una storia macedone&#8221;, la storia di una partigiana jugoslava trasferitasi in Salento stasera a Breguzzo (Trento)"},"content":{"rendered":"\n<p>\u201cEliza \u2013 Una storia macedone&#8221; \u00e8 il titolo del libro che si presenta stasera alle 20.30  presso la Chiesa Vecchia di Breguzzo (Trento). <\/p>\n\n\n\n<p>Saranno presenti lo scrittore Umberto Li Gioi e Rino Operoso, figlio della protagonista, la macedone Eliza appunto, partigiana titina che si innamora di un italiano, decidendo poi di lasciare la sua terra per l&#8217;Italia. Una scelta difficile e piuttosto dolorosa, come si legge nel volume.<\/p>\n\n\n\n<p>&#8220;Per amore suo ho rinunciato al mio paese, ai miei affetti e a tutto ci\u00f2 che avevo dall&#8217;altra parte del mare.Lo amavo alla follia.Lui era felice.Cos\u00ec non ho mai avuto il coraggio di dirgli che io lo ero soltanto a met\u00e0 &#8220;, si confessa Eliza in questo bellissimo libro, nel quale le vicende personali della protagonista si incrociano con quelle storiche e della formidabile guerra di liberazione jugoslava dal nazifascismo.<\/p>\n\n\n\n<p>L&#8217;evento \u00e8 promosso dal Circolo Culturale Sella Giudicarie APS e dall&#8217;Associazione Macedone Santi Cirillo e Metodio Trentino.<\/p>\n\n\n\n<p>Nel locale anche la collettiva di artisti locali.<\/p>\n\n\n\n<figure class=\"wp-block-image size-large\"><img decoding=\"async\" width=\"615\" height=\"1024\" src=\"https:\/\/www.nonsolomusicamagazine.it\/wp-content\/uploads\/2025\/11\/IMG-20251119-WA0015-615x1024.jpg\" alt=\"\" class=\"wp-image-13246\" srcset=\"https:\/\/www.nonsolomusicamagazine.it\/wp-content\/uploads\/2025\/11\/IMG-20251119-WA0015-615x1024.jpg 615w, https:\/\/www.nonsolomusicamagazine.it\/wp-content\/uploads\/2025\/11\/IMG-20251119-WA0015-180x300.jpg 180w, https:\/\/www.nonsolomusicamagazine.it\/wp-content\/uploads\/2025\/11\/IMG-20251119-WA0015-768x1278.jpg 768w, https:\/\/www.nonsolomusicamagazine.it\/wp-content\/uploads\/2025\/11\/IMG-20251119-WA0015-923x1536.jpg 923w, https:\/\/www.nonsolomusicamagazine.it\/wp-content\/uploads\/2025\/11\/IMG-20251119-WA0015.jpg 1076w\" sizes=\"(max-width: 615px) 100vw, 615px\" \/><\/figure>\n","protected":false},"excerpt":{"rendered":"<p>\u201cEliza \u2013 Una storia macedone&#8221; \u00e8 il titolo del libro che si presenta stasera alle 20.30 presso la Chiesa Vecchia di Breguzzo (Trento). Saranno presenti lo scrittore Umberto Li Gioi e Rino Operoso, figlio della protagonista, la macedone Eliza appunto, partigiana titina che si innamora di un italiano, decidendo poi di lasciare la sua terra [&hellip;]<\/p>\n","protected":false},"author":1,"featured_media":13246,"comment_status":"open","ping_status":"closed","sticky":false,"template":"","format":"standard","meta":{"footnotes":""},"categories":[106,1321],"tags":[5350,5347,650,542,1887,4955,5349,5351],"class_list":["post-13245","post","type-post","status-publish","format-standard","has-post-thumbnail","hentry","category-cultura","category-storia","tag-breguzzo","tag-eliza","tag-jugoslavia","tag-liberazione","tag-macedonia","tag-presentazione","tag-rino-operoso","tag-umberto-li-gioi"],"yoast_head":"<!-- This site is optimized with the Yoast SEO plugin v27.4 - https:\/\/yoast.com\/product\/yoast-seo-wordpress\/ -->\n<title>&quot;Eliza,Una storia macedone&quot;, la storia di una partigiana jugoslava trasferitasi in Salento stasera a Breguzzo (Trento) - NonSoloMusicaMagazine<\/title>\n<meta name=\"description\" content=\"Eliza una storia macedone\" \/>\n<meta name=\"robots\" content=\"index, follow, max-snippet:-1, max-image-preview:large, max-video-preview:-1\" \/>\n<link rel=\"canonical\" href=\"https:\/\/www.nonsolomusicamagazine.it\/?p=13245\" \/>\n<meta property=\"og:locale\" content=\"it_IT\" \/>\n<meta property=\"og:type\" content=\"article\" \/>\n<meta property=\"og:title\" content=\"&quot;Eliza,Una storia macedone&quot;, la storia di una partigiana jugoslava trasferitasi in Salento stasera a Breguzzo (Trento) - NonSoloMusicaMagazine\" \/>\n<meta property=\"og:description\" content=\"Eliza una storia macedone\" \/>\n<meta property=\"og:url\" content=\"https:\/\/www.nonsolomusicamagazine.it\/?p=13245\" \/>\n<meta property=\"og:site_name\" content=\"NonSoloMusicaMagazine\" \/>\n<meta property=\"article:published_time\" content=\"2025-11-26T16:40:10+00:00\" \/>\n<meta property=\"article:modified_time\" content=\"2025-11-26T16:40:11+00:00\" \/>\n<meta property=\"og:image\" content=\"https:\/\/www.nonsolomusicamagazine.it\/wp-content\/uploads\/2025\/11\/IMG-20251119-WA0015.jpg\" \/>\n\t<meta property=\"og:image:width\" content=\"1076\" \/>\n\t<meta property=\"og:image:height\" content=\"1791\" \/>\n\t<meta property=\"og:image:type\" content=\"image\/jpeg\" \/>\n<meta name=\"author\" content=\"nonsolomusica\" \/>\n<meta name=\"twitter:card\" content=\"summary_large_image\" \/>\n<meta name=\"twitter:label1\" content=\"Scritto da\" \/>\n\t<meta name=\"twitter:data1\" content=\"nonsolomusica\" \/>\n\t<meta name=\"twitter:label2\" content=\"Tempo di lettura stimato\" \/>\n\t<meta name=\"twitter:data2\" content=\"2 minuti\" \/>\n<script type=\"application\/ld+json\" class=\"yoast-schema-graph\">{\"@context\":\"https:\\\/\\\/schema.org\",\"@graph\":[{\"@type\":\"Article\",\"@id\":\"https:\\\/\\\/www.nonsolomusicamagazine.it\\\/?p=13245#article\",\"isPartOf\":{\"@id\":\"https:\\\/\\\/www.nonsolomusicamagazine.it\\\/?p=13245\"},\"author\":{\"name\":\"nonsolomusica\",\"@id\":\"https:\\\/\\\/www.nonsolomusicamagazine.it\\\/#\\\/schema\\\/person\\\/a3349ad02300d046472d46cf6d31ae46\"},\"headline\":\"&#8220;Eliza,Una storia macedone&#8221;, la storia di una partigiana jugoslava trasferitasi in Salento stasera a Breguzzo (Trento)\",\"datePublished\":\"2025-11-26T16:40:10+00:00\",\"dateModified\":\"2025-11-26T16:40:11+00:00\",\"mainEntityOfPage\":{\"@id\":\"https:\\\/\\\/www.nonsolomusicamagazine.it\\\/?p=13245\"},\"wordCount\":182,\"commentCount\":0,\"image\":{\"@id\":\"https:\\\/\\\/www.nonsolomusicamagazine.it\\\/?p=13245#primaryimage\"},\"thumbnailUrl\":\"https:\\\/\\\/www.nonsolomusicamagazine.it\\\/wp-content\\\/uploads\\\/2025\\\/11\\\/IMG-20251119-WA0015.jpg\",\"keywords\":[\"Breguzzo\",\"Eliza\",\"Jugoslavia\",\"Liberazione\",\"Macedonia\",\"Presentazione\",\"Rino Operoso\",\"Umberto Li Gioi\"],\"articleSection\":[\"Cultura\",\"Storia\"],\"inLanguage\":\"it-IT\",\"potentialAction\":[{\"@type\":\"CommentAction\",\"name\":\"Comment\",\"target\":[\"https:\\\/\\\/www.nonsolomusicamagazine.it\\\/?p=13245#respond\"]}]},{\"@type\":\"WebPage\",\"@id\":\"https:\\\/\\\/www.nonsolomusicamagazine.it\\\/?p=13245\",\"url\":\"https:\\\/\\\/www.nonsolomusicamagazine.it\\\/?p=13245\",\"name\":\"\\\"Eliza,Una storia macedone\\\", la storia di una partigiana jugoslava trasferitasi in Salento stasera a Breguzzo (Trento) - NonSoloMusicaMagazine\",\"isPartOf\":{\"@id\":\"https:\\\/\\\/www.nonsolomusicamagazine.it\\\/#website\"},\"primaryImageOfPage\":{\"@id\":\"https:\\\/\\\/www.nonsolomusicamagazine.it\\\/?p=13245#primaryimage\"},\"image\":{\"@id\":\"https:\\\/\\\/www.nonsolomusicamagazine.it\\\/?p=13245#primaryimage\"},\"thumbnailUrl\":\"https:\\\/\\\/www.nonsolomusicamagazine.it\\\/wp-content\\\/uploads\\\/2025\\\/11\\\/IMG-20251119-WA0015.jpg\",\"datePublished\":\"2025-11-26T16:40:10+00:00\",\"dateModified\":\"2025-11-26T16:40:11+00:00\",\"author\":{\"@id\":\"https:\\\/\\\/www.nonsolomusicamagazine.it\\\/#\\\/schema\\\/person\\\/a3349ad02300d046472d46cf6d31ae46\"},\"description\":\"Eliza una storia macedone\",\"breadcrumb\":{\"@id\":\"https:\\\/\\\/www.nonsolomusicamagazine.it\\\/?p=13245#breadcrumb\"},\"inLanguage\":\"it-IT\",\"potentialAction\":[{\"@type\":\"ReadAction\",\"target\":[\"https:\\\/\\\/www.nonsolomusicamagazine.it\\\/?p=13245\"]}]},{\"@type\":\"ImageObject\",\"inLanguage\":\"it-IT\",\"@id\":\"https:\\\/\\\/www.nonsolomusicamagazine.it\\\/?p=13245#primaryimage\",\"url\":\"https:\\\/\\\/www.nonsolomusicamagazine.it\\\/wp-content\\\/uploads\\\/2025\\\/11\\\/IMG-20251119-WA0015.jpg\",\"contentUrl\":\"https:\\\/\\\/www.nonsolomusicamagazine.it\\\/wp-content\\\/uploads\\\/2025\\\/11\\\/IMG-20251119-WA0015.jpg\",\"width\":1076,\"height\":1791},{\"@type\":\"BreadcrumbList\",\"@id\":\"https:\\\/\\\/www.nonsolomusicamagazine.it\\\/?p=13245#breadcrumb\",\"itemListElement\":[{\"@type\":\"ListItem\",\"position\":1,\"name\":\"Home\",\"item\":\"https:\\\/\\\/www.nonsolomusicamagazine.it\\\/\"},{\"@type\":\"ListItem\",\"position\":2,\"name\":\"&#8220;Eliza,Una storia macedone&#8221;, la storia di una partigiana jugoslava trasferitasi in Salento stasera a Breguzzo (Trento)\"}]},{\"@type\":\"WebSite\",\"@id\":\"https:\\\/\\\/www.nonsolomusicamagazine.it\\\/#website\",\"url\":\"https:\\\/\\\/www.nonsolomusicamagazine.it\\\/\",\"name\":\"Nonsolomusicamagazine\",\"description\":\"Dir. responsabile Manuel M Buccarella\",\"potentialAction\":[{\"@type\":\"SearchAction\",\"target\":{\"@type\":\"EntryPoint\",\"urlTemplate\":\"https:\\\/\\\/www.nonsolomusicamagazine.it\\\/?s={search_term_string}\"},\"query-input\":{\"@type\":\"PropertyValueSpecification\",\"valueRequired\":true,\"valueName\":\"search_term_string\"}}],\"inLanguage\":\"it-IT\"},{\"@type\":\"Person\",\"@id\":\"https:\\\/\\\/www.nonsolomusicamagazine.it\\\/#\\\/schema\\\/person\\\/a3349ad02300d046472d46cf6d31ae46\",\"name\":\"nonsolomusica\",\"image\":{\"@type\":\"ImageObject\",\"inLanguage\":\"it-IT\",\"@id\":\"https:\\\/\\\/www.nonsolomusicamagazine.it\\\/wp-content\\\/litespeed\\\/avatar\\\/3a675484bc84db6aba78d43bfc8b7197.jpg?ver=1776880798\",\"url\":\"https:\\\/\\\/www.nonsolomusicamagazine.it\\\/wp-content\\\/litespeed\\\/avatar\\\/3a675484bc84db6aba78d43bfc8b7197.jpg?ver=1776880798\",\"contentUrl\":\"https:\\\/\\\/www.nonsolomusicamagazine.it\\\/wp-content\\\/litespeed\\\/avatar\\\/3a675484bc84db6aba78d43bfc8b7197.jpg?ver=1776880798\",\"caption\":\"nonsolomusica\"},\"sameAs\":[\"https:\\\/\\\/www.nonsolomusicamagazine.it\"],\"url\":\"https:\\\/\\\/www.nonsolomusicamagazine.it\\\/?author=1\"}]}<\/script>\n<!-- \/ Yoast SEO plugin. -->","yoast_head_json":{"title":"\"Eliza,Una storia macedone\", la storia di una partigiana jugoslava trasferitasi in Salento stasera a Breguzzo (Trento) - NonSoloMusicaMagazine","description":"Eliza una storia macedone","robots":{"index":"index","follow":"follow","max-snippet":"max-snippet:-1","max-image-preview":"max-image-preview:large","max-video-preview":"max-video-preview:-1"},"canonical":"https:\/\/www.nonsolomusicamagazine.it\/?p=13245","og_locale":"it_IT","og_type":"article","og_title":"\"Eliza,Una storia macedone\", la storia di una partigiana jugoslava trasferitasi in Salento stasera a Breguzzo (Trento) - NonSoloMusicaMagazine","og_description":"Eliza una storia macedone","og_url":"https:\/\/www.nonsolomusicamagazine.it\/?p=13245","og_site_name":"NonSoloMusicaMagazine","article_published_time":"2025-11-26T16:40:10+00:00","article_modified_time":"2025-11-26T16:40:11+00:00","og_image":[{"width":1076,"height":1791,"url":"https:\/\/www.nonsolomusicamagazine.it\/wp-content\/uploads\/2025\/11\/IMG-20251119-WA0015.jpg","type":"image\/jpeg"}],"author":"nonsolomusica","twitter_card":"summary_large_image","twitter_misc":{"Scritto da":"nonsolomusica","Tempo di lettura stimato":"2 minuti"},"schema":{"@context":"https:\/\/schema.org","@graph":[{"@type":"Article","@id":"https:\/\/www.nonsolomusicamagazine.it\/?p=13245#article","isPartOf":{"@id":"https:\/\/www.nonsolomusicamagazine.it\/?p=13245"},"author":{"name":"nonsolomusica","@id":"https:\/\/www.nonsolomusicamagazine.it\/#\/schema\/person\/a3349ad02300d046472d46cf6d31ae46"},"headline":"&#8220;Eliza,Una storia macedone&#8221;, la storia di una partigiana jugoslava trasferitasi in Salento stasera a Breguzzo (Trento)","datePublished":"2025-11-26T16:40:10+00:00","dateModified":"2025-11-26T16:40:11+00:00","mainEntityOfPage":{"@id":"https:\/\/www.nonsolomusicamagazine.it\/?p=13245"},"wordCount":182,"commentCount":0,"image":{"@id":"https:\/\/www.nonsolomusicamagazine.it\/?p=13245#primaryimage"},"thumbnailUrl":"https:\/\/www.nonsolomusicamagazine.it\/wp-content\/uploads\/2025\/11\/IMG-20251119-WA0015.jpg","keywords":["Breguzzo","Eliza","Jugoslavia","Liberazione","Macedonia","Presentazione","Rino Operoso","Umberto Li Gioi"],"articleSection":["Cultura","Storia"],"inLanguage":"it-IT","potentialAction":[{"@type":"CommentAction","name":"Comment","target":["https:\/\/www.nonsolomusicamagazine.it\/?p=13245#respond"]}]},{"@type":"WebPage","@id":"https:\/\/www.nonsolomusicamagazine.it\/?p=13245","url":"https:\/\/www.nonsolomusicamagazine.it\/?p=13245","name":"\"Eliza,Una storia macedone\", la storia di una partigiana jugoslava trasferitasi in Salento stasera a Breguzzo (Trento) - NonSoloMusicaMagazine","isPartOf":{"@id":"https:\/\/www.nonsolomusicamagazine.it\/#website"},"primaryImageOfPage":{"@id":"https:\/\/www.nonsolomusicamagazine.it\/?p=13245#primaryimage"},"image":{"@id":"https:\/\/www.nonsolomusicamagazine.it\/?p=13245#primaryimage"},"thumbnailUrl":"https:\/\/www.nonsolomusicamagazine.it\/wp-content\/uploads\/2025\/11\/IMG-20251119-WA0015.jpg","datePublished":"2025-11-26T16:40:10+00:00","dateModified":"2025-11-26T16:40:11+00:00","author":{"@id":"https:\/\/www.nonsolomusicamagazine.it\/#\/schema\/person\/a3349ad02300d046472d46cf6d31ae46"},"description":"Eliza una storia macedone","breadcrumb":{"@id":"https:\/\/www.nonsolomusicamagazine.it\/?p=13245#breadcrumb"},"inLanguage":"it-IT","potentialAction":[{"@type":"ReadAction","target":["https:\/\/www.nonsolomusicamagazine.it\/?p=13245"]}]},{"@type":"ImageObject","inLanguage":"it-IT","@id":"https:\/\/www.nonsolomusicamagazine.it\/?p=13245#primaryimage","url":"https:\/\/www.nonsolomusicamagazine.it\/wp-content\/uploads\/2025\/11\/IMG-20251119-WA0015.jpg","contentUrl":"https:\/\/www.nonsolomusicamagazine.it\/wp-content\/uploads\/2025\/11\/IMG-20251119-WA0015.jpg","width":1076,"height":1791},{"@type":"BreadcrumbList","@id":"https:\/\/www.nonsolomusicamagazine.it\/?p=13245#breadcrumb","itemListElement":[{"@type":"ListItem","position":1,"name":"Home","item":"https:\/\/www.nonsolomusicamagazine.it\/"},{"@type":"ListItem","position":2,"name":"&#8220;Eliza,Una storia macedone&#8221;, la storia di una partigiana jugoslava trasferitasi in Salento stasera a Breguzzo (Trento)"}]},{"@type":"WebSite","@id":"https:\/\/www.nonsolomusicamagazine.it\/#website","url":"https:\/\/www.nonsolomusicamagazine.it\/","name":"Nonsolomusicamagazine","description":"Dir. responsabile Manuel M Buccarella","potentialAction":[{"@type":"SearchAction","target":{"@type":"EntryPoint","urlTemplate":"https:\/\/www.nonsolomusicamagazine.it\/?s={search_term_string}"},"query-input":{"@type":"PropertyValueSpecification","valueRequired":true,"valueName":"search_term_string"}}],"inLanguage":"it-IT"},{"@type":"Person","@id":"https:\/\/www.nonsolomusicamagazine.it\/#\/schema\/person\/a3349ad02300d046472d46cf6d31ae46","name":"nonsolomusica","image":{"@type":"ImageObject","inLanguage":"it-IT","@id":"https:\/\/www.nonsolomusicamagazine.it\/wp-content\/litespeed\/avatar\/3a675484bc84db6aba78d43bfc8b7197.jpg?ver=1776880798","url":"https:\/\/www.nonsolomusicamagazine.it\/wp-content\/litespeed\/avatar\/3a675484bc84db6aba78d43bfc8b7197.jpg?ver=1776880798","contentUrl":"https:\/\/www.nonsolomusicamagazine.it\/wp-content\/litespeed\/avatar\/3a675484bc84db6aba78d43bfc8b7197.jpg?ver=1776880798","caption":"nonsolomusica"},"sameAs":["https:\/\/www.nonsolomusicamagazine.it"],"url":"https:\/\/www.nonsolomusicamagazine.it\/?author=1"}]}},"amp_enabled":true,"_links":{"self":[{"href":"https:\/\/www.nonsolomusicamagazine.it\/index.php?rest_route=\/wp\/v2\/posts\/13245","targetHints":{"allow":["GET"]}}],"collection":[{"href":"https:\/\/www.nonsolomusicamagazine.it\/index.php?rest_route=\/wp\/v2\/posts"}],"about":[{"href":"https:\/\/www.nonsolomusicamagazine.it\/index.php?rest_route=\/wp\/v2\/types\/post"}],"author":[{"embeddable":true,"href":"https:\/\/www.nonsolomusicamagazine.it\/index.php?rest_route=\/wp\/v2\/users\/1"}],"replies":[{"embeddable":true,"href":"https:\/\/www.nonsolomusicamagazine.it\/index.php?rest_route=%2Fwp%2Fv2%2Fcomments&post=13245"}],"version-history":[{"count":1,"href":"https:\/\/www.nonsolomusicamagazine.it\/index.php?rest_route=\/wp\/v2\/posts\/13245\/revisions"}],"predecessor-version":[{"id":13247,"href":"https:\/\/www.nonsolomusicamagazine.it\/index.php?rest_route=\/wp\/v2\/posts\/13245\/revisions\/13247"}],"wp:featuredmedia":[{"embeddable":true,"href":"https:\/\/www.nonsolomusicamagazine.it\/index.php?rest_route=\/wp\/v2\/media\/13246"}],"wp:attachment":[{"href":"https:\/\/www.nonsolomusicamagazine.it\/index.php?rest_route=%2Fwp%2Fv2%2Fmedia&parent=13245"}],"wp:term":[{"taxonomy":"category","embeddable":true,"href":"https:\/\/www.nonsolomusicamagazine.it\/index.php?rest_route=%2Fwp%2Fv2%2Fcategories&post=13245"},{"taxonomy":"post_tag","embeddable":true,"href":"https:\/\/www.nonsolomusicamagazine.it\/index.php?rest_route=%2Fwp%2Fv2%2Ftags&post=13245"}],"curies":[{"name":"wp","href":"https:\/\/api.w.org\/{rel}","templated":true}]}}