{"id":13266,"date":"2025-11-27T19:10:36","date_gmt":"2025-11-27T18:10:36","guid":{"rendered":"https:\/\/www.nonsolomusicamagazine.it\/?p=13266"},"modified":"2025-11-27T19:10:37","modified_gmt":"2025-11-27T18:10:37","slug":"fidel-castro-e-yasser-arafat-se-unamicizia-forgiata-nella-lotta-contro-loccupazione-israeliana","status":"publish","type":"post","link":"https:\/\/www.nonsolomusicamagazine.it\/?p=13266","title":{"rendered":"Fidel Castro e Yasser Arafat se, un\u2019amicizia forgiata nella lotta contro l\u2019occupazione israeliana"},"content":{"rendered":"\n<p class=\"has-text-align-center\"><strong>Silvana Sale<\/strong><\/p>\n\n\n\n<p>Tra i grandi legami della storia del Novecento, pochi furono intensi, simbolici e umani quanto quello tra Fidel Castro e Yasser Arafat. Due figure apparentemente lontane, nate in mondi diversi, ma unite dalla comune convinzione che l\u2019indipendenza dei popoli oppressi non sia un sogno, bens\u00ec un diritto non negoziabile. Il loro rapporto, costruito su una fratellanza rivoluzionaria, una stima profonda e una solidariet\u00e0 senza compromessi, \u00e8 stato molto pi\u00f9 che un&#8217;alleanza politica, fu un\u2019amicizia vera, nutrita da gesti, parole e azioni concrete, e accompagnata da un affetto sincero che attravers\u00f2 decenni, guerre e resistenze.<\/p>\n\n\n\n<p>Cuba fu uno dei primi paesi al mondo a riconoscere l\u2019Organizzazione per la Liberazione della Palestina (PLO), gi\u00e0 nel 1964, quando pochi nel mondo osavano considerare legittima la voce di un popolo senza Stato. Fu Fidel, nel 1973, a compiere un atto storico, durante il vertice del Movimento dei Paesi Non Allineati ad Algeri, annunci\u00f2 ufficialmente la rottura delle relazioni diplomatiche con Israele. Un gesto clamoroso, che sorprese molti, ma che rivelava la coerenza totale della sua visione, non si poteva lottare contro l\u2019imperialismo negli altri continenti e, allo stesso tempo, accettare in silenzio l\u2019occupazione e l\u2019espulsione sistematica del popolo palestinese. Da quel momento, Cuba e la Palestina furono legate non solo dalla politica, ma da una dichiarazione morale.<\/p>\n\n\n\n<p>Nel settembre del 1979 Fidel Castro ospit\u00f2 a L\u2019Avana la VI Conferenza del Movimento dei Paesi Non Allineati. Davanti a decine di delegazioni, proclam\u00f2 la causa palestinese come centrale per la giustizia globale. Ma fu il 12 ottobre dello stesso anno, alle Nazioni Unite, che la sua voce risuon\u00f2 con una potenza che avrebbe segnato la memoria storica. In qualit\u00e0 di presidente del Movimento dei Non Allineati, Castro pronunci\u00f2 un discorso lungo, appassionato, che tocc\u00f2 ogni angolo della geografia mondiale, ma che trov\u00f2 nella Palestina il suo centro politico e morale. Denunci\u00f2 l\u2019espulsione del popolo palestinese dalle sue terre, la distruzione sistematica dei suoi villaggi, la colonizzazione e l\u2019occupazione militare da parte di Israele, che defin\u00ec &#8220;impunita&#8221; grazie alla protezione degli Stati Uniti. Difese il diritto al ritorno, la creazione di uno Stato sovrano, la fine dell\u2019aggressione, il ritiro dai territori occupati e il pieno riconoscimento della PLO come unico rappresentante legittimo del popolo palestinese. <\/p>\n\n\n\n<p>Il suo discorso fu un atto d\u2019amore verso un popolo lontano, ma fratello, e un\u2019accusa lucida e intransigente contro l\u2019ipocrisia dell\u2019Occidente.<\/p>\n\n\n\n<p>Con gli anni, l\u2019amicizia tra Fidel e Arafat si trasform\u00f2 in una delle relazioni personali pi\u00f9 simboliche della geopolitica rivoluzionaria. Arafat fu l\u2019unico leader arabo accolto a Cuba con onori da capo di Stato. I loro incontri erano profondi, mai di circostanza. Nel 2001, quando Fidel Castro partecip\u00f2 a una grande manifestazione a L\u2019Avana indossando sulle spalle la keffiyeh palestinese, il gesto non fu solo simbolico. Fu un atto di amore. Yasser Arafat gli scrisse una lettera commossa il 16 giugno di quell\u2019anno, esprimendo la sua &#8220;emozione profonda&#8221; nel vedere quel segno di vicinanza, definendolo &#8220;un messaggio forte ed efficace da parte di un leader mondiale amato\u2026 che gode di grande prestigio internazionale&#8221;. Disse che quel gesto dava &#8220;ulteriore energia e determinazione&#8221; al popolo palestinese, e che testimoniava la rettitudine della loro causa.<\/p>\n\n\n\n<p>Durante quella manifestazione e in altre occasioni pubbliche, Castro parl\u00f2 apertamente di &#8220;genocidio&#8221; contro il popolo palestinese, di &#8220;brutalit\u00e0&#8221; e &#8220;apartheid&#8221;, richiamando la coscienza collettiva dell\u2019umanit\u00e0. Disse che la Palestina non era sola, e che Cuba sarebbe sempre stata al suo fianco. Non erano parole retoriche,Cuba offr\u00ec centinaia di borse di studio a studenti palestinesi, accolse bambini per essere formati in medicina, ingegneria, pedagogia. Furono gesti concreti, coerenti, veri.<\/p>\n\n\n\n<p>Quando Arafat mor\u00ec nel 2004, Fidel Castro invi\u00f2 un messaggio di cordoglio che non era solo diplomatico. Disse che se ne andava &#8220;un amico vicino&#8221;, un &#8220;instancabile combattente per la libert\u00e0 e l\u2019indipendenza&#8221;, e che la sua scomparsa era &#8220;un duro colpo per il movimento progressista mondiale&#8221;. Le sue parole erano sincere, e furono riconosciute come tali dal popolo palestinese e dai suoi dirigenti. <\/p>\n\n\n\n<p>Quando fu Fidel a morire, nel 2016, tutti i leader palestinesi, dell\u2019Autorit\u00e0 Nazionale Palestinese, della PLO, di Hamas, del FPLP, lo definirono &#8220;un fratello&#8221;, &#8220;un compagno&#8221;, &#8220;un gigante della solidariet\u00e0 internazionale&#8221;. Ricordarono che Fidel aveva accolto Arafat come capo di Stato, che non aveva mai tentennato nel difendere la loro causa, e che Cuba era sempre stata dalla parte della giustizia.Nel 2014, in uno degli ultimi editoriali firmati da Fidel su Granma, durante l\u2019operazione militare israeliana &#8220;Protective Edge&#8221; su Gaza, scrisse che ci\u00f2 che accadeva era &#8220;un olocausto palestinese&#8221;, definendo il governo israeliano come &#8220;una nuova forma ripugnante di fascismo&#8221;. Firm\u00f2 un manifesto internazionale intitolato In Defense of Palestine, in cui chiedeva il rispetto delle risoluzioni ONU, il ritiro israeliano da tutti i territori occupati, il riconoscimento dello Stato palestinese con piena sovranit\u00e0.<\/p>\n\n\n\n<p>Fidel Castro e Yasser Arafat si vollero bene. Si rispettarono come uomini, come rivoluzionari, come figli della terra che soffre. Ma pi\u00f9 ancora, furono simboli vivi di un\u2019epoca in cui la solidariet\u00e0 era una pratica quotidiana, e non un atto formale. <\/p>\n\n\n\n<p>Cuba e la Palestina, L\u2019Avana e Ramallah, sono legate da quella memoria, che non si spegne con la morte ma che vive ogni volta che un popolo oppresso alza la testa e trova, in un altro popolo lontano, un fratello. In questa storia, non c&#8217;\u00e8 retorica. Solo verit\u00e0, coerenza, amore e dignit\u00e0.<\/p>\n\n\n\n<figure class=\"wp-block-image size-full\"><img decoding=\"async\" width=\"889\" height=\"600\" src=\"https:\/\/www.nonsolomusicamagazine.it\/wp-content\/uploads\/2025\/11\/1000094103.jpg\" alt=\"\" class=\"wp-image-13267\" srcset=\"https:\/\/www.nonsolomusicamagazine.it\/wp-content\/uploads\/2025\/11\/1000094103.jpg 889w, https:\/\/www.nonsolomusicamagazine.it\/wp-content\/uploads\/2025\/11\/1000094103-300x202.jpg 300w, https:\/\/www.nonsolomusicamagazine.it\/wp-content\/uploads\/2025\/11\/1000094103-768x518.jpg 768w\" sizes=\"(max-width: 889px) 100vw, 889px\" \/><\/figure>\n","protected":false},"excerpt":{"rendered":"<p>Silvana Sale Tra i grandi legami della storia del Novecento, pochi furono intensi, simbolici e umani quanto quello tra Fidel Castro e Yasser Arafat. Due figure apparentemente lontane, nate in mondi diversi, ma unite dalla comune convinzione che l\u2019indipendenza dei popoli oppressi non sia un sogno, bens\u00ec un diritto non negoziabile. Il loro rapporto, costruito [&hellip;]<\/p>\n","protected":false},"author":1,"featured_media":13267,"comment_status":"open","ping_status":"closed","sticky":false,"template":"","format":"standard","meta":{"footnotes":""},"categories":[6,5,1321],"tags":[2120,2429,654,2282,217,2280],"class_list":["post-13266","post","type-post","status-publish","format-standard","has-post-thumbnail","hentry","category-esteri","category-politica","category-storia","tag-cuba","tag-fidel-castro","tag-non-allineati","tag-olp","tag-palestina","tag-yasser-arafat"],"yoast_head":"<!-- This site is optimized with the Yoast SEO plugin v27.4 - https:\/\/yoast.com\/product\/yoast-seo-wordpress\/ -->\n<title>Fidel Castro e Yasser Arafat se, un\u2019amicizia forgiata nella lotta contro l\u2019occupazione israeliana - NonSoloMusicaMagazine<\/title>\n<meta name=\"description\" content=\"Fidel Castro e Yasser Arafat\" \/>\n<meta name=\"robots\" content=\"index, follow, max-snippet:-1, max-image-preview:large, max-video-preview:-1\" \/>\n<link rel=\"canonical\" href=\"https:\/\/www.nonsolomusicamagazine.it\/?p=13266\" \/>\n<meta property=\"og:locale\" content=\"it_IT\" \/>\n<meta property=\"og:type\" content=\"article\" \/>\n<meta property=\"og:title\" content=\"Fidel Castro e Yasser Arafat se, un\u2019amicizia forgiata nella lotta contro l\u2019occupazione israeliana - NonSoloMusicaMagazine\" \/>\n<meta property=\"og:description\" content=\"Fidel Castro e Yasser Arafat\" \/>\n<meta property=\"og:url\" content=\"https:\/\/www.nonsolomusicamagazine.it\/?p=13266\" \/>\n<meta property=\"og:site_name\" content=\"NonSoloMusicaMagazine\" \/>\n<meta property=\"article:published_time\" content=\"2025-11-27T18:10:36+00:00\" \/>\n<meta property=\"article:modified_time\" content=\"2025-11-27T18:10:37+00:00\" \/>\n<meta property=\"og:image\" content=\"https:\/\/www.nonsolomusicamagazine.it\/wp-content\/uploads\/2025\/11\/1000094103.jpg\" \/>\n\t<meta property=\"og:image:width\" content=\"889\" \/>\n\t<meta property=\"og:image:height\" content=\"600\" \/>\n\t<meta property=\"og:image:type\" content=\"image\/jpeg\" \/>\n<meta name=\"author\" content=\"nonsolomusica\" \/>\n<meta name=\"twitter:card\" content=\"summary_large_image\" \/>\n<meta name=\"twitter:label1\" content=\"Scritto da\" \/>\n\t<meta name=\"twitter:data1\" content=\"nonsolomusica\" \/>\n\t<meta name=\"twitter:label2\" content=\"Tempo di lettura stimato\" \/>\n\t<meta name=\"twitter:data2\" content=\"6 minuti\" \/>\n<script type=\"application\/ld+json\" class=\"yoast-schema-graph\">{\"@context\":\"https:\\\/\\\/schema.org\",\"@graph\":[{\"@type\":\"Article\",\"@id\":\"https:\\\/\\\/www.nonsolomusicamagazine.it\\\/?p=13266#article\",\"isPartOf\":{\"@id\":\"https:\\\/\\\/www.nonsolomusicamagazine.it\\\/?p=13266\"},\"author\":{\"name\":\"nonsolomusica\",\"@id\":\"https:\\\/\\\/www.nonsolomusicamagazine.it\\\/#\\\/schema\\\/person\\\/a3349ad02300d046472d46cf6d31ae46\"},\"headline\":\"Fidel Castro e Yasser Arafat se, un\u2019amicizia forgiata nella lotta contro l\u2019occupazione israeliana\",\"datePublished\":\"2025-11-27T18:10:36+00:00\",\"dateModified\":\"2025-11-27T18:10:37+00:00\",\"mainEntityOfPage\":{\"@id\":\"https:\\\/\\\/www.nonsolomusicamagazine.it\\\/?p=13266\"},\"wordCount\":915,\"commentCount\":0,\"image\":{\"@id\":\"https:\\\/\\\/www.nonsolomusicamagazine.it\\\/?p=13266#primaryimage\"},\"thumbnailUrl\":\"https:\\\/\\\/www.nonsolomusicamagazine.it\\\/wp-content\\\/uploads\\\/2025\\\/11\\\/1000094103.jpg\",\"keywords\":[\"Cuba\",\"Fidel Castro\",\"non allineati\",\"Olp\",\"Palestina\",\"Yasser Arafat\"],\"articleSection\":[\"Esteri\",\"Politica\",\"Storia\"],\"inLanguage\":\"it-IT\",\"potentialAction\":[{\"@type\":\"CommentAction\",\"name\":\"Comment\",\"target\":[\"https:\\\/\\\/www.nonsolomusicamagazine.it\\\/?p=13266#respond\"]}]},{\"@type\":\"WebPage\",\"@id\":\"https:\\\/\\\/www.nonsolomusicamagazine.it\\\/?p=13266\",\"url\":\"https:\\\/\\\/www.nonsolomusicamagazine.it\\\/?p=13266\",\"name\":\"Fidel Castro e Yasser Arafat se, un\u2019amicizia forgiata nella lotta contro l\u2019occupazione israeliana - NonSoloMusicaMagazine\",\"isPartOf\":{\"@id\":\"https:\\\/\\\/www.nonsolomusicamagazine.it\\\/#website\"},\"primaryImageOfPage\":{\"@id\":\"https:\\\/\\\/www.nonsolomusicamagazine.it\\\/?p=13266#primaryimage\"},\"image\":{\"@id\":\"https:\\\/\\\/www.nonsolomusicamagazine.it\\\/?p=13266#primaryimage\"},\"thumbnailUrl\":\"https:\\\/\\\/www.nonsolomusicamagazine.it\\\/wp-content\\\/uploads\\\/2025\\\/11\\\/1000094103.jpg\",\"datePublished\":\"2025-11-27T18:10:36+00:00\",\"dateModified\":\"2025-11-27T18:10:37+00:00\",\"author\":{\"@id\":\"https:\\\/\\\/www.nonsolomusicamagazine.it\\\/#\\\/schema\\\/person\\\/a3349ad02300d046472d46cf6d31ae46\"},\"description\":\"Fidel Castro e Yasser Arafat\",\"breadcrumb\":{\"@id\":\"https:\\\/\\\/www.nonsolomusicamagazine.it\\\/?p=13266#breadcrumb\"},\"inLanguage\":\"it-IT\",\"potentialAction\":[{\"@type\":\"ReadAction\",\"target\":[\"https:\\\/\\\/www.nonsolomusicamagazine.it\\\/?p=13266\"]}]},{\"@type\":\"ImageObject\",\"inLanguage\":\"it-IT\",\"@id\":\"https:\\\/\\\/www.nonsolomusicamagazine.it\\\/?p=13266#primaryimage\",\"url\":\"https:\\\/\\\/www.nonsolomusicamagazine.it\\\/wp-content\\\/uploads\\\/2025\\\/11\\\/1000094103.jpg\",\"contentUrl\":\"https:\\\/\\\/www.nonsolomusicamagazine.it\\\/wp-content\\\/uploads\\\/2025\\\/11\\\/1000094103.jpg\",\"width\":889,\"height\":600},{\"@type\":\"BreadcrumbList\",\"@id\":\"https:\\\/\\\/www.nonsolomusicamagazine.it\\\/?p=13266#breadcrumb\",\"itemListElement\":[{\"@type\":\"ListItem\",\"position\":1,\"name\":\"Home\",\"item\":\"https:\\\/\\\/www.nonsolomusicamagazine.it\\\/\"},{\"@type\":\"ListItem\",\"position\":2,\"name\":\"Fidel Castro e Yasser Arafat se, un\u2019amicizia forgiata nella lotta contro l\u2019occupazione israeliana\"}]},{\"@type\":\"WebSite\",\"@id\":\"https:\\\/\\\/www.nonsolomusicamagazine.it\\\/#website\",\"url\":\"https:\\\/\\\/www.nonsolomusicamagazine.it\\\/\",\"name\":\"Nonsolomusicamagazine\",\"description\":\"Dir. responsabile Manuel M Buccarella\",\"potentialAction\":[{\"@type\":\"SearchAction\",\"target\":{\"@type\":\"EntryPoint\",\"urlTemplate\":\"https:\\\/\\\/www.nonsolomusicamagazine.it\\\/?s={search_term_string}\"},\"query-input\":{\"@type\":\"PropertyValueSpecification\",\"valueRequired\":true,\"valueName\":\"search_term_string\"}}],\"inLanguage\":\"it-IT\"},{\"@type\":\"Person\",\"@id\":\"https:\\\/\\\/www.nonsolomusicamagazine.it\\\/#\\\/schema\\\/person\\\/a3349ad02300d046472d46cf6d31ae46\",\"name\":\"nonsolomusica\",\"image\":{\"@type\":\"ImageObject\",\"inLanguage\":\"it-IT\",\"@id\":\"https:\\\/\\\/www.nonsolomusicamagazine.it\\\/wp-content\\\/litespeed\\\/avatar\\\/3a675484bc84db6aba78d43bfc8b7197.jpg?ver=1776880798\",\"url\":\"https:\\\/\\\/www.nonsolomusicamagazine.it\\\/wp-content\\\/litespeed\\\/avatar\\\/3a675484bc84db6aba78d43bfc8b7197.jpg?ver=1776880798\",\"contentUrl\":\"https:\\\/\\\/www.nonsolomusicamagazine.it\\\/wp-content\\\/litespeed\\\/avatar\\\/3a675484bc84db6aba78d43bfc8b7197.jpg?ver=1776880798\",\"caption\":\"nonsolomusica\"},\"sameAs\":[\"https:\\\/\\\/www.nonsolomusicamagazine.it\"],\"url\":\"https:\\\/\\\/www.nonsolomusicamagazine.it\\\/?author=1\"}]}<\/script>\n<!-- \/ Yoast SEO plugin. -->","yoast_head_json":{"title":"Fidel Castro e Yasser Arafat se, un\u2019amicizia forgiata nella lotta contro l\u2019occupazione israeliana - NonSoloMusicaMagazine","description":"Fidel Castro e Yasser Arafat","robots":{"index":"index","follow":"follow","max-snippet":"max-snippet:-1","max-image-preview":"max-image-preview:large","max-video-preview":"max-video-preview:-1"},"canonical":"https:\/\/www.nonsolomusicamagazine.it\/?p=13266","og_locale":"it_IT","og_type":"article","og_title":"Fidel Castro e Yasser Arafat se, un\u2019amicizia forgiata nella lotta contro l\u2019occupazione israeliana - NonSoloMusicaMagazine","og_description":"Fidel Castro e Yasser Arafat","og_url":"https:\/\/www.nonsolomusicamagazine.it\/?p=13266","og_site_name":"NonSoloMusicaMagazine","article_published_time":"2025-11-27T18:10:36+00:00","article_modified_time":"2025-11-27T18:10:37+00:00","og_image":[{"width":889,"height":600,"url":"https:\/\/www.nonsolomusicamagazine.it\/wp-content\/uploads\/2025\/11\/1000094103.jpg","type":"image\/jpeg"}],"author":"nonsolomusica","twitter_card":"summary_large_image","twitter_misc":{"Scritto da":"nonsolomusica","Tempo di lettura stimato":"6 minuti"},"schema":{"@context":"https:\/\/schema.org","@graph":[{"@type":"Article","@id":"https:\/\/www.nonsolomusicamagazine.it\/?p=13266#article","isPartOf":{"@id":"https:\/\/www.nonsolomusicamagazine.it\/?p=13266"},"author":{"name":"nonsolomusica","@id":"https:\/\/www.nonsolomusicamagazine.it\/#\/schema\/person\/a3349ad02300d046472d46cf6d31ae46"},"headline":"Fidel Castro e Yasser Arafat se, un\u2019amicizia forgiata nella lotta contro l\u2019occupazione israeliana","datePublished":"2025-11-27T18:10:36+00:00","dateModified":"2025-11-27T18:10:37+00:00","mainEntityOfPage":{"@id":"https:\/\/www.nonsolomusicamagazine.it\/?p=13266"},"wordCount":915,"commentCount":0,"image":{"@id":"https:\/\/www.nonsolomusicamagazine.it\/?p=13266#primaryimage"},"thumbnailUrl":"https:\/\/www.nonsolomusicamagazine.it\/wp-content\/uploads\/2025\/11\/1000094103.jpg","keywords":["Cuba","Fidel Castro","non allineati","Olp","Palestina","Yasser Arafat"],"articleSection":["Esteri","Politica","Storia"],"inLanguage":"it-IT","potentialAction":[{"@type":"CommentAction","name":"Comment","target":["https:\/\/www.nonsolomusicamagazine.it\/?p=13266#respond"]}]},{"@type":"WebPage","@id":"https:\/\/www.nonsolomusicamagazine.it\/?p=13266","url":"https:\/\/www.nonsolomusicamagazine.it\/?p=13266","name":"Fidel Castro e Yasser Arafat se, un\u2019amicizia forgiata nella lotta contro l\u2019occupazione israeliana - NonSoloMusicaMagazine","isPartOf":{"@id":"https:\/\/www.nonsolomusicamagazine.it\/#website"},"primaryImageOfPage":{"@id":"https:\/\/www.nonsolomusicamagazine.it\/?p=13266#primaryimage"},"image":{"@id":"https:\/\/www.nonsolomusicamagazine.it\/?p=13266#primaryimage"},"thumbnailUrl":"https:\/\/www.nonsolomusicamagazine.it\/wp-content\/uploads\/2025\/11\/1000094103.jpg","datePublished":"2025-11-27T18:10:36+00:00","dateModified":"2025-11-27T18:10:37+00:00","author":{"@id":"https:\/\/www.nonsolomusicamagazine.it\/#\/schema\/person\/a3349ad02300d046472d46cf6d31ae46"},"description":"Fidel Castro e Yasser Arafat","breadcrumb":{"@id":"https:\/\/www.nonsolomusicamagazine.it\/?p=13266#breadcrumb"},"inLanguage":"it-IT","potentialAction":[{"@type":"ReadAction","target":["https:\/\/www.nonsolomusicamagazine.it\/?p=13266"]}]},{"@type":"ImageObject","inLanguage":"it-IT","@id":"https:\/\/www.nonsolomusicamagazine.it\/?p=13266#primaryimage","url":"https:\/\/www.nonsolomusicamagazine.it\/wp-content\/uploads\/2025\/11\/1000094103.jpg","contentUrl":"https:\/\/www.nonsolomusicamagazine.it\/wp-content\/uploads\/2025\/11\/1000094103.jpg","width":889,"height":600},{"@type":"BreadcrumbList","@id":"https:\/\/www.nonsolomusicamagazine.it\/?p=13266#breadcrumb","itemListElement":[{"@type":"ListItem","position":1,"name":"Home","item":"https:\/\/www.nonsolomusicamagazine.it\/"},{"@type":"ListItem","position":2,"name":"Fidel Castro e Yasser Arafat se, un\u2019amicizia forgiata nella lotta contro l\u2019occupazione israeliana"}]},{"@type":"WebSite","@id":"https:\/\/www.nonsolomusicamagazine.it\/#website","url":"https:\/\/www.nonsolomusicamagazine.it\/","name":"Nonsolomusicamagazine","description":"Dir. responsabile Manuel M Buccarella","potentialAction":[{"@type":"SearchAction","target":{"@type":"EntryPoint","urlTemplate":"https:\/\/www.nonsolomusicamagazine.it\/?s={search_term_string}"},"query-input":{"@type":"PropertyValueSpecification","valueRequired":true,"valueName":"search_term_string"}}],"inLanguage":"it-IT"},{"@type":"Person","@id":"https:\/\/www.nonsolomusicamagazine.it\/#\/schema\/person\/a3349ad02300d046472d46cf6d31ae46","name":"nonsolomusica","image":{"@type":"ImageObject","inLanguage":"it-IT","@id":"https:\/\/www.nonsolomusicamagazine.it\/wp-content\/litespeed\/avatar\/3a675484bc84db6aba78d43bfc8b7197.jpg?ver=1776880798","url":"https:\/\/www.nonsolomusicamagazine.it\/wp-content\/litespeed\/avatar\/3a675484bc84db6aba78d43bfc8b7197.jpg?ver=1776880798","contentUrl":"https:\/\/www.nonsolomusicamagazine.it\/wp-content\/litespeed\/avatar\/3a675484bc84db6aba78d43bfc8b7197.jpg?ver=1776880798","caption":"nonsolomusica"},"sameAs":["https:\/\/www.nonsolomusicamagazine.it"],"url":"https:\/\/www.nonsolomusicamagazine.it\/?author=1"}]}},"amp_enabled":true,"_links":{"self":[{"href":"https:\/\/www.nonsolomusicamagazine.it\/index.php?rest_route=\/wp\/v2\/posts\/13266","targetHints":{"allow":["GET"]}}],"collection":[{"href":"https:\/\/www.nonsolomusicamagazine.it\/index.php?rest_route=\/wp\/v2\/posts"}],"about":[{"href":"https:\/\/www.nonsolomusicamagazine.it\/index.php?rest_route=\/wp\/v2\/types\/post"}],"author":[{"embeddable":true,"href":"https:\/\/www.nonsolomusicamagazine.it\/index.php?rest_route=\/wp\/v2\/users\/1"}],"replies":[{"embeddable":true,"href":"https:\/\/www.nonsolomusicamagazine.it\/index.php?rest_route=%2Fwp%2Fv2%2Fcomments&post=13266"}],"version-history":[{"count":1,"href":"https:\/\/www.nonsolomusicamagazine.it\/index.php?rest_route=\/wp\/v2\/posts\/13266\/revisions"}],"predecessor-version":[{"id":13268,"href":"https:\/\/www.nonsolomusicamagazine.it\/index.php?rest_route=\/wp\/v2\/posts\/13266\/revisions\/13268"}],"wp:featuredmedia":[{"embeddable":true,"href":"https:\/\/www.nonsolomusicamagazine.it\/index.php?rest_route=\/wp\/v2\/media\/13267"}],"wp:attachment":[{"href":"https:\/\/www.nonsolomusicamagazine.it\/index.php?rest_route=%2Fwp%2Fv2%2Fmedia&parent=13266"}],"wp:term":[{"taxonomy":"category","embeddable":true,"href":"https:\/\/www.nonsolomusicamagazine.it\/index.php?rest_route=%2Fwp%2Fv2%2Fcategories&post=13266"},{"taxonomy":"post_tag","embeddable":true,"href":"https:\/\/www.nonsolomusicamagazine.it\/index.php?rest_route=%2Fwp%2Fv2%2Ftags&post=13266"}],"curies":[{"name":"wp","href":"https:\/\/api.w.org\/{rel}","templated":true}]}}