{"id":13287,"date":"2025-11-29T11:20:03","date_gmt":"2025-11-29T10:20:03","guid":{"rendered":"https:\/\/www.nonsolomusicamagazine.it\/?p=13287"},"modified":"2025-11-29T11:20:04","modified_gmt":"2025-11-29T10:20:04","slug":"oggi-la-piazza-chiama","status":"publish","type":"post","link":"https:\/\/www.nonsolomusicamagazine.it\/?p=13287","title":{"rendered":"OGGI LA PIAZZA CHIAMA"},"content":{"rendered":"\n<p class=\"has-text-align-center\"><strong>Alfredo Facchini<\/strong><\/p>\n\n\n\n<p>La falsa tregua presentata come \u201cpace\u201d non ha cambiato nulla sul terreno. Ha semplicemente oscurato il massacro. Spinto altrove l\u2019attenzione. Allentato la pressione. E mentre cala il rumore, cresce la tentazione di abbassare la guardia. \u00c8 qui che ci vogliono: un passo indietro, sparsi, con il fiato corto dopo mesi di mobilitazione.Per questo serve uno scatto collettivo. Tenere ferma la rotta. Non concedere neppure un millimetro all\u2019idea che \u201cormai \u00e8 finita\u201d. Ogni volta che ci ritiriamo, rafforzano la gabbia.<\/p>\n\n\n\n<p>Oggi si torna in strada. A Roma, a Porta San Paolo, alle 14. \u00c8 un luogo che parla da s\u00e9: un varco della citt\u00e0 in cui generazioni hanno difeso la propria dignit\u00e0. L\u00ec si misura la nostra tenuta. \u00c8 il momento esatto in cui bisogna respingere l\u2019inerzia. Nessuno verr\u00e0 a sostituirci. Nessuno far\u00e0 il lavoro al posto nostro. <\/p>\n\n\n\n<p>La storia la spingono avanti quelli che ci sono. Oggi serve esserci. Portando con s\u00e9 il filo che tiene unita una comunit\u00e0 che non accetta di diventare complice.Si va in piazza per Gaza. Si va in piazza per non spezzare la continuit\u00e0 di una battaglia che non ammette intervalli.<\/p>\n\n\n\n<p>Porta San Paolo, alle 14. Andiamo. Toglieremo al silenzio l\u2019illusione di averci gi\u00e0 sopraffatti.<\/p>\n\n\n\n<figure class=\"wp-block-image size-large\"><img decoding=\"async\" width=\"640\" height=\"1024\" src=\"https:\/\/www.nonsolomusicamagazine.it\/wp-content\/uploads\/2025\/11\/1000094274-640x1024.jpg\" alt=\"\" class=\"wp-image-13288\" srcset=\"https:\/\/www.nonsolomusicamagazine.it\/wp-content\/uploads\/2025\/11\/1000094274-640x1024.jpg 640w, https:\/\/www.nonsolomusicamagazine.it\/wp-content\/uploads\/2025\/11\/1000094274-188x300.jpg 188w, https:\/\/www.nonsolomusicamagazine.it\/wp-content\/uploads\/2025\/11\/1000094274-768x1228.jpg 768w, https:\/\/www.nonsolomusicamagazine.it\/wp-content\/uploads\/2025\/11\/1000094274-961x1536.jpg 961w, https:\/\/www.nonsolomusicamagazine.it\/wp-content\/uploads\/2025\/11\/1000094274.jpg 1125w\" sizes=\"(max-width: 640px) 100vw, 640px\" \/><\/figure>\n","protected":false},"excerpt":{"rendered":"<p>Alfredo Facchini La falsa tregua presentata come \u201cpace\u201d non ha cambiato nulla sul terreno. Ha semplicemente oscurato il massacro. Spinto altrove l\u2019attenzione. Allentato la pressione. E mentre cala il rumore, cresce la tentazione di abbassare la guardia. \u00c8 qui che ci vogliono: un passo indietro, sparsi, con il fiato corto dopo mesi di mobilitazione.Per questo [&hellip;]<\/p>\n","protected":false},"author":1,"featured_media":13288,"comment_status":"open","ping_status":"closed","sticky":false,"template":"","format":"standard","meta":{"footnotes":""},"categories":[5,20],"tags":[2217,216,382,217,5371,5139],"class_list":["post-13287","post","type-post","status-publish","format-standard","has-post-thumbnail","hentry","category-politica","category-societa","tag-genocidio","tag-israele","tag-manifestazione","tag-palestina","tag-poeta-san-paolo","tag-tregua-farsa"],"yoast_head":"<!-- This site is optimized with the Yoast SEO plugin v27.4 - https:\/\/yoast.com\/product\/yoast-seo-wordpress\/ -->\n<title>OGGI LA PIAZZA CHIAMA - NonSoloMusicaMagazine<\/title>\n<meta name=\"description\" content=\"La Piazza\" \/>\n<meta name=\"robots\" content=\"index, follow, max-snippet:-1, max-image-preview:large, max-video-preview:-1\" \/>\n<link rel=\"canonical\" href=\"https:\/\/www.nonsolomusicamagazine.it\/?p=13287\" \/>\n<meta property=\"og:locale\" content=\"it_IT\" \/>\n<meta property=\"og:type\" content=\"article\" \/>\n<meta property=\"og:title\" content=\"OGGI LA PIAZZA CHIAMA - NonSoloMusicaMagazine\" \/>\n<meta property=\"og:description\" content=\"La Piazza\" \/>\n<meta property=\"og:url\" content=\"https:\/\/www.nonsolomusicamagazine.it\/?p=13287\" \/>\n<meta property=\"og:site_name\" content=\"NonSoloMusicaMagazine\" \/>\n<meta property=\"article:published_time\" content=\"2025-11-29T10:20:03+00:00\" \/>\n<meta property=\"article:modified_time\" content=\"2025-11-29T10:20:04+00:00\" \/>\n<meta property=\"og:image\" content=\"https:\/\/www.nonsolomusicamagazine.it\/wp-content\/uploads\/2025\/11\/1000094274.jpg\" \/>\n\t<meta property=\"og:image:width\" content=\"1125\" \/>\n\t<meta property=\"og:image:height\" content=\"1799\" \/>\n\t<meta property=\"og:image:type\" content=\"image\/jpeg\" \/>\n<meta name=\"author\" content=\"nonsolomusica\" \/>\n<meta name=\"twitter:card\" content=\"summary_large_image\" \/>\n<meta name=\"twitter:label1\" content=\"Scritto da\" \/>\n\t<meta name=\"twitter:data1\" content=\"nonsolomusica\" \/>\n\t<meta name=\"twitter:label2\" content=\"Tempo di lettura stimato\" \/>\n\t<meta name=\"twitter:data2\" content=\"2 minuti\" \/>\n<script type=\"application\/ld+json\" class=\"yoast-schema-graph\">{\"@context\":\"https:\\\/\\\/schema.org\",\"@graph\":[{\"@type\":\"Article\",\"@id\":\"https:\\\/\\\/www.nonsolomusicamagazine.it\\\/?p=13287#article\",\"isPartOf\":{\"@id\":\"https:\\\/\\\/www.nonsolomusicamagazine.it\\\/?p=13287\"},\"author\":{\"name\":\"nonsolomusica\",\"@id\":\"https:\\\/\\\/www.nonsolomusicamagazine.it\\\/#\\\/schema\\\/person\\\/a3349ad02300d046472d46cf6d31ae46\"},\"headline\":\"OGGI LA PIAZZA CHIAMA\",\"datePublished\":\"2025-11-29T10:20:03+00:00\",\"dateModified\":\"2025-11-29T10:20:04+00:00\",\"mainEntityOfPage\":{\"@id\":\"https:\\\/\\\/www.nonsolomusicamagazine.it\\\/?p=13287\"},\"wordCount\":206,\"commentCount\":0,\"image\":{\"@id\":\"https:\\\/\\\/www.nonsolomusicamagazine.it\\\/?p=13287#primaryimage\"},\"thumbnailUrl\":\"https:\\\/\\\/www.nonsolomusicamagazine.it\\\/wp-content\\\/uploads\\\/2025\\\/11\\\/1000094274.jpg\",\"keywords\":[\"Genocidio\",\"Israele\",\"Manifestazione\",\"Palestina\",\"Poeta San Paolo\",\"Tregua farsa\"],\"articleSection\":[\"Politica\",\"Societ\u00e0\"],\"inLanguage\":\"it-IT\",\"potentialAction\":[{\"@type\":\"CommentAction\",\"name\":\"Comment\",\"target\":[\"https:\\\/\\\/www.nonsolomusicamagazine.it\\\/?p=13287#respond\"]}]},{\"@type\":\"WebPage\",\"@id\":\"https:\\\/\\\/www.nonsolomusicamagazine.it\\\/?p=13287\",\"url\":\"https:\\\/\\\/www.nonsolomusicamagazine.it\\\/?p=13287\",\"name\":\"OGGI LA PIAZZA CHIAMA - NonSoloMusicaMagazine\",\"isPartOf\":{\"@id\":\"https:\\\/\\\/www.nonsolomusicamagazine.it\\\/#website\"},\"primaryImageOfPage\":{\"@id\":\"https:\\\/\\\/www.nonsolomusicamagazine.it\\\/?p=13287#primaryimage\"},\"image\":{\"@id\":\"https:\\\/\\\/www.nonsolomusicamagazine.it\\\/?p=13287#primaryimage\"},\"thumbnailUrl\":\"https:\\\/\\\/www.nonsolomusicamagazine.it\\\/wp-content\\\/uploads\\\/2025\\\/11\\\/1000094274.jpg\",\"datePublished\":\"2025-11-29T10:20:03+00:00\",\"dateModified\":\"2025-11-29T10:20:04+00:00\",\"author\":{\"@id\":\"https:\\\/\\\/www.nonsolomusicamagazine.it\\\/#\\\/schema\\\/person\\\/a3349ad02300d046472d46cf6d31ae46\"},\"description\":\"La Piazza\",\"breadcrumb\":{\"@id\":\"https:\\\/\\\/www.nonsolomusicamagazine.it\\\/?p=13287#breadcrumb\"},\"inLanguage\":\"it-IT\",\"potentialAction\":[{\"@type\":\"ReadAction\",\"target\":[\"https:\\\/\\\/www.nonsolomusicamagazine.it\\\/?p=13287\"]}]},{\"@type\":\"ImageObject\",\"inLanguage\":\"it-IT\",\"@id\":\"https:\\\/\\\/www.nonsolomusicamagazine.it\\\/?p=13287#primaryimage\",\"url\":\"https:\\\/\\\/www.nonsolomusicamagazine.it\\\/wp-content\\\/uploads\\\/2025\\\/11\\\/1000094274.jpg\",\"contentUrl\":\"https:\\\/\\\/www.nonsolomusicamagazine.it\\\/wp-content\\\/uploads\\\/2025\\\/11\\\/1000094274.jpg\",\"width\":1125,\"height\":1799},{\"@type\":\"BreadcrumbList\",\"@id\":\"https:\\\/\\\/www.nonsolomusicamagazine.it\\\/?p=13287#breadcrumb\",\"itemListElement\":[{\"@type\":\"ListItem\",\"position\":1,\"name\":\"Home\",\"item\":\"https:\\\/\\\/www.nonsolomusicamagazine.it\\\/\"},{\"@type\":\"ListItem\",\"position\":2,\"name\":\"OGGI LA PIAZZA CHIAMA\"}]},{\"@type\":\"WebSite\",\"@id\":\"https:\\\/\\\/www.nonsolomusicamagazine.it\\\/#website\",\"url\":\"https:\\\/\\\/www.nonsolomusicamagazine.it\\\/\",\"name\":\"Nonsolomusicamagazine\",\"description\":\"Dir. responsabile Manuel M Buccarella\",\"potentialAction\":[{\"@type\":\"SearchAction\",\"target\":{\"@type\":\"EntryPoint\",\"urlTemplate\":\"https:\\\/\\\/www.nonsolomusicamagazine.it\\\/?s={search_term_string}\"},\"query-input\":{\"@type\":\"PropertyValueSpecification\",\"valueRequired\":true,\"valueName\":\"search_term_string\"}}],\"inLanguage\":\"it-IT\"},{\"@type\":\"Person\",\"@id\":\"https:\\\/\\\/www.nonsolomusicamagazine.it\\\/#\\\/schema\\\/person\\\/a3349ad02300d046472d46cf6d31ae46\",\"name\":\"nonsolomusica\",\"image\":{\"@type\":\"ImageObject\",\"inLanguage\":\"it-IT\",\"@id\":\"https:\\\/\\\/www.nonsolomusicamagazine.it\\\/wp-content\\\/litespeed\\\/avatar\\\/3a675484bc84db6aba78d43bfc8b7197.jpg?ver=1776880798\",\"url\":\"https:\\\/\\\/www.nonsolomusicamagazine.it\\\/wp-content\\\/litespeed\\\/avatar\\\/3a675484bc84db6aba78d43bfc8b7197.jpg?ver=1776880798\",\"contentUrl\":\"https:\\\/\\\/www.nonsolomusicamagazine.it\\\/wp-content\\\/litespeed\\\/avatar\\\/3a675484bc84db6aba78d43bfc8b7197.jpg?ver=1776880798\",\"caption\":\"nonsolomusica\"},\"sameAs\":[\"https:\\\/\\\/www.nonsolomusicamagazine.it\"],\"url\":\"https:\\\/\\\/www.nonsolomusicamagazine.it\\\/?author=1\"}]}<\/script>\n<!-- \/ Yoast SEO plugin. -->","yoast_head_json":{"title":"OGGI LA PIAZZA CHIAMA - NonSoloMusicaMagazine","description":"La Piazza","robots":{"index":"index","follow":"follow","max-snippet":"max-snippet:-1","max-image-preview":"max-image-preview:large","max-video-preview":"max-video-preview:-1"},"canonical":"https:\/\/www.nonsolomusicamagazine.it\/?p=13287","og_locale":"it_IT","og_type":"article","og_title":"OGGI LA PIAZZA CHIAMA - NonSoloMusicaMagazine","og_description":"La Piazza","og_url":"https:\/\/www.nonsolomusicamagazine.it\/?p=13287","og_site_name":"NonSoloMusicaMagazine","article_published_time":"2025-11-29T10:20:03+00:00","article_modified_time":"2025-11-29T10:20:04+00:00","og_image":[{"width":1125,"height":1799,"url":"https:\/\/www.nonsolomusicamagazine.it\/wp-content\/uploads\/2025\/11\/1000094274.jpg","type":"image\/jpeg"}],"author":"nonsolomusica","twitter_card":"summary_large_image","twitter_misc":{"Scritto da":"nonsolomusica","Tempo di lettura stimato":"2 minuti"},"schema":{"@context":"https:\/\/schema.org","@graph":[{"@type":"Article","@id":"https:\/\/www.nonsolomusicamagazine.it\/?p=13287#article","isPartOf":{"@id":"https:\/\/www.nonsolomusicamagazine.it\/?p=13287"},"author":{"name":"nonsolomusica","@id":"https:\/\/www.nonsolomusicamagazine.it\/#\/schema\/person\/a3349ad02300d046472d46cf6d31ae46"},"headline":"OGGI LA PIAZZA CHIAMA","datePublished":"2025-11-29T10:20:03+00:00","dateModified":"2025-11-29T10:20:04+00:00","mainEntityOfPage":{"@id":"https:\/\/www.nonsolomusicamagazine.it\/?p=13287"},"wordCount":206,"commentCount":0,"image":{"@id":"https:\/\/www.nonsolomusicamagazine.it\/?p=13287#primaryimage"},"thumbnailUrl":"https:\/\/www.nonsolomusicamagazine.it\/wp-content\/uploads\/2025\/11\/1000094274.jpg","keywords":["Genocidio","Israele","Manifestazione","Palestina","Poeta San Paolo","Tregua farsa"],"articleSection":["Politica","Societ\u00e0"],"inLanguage":"it-IT","potentialAction":[{"@type":"CommentAction","name":"Comment","target":["https:\/\/www.nonsolomusicamagazine.it\/?p=13287#respond"]}]},{"@type":"WebPage","@id":"https:\/\/www.nonsolomusicamagazine.it\/?p=13287","url":"https:\/\/www.nonsolomusicamagazine.it\/?p=13287","name":"OGGI LA PIAZZA CHIAMA - NonSoloMusicaMagazine","isPartOf":{"@id":"https:\/\/www.nonsolomusicamagazine.it\/#website"},"primaryImageOfPage":{"@id":"https:\/\/www.nonsolomusicamagazine.it\/?p=13287#primaryimage"},"image":{"@id":"https:\/\/www.nonsolomusicamagazine.it\/?p=13287#primaryimage"},"thumbnailUrl":"https:\/\/www.nonsolomusicamagazine.it\/wp-content\/uploads\/2025\/11\/1000094274.jpg","datePublished":"2025-11-29T10:20:03+00:00","dateModified":"2025-11-29T10:20:04+00:00","author":{"@id":"https:\/\/www.nonsolomusicamagazine.it\/#\/schema\/person\/a3349ad02300d046472d46cf6d31ae46"},"description":"La Piazza","breadcrumb":{"@id":"https:\/\/www.nonsolomusicamagazine.it\/?p=13287#breadcrumb"},"inLanguage":"it-IT","potentialAction":[{"@type":"ReadAction","target":["https:\/\/www.nonsolomusicamagazine.it\/?p=13287"]}]},{"@type":"ImageObject","inLanguage":"it-IT","@id":"https:\/\/www.nonsolomusicamagazine.it\/?p=13287#primaryimage","url":"https:\/\/www.nonsolomusicamagazine.it\/wp-content\/uploads\/2025\/11\/1000094274.jpg","contentUrl":"https:\/\/www.nonsolomusicamagazine.it\/wp-content\/uploads\/2025\/11\/1000094274.jpg","width":1125,"height":1799},{"@type":"BreadcrumbList","@id":"https:\/\/www.nonsolomusicamagazine.it\/?p=13287#breadcrumb","itemListElement":[{"@type":"ListItem","position":1,"name":"Home","item":"https:\/\/www.nonsolomusicamagazine.it\/"},{"@type":"ListItem","position":2,"name":"OGGI LA PIAZZA CHIAMA"}]},{"@type":"WebSite","@id":"https:\/\/www.nonsolomusicamagazine.it\/#website","url":"https:\/\/www.nonsolomusicamagazine.it\/","name":"Nonsolomusicamagazine","description":"Dir. responsabile Manuel M Buccarella","potentialAction":[{"@type":"SearchAction","target":{"@type":"EntryPoint","urlTemplate":"https:\/\/www.nonsolomusicamagazine.it\/?s={search_term_string}"},"query-input":{"@type":"PropertyValueSpecification","valueRequired":true,"valueName":"search_term_string"}}],"inLanguage":"it-IT"},{"@type":"Person","@id":"https:\/\/www.nonsolomusicamagazine.it\/#\/schema\/person\/a3349ad02300d046472d46cf6d31ae46","name":"nonsolomusica","image":{"@type":"ImageObject","inLanguage":"it-IT","@id":"https:\/\/www.nonsolomusicamagazine.it\/wp-content\/litespeed\/avatar\/3a675484bc84db6aba78d43bfc8b7197.jpg?ver=1776880798","url":"https:\/\/www.nonsolomusicamagazine.it\/wp-content\/litespeed\/avatar\/3a675484bc84db6aba78d43bfc8b7197.jpg?ver=1776880798","contentUrl":"https:\/\/www.nonsolomusicamagazine.it\/wp-content\/litespeed\/avatar\/3a675484bc84db6aba78d43bfc8b7197.jpg?ver=1776880798","caption":"nonsolomusica"},"sameAs":["https:\/\/www.nonsolomusicamagazine.it"],"url":"https:\/\/www.nonsolomusicamagazine.it\/?author=1"}]}},"amp_enabled":true,"_links":{"self":[{"href":"https:\/\/www.nonsolomusicamagazine.it\/index.php?rest_route=\/wp\/v2\/posts\/13287","targetHints":{"allow":["GET"]}}],"collection":[{"href":"https:\/\/www.nonsolomusicamagazine.it\/index.php?rest_route=\/wp\/v2\/posts"}],"about":[{"href":"https:\/\/www.nonsolomusicamagazine.it\/index.php?rest_route=\/wp\/v2\/types\/post"}],"author":[{"embeddable":true,"href":"https:\/\/www.nonsolomusicamagazine.it\/index.php?rest_route=\/wp\/v2\/users\/1"}],"replies":[{"embeddable":true,"href":"https:\/\/www.nonsolomusicamagazine.it\/index.php?rest_route=%2Fwp%2Fv2%2Fcomments&post=13287"}],"version-history":[{"count":1,"href":"https:\/\/www.nonsolomusicamagazine.it\/index.php?rest_route=\/wp\/v2\/posts\/13287\/revisions"}],"predecessor-version":[{"id":13289,"href":"https:\/\/www.nonsolomusicamagazine.it\/index.php?rest_route=\/wp\/v2\/posts\/13287\/revisions\/13289"}],"wp:featuredmedia":[{"embeddable":true,"href":"https:\/\/www.nonsolomusicamagazine.it\/index.php?rest_route=\/wp\/v2\/media\/13288"}],"wp:attachment":[{"href":"https:\/\/www.nonsolomusicamagazine.it\/index.php?rest_route=%2Fwp%2Fv2%2Fmedia&parent=13287"}],"wp:term":[{"taxonomy":"category","embeddable":true,"href":"https:\/\/www.nonsolomusicamagazine.it\/index.php?rest_route=%2Fwp%2Fv2%2Fcategories&post=13287"},{"taxonomy":"post_tag","embeddable":true,"href":"https:\/\/www.nonsolomusicamagazine.it\/index.php?rest_route=%2Fwp%2Fv2%2Ftags&post=13287"}],"curies":[{"name":"wp","href":"https:\/\/api.w.org\/{rel}","templated":true}]}}