{"id":13290,"date":"2025-11-29T11:42:43","date_gmt":"2025-11-29T10:42:43","guid":{"rendered":"https:\/\/www.nonsolomusicamagazine.it\/?p=13290"},"modified":"2025-11-29T11:48:25","modified_gmt":"2025-11-29T10:48:25","slug":"80-anni-fa-a-jaice-bosnia-nasceva-la-jugoslavia-di-tito-2","status":"publish","type":"post","link":"https:\/\/www.nonsolomusicamagazine.it\/?p=13290","title":{"rendered":"82 anni fa a Jaice (Bosnia) nasceva la Jugoslavia di Tito."},"content":{"rendered":"\n<p class=\"has-text-align-center\"><strong>Manuel M Buccarella <\/strong><\/p>\n\n\n\n<p>Era il 29 novembre 1943, un giorno di freddo inverno nella Bosnia centrale, e si era ancora in piena guerra. L\u2019AVNOJ, Consiglio antifascista di liberazione popolare della Jugoslavia (Antifa\u0161isti\u010dko vije\u0107e narodnog oslobo\u0111enja Jugoslavije) si riunisce per la seconda volta nella sua storia nella cittadina di Jaice, nella Bosnia centrale, alla presenza di un centinaio di delegati, provenienti da tutte le regioni della Jugoslavia.<\/p>\n\n\n\n<p>Nella sua seconda riunione, dal 21 al 29 novembre 1943, Josip Broz Tito dichiar\u00f2 l\u2019AVNOJ come autorit\u00e0 esecutiva superiore. Le risoluzioni della seconda riunione dell\u2019AVNOJ furono:<\/p>\n\n\n\n<p>*la creazione di una Jugoslavia federale, basata sul diritto di autodeterminazione, col quale le popolazioni slave meridionali di serbi, croati, sloveni, macedoni e montenegrini, avrebbero vissuto in repubbliche autonome<\/p>\n\n\n\n<p>* l\u2019elezione di un Comitato Nazionale di Liberazione della Jugoslavia (Nacionalni komitet oslobo\u0111enja Jugoslavije, NKOJ), con sede a Jajce, che agisse da governo provvisorio della Repubblica socialista federale di Jugoslavia, con Tito come presidente e commissario provvisorio alla difesa popolare<\/p>\n\n\n\n<p>* la nomina di Tito a Maresciallo di Jugoslavia e a primo ministro;<\/p>\n\n\n\n<p>*la revoca del governo jugoslavo in esilio;<\/p>\n\n\n\n<p>*il divieto di ritorno in patria al Re Pietro II Karadjordjevic, fino allo svolgimento di un referendum popolare per decidere lo status della monarchia.<\/p>\n\n\n\n<p>I rapporti tra Tito, leader del movimento di liberazione e del partito comunista jugoslavo e Stalin erano gi\u00e0 allora non idilliaci. Il presidente sovietico non vedeva di buon occhio l\u2019 autonomia degli jugoslavi. Era contrario Stalin a questa manifestazione di indipendenza della Jugoslavia e per tale motivo, Tito ed i suoi pensarono bene di informarlo solo a cose fatte.<\/p>\n\n\n\n<p>\u00c8 un fatto che la seconda guerra mondiale si conclude con la liberazione della Jugoslavia ad opera del pi\u00f9 importante movimento partigiano d\u2019Europa, quello comunista di Tito. <\/p>\n\n\n\n<p>La Jugoslavia socialista, tra qualche ombra e molte luci, grazie alle grandi capacit\u00e0 del suo leader, Josip Broz Tito, e della classe dirigente, porter\u00e0 il paese ad avere un ruolo importante a livello internazionale ed a lanciare l\u2019autogestione dei lavoratori, migliorando le condizioni di vita di milioni di persone. <\/p>\n\n\n\n<p>Dopo la morte di Tito, nel 1980, incomincer\u00e0 il declino fino alla dissoluzione della Jugoslavia socialista nel 1992.<\/p>\n\n\n\n<figure class=\"wp-block-image size-full\"><img decoding=\"async\" width=\"572\" height=\"716\" src=\"https:\/\/www.nonsolomusicamagazine.it\/wp-content\/uploads\/2025\/11\/1000094287.jpg\" alt=\"\" class=\"wp-image-13291\" srcset=\"https:\/\/www.nonsolomusicamagazine.it\/wp-content\/uploads\/2025\/11\/1000094287.jpg 572w, https:\/\/www.nonsolomusicamagazine.it\/wp-content\/uploads\/2025\/11\/1000094287-240x300.jpg 240w\" sizes=\"(max-width: 572px) 100vw, 572px\" \/><\/figure>\n\n\n\n<figure class=\"wp-block-gallery has-nested-images columns-default is-cropped wp-block-gallery-1 is-layout-flex wp-block-gallery-is-layout-flex\">\n<figure class=\"wp-block-image size-large\"><img decoding=\"async\" width=\"320\" height=\"400\" data-id=\"13292\" src=\"https:\/\/www.nonsolomusicamagazine.it\/wp-content\/uploads\/2025\/11\/1000094288.jpg\" alt=\"\" class=\"wp-image-13292\" srcset=\"https:\/\/www.nonsolomusicamagazine.it\/wp-content\/uploads\/2025\/11\/1000094288.jpg 320w, https:\/\/www.nonsolomusicamagazine.it\/wp-content\/uploads\/2025\/11\/1000094288-240x300.jpg 240w\" sizes=\"(max-width: 320px) 100vw, 320px\" \/><\/figure>\n\n\n\n<figure class=\"wp-block-image size-large\"><img decoding=\"async\" width=\"578\" height=\"723\" data-id=\"13293\" src=\"https:\/\/www.nonsolomusicamagazine.it\/wp-content\/uploads\/2025\/11\/1000094289.jpg\" alt=\"\" class=\"wp-image-13293\" srcset=\"https:\/\/www.nonsolomusicamagazine.it\/wp-content\/uploads\/2025\/11\/1000094289.jpg 578w, https:\/\/www.nonsolomusicamagazine.it\/wp-content\/uploads\/2025\/11\/1000094289-240x300.jpg 240w\" sizes=\"(max-width: 578px) 100vw, 578px\" \/><\/figure>\n<\/figure>\n","protected":false},"excerpt":{"rendered":"<p>Manuel M Buccarella Era il 29 novembre 1943, un giorno di freddo inverno nella Bosnia centrale, e si era ancora in piena guerra. L\u2019AVNOJ, Consiglio antifascista di liberazione popolare della Jugoslavia (Antifa\u0161isti\u010dko vije\u0107e narodnog oslobo\u0111enja Jugoslavije) si riunisce per la seconda volta nella sua storia nella cittadina di Jaice, nella Bosnia centrale, alla presenza di [&hellip;]<\/p>\n","protected":false},"author":1,"featured_media":13291,"comment_status":"open","ping_status":"closed","sticky":false,"template":"","format":"standard","meta":{"footnotes":""},"categories":[1321],"tags":[3713,2415,650,2009,947,263],"class_list":["post-13290","post","type-post","status-publish","format-standard","has-post-thumbnail","hentry","category-storia","tag-fondazione","tag-jaice","tag-jugoslavia","tag-seconda-guerra-mondiale","tag-socialismo","tag-tito"],"yoast_head":"<!-- This site is optimized with the Yoast SEO plugin v27.4 - https:\/\/yoast.com\/product\/yoast-seo-wordpress\/ -->\n<title>82 anni fa a Jaice (Bosnia) nasceva la Jugoslavia di Tito. - NonSoloMusicaMagazine<\/title>\n<meta name=\"description\" content=\"Jaice Jugoslavia Tito\" \/>\n<meta name=\"robots\" content=\"index, follow, max-snippet:-1, max-image-preview:large, max-video-preview:-1\" \/>\n<link rel=\"canonical\" href=\"https:\/\/www.nonsolomusicamagazine.it\/?p=13290\" \/>\n<meta property=\"og:locale\" content=\"it_IT\" \/>\n<meta property=\"og:type\" content=\"article\" \/>\n<meta property=\"og:title\" content=\"82 anni fa a Jaice (Bosnia) nasceva la Jugoslavia di Tito. - NonSoloMusicaMagazine\" \/>\n<meta property=\"og:description\" content=\"Jaice Jugoslavia Tito\" \/>\n<meta property=\"og:url\" content=\"https:\/\/www.nonsolomusicamagazine.it\/?p=13290\" \/>\n<meta property=\"og:site_name\" content=\"NonSoloMusicaMagazine\" \/>\n<meta property=\"article:published_time\" content=\"2025-11-29T10:42:43+00:00\" \/>\n<meta property=\"article:modified_time\" content=\"2025-11-29T10:48:25+00:00\" \/>\n<meta property=\"og:image\" content=\"https:\/\/www.nonsolomusicamagazine.it\/wp-content\/uploads\/2025\/11\/1000094287.jpg\" \/>\n\t<meta property=\"og:image:width\" content=\"572\" \/>\n\t<meta property=\"og:image:height\" content=\"716\" \/>\n\t<meta property=\"og:image:type\" content=\"image\/jpeg\" \/>\n<meta name=\"author\" content=\"nonsolomusica\" \/>\n<meta name=\"twitter:card\" content=\"summary_large_image\" \/>\n<meta name=\"twitter:label1\" content=\"Scritto da\" \/>\n\t<meta name=\"twitter:data1\" content=\"nonsolomusica\" \/>\n\t<meta name=\"twitter:label2\" content=\"Tempo di lettura stimato\" \/>\n\t<meta name=\"twitter:data2\" content=\"3 minuti\" \/>\n<script type=\"application\/ld+json\" class=\"yoast-schema-graph\">{\"@context\":\"https:\\\/\\\/schema.org\",\"@graph\":[{\"@type\":\"Article\",\"@id\":\"https:\\\/\\\/www.nonsolomusicamagazine.it\\\/?p=13290#article\",\"isPartOf\":{\"@id\":\"https:\\\/\\\/www.nonsolomusicamagazine.it\\\/?p=13290\"},\"author\":{\"name\":\"nonsolomusica\",\"@id\":\"https:\\\/\\\/www.nonsolomusicamagazine.it\\\/#\\\/schema\\\/person\\\/a3349ad02300d046472d46cf6d31ae46\"},\"headline\":\"82 anni fa a Jaice (Bosnia) nasceva la Jugoslavia di Tito.\",\"datePublished\":\"2025-11-29T10:42:43+00:00\",\"dateModified\":\"2025-11-29T10:48:25+00:00\",\"mainEntityOfPage\":{\"@id\":\"https:\\\/\\\/www.nonsolomusicamagazine.it\\\/?p=13290\"},\"wordCount\":369,\"commentCount\":0,\"image\":{\"@id\":\"https:\\\/\\\/www.nonsolomusicamagazine.it\\\/?p=13290#primaryimage\"},\"thumbnailUrl\":\"https:\\\/\\\/www.nonsolomusicamagazine.it\\\/wp-content\\\/uploads\\\/2025\\\/11\\\/1000094287.jpg\",\"keywords\":[\"Fondazione\",\"Jaice\",\"Jugoslavia\",\"Seconda guerra mondiale\",\"Socialismo\",\"Tito\"],\"articleSection\":[\"Storia\"],\"inLanguage\":\"it-IT\",\"potentialAction\":[{\"@type\":\"CommentAction\",\"name\":\"Comment\",\"target\":[\"https:\\\/\\\/www.nonsolomusicamagazine.it\\\/?p=13290#respond\"]}]},{\"@type\":\"WebPage\",\"@id\":\"https:\\\/\\\/www.nonsolomusicamagazine.it\\\/?p=13290\",\"url\":\"https:\\\/\\\/www.nonsolomusicamagazine.it\\\/?p=13290\",\"name\":\"82 anni fa a Jaice (Bosnia) nasceva la Jugoslavia di Tito. - NonSoloMusicaMagazine\",\"isPartOf\":{\"@id\":\"https:\\\/\\\/www.nonsolomusicamagazine.it\\\/#website\"},\"primaryImageOfPage\":{\"@id\":\"https:\\\/\\\/www.nonsolomusicamagazine.it\\\/?p=13290#primaryimage\"},\"image\":{\"@id\":\"https:\\\/\\\/www.nonsolomusicamagazine.it\\\/?p=13290#primaryimage\"},\"thumbnailUrl\":\"https:\\\/\\\/www.nonsolomusicamagazine.it\\\/wp-content\\\/uploads\\\/2025\\\/11\\\/1000094287.jpg\",\"datePublished\":\"2025-11-29T10:42:43+00:00\",\"dateModified\":\"2025-11-29T10:48:25+00:00\",\"author\":{\"@id\":\"https:\\\/\\\/www.nonsolomusicamagazine.it\\\/#\\\/schema\\\/person\\\/a3349ad02300d046472d46cf6d31ae46\"},\"description\":\"Jaice Jugoslavia Tito\",\"breadcrumb\":{\"@id\":\"https:\\\/\\\/www.nonsolomusicamagazine.it\\\/?p=13290#breadcrumb\"},\"inLanguage\":\"it-IT\",\"potentialAction\":[{\"@type\":\"ReadAction\",\"target\":[\"https:\\\/\\\/www.nonsolomusicamagazine.it\\\/?p=13290\"]}]},{\"@type\":\"ImageObject\",\"inLanguage\":\"it-IT\",\"@id\":\"https:\\\/\\\/www.nonsolomusicamagazine.it\\\/?p=13290#primaryimage\",\"url\":\"https:\\\/\\\/www.nonsolomusicamagazine.it\\\/wp-content\\\/uploads\\\/2025\\\/11\\\/1000094287.jpg\",\"contentUrl\":\"https:\\\/\\\/www.nonsolomusicamagazine.it\\\/wp-content\\\/uploads\\\/2025\\\/11\\\/1000094287.jpg\",\"width\":572,\"height\":716},{\"@type\":\"BreadcrumbList\",\"@id\":\"https:\\\/\\\/www.nonsolomusicamagazine.it\\\/?p=13290#breadcrumb\",\"itemListElement\":[{\"@type\":\"ListItem\",\"position\":1,\"name\":\"Home\",\"item\":\"https:\\\/\\\/www.nonsolomusicamagazine.it\\\/\"},{\"@type\":\"ListItem\",\"position\":2,\"name\":\"82 anni fa a Jaice (Bosnia) nasceva la Jugoslavia di Tito.\"}]},{\"@type\":\"WebSite\",\"@id\":\"https:\\\/\\\/www.nonsolomusicamagazine.it\\\/#website\",\"url\":\"https:\\\/\\\/www.nonsolomusicamagazine.it\\\/\",\"name\":\"Nonsolomusicamagazine\",\"description\":\"Dir. responsabile Manuel M Buccarella\",\"potentialAction\":[{\"@type\":\"SearchAction\",\"target\":{\"@type\":\"EntryPoint\",\"urlTemplate\":\"https:\\\/\\\/www.nonsolomusicamagazine.it\\\/?s={search_term_string}\"},\"query-input\":{\"@type\":\"PropertyValueSpecification\",\"valueRequired\":true,\"valueName\":\"search_term_string\"}}],\"inLanguage\":\"it-IT\"},{\"@type\":\"Person\",\"@id\":\"https:\\\/\\\/www.nonsolomusicamagazine.it\\\/#\\\/schema\\\/person\\\/a3349ad02300d046472d46cf6d31ae46\",\"name\":\"nonsolomusica\",\"image\":{\"@type\":\"ImageObject\",\"inLanguage\":\"it-IT\",\"@id\":\"https:\\\/\\\/www.nonsolomusicamagazine.it\\\/wp-content\\\/litespeed\\\/avatar\\\/3a675484bc84db6aba78d43bfc8b7197.jpg?ver=1776880798\",\"url\":\"https:\\\/\\\/www.nonsolomusicamagazine.it\\\/wp-content\\\/litespeed\\\/avatar\\\/3a675484bc84db6aba78d43bfc8b7197.jpg?ver=1776880798\",\"contentUrl\":\"https:\\\/\\\/www.nonsolomusicamagazine.it\\\/wp-content\\\/litespeed\\\/avatar\\\/3a675484bc84db6aba78d43bfc8b7197.jpg?ver=1776880798\",\"caption\":\"nonsolomusica\"},\"sameAs\":[\"https:\\\/\\\/www.nonsolomusicamagazine.it\"],\"url\":\"https:\\\/\\\/www.nonsolomusicamagazine.it\\\/?author=1\"}]}<\/script>\n<!-- \/ Yoast SEO plugin. -->","yoast_head_json":{"title":"82 anni fa a Jaice (Bosnia) nasceva la Jugoslavia di Tito. - NonSoloMusicaMagazine","description":"Jaice Jugoslavia Tito","robots":{"index":"index","follow":"follow","max-snippet":"max-snippet:-1","max-image-preview":"max-image-preview:large","max-video-preview":"max-video-preview:-1"},"canonical":"https:\/\/www.nonsolomusicamagazine.it\/?p=13290","og_locale":"it_IT","og_type":"article","og_title":"82 anni fa a Jaice (Bosnia) nasceva la Jugoslavia di Tito. - NonSoloMusicaMagazine","og_description":"Jaice Jugoslavia Tito","og_url":"https:\/\/www.nonsolomusicamagazine.it\/?p=13290","og_site_name":"NonSoloMusicaMagazine","article_published_time":"2025-11-29T10:42:43+00:00","article_modified_time":"2025-11-29T10:48:25+00:00","og_image":[{"width":572,"height":716,"url":"https:\/\/www.nonsolomusicamagazine.it\/wp-content\/uploads\/2025\/11\/1000094287.jpg","type":"image\/jpeg"}],"author":"nonsolomusica","twitter_card":"summary_large_image","twitter_misc":{"Scritto da":"nonsolomusica","Tempo di lettura stimato":"3 minuti"},"schema":{"@context":"https:\/\/schema.org","@graph":[{"@type":"Article","@id":"https:\/\/www.nonsolomusicamagazine.it\/?p=13290#article","isPartOf":{"@id":"https:\/\/www.nonsolomusicamagazine.it\/?p=13290"},"author":{"name":"nonsolomusica","@id":"https:\/\/www.nonsolomusicamagazine.it\/#\/schema\/person\/a3349ad02300d046472d46cf6d31ae46"},"headline":"82 anni fa a Jaice (Bosnia) nasceva la Jugoslavia di Tito.","datePublished":"2025-11-29T10:42:43+00:00","dateModified":"2025-11-29T10:48:25+00:00","mainEntityOfPage":{"@id":"https:\/\/www.nonsolomusicamagazine.it\/?p=13290"},"wordCount":369,"commentCount":0,"image":{"@id":"https:\/\/www.nonsolomusicamagazine.it\/?p=13290#primaryimage"},"thumbnailUrl":"https:\/\/www.nonsolomusicamagazine.it\/wp-content\/uploads\/2025\/11\/1000094287.jpg","keywords":["Fondazione","Jaice","Jugoslavia","Seconda guerra mondiale","Socialismo","Tito"],"articleSection":["Storia"],"inLanguage":"it-IT","potentialAction":[{"@type":"CommentAction","name":"Comment","target":["https:\/\/www.nonsolomusicamagazine.it\/?p=13290#respond"]}]},{"@type":"WebPage","@id":"https:\/\/www.nonsolomusicamagazine.it\/?p=13290","url":"https:\/\/www.nonsolomusicamagazine.it\/?p=13290","name":"82 anni fa a Jaice (Bosnia) nasceva la Jugoslavia di Tito. - NonSoloMusicaMagazine","isPartOf":{"@id":"https:\/\/www.nonsolomusicamagazine.it\/#website"},"primaryImageOfPage":{"@id":"https:\/\/www.nonsolomusicamagazine.it\/?p=13290#primaryimage"},"image":{"@id":"https:\/\/www.nonsolomusicamagazine.it\/?p=13290#primaryimage"},"thumbnailUrl":"https:\/\/www.nonsolomusicamagazine.it\/wp-content\/uploads\/2025\/11\/1000094287.jpg","datePublished":"2025-11-29T10:42:43+00:00","dateModified":"2025-11-29T10:48:25+00:00","author":{"@id":"https:\/\/www.nonsolomusicamagazine.it\/#\/schema\/person\/a3349ad02300d046472d46cf6d31ae46"},"description":"Jaice Jugoslavia Tito","breadcrumb":{"@id":"https:\/\/www.nonsolomusicamagazine.it\/?p=13290#breadcrumb"},"inLanguage":"it-IT","potentialAction":[{"@type":"ReadAction","target":["https:\/\/www.nonsolomusicamagazine.it\/?p=13290"]}]},{"@type":"ImageObject","inLanguage":"it-IT","@id":"https:\/\/www.nonsolomusicamagazine.it\/?p=13290#primaryimage","url":"https:\/\/www.nonsolomusicamagazine.it\/wp-content\/uploads\/2025\/11\/1000094287.jpg","contentUrl":"https:\/\/www.nonsolomusicamagazine.it\/wp-content\/uploads\/2025\/11\/1000094287.jpg","width":572,"height":716},{"@type":"BreadcrumbList","@id":"https:\/\/www.nonsolomusicamagazine.it\/?p=13290#breadcrumb","itemListElement":[{"@type":"ListItem","position":1,"name":"Home","item":"https:\/\/www.nonsolomusicamagazine.it\/"},{"@type":"ListItem","position":2,"name":"82 anni fa a Jaice (Bosnia) nasceva la Jugoslavia di Tito."}]},{"@type":"WebSite","@id":"https:\/\/www.nonsolomusicamagazine.it\/#website","url":"https:\/\/www.nonsolomusicamagazine.it\/","name":"Nonsolomusicamagazine","description":"Dir. responsabile Manuel M Buccarella","potentialAction":[{"@type":"SearchAction","target":{"@type":"EntryPoint","urlTemplate":"https:\/\/www.nonsolomusicamagazine.it\/?s={search_term_string}"},"query-input":{"@type":"PropertyValueSpecification","valueRequired":true,"valueName":"search_term_string"}}],"inLanguage":"it-IT"},{"@type":"Person","@id":"https:\/\/www.nonsolomusicamagazine.it\/#\/schema\/person\/a3349ad02300d046472d46cf6d31ae46","name":"nonsolomusica","image":{"@type":"ImageObject","inLanguage":"it-IT","@id":"https:\/\/www.nonsolomusicamagazine.it\/wp-content\/litespeed\/avatar\/3a675484bc84db6aba78d43bfc8b7197.jpg?ver=1776880798","url":"https:\/\/www.nonsolomusicamagazine.it\/wp-content\/litespeed\/avatar\/3a675484bc84db6aba78d43bfc8b7197.jpg?ver=1776880798","contentUrl":"https:\/\/www.nonsolomusicamagazine.it\/wp-content\/litespeed\/avatar\/3a675484bc84db6aba78d43bfc8b7197.jpg?ver=1776880798","caption":"nonsolomusica"},"sameAs":["https:\/\/www.nonsolomusicamagazine.it"],"url":"https:\/\/www.nonsolomusicamagazine.it\/?author=1"}]}},"amp_enabled":true,"_links":{"self":[{"href":"https:\/\/www.nonsolomusicamagazine.it\/index.php?rest_route=\/wp\/v2\/posts\/13290","targetHints":{"allow":["GET"]}}],"collection":[{"href":"https:\/\/www.nonsolomusicamagazine.it\/index.php?rest_route=\/wp\/v2\/posts"}],"about":[{"href":"https:\/\/www.nonsolomusicamagazine.it\/index.php?rest_route=\/wp\/v2\/types\/post"}],"author":[{"embeddable":true,"href":"https:\/\/www.nonsolomusicamagazine.it\/index.php?rest_route=\/wp\/v2\/users\/1"}],"replies":[{"embeddable":true,"href":"https:\/\/www.nonsolomusicamagazine.it\/index.php?rest_route=%2Fwp%2Fv2%2Fcomments&post=13290"}],"version-history":[{"count":2,"href":"https:\/\/www.nonsolomusicamagazine.it\/index.php?rest_route=\/wp\/v2\/posts\/13290\/revisions"}],"predecessor-version":[{"id":13295,"href":"https:\/\/www.nonsolomusicamagazine.it\/index.php?rest_route=\/wp\/v2\/posts\/13290\/revisions\/13295"}],"wp:featuredmedia":[{"embeddable":true,"href":"https:\/\/www.nonsolomusicamagazine.it\/index.php?rest_route=\/wp\/v2\/media\/13291"}],"wp:attachment":[{"href":"https:\/\/www.nonsolomusicamagazine.it\/index.php?rest_route=%2Fwp%2Fv2%2Fmedia&parent=13290"}],"wp:term":[{"taxonomy":"category","embeddable":true,"href":"https:\/\/www.nonsolomusicamagazine.it\/index.php?rest_route=%2Fwp%2Fv2%2Fcategories&post=13290"},{"taxonomy":"post_tag","embeddable":true,"href":"https:\/\/www.nonsolomusicamagazine.it\/index.php?rest_route=%2Fwp%2Fv2%2Ftags&post=13290"}],"curies":[{"name":"wp","href":"https:\/\/api.w.org\/{rel}","templated":true}]}}